{"id":31971,"date":"2023-06-13T14:55:31","date_gmt":"2023-06-13T14:55:31","guid":{"rendered":"https:\/\/larevistadigital.com.ar\/blog\/?p=31971"},"modified":"2023-06-13T14:55:31","modified_gmt":"2023-06-13T14:55:31","slug":"la-dieron-por-muerta-y-comenzo-a-golpear-el-ataud-luego-de-5-horas-de-velorio","status":"publish","type":"post","link":"https:\/\/larevistadigital.com.ar\/blog\/la-dieron-por-muerta-y-comenzo-a-golpear-el-ataud-luego-de-5-horas-de-velorio\/","title":{"rendered":"LA DIERON POR MUERTA Y \u00a1COMENZ\u00d3 A GOLPEAR EL ATAUD LUEGO DE 5 HORAS DE VELORIO!"},"content":{"rendered":"<h2>Tiene 76 a\u00f1os. Ante el asombro de todos, \u00abresucit\u00f3\u00bb en medio del velorio.<\/h2>\n<p>13 de junio de 2023<\/p>\n<p>Una sorprendente historia se desarroll\u00f3 en Ecuador, cuando una mujer de 76 a\u00f1os despert\u00f3 dentro de un f\u00e9retro despu\u00e9s de cinco horas de velatorio, a pesar de haber sido declarada muerta. Un video difundido en Twitter muestra a Bella Montoya en su ata\u00fad, ya abierto, luchando por respirar mientras dos hombres la asisten, seg\u00fan inform\u00f3 la agencia AFP.<\/p>\n<p>El hijo de la mujer, Gilbert Balber\u00e1n, relat\u00f3 que su madre golpeaba con su mano izquierda la caja y su mano segu\u00eda latiendo. Debido a la falta de recursos, el viernes tuvo que gestionar la donaci\u00f3n del ata\u00fad. Incluso les entregaron un certificado de defunci\u00f3n, expres\u00f3 Balber\u00e1n en un video difundido por los medios locales. La noticia ins\u00f3lita de la \u00abresurrecci\u00f3n\u00bb de la anciana fue ampliamente divulgada por la prensa.<\/p>\n<p>Balber\u00e1n agreg\u00f3 que su madre se encuentra en un hospital estatal recibiendo ox\u00edgeno y que su coraz\u00f3n est\u00e1 estable. El m\u00e9dico pellizc\u00f3 su mano y ella reaccion\u00f3, lo cual es un buen signo de que est\u00e1 recuper\u00e1ndose gradualmente, seg\u00fan inform\u00f3 el diario El Universo.<\/p>\n<p>El viernes, Montoya fue declarada fallecida en el sanatorio p\u00fablico Mart\u00edn Icaza de la localidad de Babahoyo. Hab\u00eda ingresado a ese hospital con un diagn\u00f3stico presuntivo de accidente cerebrovascular y sufri\u00f3 un paro cardiorrespiratorio sin responder a las maniobras de reanimaci\u00f3n, lo que llev\u00f3 al m\u00e9dico a confirmar su fallecimiento, admiti\u00f3 el Ministerio de Salud en un comunicado.<\/p>\n<p>El Ministerio de Salud ha formado un Comit\u00e9 T\u00e9cnico Nacional para analizar a fondo este caso y llevar\u00e1 a cabo una auditor\u00eda m\u00e9dica para determinar las responsabilidades relacionadas con la supuesta confirmaci\u00f3n de la muerte. Mientras tanto, la anciana, quien se cree que sufri\u00f3 una catalepsia seg\u00fan los medios locales, permanece intubada en la Unidad de Cuidados Intensivos (UCI) del hospital, con un diagn\u00f3stico reservado. El ministerio supervisar\u00e1 de cerca su atenci\u00f3n m\u00e9dica, seg\u00fan se inform\u00f3.<\/p>\n","protected":false},"excerpt":{"rendered":"<div class=\"mh-excerpt\"><p>Tiene 76 a\u00f1os. Ante el asombro de todos, \u00abresucit\u00f3\u00bb en medio del velorio. 13 de junio de 2023 Una sorprendente historia se desarroll\u00f3 en Ecuador, cuando una mujer de 76 a\u00f1os despert\u00f3 dentro de un <a class=\"mh-excerpt-more\" href=\"https:\/\/larevistadigital.com.ar\/blog\/la-dieron-por-muerta-y-comenzo-a-golpear-el-ataud-luego-de-5-horas-de-velorio\/\" title=\"LA DIERON POR MUERTA Y \u00a1COMENZ\u00d3 A GOLPEAR EL ATAUD LUEGO DE 5 HORAS DE VELORIO!\">[Leer M\u00e1s]<\/a><\/p>\n<\/div>","protected":false},"author":3,"featured_media":31972,"comment_status":"open","ping_status":"open","sticky":false,"template":"","format":"standard","meta":{"_jetpack_memberships_contains_paid_content":false,"footnotes":"","jetpack_publicize_message":"","jetpack_publicize_feature_enabled":true,"jetpack_social_post_already_shared":true,"jetpack_social_options":{"image_generator_settings":{"template":"highway","default_image_id":0,"font":"","enabled":false},"version":2}},"categories":[11,50],"tags":[],"class_list":{"0":"post-31971","1":"post","2":"type-post","3":"status-publish","4":"format-standard","5":"has-post-thumbnail","7":"category-curiosas","8":"category-interes-general"},"jetpack_publicize_connections":[],"jetpack_featured_media_url":"https:\/\/i0.wp.com\/larevistadigital.com.ar\/blog\/wp-content\/uploads\/6804c546cd81c5a8f7ef1d754604a192e96dd5e2.jpg?fit=1140%2C645&ssl=1","jetpack_sharing_enabled":true,"jetpack_shortlink":"https:\/\/wp.me\/p8qtrQ-8jF","jetpack-related-posts":[{"id":39547,"url":"https:\/\/larevistadigital.com.ar\/blog\/rito-de-cierre-del-feretro-del-papa-francisco-en-la-basilica-de-san-pedro\/","url_meta":{"origin":31971,"position":0},"title":"Rito de cierre del f\u00e9retro del Papa Francisco en la Bas\u00edlica de San Pedro","author":"Alejandro Sosa Ruda","date":"26 abril, 2025","format":false,"excerpt":"Este jueves por la tarde, a las 20:00 horas, se realiz\u00f3 en el Altar de la Confesi\u00f3n de la Bas\u00edlica de San Pedro la ceremonia de clausura del ata\u00fad del Papa Francisco, en un acto reservado y solemne presidido por el cardenal camarlengo Kevin Joseph Farrell. Asistieron al momento algunos\u2026","rel":"","context":"En \u00abINTERES GENERAL\u00bb","block_context":{"text":"INTERES GENERAL","link":"https:\/\/larevistadigital.com.ar\/blog\/category\/interes-general\/"},"img":{"alt_text":"","src":"https:\/\/i0.wp.com\/larevistadigital.com.ar\/blog\/wp-content\/uploads\/20250425185028_rito-cierre-feretro-papa-francisco.jpg?fit=880%2C512&ssl=1&resize=350%2C200","width":350,"height":200,"srcset":"https:\/\/i0.wp.com\/larevistadigital.com.ar\/blog\/wp-content\/uploads\/20250425185028_rito-cierre-feretro-papa-francisco.jpg?fit=880%2C512&ssl=1&resize=350%2C200 1x, https:\/\/i0.wp.com\/larevistadigital.com.ar\/blog\/wp-content\/uploads\/20250425185028_rito-cierre-feretro-papa-francisco.jpg?fit=880%2C512&ssl=1&resize=525%2C300 1.5x, https:\/\/i0.wp.com\/larevistadigital.com.ar\/blog\/wp-content\/uploads\/20250425185028_rito-cierre-feretro-papa-francisco.jpg?fit=880%2C512&ssl=1&resize=700%2C400 2x"},"classes":[]},{"id":11217,"url":"https:\/\/larevistadigital.com.ar\/blog\/san-vicente-un-drone-con-un-ataud-sobrevolo-el-acto-por-el-9-de-julio\/","url_meta":{"origin":31971,"position":1},"title":"SAN VICENTE: UN DRONE CON UN ATA\u00daD SOBREVOL\u00d3 EL ACTO POR EL 9 DE JULIO","author":"Alejandro Sosa Ruda","date":"11 julio, 2019","format":false,"excerpt":"El ata\u00fad llevaba el nombre del intendente de San Vicente. El jefe comunal Mauricio G\u00f3mez repudi\u00f3 el hecho y lo calific\u00f3 como un \u201cataque a la democracia\u201d. Con total normalidad se realizaron en todo el pa\u00eds los actos por el 9 de Julio. En la Ciudad de Buenos Aires, el\u2026","rel":"","context":"En \u00abREGIONALES\u00bb","block_context":{"text":"REGIONALES","link":"https:\/\/larevistadigital.com.ar\/blog\/category\/regionales\/"},"img":{"alt_text":"","src":"https:\/\/i0.wp.com\/larevistadigital.com.ar\/blog\/wp-content\/uploads\/Screenshot_2-21.jpg?fit=1011%2C562&ssl=1&resize=350%2C200","width":350,"height":200,"srcset":"https:\/\/i0.wp.com\/larevistadigital.com.ar\/blog\/wp-content\/uploads\/Screenshot_2-21.jpg?fit=1011%2C562&ssl=1&resize=350%2C200 1x, https:\/\/i0.wp.com\/larevistadigital.com.ar\/blog\/wp-content\/uploads\/Screenshot_2-21.jpg?fit=1011%2C562&ssl=1&resize=525%2C300 1.5x, https:\/\/i0.wp.com\/larevistadigital.com.ar\/blog\/wp-content\/uploads\/Screenshot_2-21.jpg?fit=1011%2C562&ssl=1&resize=700%2C400 2x"},"classes":[]},{"id":11941,"url":"https:\/\/larevistadigital.com.ar\/blog\/identificaron-a-una-mujer-que-fue-hallada-muerta-en-la-playa\/","url_meta":{"origin":31971,"position":2},"title":"IDENTIFICARON A UNA MUJER QUE FUE HALLADA MUERTA EN LA PLAYA","author":"Alejandro Sosa Ruda","date":"20 agosto, 2019","format":false,"excerpt":"Se trata de Silvia Beatriz Garc\u00eda, de 52 a\u00f1os, quien viv\u00eda en el barrio Coronel Dorrego. La v\u00edctima hab\u00eda dejado una carta para despedirse de su familia, por lo que la principal hip\u00f3tesis es que se trat\u00f3 de un suicidio. La mujer que fue hallada muerta\u00a0en la playa Bah\u00eda Bonita\u2026","rel":"","context":"En \u00abINTERES GENERAL\u00bb","block_context":{"text":"INTERES GENERAL","link":"https:\/\/larevistadigital.com.ar\/blog\/category\/interes-general\/"},"img":{"alt_text":"","src":"https:\/\/i0.wp.com\/larevistadigital.com.ar\/blog\/wp-content\/uploads\/Screenshot_1-39.jpg?fit=1010%2C469&ssl=1&resize=350%2C200","width":350,"height":200,"srcset":"https:\/\/i0.wp.com\/larevistadigital.com.ar\/blog\/wp-content\/uploads\/Screenshot_1-39.jpg?fit=1010%2C469&ssl=1&resize=350%2C200 1x, https:\/\/i0.wp.com\/larevistadigital.com.ar\/blog\/wp-content\/uploads\/Screenshot_1-39.jpg?fit=1010%2C469&ssl=1&resize=525%2C300 1.5x, https:\/\/i0.wp.com\/larevistadigital.com.ar\/blog\/wp-content\/uploads\/Screenshot_1-39.jpg?fit=1010%2C469&ssl=1&resize=700%2C400 2x"},"classes":[]},{"id":29652,"url":"https:\/\/larevistadigital.com.ar\/blog\/encontraron-muerta-a-la-reconocida-disenadora-olga-naum-en-un-hotel-de-recoleta\/","url_meta":{"origin":31971,"position":3},"title":"ENCONTRARON MUERTA A LA RECONOCIDA DISE\u00d1ADORA OLGA NAUM EN UN HOTEL DE RECOLETA","author":"Alejandro Sosa Ruda","date":"28 diciembre, 2022","format":false,"excerpt":"El cad\u00e1ver de la mujer de 75 a\u00f1os fue hallado el s\u00e1bado pasado, un d\u00eda despu\u00e9s de haber salido de su casa. Su familia hab\u00eda denunciado su desaparici\u00f3n. 28 de diciembre de 2022 La\u00a0reconocida dise\u00f1adora de moda Olga Naum\u00a0fue encontrada muerta en una habitaci\u00f3n del hotel Up, ubicado en el\u2026","rel":"","context":"En \u00abINTERES GENERAL\u00bb","block_context":{"text":"INTERES GENERAL","link":"https:\/\/larevistadigital.com.ar\/blog\/category\/interes-general\/"},"img":{"alt_text":"","src":"https:\/\/i0.wp.com\/larevistadigital.com.ar\/blog\/wp-content\/uploads\/olga-naum.jpg?fit=707%2C397&ssl=1&resize=350%2C200","width":350,"height":200,"srcset":"https:\/\/i0.wp.com\/larevistadigital.com.ar\/blog\/wp-content\/uploads\/olga-naum.jpg?fit=707%2C397&ssl=1&resize=350%2C200 1x, https:\/\/i0.wp.com\/larevistadigital.com.ar\/blog\/wp-content\/uploads\/olga-naum.jpg?fit=707%2C397&ssl=1&resize=525%2C300 1.5x, https:\/\/i0.wp.com\/larevistadigital.com.ar\/blog\/wp-content\/uploads\/olga-naum.jpg?fit=707%2C397&ssl=1&resize=700%2C400 2x"},"classes":[]},{"id":25846,"url":"https:\/\/larevistadigital.com.ar\/blog\/ensenada-encuentran-a-una-mujer-policia-muerta-en-su-casa\/","url_meta":{"origin":31971,"position":4},"title":"ENSENADA: ENCUENTRAN A UNA MUJER POLIC\u00cdA MUERTA EN SU CASA","author":"Alejandro Sosa Ruda","date":"13 junio, 2022","format":false,"excerpt":"El cuerpo de la mujer de 61 a\u00f1os fue hallado por su hija este s\u00e1bado por la tarde, pero aseguran que llevaba al menos tres d\u00edas fallecida. El hallazgo del cuerpo sin vida de una expolic\u00eda gener\u00f3 una fuerte conmoci\u00f3n en Ensenada, donde la hija de la mujer fallecida la\u2026","rel":"","context":"En \u00abSin categor\u00eda\u00bb","block_context":{"text":"Sin categor\u00eda","link":"https:\/\/larevistadigital.com.ar\/blog\/category\/sin-categoria\/"},"img":{"alt_text":"","src":"https:\/\/i0.wp.com\/larevistadigital.com.ar\/blog\/wp-content\/uploads\/1652960455109.jpg?fit=1200%2C594&ssl=1&resize=350%2C200","width":350,"height":200,"srcset":"https:\/\/i0.wp.com\/larevistadigital.com.ar\/blog\/wp-content\/uploads\/1652960455109.jpg?fit=1200%2C594&ssl=1&resize=350%2C200 1x, https:\/\/i0.wp.com\/larevistadigital.com.ar\/blog\/wp-content\/uploads\/1652960455109.jpg?fit=1200%2C594&ssl=1&resize=525%2C300 1.5x, https:\/\/i0.wp.com\/larevistadigital.com.ar\/blog\/wp-content\/uploads\/1652960455109.jpg?fit=1200%2C594&ssl=1&resize=700%2C400 2x, https:\/\/i0.wp.com\/larevistadigital.com.ar\/blog\/wp-content\/uploads\/1652960455109.jpg?fit=1200%2C594&ssl=1&resize=1050%2C600 3x"},"classes":[]},{"id":16975,"url":"https:\/\/larevistadigital.com.ar\/blog\/encuentran-muerta-a-una-mujer-en-empalme-lobos-investigan-si-se-trato-de-un-femicidio\/","url_meta":{"origin":31971,"position":5},"title":"ENCUENTRAN MUERTA A UNA MUJER EN EMPALME LOBOS. INVESTIGAN SI SE TRAT\u00d3 DE UN FEMICIDIO","author":"Alejandro Sosa Ruda","date":"14 octubre, 2020","format":false,"excerpt":"Se trata de una mujer de unos 50 a\u00f1os. Su cuerpo fue encontrado sobre un mont\u00edculo de tierra, aparentemente sin signos de violencia en el cuerpo. El cuerpo de una mujer de unos 50 a\u00f1os fue encontrado este mir\u00e9coles en la localidad bonaerense de Empalme Lobos y se investigan las\u2026","rel":"","context":"En \u00abPOLICIALES\u00bb","block_context":{"text":"POLICIALES","link":"https:\/\/larevistadigital.com.ar\/blog\/category\/policiales\/"},"img":{"alt_text":"","src":"https:\/\/i0.wp.com\/larevistadigital.com.ar\/blog\/wp-content\/uploads\/0038145406.jpg?fit=1140%2C640&ssl=1&resize=350%2C200","width":350,"height":200,"srcset":"https:\/\/i0.wp.com\/larevistadigital.com.ar\/blog\/wp-content\/uploads\/0038145406.jpg?fit=1140%2C640&ssl=1&resize=350%2C200 1x, https:\/\/i0.wp.com\/larevistadigital.com.ar\/blog\/wp-content\/uploads\/0038145406.jpg?fit=1140%2C640&ssl=1&resize=525%2C300 1.5x, https:\/\/i0.wp.com\/larevistadigital.com.ar\/blog\/wp-content\/uploads\/0038145406.jpg?fit=1140%2C640&ssl=1&resize=700%2C400 2x, https:\/\/i0.wp.com\/larevistadigital.com.ar\/blog\/wp-content\/uploads\/0038145406.jpg?fit=1140%2C640&ssl=1&resize=1050%2C600 3x"},"classes":[]}],"_links":{"self":[{"href":"https:\/\/larevistadigital.com.ar\/blog\/wp-json\/wp\/v2\/posts\/31971","targetHints":{"allow":["GET"]}}],"collection":[{"href":"https:\/\/larevistadigital.com.ar\/blog\/wp-json\/wp\/v2\/posts"}],"about":[{"href":"https:\/\/larevistadigital.com.ar\/blog\/wp-json\/wp\/v2\/types\/post"}],"author":[{"embeddable":true,"href":"https:\/\/larevistadigital.com.ar\/blog\/wp-json\/wp\/v2\/users\/3"}],"replies":[{"embeddable":true,"href":"https:\/\/larevistadigital.com.ar\/blog\/wp-json\/wp\/v2\/comments?post=31971"}],"version-history":[{"count":1,"href":"https:\/\/larevistadigital.com.ar\/blog\/wp-json\/wp\/v2\/posts\/31971\/revisions"}],"predecessor-version":[{"id":31973,"href":"https:\/\/larevistadigital.com.ar\/blog\/wp-json\/wp\/v2\/posts\/31971\/revisions\/31973"}],"wp:featuredmedia":[{"embeddable":true,"href":"https:\/\/larevistadigital.com.ar\/blog\/wp-json\/wp\/v2\/media\/31972"}],"wp:attachment":[{"href":"https:\/\/larevistadigital.com.ar\/blog\/wp-json\/wp\/v2\/media?parent=31971"}],"wp:term":[{"taxonomy":"category","embeddable":true,"href":"https:\/\/larevistadigital.com.ar\/blog\/wp-json\/wp\/v2\/categories?post=31971"},{"taxonomy":"post_tag","embeddable":true,"href":"https:\/\/larevistadigital.com.ar\/blog\/wp-json\/wp\/v2\/tags?post=31971"}],"curies":[{"name":"wp","href":"https:\/\/api.w.org\/{rel}","templated":true}]}}