{"id":31974,"date":"2023-06-13T15:05:43","date_gmt":"2023-06-13T15:05:43","guid":{"rendered":"https:\/\/larevistadigital.com.ar\/blog\/?p=31974"},"modified":"2023-06-13T15:05:43","modified_gmt":"2023-06-13T15:05:43","slug":"messi-no-creo-que-llegue-al-proximo-mundial","status":"publish","type":"post","link":"https:\/\/larevistadigital.com.ar\/blog\/messi-no-creo-que-llegue-al-proximo-mundial\/","title":{"rendered":"MESSI: \u00abNO CREO QUE LLEGUE AL PR\u00d3XIMO MUNDIAL\u00bb"},"content":{"rendered":"<h2>As\u00ed lo manifest\u00f3 en una entrevista brindada en China.<\/h2>\n<p>13 de junio de 2023<\/p>\n<p><strong>Lionel Messi<\/strong>, el capit\u00e1n del seleccionado argentino, ha vuelto a plantear dudas sobre su participaci\u00f3n en el pr\u00f3ximo Mundial 2026 para defender el t\u00edtulo obtenido en Qatar.<\/p>\n<p>En una entrevista concedida a una aplicaci\u00f3n china, mientras el equipo \u00abalbiceleste\u00bb se encuentra en ese pa\u00eds para disputar un partido amistoso, Messi expres\u00f3: <strong><em>\u00abLo he dicho varias veces, creo que este fue mi \u00faltimo Mundial. Veremos c\u00f3mo se desarrollan las cosas, pero no creo que llegue al pr\u00f3ximo Mundial\u00bb.<\/em><\/strong><\/p>\n<blockquote>\n<h3>El astro rosarino, quien cumplir\u00e1 35 a\u00f1os el pr\u00f3ximo 24 de junio, nuevamente pone en tela de juicio su participaci\u00f3n en la Copa del Mundo que se llevar\u00e1 a cabo en Estados Unidos, M\u00e9xico y Canad\u00e1.<\/h3>\n<\/blockquote>\n<p>La entrevista se realiz\u00f3 a trav\u00e9s de la plataforma Taobao, de la empresa Alibaba, que tiene v\u00ednculos comerciales con la Asociaci\u00f3n del F\u00fatbol Argentino (AFA).<\/p>\n<blockquote>\n<h3>Messi ser\u00e1 la gran atracci\u00f3n en el pr\u00f3ximo amistoso que enfrentar\u00e1 al seleccionado argentino con su par de Australia en Beijing el jueves.<\/h3>\n<\/blockquote>\n<p>Como flamante nuevo jugador del Inter Miami de Estados Unidos, es muy probable que juegue desde el inicio, ya que cada vez hay m\u00e1s posibilidades de que no viaje a Indonesia para disputar el segundo partido de la gira.<\/p>\n","protected":false},"excerpt":{"rendered":"<div class=\"mh-excerpt\"><p>As\u00ed lo manifest\u00f3 en una entrevista brindada en China. 13 de junio de 2023 Lionel Messi, el capit\u00e1n del seleccionado argentino, ha vuelto a plantear dudas sobre su participaci\u00f3n en el pr\u00f3ximo Mundial 2026 para <a class=\"mh-excerpt-more\" href=\"https:\/\/larevistadigital.com.ar\/blog\/messi-no-creo-que-llegue-al-proximo-mundial\/\" title=\"MESSI: \u00abNO CREO QUE LLEGUE AL PR\u00d3XIMO MUNDIAL\u00bb\">[Leer M\u00e1s]<\/a><\/p>\n<\/div>","protected":false},"author":3,"featured_media":31975,"comment_status":"open","ping_status":"open","sticky":false,"template":"","format":"standard","meta":{"_jetpack_memberships_contains_paid_content":false,"footnotes":"","jetpack_publicize_message":"","jetpack_publicize_feature_enabled":true,"jetpack_social_post_already_shared":true,"jetpack_social_options":{"image_generator_settings":{"template":"highway","default_image_id":0,"font":"","enabled":false},"version":2}},"categories":[8,50],"tags":[],"class_list":{"0":"post-31974","1":"post","2":"type-post","3":"status-publish","4":"format-standard","5":"has-post-thumbnail","7":"category-deportes","8":"category-interes-general"},"jetpack_publicize_connections":[],"jetpack_featured_media_url":"https:\/\/i0.wp.com\/larevistadigital.com.ar\/blog\/wp-content\/uploads\/i.jpg?fit=1296%2C729&ssl=1","jetpack_sharing_enabled":true,"jetpack_shortlink":"https:\/\/wp.me\/p8qtrQ-8jI","jetpack-related-posts":[{"id":34267,"url":"https:\/\/larevistadigital.com.ar\/blog\/record-mundial-messi-gano-su-octavo-balon-de-oro-e-hizo-historia\/","url_meta":{"origin":31974,"position":0},"title":"RECORD MUNDIAL: MESSI GAN\u00d3 SU OCTAVO BAL\u00d3N DE ORO E HIZO HISTORIA","author":"Alejandro Sosa Ruda","date":"31 octubre, 2023","format":false,"excerpt":"Lionel Messi volvi\u00f3 a ser elegido, por octava vez, como el mejor jugador del mundo. Dibu Mart\u00ednez mejor arquero y Juli\u00e1n \u00c1lvarez qued\u00f3 s\u00e9ptimo. 31 de Octubre de 2023 Lionel Messi\u00a0gan\u00f3 su octavo\u00a0Bal\u00f3n de Oro\u00a0este lunes en\u00a0Par\u00eds. En el d\u00eda del cumplea\u00f1os de\u00a0Diego Maradona, el rosarino volvi\u00f3 a levantar el\u2026","rel":"","context":"En \u00abDESTACADAS\u00bb","block_context":{"text":"DESTACADAS","link":"https:\/\/larevistadigital.com.ar\/blog\/category\/destacadas\/"},"img":{"alt_text":"","src":"https:\/\/i0.wp.com\/larevistadigital.com.ar\/blog\/wp-content\/uploads\/Captura-de-pantalla-2023-10-31-123853.png?fit=840%2C476&ssl=1&resize=350%2C200","width":350,"height":200,"srcset":"https:\/\/i0.wp.com\/larevistadigital.com.ar\/blog\/wp-content\/uploads\/Captura-de-pantalla-2023-10-31-123853.png?fit=840%2C476&ssl=1&resize=350%2C200 1x, https:\/\/i0.wp.com\/larevistadigital.com.ar\/blog\/wp-content\/uploads\/Captura-de-pantalla-2023-10-31-123853.png?fit=840%2C476&ssl=1&resize=525%2C300 1.5x, https:\/\/i0.wp.com\/larevistadigital.com.ar\/blog\/wp-content\/uploads\/Captura-de-pantalla-2023-10-31-123853.png?fit=840%2C476&ssl=1&resize=700%2C400 2x"},"classes":[]},{"id":21393,"url":"https:\/\/larevistadigital.com.ar\/blog\/bomba-mundial-lionel-messi-dejo-de-ser-jugador-del-barcelona\/","url_meta":{"origin":31974,"position":1},"title":"BOMBA MUNDIAL: LIONEL MESSI DEJ\u00d3 DE SER JUGADOR DEL BARCELONA","author":"Alejandro Sosa Ruda","date":"5 agosto, 2021","format":false,"excerpt":"Lo confirm\u00f3 el club espa\u00f1ol a trav\u00e9s de un comunicado. La instituci\u00f3n sostuvo que el contrato \"no se podr\u00e1 formalizar debido a obst\u00e1culos econ\u00f3micos y estructurales (normativa de LaLiga espa\u00f1ola)\". El\u00a0FC\u00a0Barcelona\u00a0inform\u00f3 este jueves que\u00a0Lionel Messi\u00a0dejar\u00e1 el club en el que juega desde el inicio de su carrera a pesar de\u2026","rel":"","context":"En \u00abDEPORTES\u00bb","block_context":{"text":"DEPORTES","link":"https:\/\/larevistadigital.com.ar\/blog\/category\/deportes\/"},"img":{"alt_text":"","src":"https:\/\/i0.wp.com\/larevistadigital.com.ar\/blog\/wp-content\/uploads\/Messi1-scaled-1.jpg?fit=1200%2C715&ssl=1&resize=350%2C200","width":350,"height":200,"srcset":"https:\/\/i0.wp.com\/larevistadigital.com.ar\/blog\/wp-content\/uploads\/Messi1-scaled-1.jpg?fit=1200%2C715&ssl=1&resize=350%2C200 1x, https:\/\/i0.wp.com\/larevistadigital.com.ar\/blog\/wp-content\/uploads\/Messi1-scaled-1.jpg?fit=1200%2C715&ssl=1&resize=525%2C300 1.5x, https:\/\/i0.wp.com\/larevistadigital.com.ar\/blog\/wp-content\/uploads\/Messi1-scaled-1.jpg?fit=1200%2C715&ssl=1&resize=700%2C400 2x, https:\/\/i0.wp.com\/larevistadigital.com.ar\/blog\/wp-content\/uploads\/Messi1-scaled-1.jpg?fit=1200%2C715&ssl=1&resize=1050%2C600 3x"},"classes":[]},{"id":28955,"url":"https:\/\/larevistadigital.com.ar\/blog\/sorpresa-mundial-argentina-perdio-en-su-debut-contra-arabia-saudita\/","url_meta":{"origin":31974,"position":2},"title":"SORPRESA MUNDIAL: ARGENTINA PERDI\u00d3 EN SU DEBUT CONTRA ARABIA SAUDITA","author":"Alejandro Sosa Ruda","date":"22 noviembre, 2022","format":false,"excerpt":"Un gol de Lionel Messi no fue suficiente para que la selecci\u00f3n de Argentina venciera a Arabia Saudita, que mostr\u00f3 gran esp\u00edritu y termin\u00f3 ganando con un golazo de Al-Dawsari. 22 de noviembre de 2022 QATAR -\u00a0 La selecci\u00f3n de f\u00fatbol de Argentina perdi\u00f3 su primer partido de la Copa\u2026","rel":"","context":"En \u00abDEPORTES\u00bb","block_context":{"text":"DEPORTES","link":"https:\/\/larevistadigital.com.ar\/blog\/category\/deportes\/"},"img":{"alt_text":"","src":"https:\/\/i0.wp.com\/larevistadigital.com.ar\/blog\/wp-content\/uploads\/ARCHI_961157.jpg?fit=760%2C488&ssl=1&resize=350%2C200","width":350,"height":200,"srcset":"https:\/\/i0.wp.com\/larevistadigital.com.ar\/blog\/wp-content\/uploads\/ARCHI_961157.jpg?fit=760%2C488&ssl=1&resize=350%2C200 1x, https:\/\/i0.wp.com\/larevistadigital.com.ar\/blog\/wp-content\/uploads\/ARCHI_961157.jpg?fit=760%2C488&ssl=1&resize=525%2C300 1.5x, https:\/\/i0.wp.com\/larevistadigital.com.ar\/blog\/wp-content\/uploads\/ARCHI_961157.jpg?fit=760%2C488&ssl=1&resize=700%2C400 2x"},"classes":[]},{"id":1695,"url":"https:\/\/larevistadigital.com.ar\/blog\/ultimo-momento-messi-sancionado-4-fechas\/","url_meta":{"origin":31974,"position":3},"title":"ULTIMO MOMENTO: MESSI SANCIONADO. 4 FECHAS","author":"Alejandro Sosa Ruda","date":"28 marzo, 2017","format":false,"excerpt":"El futbolista Lionel Messi fue sancionado por la FIFA muy duramente. Le aplicaron 4 fechas de suspensi\u00f3n por infracci\u00f3n a los art\u00edculos 77 y 108 \u00a0del C\u00f3digo de disciplina de la FIFA. De esta manera, el mejor futbolista del mundo se perder\u00e1 de jugar junto al seleccionado nacional las pr\u00f3ximas\u2026","rel":"","context":"En \u00abDESTACADAS\u00bb","block_context":{"text":"DESTACADAS","link":"https:\/\/larevistadigital.com.ar\/blog\/category\/destacadas\/"},"img":{"alt_text":"","src":"https:\/\/i0.wp.com\/larevistadigital.com.ar\/blog\/wp-content\/uploads\/2017\/03\/ST_20170325_SPTARG_3030037.jpg?fit=1200%2C800&ssl=1&resize=350%2C200","width":350,"height":200,"srcset":"https:\/\/i0.wp.com\/larevistadigital.com.ar\/blog\/wp-content\/uploads\/2017\/03\/ST_20170325_SPTARG_3030037.jpg?fit=1200%2C800&ssl=1&resize=350%2C200 1x, https:\/\/i0.wp.com\/larevistadigital.com.ar\/blog\/wp-content\/uploads\/2017\/03\/ST_20170325_SPTARG_3030037.jpg?fit=1200%2C800&ssl=1&resize=525%2C300 1.5x, https:\/\/i0.wp.com\/larevistadigital.com.ar\/blog\/wp-content\/uploads\/2017\/03\/ST_20170325_SPTARG_3030037.jpg?fit=1200%2C800&ssl=1&resize=700%2C400 2x, https:\/\/i0.wp.com\/larevistadigital.com.ar\/blog\/wp-content\/uploads\/2017\/03\/ST_20170325_SPTARG_3030037.jpg?fit=1200%2C800&ssl=1&resize=1050%2C600 3x"},"classes":[]},{"id":34271,"url":"https:\/\/larevistadigital.com.ar\/blog\/los-records-que-rompio-lionel-messi-tras-ganar-su-octavo-balon-de-oro\/","url_meta":{"origin":31974,"position":4},"title":"LOS R\u00c9CORDS QUE ROMPI\u00d3 LIONEL MESSI TRAS GANAR SU OCTAVO BAL\u00d3N DE ORO","author":"Alejandro Sosa Ruda","date":"31 octubre, 2023","format":false,"excerpt":"El futbolista no se cansa de ganar cosas y batir r\u00e9cords distintos. 31 de Octubre de 2023 El rosarino fue elegido por octava vez como el mejor jugador del mundo. Luego de una temporada en la que gan\u00f3 todo con la\u00a0Selecci\u00f3n Argentina, Lionel Messi, logr\u00f3 levantar otra vez el m\u00e1ximo\u2026","rel":"","context":"En \u00abINTERES GENERAL\u00bb","block_context":{"text":"INTERES GENERAL","link":"https:\/\/larevistadigital.com.ar\/blog\/category\/interes-general\/"},"img":{"alt_text":"","src":"https:\/\/i0.wp.com\/larevistadigital.com.ar\/blog\/wp-content\/uploads\/Captura-de-pantalla-2023-10-31-124537.png?fit=848%2C523&ssl=1&resize=350%2C200","width":350,"height":200,"srcset":"https:\/\/i0.wp.com\/larevistadigital.com.ar\/blog\/wp-content\/uploads\/Captura-de-pantalla-2023-10-31-124537.png?fit=848%2C523&ssl=1&resize=350%2C200 1x, https:\/\/i0.wp.com\/larevistadigital.com.ar\/blog\/wp-content\/uploads\/Captura-de-pantalla-2023-10-31-124537.png?fit=848%2C523&ssl=1&resize=525%2C300 1.5x, https:\/\/i0.wp.com\/larevistadigital.com.ar\/blog\/wp-content\/uploads\/Captura-de-pantalla-2023-10-31-124537.png?fit=848%2C523&ssl=1&resize=700%2C400 2x"},"classes":[]},{"id":177,"url":"https:\/\/larevistadigital.com.ar\/blog\/claudio-ubeda-corazon-la-mano-nos-prepararemos-duro-estar-mucho-mejor\/","url_meta":{"origin":31974,"position":5},"title":"Claudio Ubeda, con el coraz\u00f3n en la mano: \u00abNos prepararemos duro para estar mucho mejor\u00bb","author":"editor","date":"12 febrero, 2017","format":false,"excerpt":"El entrenador de la selecci\u00f3n Sub 20 dijo que \"siempre\" se hicieron \"las cosas bien\" (DyN) - Luego de la clasificaci\u00f3n al Mundial Sub 20 por el empate entre Brasil y Colombia, Claudio Ubeda , entrenador del seleccionado argentino, afirm\u00f3 que intentar\u00e1n prepararse \"duro para llegar mucho mejor\" a ese\u2026","rel":"","context":"En \u00abDEPORTES\u00bb","block_context":{"text":"DEPORTES","link":"https:\/\/larevistadigital.com.ar\/blog\/category\/deportes\/"},"img":{"alt_text":"","src":"https:\/\/i0.wp.com\/larevistadigital.com.ar\/blog\/wp-content\/uploads\/2017\/02\/sudamericano-sub-20-2359865w620.jpg?fit=620%2C348&ssl=1&resize=350%2C200","width":350,"height":200,"srcset":"https:\/\/i0.wp.com\/larevistadigital.com.ar\/blog\/wp-content\/uploads\/2017\/02\/sudamericano-sub-20-2359865w620.jpg?fit=620%2C348&ssl=1&resize=350%2C200 1x, https:\/\/i0.wp.com\/larevistadigital.com.ar\/blog\/wp-content\/uploads\/2017\/02\/sudamericano-sub-20-2359865w620.jpg?fit=620%2C348&ssl=1&resize=525%2C300 1.5x"},"classes":[]}],"_links":{"self":[{"href":"https:\/\/larevistadigital.com.ar\/blog\/wp-json\/wp\/v2\/posts\/31974","targetHints":{"allow":["GET"]}}],"collection":[{"href":"https:\/\/larevistadigital.com.ar\/blog\/wp-json\/wp\/v2\/posts"}],"about":[{"href":"https:\/\/larevistadigital.com.ar\/blog\/wp-json\/wp\/v2\/types\/post"}],"author":[{"embeddable":true,"href":"https:\/\/larevistadigital.com.ar\/blog\/wp-json\/wp\/v2\/users\/3"}],"replies":[{"embeddable":true,"href":"https:\/\/larevistadigital.com.ar\/blog\/wp-json\/wp\/v2\/comments?post=31974"}],"version-history":[{"count":1,"href":"https:\/\/larevistadigital.com.ar\/blog\/wp-json\/wp\/v2\/posts\/31974\/revisions"}],"predecessor-version":[{"id":31976,"href":"https:\/\/larevistadigital.com.ar\/blog\/wp-json\/wp\/v2\/posts\/31974\/revisions\/31976"}],"wp:featuredmedia":[{"embeddable":true,"href":"https:\/\/larevistadigital.com.ar\/blog\/wp-json\/wp\/v2\/media\/31975"}],"wp:attachment":[{"href":"https:\/\/larevistadigital.com.ar\/blog\/wp-json\/wp\/v2\/media?parent=31974"}],"wp:term":[{"taxonomy":"category","embeddable":true,"href":"https:\/\/larevistadigital.com.ar\/blog\/wp-json\/wp\/v2\/categories?post=31974"},{"taxonomy":"post_tag","embeddable":true,"href":"https:\/\/larevistadigital.com.ar\/blog\/wp-json\/wp\/v2\/tags?post=31974"}],"curies":[{"name":"wp","href":"https:\/\/api.w.org\/{rel}","templated":true}]}}