{"id":31977,"date":"2023-06-13T15:39:11","date_gmt":"2023-06-13T15:39:11","guid":{"rendered":"https:\/\/larevistadigital.com.ar\/blog\/?p=31977"},"modified":"2023-06-13T15:39:11","modified_gmt":"2023-06-13T15:39:11","slug":"gaston-manes-al-pro-en-la-convencion-radical-la-ucr-ya-no-sera-grupo-soporte-de-nadie","status":"publish","type":"post","link":"https:\/\/larevistadigital.com.ar\/blog\/gaston-manes-al-pro-en-la-convencion-radical-la-ucr-ya-no-sera-grupo-soporte-de-nadie\/","title":{"rendered":"GAST\u00d3N MANES AL PRO, EN LA CONVENCI\u00d3N RADICAL: \u00abLA UCR YA NO SER\u00c1 GRUPO SOPORTE DE NADIE\u00bb"},"content":{"rendered":"<h2>Contundente mensaje de Manes, haciendo fuerte la posici\u00f3n radical frente al PRO.<\/h2>\n<p>13 de junio de 2023<\/p>\n<p>El presidente de la Convenci\u00f3n Nacional de la Uni\u00f3n C\u00edvica Radical (UCR), <strong>Gast\u00f3n Manes<\/strong>, ha enfatizado que el partido ya no debe ser un seguidor pasivo ni un mero apoyo de otros, sino que busca desempe\u00f1ar un papel central en Juntos por el Cambio (JxC).<\/p>\n<p><strong>Manes<\/strong>, quien es hermano del diputado y precandidato presidencial <strong>Facundo Manes<\/strong>, inst\u00f3 a los l\u00edderes del partido a abandonar la pasividad y el oportunismo. Durante su discurso en la reuni\u00f3n de la Convenci\u00f3n, se\u00f1al\u00f3 que existe una oportunidad para ser protagonistas en la construcci\u00f3n de una alternativa pol\u00edtica al populismo tanto de derecha como de izquierda.<\/p>\n<p>Dirigi\u00e9ndose tanto al partido como a la coalici\u00f3n opositora, <strong>Manes<\/strong> declar\u00f3 que la UCR ya no debe ser relegada a un segundo plano. <strong><em>\u00abNo vamos a proporcionar a la coalici\u00f3n solo nuestro cuerpo y territorialidad para que otros tomen las decisiones\u00bb<\/em><\/strong>, advirti\u00f3 el l\u00edder del partido. Por \u00faltimo, subray\u00f3: <em><strong>\u00abQueremos convertirnos en la alternativa para ejercer el poder en Argentina, tal como nos lo ense\u00f1aron nuestros l\u00edderes a lo largo de la historia\u00bb.<\/strong><\/em><\/p>\n","protected":false},"excerpt":{"rendered":"<div class=\"mh-excerpt\"><p>Contundente mensaje de Manes, haciendo fuerte la posici\u00f3n radical frente al PRO. 13 de junio de 2023 El presidente de la Convenci\u00f3n Nacional de la Uni\u00f3n C\u00edvica Radical (UCR), Gast\u00f3n Manes, ha enfatizado que el <a class=\"mh-excerpt-more\" href=\"https:\/\/larevistadigital.com.ar\/blog\/gaston-manes-al-pro-en-la-convencion-radical-la-ucr-ya-no-sera-grupo-soporte-de-nadie\/\" title=\"GAST\u00d3N MANES AL PRO, EN LA CONVENCI\u00d3N RADICAL: \u00abLA UCR YA NO SER\u00c1 GRUPO SOPORTE DE NADIE\u00bb\">[Leer M\u00e1s]<\/a><\/p>\n<\/div>","protected":false},"author":3,"featured_media":31978,"comment_status":"open","ping_status":"open","sticky":false,"template":"","format":"standard","meta":{"_jetpack_memberships_contains_paid_content":false,"footnotes":"","jetpack_publicize_message":"","jetpack_publicize_feature_enabled":true,"jetpack_social_post_already_shared":true,"jetpack_social_options":{"image_generator_settings":{"template":"highway","default_image_id":0,"font":"","enabled":false},"version":2}},"categories":[50,12],"tags":[],"class_list":{"0":"post-31977","1":"post","2":"type-post","3":"status-publish","4":"format-standard","5":"has-post-thumbnail","7":"category-interes-general","8":"category-politica"},"jetpack_publicize_connections":[],"jetpack_featured_media_url":"https:\/\/i0.wp.com\/larevistadigital.com.ar\/blog\/wp-content\/uploads\/gaston-manes-1368405.jpg?fit=1280%2C720&ssl=1","jetpack_sharing_enabled":true,"jetpack_shortlink":"https:\/\/wp.me\/p8qtrQ-8jL","jetpack-related-posts":[{"id":39888,"url":"https:\/\/larevistadigital.com.ar\/blog\/facundo-manes-presento-en-tigre-su-nuevo-partido-para-adelante\/","url_meta":{"origin":31977,"position":0},"title":"Facundo Manes present\u00f3 en Tigre su nuevo partido \u201cPara Adelante\u201d","author":"Alejandro Sosa Ruda","date":"25 mayo, 2025","format":false,"excerpt":"El diputado de la Uni\u00f3n C\u00edvica Radical, Facundo Manes, oficializ\u00f3 en Tigre la creaci\u00f3n de su nuevo espacio pol\u00edtico llamado \"Para Adelante\", a pocos d\u00edas de que su hermano, Gast\u00f3n Manes, renunciara a la Convenci\u00f3n Nacional del radicalismo. 25 de Mayo de 2025 TIGRE -\u00a0 En su discurso, el legislador\u2026","rel":"","context":"En \u00abPOLITICA PROVINCIAL\u00bb","block_context":{"text":"POLITICA PROVINCIAL","link":"https:\/\/larevistadigital.com.ar\/blog\/category\/politica\/politica-provincial\/"},"img":{"alt_text":"","src":"https:\/\/i0.wp.com\/larevistadigital.com.ar\/blog\/wp-content\/uploads\/20250524134343_facundo-manes-para-adelante-tigre.jpg?fit=880%2C512&ssl=1&resize=350%2C200","width":350,"height":200,"srcset":"https:\/\/i0.wp.com\/larevistadigital.com.ar\/blog\/wp-content\/uploads\/20250524134343_facundo-manes-para-adelante-tigre.jpg?fit=880%2C512&ssl=1&resize=350%2C200 1x, https:\/\/i0.wp.com\/larevistadigital.com.ar\/blog\/wp-content\/uploads\/20250524134343_facundo-manes-para-adelante-tigre.jpg?fit=880%2C512&ssl=1&resize=525%2C300 1.5x, https:\/\/i0.wp.com\/larevistadigital.com.ar\/blog\/wp-content\/uploads\/20250524134343_facundo-manes-para-adelante-tigre.jpg?fit=880%2C512&ssl=1&resize=700%2C400 2x"},"classes":[]},{"id":26483,"url":"https:\/\/larevistadigital.com.ar\/blog\/la-ucr-platense-presento-una-nueva-agrupacion-referenciada-con-facundo-manes\/","url_meta":{"origin":31977,"position":1},"title":"LA UCR PLATENSE PRESENT\u00d3 UNA NUEVA AGRUPACI\u00d3N REFERENCIADA CON FACUNDO MANES","author":"Alejandro Sosa Ruda","date":"11 julio, 2022","format":false,"excerpt":"Un sector de la Uni\u00f3n C\u00edvica Radical (UCR) de la ciudad de La Plata present\u00f3 una nueva agrupaci\u00f3n pol\u00edtica denominada \"Avancemos\", que tiene como referente a nivel nacional al diputado Facundo Manes. \"Avancemos\" es parte del espacio radical que a nivel nacional conduce el neurocient\u00edfico y diputado nacional Manes, y\u2026","rel":"","context":"En \u00abREGIONALES\u00bb","block_context":{"text":"REGIONALES","link":"https:\/\/larevistadigital.com.ar\/blog\/category\/regionales\/"},"img":{"alt_text":"","src":"https:\/\/i0.wp.com\/larevistadigital.com.ar\/blog\/wp-content\/uploads\/20220710152344_avancemos-manes-juventud-ucr-2.jpg?fit=880%2C512&ssl=1&resize=350%2C200","width":350,"height":200,"srcset":"https:\/\/i0.wp.com\/larevistadigital.com.ar\/blog\/wp-content\/uploads\/20220710152344_avancemos-manes-juventud-ucr-2.jpg?fit=880%2C512&ssl=1&resize=350%2C200 1x, https:\/\/i0.wp.com\/larevistadigital.com.ar\/blog\/wp-content\/uploads\/20220710152344_avancemos-manes-juventud-ucr-2.jpg?fit=880%2C512&ssl=1&resize=525%2C300 1.5x, https:\/\/i0.wp.com\/larevistadigital.com.ar\/blog\/wp-content\/uploads\/20220710152344_avancemos-manes-juventud-ucr-2.jpg?fit=880%2C512&ssl=1&resize=700%2C400 2x"},"classes":[]},{"id":21003,"url":"https:\/\/larevistadigital.com.ar\/blog\/convencion-radical-de-la-provincia-de-buenos-aires-aqui-la-resolucion\/","url_meta":{"origin":31977,"position":2},"title":"CONVENCI\u00d3N RADICAL DE LA PROVINCIA DE BUENOS AIRES. AQU\u00cd LA RESOLUCI\u00d3N","author":"Alejandro Sosa Ruda","date":"4 julio, 2021","format":false,"excerpt":"Durante la jornada del s\u00e1bado se llev\u00f3 a cabo la Convenci\u00f3n Radical de la Provincia de Buenos Aires, donde entre otras cosas qued\u00f3 impl\u00edcito en los discursos el apoyo total a la postulaci\u00f3n a la candidatura de Facundo Manes. El resultado de la votaci\u00f3n, arroj\u00f3 un total de 337 votos\u2026","rel":"","context":"En \u00abINTERES GENERAL\u00bb","block_context":{"text":"INTERES GENERAL","link":"https:\/\/larevistadigital.com.ar\/blog\/category\/interes-general\/"},"img":{"alt_text":"","src":"https:\/\/i0.wp.com\/larevistadigital.com.ar\/blog\/wp-content\/uploads\/facundo-manesjpg.jpg?fit=1200%2C675&ssl=1&resize=350%2C200","width":350,"height":200,"srcset":"https:\/\/i0.wp.com\/larevistadigital.com.ar\/blog\/wp-content\/uploads\/facundo-manesjpg.jpg?fit=1200%2C675&ssl=1&resize=350%2C200 1x, https:\/\/i0.wp.com\/larevistadigital.com.ar\/blog\/wp-content\/uploads\/facundo-manesjpg.jpg?fit=1200%2C675&ssl=1&resize=525%2C300 1.5x, https:\/\/i0.wp.com\/larevistadigital.com.ar\/blog\/wp-content\/uploads\/facundo-manesjpg.jpg?fit=1200%2C675&ssl=1&resize=700%2C400 2x, https:\/\/i0.wp.com\/larevistadigital.com.ar\/blog\/wp-content\/uploads\/facundo-manesjpg.jpg?fit=1200%2C675&ssl=1&resize=1050%2C600 3x"},"classes":[]},{"id":16326,"url":"https:\/\/larevistadigital.com.ar\/blog\/con-lista-de-unidad-local-para-las-internas-flavio-ponce-sera-el-presidente-de-la-ucr-de-chascomus\/","url_meta":{"origin":31977,"position":3},"title":"CON LISTA DE UNIDAD LOCAL PARA LAS INTERNAS, FLAVIO PONCE SER\u00c1 EL PRESIDENTE DE LA UCR DE CHASCOM\u00daS","author":"Alejandro Sosa Ruda","date":"15 septiembre, 2020","format":false,"excerpt":"El viernes 11\/9 fue el d\u00eda de cierre de inscripci\u00f3n de listas para las elecciones internas de la UCR en la provincia de Buenos Aires que se llevar\u00e1 a cabo el pr\u00f3ximo 11 de Octubre. Adem\u00e1s de las autoridades partidarias provinciales, ser\u00e1n electos tambi\u00e9n los convencionales nacionales, es decir, quienes\u2026","rel":"","context":"En \u00abINTERES GENERAL\u00bb","block_context":{"text":"INTERES GENERAL","link":"https:\/\/larevistadigital.com.ar\/blog\/category\/interes-general\/"},"img":{"alt_text":"","src":"https:\/\/i0.wp.com\/larevistadigital.com.ar\/blog\/wp-content\/uploads\/FLAVIO-PONCE.jpg?fit=640%2C674&ssl=1&resize=350%2C200","width":350,"height":200,"srcset":"https:\/\/i0.wp.com\/larevistadigital.com.ar\/blog\/wp-content\/uploads\/FLAVIO-PONCE.jpg?fit=640%2C674&ssl=1&resize=350%2C200 1x, https:\/\/i0.wp.com\/larevistadigital.com.ar\/blog\/wp-content\/uploads\/FLAVIO-PONCE.jpg?fit=640%2C674&ssl=1&resize=525%2C300 1.5x"},"classes":[]},{"id":21970,"url":"https:\/\/larevistadigital.com.ar\/blog\/flavio-ponce-ahora-todos-quieren-salir-en-la-foto-pero-el-radicalismo-fue-la-columna-vertebral-del-triunfo-en-las-paso\/","url_meta":{"origin":31977,"position":4},"title":"FLAVIO PONCE: \u00abAHORA TODOS QUIEREN SALIR EN LA FOTO, PERO EL RADICALISMO FUE LA COLUMNA VERTEBRAL DEL TRI\u00daNFO EN LAS PASO\u00bb","author":"Alejandro Sosa Ruda","date":"14 septiembre, 2021","format":false,"excerpt":"Luego de la victoria en las PASO, apareci\u00f3 la primera pol\u00e9mica, pero en el espacio que menos se pensaba: JUNTOS. CHASCOM\u00daS - \u00a0Sucedi\u00f3 que el Presidente del Comit\u00e9 de la UCR de Chascom\u00fas, Flavio Danilo Ponce, hizo una publicaci\u00f3n en su cuenta personal de facebook, donde efect\u00faa un an\u00e1lisis de\u2026","rel":"","context":"En \u00abINTERES GENERAL\u00bb","block_context":{"text":"INTERES GENERAL","link":"https:\/\/larevistadigital.com.ar\/blog\/category\/interes-general\/"},"img":{"alt_text":"","src":"https:\/\/i0.wp.com\/larevistadigital.com.ar\/blog\/wp-content\/uploads\/FLAVIO-PONCE-1.jpg?fit=1000%2C1195&ssl=1&resize=350%2C200","width":350,"height":200,"srcset":"https:\/\/i0.wp.com\/larevistadigital.com.ar\/blog\/wp-content\/uploads\/FLAVIO-PONCE-1.jpg?fit=1000%2C1195&ssl=1&resize=350%2C200 1x, https:\/\/i0.wp.com\/larevistadigital.com.ar\/blog\/wp-content\/uploads\/FLAVIO-PONCE-1.jpg?fit=1000%2C1195&ssl=1&resize=525%2C300 1.5x, https:\/\/i0.wp.com\/larevistadigital.com.ar\/blog\/wp-content\/uploads\/FLAVIO-PONCE-1.jpg?fit=1000%2C1195&ssl=1&resize=700%2C400 2x"},"classes":[]},{"id":24506,"url":"https:\/\/larevistadigital.com.ar\/blog\/invitan-a-la-charla-que-facundo-manes-dara-en-el-teatro-brazzola\/","url_meta":{"origin":31977,"position":5},"title":"INVITAN A LA CHARLA QUE FACUNDO MANES DAR\u00c1 EN EL TEATRO BRAZZOLA","author":"Alejandro Sosa Ruda","date":"11 marzo, 2022","format":false,"excerpt":"La entrada es libre y gratuita y se puede retirar en la sala teatral de 9 a 16 horas. Presentar\u00e1 su libro Este s\u00e1bado, 12 de marzo, a las 20 horas, el Dr. Facundo Manes dar\u00e1 una charla en el Teatro Municipal Brazzola, en la que presentar\u00e1 el nuevo libro\u2026","rel":"","context":"En \u00abINTERES GENERAL\u00bb","block_context":{"text":"INTERES GENERAL","link":"https:\/\/larevistadigital.com.ar\/blog\/category\/interes-general\/"},"img":{"alt_text":"","src":"https:\/\/i0.wp.com\/larevistadigital.com.ar\/blog\/wp-content\/uploads\/WhatsApp-Image-2022-03-09-at-21.36.44.jpeg?fit=966%2C1200&ssl=1&resize=350%2C200","width":350,"height":200,"srcset":"https:\/\/i0.wp.com\/larevistadigital.com.ar\/blog\/wp-content\/uploads\/WhatsApp-Image-2022-03-09-at-21.36.44.jpeg?fit=966%2C1200&ssl=1&resize=350%2C200 1x, https:\/\/i0.wp.com\/larevistadigital.com.ar\/blog\/wp-content\/uploads\/WhatsApp-Image-2022-03-09-at-21.36.44.jpeg?fit=966%2C1200&ssl=1&resize=525%2C300 1.5x, https:\/\/i0.wp.com\/larevistadigital.com.ar\/blog\/wp-content\/uploads\/WhatsApp-Image-2022-03-09-at-21.36.44.jpeg?fit=966%2C1200&ssl=1&resize=700%2C400 2x"},"classes":[]}],"_links":{"self":[{"href":"https:\/\/larevistadigital.com.ar\/blog\/wp-json\/wp\/v2\/posts\/31977","targetHints":{"allow":["GET"]}}],"collection":[{"href":"https:\/\/larevistadigital.com.ar\/blog\/wp-json\/wp\/v2\/posts"}],"about":[{"href":"https:\/\/larevistadigital.com.ar\/blog\/wp-json\/wp\/v2\/types\/post"}],"author":[{"embeddable":true,"href":"https:\/\/larevistadigital.com.ar\/blog\/wp-json\/wp\/v2\/users\/3"}],"replies":[{"embeddable":true,"href":"https:\/\/larevistadigital.com.ar\/blog\/wp-json\/wp\/v2\/comments?post=31977"}],"version-history":[{"count":1,"href":"https:\/\/larevistadigital.com.ar\/blog\/wp-json\/wp\/v2\/posts\/31977\/revisions"}],"predecessor-version":[{"id":31979,"href":"https:\/\/larevistadigital.com.ar\/blog\/wp-json\/wp\/v2\/posts\/31977\/revisions\/31979"}],"wp:featuredmedia":[{"embeddable":true,"href":"https:\/\/larevistadigital.com.ar\/blog\/wp-json\/wp\/v2\/media\/31978"}],"wp:attachment":[{"href":"https:\/\/larevistadigital.com.ar\/blog\/wp-json\/wp\/v2\/media?parent=31977"}],"wp:term":[{"taxonomy":"category","embeddable":true,"href":"https:\/\/larevistadigital.com.ar\/blog\/wp-json\/wp\/v2\/categories?post=31977"},{"taxonomy":"post_tag","embeddable":true,"href":"https:\/\/larevistadigital.com.ar\/blog\/wp-json\/wp\/v2\/tags?post=31977"}],"curies":[{"name":"wp","href":"https:\/\/api.w.org\/{rel}","templated":true}]}}