{"id":31981,"date":"2023-06-13T21:25:30","date_gmt":"2023-06-13T21:25:30","guid":{"rendered":"https:\/\/larevistadigital.com.ar\/blog\/?p=31981"},"modified":"2023-06-13T21:25:30","modified_gmt":"2023-06-13T21:25:30","slug":"chascomus-denuncian-un-robo-en-proceso-y-la-policia-logro-aprehender-a-dos-sujetos-en-el-interior-de-la-casa-de-la-victima","status":"publish","type":"post","link":"https:\/\/larevistadigital.com.ar\/blog\/chascomus-denuncian-un-robo-en-proceso-y-la-policia-logro-aprehender-a-dos-sujetos-en-el-interior-de-la-casa-de-la-victima\/","title":{"rendered":"CHASCOM\u00daS: DENUNCIAN UN ROBO EN PROCESO Y LA POLIC\u00cdA LOGR\u00d3 APREHENDER A DOS SUJETOS EN EL INTERIOR DE LA CASA DE LA V\u00cdCTIMA"},"content":{"rendered":"<h2>Uno de los sujetos estaba en la cocina, y el otro escondido en la ducha.<\/h2>\n<p>13 de junio de 2023<\/p>\n<p><strong>CHASCOM\u00daS &#8211;\u00a0<\/strong> En horas de la tarde de hoy, se recibi\u00f3 en la Estaci\u00f3n de Polic\u00eda Comunal,\u00a0 un aviso mediante el cual requer\u00edan personal policial en un domicilio de calle Inmigrantes \u00c1rabes al 300, dado a que en el lugar se estaba cometiendo un robo en proceso.<\/p>\n<blockquote>\n<h3>Los polic\u00edas cuando llegaron al lugar, procedieron a rodear la vivienda sin poder ingresar dado a que todas las aberturas se encontraban cerradas, apreciando que la puerta de ingreso mostraba signos de haber sido violentada pero trabada desde el interior.<\/h3>\n<\/blockquote>\n<p>De todas maneras, procedieron a preservar el lugar, requiriendo la presencia\u00a0 del propietario.<\/p>\n<blockquote>\n<h3>Una vez llegado el due\u00f1o de casa y con un testigo se abri\u00f3 la puerta trasera de la vivienda, encontrando a un sujeto de sexo masculino sobre la cocina familiar de la v\u00edctima, y en el ba\u00f1o se logro dar con otro sujeto el cual se encontraba escondido en el sector de ducha.<\/h3>\n<\/blockquote>\n<p>Inmediatamente se trasladaron ambos sujetos al asiento de la EPC CHASCOMUS, lugar en el que se le recibi\u00f3 la denuncia a la v\u00edctima y recibi\u00f3 declaraci\u00f3n testimonial al testigo.<\/p>\n<p>La polic\u00eda habl\u00f3 con la titular de UFID N9 Chascom\u00fas, <strong>Dra. Daniela Bartoletti<\/strong>, la que teniendo en cuenta que dentro de la vivienda se encontraba una persona familiar directa de la v\u00edctima, dispuso que se notifique a ambas personas de la formaci\u00f3n de la causa por <strong>AVERIGUACI\u00d3N DE ILICITO<\/strong> sin tomar temperamento de coerci\u00f3n personal en contra de los dos sujetos.<\/p>\n","protected":false},"excerpt":{"rendered":"<div class=\"mh-excerpt\"><p>Uno de los sujetos estaba en la cocina, y el otro escondido en la ducha. 13 de junio de 2023 CHASCOM\u00daS &#8211;\u00a0 En horas de la tarde de hoy, se recibi\u00f3 en la Estaci\u00f3n de <a class=\"mh-excerpt-more\" href=\"https:\/\/larevistadigital.com.ar\/blog\/chascomus-denuncian-un-robo-en-proceso-y-la-policia-logro-aprehender-a-dos-sujetos-en-el-interior-de-la-casa-de-la-victima\/\" title=\"CHASCOM\u00daS: DENUNCIAN UN ROBO EN PROCESO Y LA POLIC\u00cdA LOGR\u00d3 APREHENDER A DOS SUJETOS EN EL INTERIOR DE LA CASA DE LA V\u00cdCTIMA\">[Leer M\u00e1s]<\/a><\/p>\n<\/div>","protected":false},"author":3,"featured_media":21648,"comment_status":"open","ping_status":"open","sticky":false,"template":"","format":"standard","meta":{"_jetpack_memberships_contains_paid_content":false,"footnotes":"","jetpack_publicize_message":"","jetpack_publicize_feature_enabled":true,"jetpack_social_post_already_shared":true,"jetpack_social_options":{"image_generator_settings":{"template":"highway","default_image_id":0,"font":"","enabled":false},"version":2}},"categories":[6,44],"tags":[],"class_list":{"0":"post-31981","1":"post","2":"type-post","3":"status-publish","4":"format-standard","5":"has-post-thumbnail","7":"category-chascomus","8":"category-policiales"},"jetpack_publicize_connections":[],"jetpack_featured_media_url":"https:\/\/i0.wp.com\/larevistadigital.com.ar\/blog\/wp-content\/uploads\/POLICIA.png?fit=1002%2C658&ssl=1","jetpack_sharing_enabled":true,"jetpack_shortlink":"https:\/\/wp.me\/p8qtrQ-8jP","jetpack-related-posts":[{"id":31669,"url":"https:\/\/larevistadigital.com.ar\/blog\/chascomus-por-un-llamado-la-policia-logro-evitar-un-robo-en-el-gallo-blanco\/","url_meta":{"origin":31981,"position":0},"title":"CHASCOM\u00daS: POR UN LLAMADO LA POLIC\u00cdA LOGR\u00d3 EVITAR UN ROBO EN EL GALLO BLANCO","author":"Alejandro Sosa Ruda","date":"21 mayo, 2023","format":false,"excerpt":"Eran dos sujetos que escaparon en una moto. Luego de una persecuci\u00f3n cayeron de la misma y lograron hu\u00edr a pi\u00e9. Se incaut\u00f3 el veh\u00edculo y dos mochilas. 21 de mayo de 2023 CHASCOM\u00daS -\u00a0 Con motivo de un llamado telef\u00f3nico, la polic\u00eda comunal se hizo presente en el barrio\u2026","rel":"","context":"En \u00abCHASCOM\u00daS\u00bb","block_context":{"text":"CHASCOM\u00daS","link":"https:\/\/larevistadigital.com.ar\/blog\/category\/chascomus\/"},"img":{"alt_text":"","src":"https:\/\/i0.wp.com\/larevistadigital.com.ar\/blog\/wp-content\/uploads\/WhatsApp-Image-2023-05-20-at-19.52.20.jpeg?fit=899%2C1081&ssl=1&resize=350%2C200","width":350,"height":200,"srcset":"https:\/\/i0.wp.com\/larevistadigital.com.ar\/blog\/wp-content\/uploads\/WhatsApp-Image-2023-05-20-at-19.52.20.jpeg?fit=899%2C1081&ssl=1&resize=350%2C200 1x, https:\/\/i0.wp.com\/larevistadigital.com.ar\/blog\/wp-content\/uploads\/WhatsApp-Image-2023-05-20-at-19.52.20.jpeg?fit=899%2C1081&ssl=1&resize=525%2C300 1.5x, https:\/\/i0.wp.com\/larevistadigital.com.ar\/blog\/wp-content\/uploads\/WhatsApp-Image-2023-05-20-at-19.52.20.jpeg?fit=899%2C1081&ssl=1&resize=700%2C400 2x"},"classes":[]},{"id":33617,"url":"https:\/\/larevistadigital.com.ar\/blog\/chascomus-la-policia-comunal-logro-detener-in-fraganti-a-un-sujeto-con-antecedentes\/","url_meta":{"origin":31981,"position":1},"title":"CHASCOM\u00daS: LA POLIC\u00cdA COMUNAL LOGR\u00d3 DETENER \u00abIN FRAGANTI\u00bb A UN SUJETO CON ANTECEDENTES","author":"Alejandro Sosa Ruda","date":"25 septiembre, 2023","format":false,"excerpt":"Todo fue gracias a un llamado de vecinos alertando un robo en proceso, y el r\u00e1pido accionar de la Polic\u00eda. 25 de Septiembre de 2023 CHASCOM\u00daS -\u00a0 Durante la noche del d\u00eda de ayer, personal policial acudi\u00f3 a un domicilio de calle 26 de Julio, ya que en el lugar\u2026","rel":"","context":"En \u00abDESTACADAS\u00bb","block_context":{"text":"DESTACADAS","link":"https:\/\/larevistadigital.com.ar\/blog\/category\/destacadas\/"},"img":{"alt_text":"","src":"https:\/\/i0.wp.com\/larevistadigital.com.ar\/blog\/wp-content\/uploads\/WhatsApp-Image-2023-09-25-at-20.22.41-e1695689977104.jpeg?fit=911%2C742&ssl=1&resize=350%2C200","width":350,"height":200,"srcset":"https:\/\/i0.wp.com\/larevistadigital.com.ar\/blog\/wp-content\/uploads\/WhatsApp-Image-2023-09-25-at-20.22.41-e1695689977104.jpeg?fit=911%2C742&ssl=1&resize=350%2C200 1x, https:\/\/i0.wp.com\/larevistadigital.com.ar\/blog\/wp-content\/uploads\/WhatsApp-Image-2023-09-25-at-20.22.41-e1695689977104.jpeg?fit=911%2C742&ssl=1&resize=525%2C300 1.5x, https:\/\/i0.wp.com\/larevistadigital.com.ar\/blog\/wp-content\/uploads\/WhatsApp-Image-2023-09-25-at-20.22.41-e1695689977104.jpeg?fit=911%2C742&ssl=1&resize=700%2C400 2x"},"classes":[]},{"id":26973,"url":"https:\/\/larevistadigital.com.ar\/blog\/chascomus-aprehenden-a-dos-sujetos-por-robo-en-una-vivienda\/","url_meta":{"origin":31981,"position":2},"title":"CHASCOM\u00daS: APREHENDEN A DOS SUJETOS POR ROBO EN UNA VIVIENDA","author":"Alejandro Sosa Ruda","date":"5 agosto, 2022","format":false,"excerpt":"Son dos sujetos de 31 y 21 a\u00f1os, que hab\u00edan entrado a un domicilio en Casalins al 500, sustrayendo distintos elementos. CHASCOM\u00daS -\u00a0\u00a0Personal de la EPC (Estaci\u00f3n de Polic\u00eda Comunal) procedi\u00f3 a la aprehensi\u00f3n de dos sujetos de sexo masculino que sal\u00edan del interior de un domicilio sito en calle\u2026","rel":"","context":"En \u00abDESTACADAS\u00bb","block_context":{"text":"DESTACADAS","link":"https:\/\/larevistadigital.com.ar\/blog\/category\/destacadas\/"},"img":{"alt_text":"","src":"https:\/\/i0.wp.com\/larevistadigital.com.ar\/blog\/wp-content\/uploads\/POLICIA.png?fit=1002%2C658&ssl=1&resize=350%2C200","width":350,"height":200,"srcset":"https:\/\/i0.wp.com\/larevistadigital.com.ar\/blog\/wp-content\/uploads\/POLICIA.png?fit=1002%2C658&ssl=1&resize=350%2C200 1x, https:\/\/i0.wp.com\/larevistadigital.com.ar\/blog\/wp-content\/uploads\/POLICIA.png?fit=1002%2C658&ssl=1&resize=525%2C300 1.5x, https:\/\/i0.wp.com\/larevistadigital.com.ar\/blog\/wp-content\/uploads\/POLICIA.png?fit=1002%2C658&ssl=1&resize=700%2C400 2x"},"classes":[]},{"id":30390,"url":"https:\/\/larevistadigital.com.ar\/blog\/chascomus-robo-en-el-comercio-la-grulla-y-fue-aprehendido\/","url_meta":{"origin":31981,"position":3},"title":"CHASCOM\u00daS: ROB\u00d3 EN EL COMERCIO \u00abLA GRULLA\u00bb Y FUE APREHENDIDO","author":"Alejandro Sosa Ruda","date":"5 marzo, 2023","format":false,"excerpt":"Se hab\u00eda llevado una notebook y la polic\u00eda logr\u00f3 aprehenderlo. Era muy agresivo, de nacionalidad brasilera y se alojaba en un hotel. CHASCOM\u00daS -\u00a0 Luego de un llamado, la polic\u00eda acudi\u00f3 al comercio llamado \"La Grulla\", donde refieren que un sujeto muy agresivo de sexo masculino, hab\u00eda robado una computadora\u2026","rel":"","context":"En \u00abINTERES GENERAL\u00bb","block_context":{"text":"INTERES GENERAL","link":"https:\/\/larevistadigital.com.ar\/blog\/category\/interes-general\/"},"img":{"alt_text":"","src":"https:\/\/i0.wp.com\/larevistadigital.com.ar\/blog\/wp-content\/uploads\/WhatsApp-Image-2023-03-05-at-10.26.31-2-e1678030221345.jpeg?fit=899%2C832&ssl=1&resize=350%2C200","width":350,"height":200,"srcset":"https:\/\/i0.wp.com\/larevistadigital.com.ar\/blog\/wp-content\/uploads\/WhatsApp-Image-2023-03-05-at-10.26.31-2-e1678030221345.jpeg?fit=899%2C832&ssl=1&resize=350%2C200 1x, https:\/\/i0.wp.com\/larevistadigital.com.ar\/blog\/wp-content\/uploads\/WhatsApp-Image-2023-03-05-at-10.26.31-2-e1678030221345.jpeg?fit=899%2C832&ssl=1&resize=525%2C300 1.5x, https:\/\/i0.wp.com\/larevistadigital.com.ar\/blog\/wp-content\/uploads\/WhatsApp-Image-2023-03-05-at-10.26.31-2-e1678030221345.jpeg?fit=899%2C832&ssl=1&resize=700%2C400 2x"},"classes":[]},{"id":27103,"url":"https:\/\/larevistadigital.com.ar\/blog\/chascomus-monitoreo-detecto-a-dos-jovenes-armados-que-fueron-aprehendidos-por-la-policia\/","url_meta":{"origin":31981,"position":4},"title":"CHASCOM\u00daS: MONITOREO DETECT\u00d3 A DOS J\u00d3VENES ARMADOS QUE FUERON APREHENDIDOS POR LA POLIC\u00cdA","author":"Alejandro Sosa Ruda","date":"16 agosto, 2022","format":false,"excerpt":"Se trat\u00f3 de individuos que peleaban con otro, armados con cuchillos y un machete, que inclusive intentaron agredir a la polic\u00eda que logr\u00f3 aprehenderlos. CHASCOM\u00daS -\u00a0 Personal de la Central de Monitoreo Municipal, emiti\u00f3 una alerta a la Polic\u00eda Comunal advirtiendo la presencia de dos hombres que se enfrentaban con\u2026","rel":"","context":"En \u00abINTERES GENERAL\u00bb","block_context":{"text":"INTERES GENERAL","link":"https:\/\/larevistadigital.com.ar\/blog\/category\/interes-general\/"},"img":{"alt_text":"","src":"https:\/\/i0.wp.com\/larevistadigital.com.ar\/blog\/wp-content\/uploads\/WhatsApp-Image-2022-08-16-at-9.57.14-AM.jpeg?fit=1200%2C898&ssl=1&resize=350%2C200","width":350,"height":200,"srcset":"https:\/\/i0.wp.com\/larevistadigital.com.ar\/blog\/wp-content\/uploads\/WhatsApp-Image-2022-08-16-at-9.57.14-AM.jpeg?fit=1200%2C898&ssl=1&resize=350%2C200 1x, https:\/\/i0.wp.com\/larevistadigital.com.ar\/blog\/wp-content\/uploads\/WhatsApp-Image-2022-08-16-at-9.57.14-AM.jpeg?fit=1200%2C898&ssl=1&resize=525%2C300 1.5x, https:\/\/i0.wp.com\/larevistadigital.com.ar\/blog\/wp-content\/uploads\/WhatsApp-Image-2022-08-16-at-9.57.14-AM.jpeg?fit=1200%2C898&ssl=1&resize=700%2C400 2x, https:\/\/i0.wp.com\/larevistadigital.com.ar\/blog\/wp-content\/uploads\/WhatsApp-Image-2022-08-16-at-9.57.14-AM.jpeg?fit=1200%2C898&ssl=1&resize=1050%2C600 3x"},"classes":[]},{"id":34211,"url":"https:\/\/larevistadigital.com.ar\/blog\/chascomus-roban-un-vehiculo-a-mano-armada-y-la-policia-comunal-con-ayuda-de-monitoreo-logro-detener-a-uno-de-los-responsables-buscan-a-otros-dos-todos-con-frondoso-prontuario\/","url_meta":{"origin":31981,"position":5},"title":"CHASCOM\u00daS: ROBAN UN VEH\u00cdCULO A MANO ARMADA Y LA POLICIA COMUNAL CON AYUDA DE MONITOREO LOGR\u00d3 DETENER A UNO DE LOS RESPONSABLES. BUSCAN A OTROS DOS, TODOS CON FRONDOSO PRONTUARIO.","author":"Alejandro Sosa Ruda","date":"26 octubre, 2023","format":false,"excerpt":"Los delincuentes tienen un frondoso prontuario que incluye \"homicidio en ocasi\u00f3n de robo\". La polic\u00eda tuvo un r\u00e1pido accionar que se sum\u00f3 al importante trabajo de Monitoreo. 25 de Octubre de 2023 CHASCOM\u00daS -\u00a0 El d\u00eda l\u00fanes pasado, se produjo un hecho en horas de la tarde donde 3 sujetos\u2026","rel":"","context":"En \u00abDESTACADAS\u00bb","block_context":{"text":"DESTACADAS","link":"https:\/\/larevistadigital.com.ar\/blog\/category\/destacadas\/"},"img":{"alt_text":"","src":"https:\/\/i0.wp.com\/larevistadigital.com.ar\/blog\/wp-content\/uploads\/WhatsApp-Image-2023-10-25-at-20.05.00.jpeg?fit=1200%2C675&ssl=1&resize=350%2C200","width":350,"height":200,"srcset":"https:\/\/i0.wp.com\/larevistadigital.com.ar\/blog\/wp-content\/uploads\/WhatsApp-Image-2023-10-25-at-20.05.00.jpeg?fit=1200%2C675&ssl=1&resize=350%2C200 1x, https:\/\/i0.wp.com\/larevistadigital.com.ar\/blog\/wp-content\/uploads\/WhatsApp-Image-2023-10-25-at-20.05.00.jpeg?fit=1200%2C675&ssl=1&resize=525%2C300 1.5x, https:\/\/i0.wp.com\/larevistadigital.com.ar\/blog\/wp-content\/uploads\/WhatsApp-Image-2023-10-25-at-20.05.00.jpeg?fit=1200%2C675&ssl=1&resize=700%2C400 2x, https:\/\/i0.wp.com\/larevistadigital.com.ar\/blog\/wp-content\/uploads\/WhatsApp-Image-2023-10-25-at-20.05.00.jpeg?fit=1200%2C675&ssl=1&resize=1050%2C600 3x"},"classes":[]}],"_links":{"self":[{"href":"https:\/\/larevistadigital.com.ar\/blog\/wp-json\/wp\/v2\/posts\/31981","targetHints":{"allow":["GET"]}}],"collection":[{"href":"https:\/\/larevistadigital.com.ar\/blog\/wp-json\/wp\/v2\/posts"}],"about":[{"href":"https:\/\/larevistadigital.com.ar\/blog\/wp-json\/wp\/v2\/types\/post"}],"author":[{"embeddable":true,"href":"https:\/\/larevistadigital.com.ar\/blog\/wp-json\/wp\/v2\/users\/3"}],"replies":[{"embeddable":true,"href":"https:\/\/larevistadigital.com.ar\/blog\/wp-json\/wp\/v2\/comments?post=31981"}],"version-history":[{"count":1,"href":"https:\/\/larevistadigital.com.ar\/blog\/wp-json\/wp\/v2\/posts\/31981\/revisions"}],"predecessor-version":[{"id":31982,"href":"https:\/\/larevistadigital.com.ar\/blog\/wp-json\/wp\/v2\/posts\/31981\/revisions\/31982"}],"wp:featuredmedia":[{"embeddable":true,"href":"https:\/\/larevistadigital.com.ar\/blog\/wp-json\/wp\/v2\/media\/21648"}],"wp:attachment":[{"href":"https:\/\/larevistadigital.com.ar\/blog\/wp-json\/wp\/v2\/media?parent=31981"}],"wp:term":[{"taxonomy":"category","embeddable":true,"href":"https:\/\/larevistadigital.com.ar\/blog\/wp-json\/wp\/v2\/categories?post=31981"},{"taxonomy":"post_tag","embeddable":true,"href":"https:\/\/larevistadigital.com.ar\/blog\/wp-json\/wp\/v2\/tags?post=31981"}],"curies":[{"name":"wp","href":"https:\/\/api.w.org\/{rel}","templated":true}]}}