{"id":31983,"date":"2023-06-13T23:33:27","date_gmt":"2023-06-13T23:33:27","guid":{"rendered":"https:\/\/larevistadigital.com.ar\/blog\/?p=31983"},"modified":"2023-06-13T23:33:27","modified_gmt":"2023-06-13T23:33:27","slug":"chascomus-denuncian-en-redes-sociales-mal-desempeno-del-consejo-escolar","status":"publish","type":"post","link":"https:\/\/larevistadigital.com.ar\/blog\/chascomus-denuncian-en-redes-sociales-mal-desempeno-del-consejo-escolar\/","title":{"rendered":"CHASCOM\u00daS: DENUNCIAN EN REDES SOCIALES MAL DESEMPE\u00d1O DEL CONSEJO ESCOLAR"},"content":{"rendered":"<h2>Habr\u00edan cometido un error administrativo que perjudic\u00f3 a un grupo de personas.<\/h2>\n<p>13 de junio de 2023<\/p>\n<p><strong>CHASCOM\u00daS &#8211;\u00a0 <\/strong>Una persona, puso de manifiesto una situaci\u00f3n que habr\u00eda perjudicado a personal de educaci\u00f3n, por un \u00abolvido\u00bb del Consejo Escolar de Chascom\u00fas.<\/p>\n<blockquote>\n<h3>La se\u00f1ora, con justa raz\u00f3n se pregunta: \u2026 \u00bfQui\u00e9n de todos estos me va a dar mi plata mientras esto se soluciona?&#8230; (en referencia a los consejeros escolares que no habr\u00edan enviado los papeles a La Plata en tiempo y forma)<\/h3>\n<\/blockquote>\n<p>Aqu\u00ed, reproducimos la nota de la se\u00f1ora, y nos solidarizamos con ella y con quienes habr\u00edan sido perjudicados por este lamentable suceso&#8230;<\/p>\n<p><strong>LA PUBLICACI\u00d3N&#8230;<\/strong><\/p>\n<div dir=\"auto\">\n<div dir=\"auto\"><em><strong>Paso a contar mi situaci\u00f3n..soy auxiliar de educaci\u00f3n. Tuve la suerte de mensualizar el 13 de marzo. Hab\u00eda q presentar un par de papeles los cuales presente todos. Dicen q siempre un mes se tarda en cobrar. Pasaron 2 meses y mis sueldos no llegaban as\u00ed que decid\u00ed con otro grupo de personas viajar a la plata para ver porque tardaba tanto el cobro. Ah\u00ed fue nuestra sorpresa cuando nos atendi\u00f3 una persona y nos dice q hasta agosto no \u00edbamos a cobrar, Porque del consejo escolar de Chascom\u00fas hab\u00edan mandado todo el papeler\u00edo mal .con fecha del 14 de abril. En el consejo seguramente al estar tan ocupados lo archivaron y reci\u00e9n se mando el nuevo papeler\u00edo el d\u00eda 8 de junio<\/strong><\/em><\/div>\n<div dir=\"auto\"><em><strong>(seguramente recordaron cuando empezamos a reclamar nuevamente) y lo peor es q con mentiras&#8230; Que ya estaba todo. Que en la torre se tarda en cargar datos y bla bla bla..me pregunto?? Quien de todos me va a dar mi plata mientras todo esto se soluciona?? Leandro Bonavita por mentirme en la cara o msj ,o la presidenta Victoria Figueroa por ser la responsable de q todo se haga como corresponde?? Porque esto no es algo al pasar. Por favor la gente q no est\u00e1 capacitada tendr\u00edan q hacerla a un lado .hablamos de nuestro sueldo para comer para pagar la luz el cable los impuestos. Sueldo q lo gane bien ganado .quien me paga la plata perdida por la inflaci\u00f3n de todos los meses. Quien va al banco y les dicen q me esperen porque ellos no quisieron .se olvidaron o lo q fuere y no presentaron los papeles&#8230; por favor los consejeros q lean esto espero respuesta de quien ser\u00e1 el primero en \u00absolidarizarse \u00bb y entregarme su sueldo mientras llegan los m\u00edos.<\/strong><\/em><\/div>\n<div dir=\"auto\"><em><strong>Adjunto mail con fecha q se mando desde recursos humanos al consejo escolar sin obtener una respuesta<\/strong><\/em><\/div>\n<div dir=\"auto\"><img data-recalc-dims=\"1\" loading=\"lazy\" decoding=\"async\" class=\"alignnone size-full wp-image-31984\" src=\"https:\/\/i0.wp.com\/larevistadigital.com.ar\/blog\/wp-content\/uploads\/353834954_10225939459285525_910648196485927925_n.jpg?resize=1134%2C1600&#038;ssl=1\" alt=\"\" width=\"1134\" height=\"1600\" srcset=\"https:\/\/i0.wp.com\/larevistadigital.com.ar\/blog\/wp-content\/uploads\/353834954_10225939459285525_910648196485927925_n.jpg?w=1134&amp;ssl=1 1134w, https:\/\/i0.wp.com\/larevistadigital.com.ar\/blog\/wp-content\/uploads\/353834954_10225939459285525_910648196485927925_n.jpg?resize=213%2C300&amp;ssl=1 213w, https:\/\/i0.wp.com\/larevistadigital.com.ar\/blog\/wp-content\/uploads\/353834954_10225939459285525_910648196485927925_n.jpg?resize=726%2C1024&amp;ssl=1 726w, https:\/\/i0.wp.com\/larevistadigital.com.ar\/blog\/wp-content\/uploads\/353834954_10225939459285525_910648196485927925_n.jpg?resize=768%2C1084&amp;ssl=1 768w, https:\/\/i0.wp.com\/larevistadigital.com.ar\/blog\/wp-content\/uploads\/353834954_10225939459285525_910648196485927925_n.jpg?resize=1089%2C1536&amp;ssl=1 1089w\" sizes=\"auto, (max-width: 1000px) 100vw, 1000px\" \/><\/div>\n<\/div>\n","protected":false},"excerpt":{"rendered":"<div class=\"mh-excerpt\"><p>Habr\u00edan cometido un error administrativo que perjudic\u00f3 a un grupo de personas. 13 de junio de 2023 CHASCOM\u00daS &#8211;\u00a0 Una persona, puso de manifiesto una situaci\u00f3n que habr\u00eda perjudicado a personal de educaci\u00f3n, por un <a class=\"mh-excerpt-more\" href=\"https:\/\/larevistadigital.com.ar\/blog\/chascomus-denuncian-en-redes-sociales-mal-desempeno-del-consejo-escolar\/\" title=\"CHASCOM\u00daS: DENUNCIAN EN REDES SOCIALES MAL DESEMPE\u00d1O DEL CONSEJO ESCOLAR\">[Leer M\u00e1s]<\/a><\/p>\n<\/div>","protected":false},"author":3,"featured_media":31985,"comment_status":"open","ping_status":"open","sticky":false,"template":"","format":"standard","meta":{"_jetpack_memberships_contains_paid_content":false,"footnotes":"","jetpack_publicize_message":"","jetpack_publicize_feature_enabled":true,"jetpack_social_post_already_shared":true,"jetpack_social_options":{"image_generator_settings":{"template":"highway","default_image_id":0,"font":"","enabled":false},"version":2}},"categories":[50],"tags":[],"class_list":{"0":"post-31983","1":"post","2":"type-post","3":"status-publish","4":"format-standard","5":"has-post-thumbnail","7":"category-interes-general"},"jetpack_publicize_connections":[],"jetpack_featured_media_url":"https:\/\/i0.wp.com\/larevistadigital.com.ar\/blog\/wp-content\/uploads\/SALDIAS.jpg?fit=1088%2C425&ssl=1","jetpack_sharing_enabled":true,"jetpack_shortlink":"https:\/\/wp.me\/p8qtrQ-8jR","jetpack-related-posts":[{"id":40031,"url":"https:\/\/larevistadigital.com.ar\/blog\/portal-provincial-del-agro-resalta-el-malestar-de-padres-por-la-falta-de-transporte-escolar-en-chascomus-denunciando-graves-errores-administrativos-en-el-consejo-escolar\/","url_meta":{"origin":31983,"position":0},"title":"Portal provincial del agro, resalta el malestar de padres por la falta de transporte escolar en Chascom\u00fas, denunciando graves errores administrativos en el Consejo Escolar","author":"Alejandro Sosa Ruda","date":"9 junio, 2025","format":false,"excerpt":"Se plantea como responsabilidad del Consejo Escolar de Chascom\u00fas, la falta de Transporte Escolar para las escuelas rurales. 09 de Junio de 2025 Un informe publicado en el portal AgroBonaerense puso en evidencia una situaci\u00f3n que genera creciente malestar entre muchas familias del distrito: las escuelas rurales de Chascom\u00fas est\u00e1n\u2026","rel":"","context":"En \u00abINTERES GENERAL\u00bb","block_context":{"text":"INTERES GENERAL","link":"https:\/\/larevistadigital.com.ar\/blog\/category\/interes-general\/"},"img":{"alt_text":"","src":"https:\/\/i0.wp.com\/larevistadigital.com.ar\/blog\/wp-content\/uploads\/20250609164300_471640799-1003779188458411-3580022856166445883-n.jpg?fit=880%2C512&ssl=1&resize=350%2C200","width":350,"height":200,"srcset":"https:\/\/i0.wp.com\/larevistadigital.com.ar\/blog\/wp-content\/uploads\/20250609164300_471640799-1003779188458411-3580022856166445883-n.jpg?fit=880%2C512&ssl=1&resize=350%2C200 1x, https:\/\/i0.wp.com\/larevistadigital.com.ar\/blog\/wp-content\/uploads\/20250609164300_471640799-1003779188458411-3580022856166445883-n.jpg?fit=880%2C512&ssl=1&resize=525%2C300 1.5x, https:\/\/i0.wp.com\/larevistadigital.com.ar\/blog\/wp-content\/uploads\/20250609164300_471640799-1003779188458411-3580022856166445883-n.jpg?fit=880%2C512&ssl=1&resize=700%2C400 2x"},"classes":[]},{"id":3611,"url":"https:\/\/larevistadigital.com.ar\/blog\/chascomus-lamentable-primicia-fallecio-una-mujer-accidentada-no-habrian-podido-operarla-tiempo\/","url_meta":{"origin":31983,"position":1},"title":"CHASCOM\u00daS: LAMENTABLE PRIMICIA. FALLECI\u00d3 UNA MUJER ACCIDENTADA. NO HABR\u00cdAN PODIDO OPERARLA  CON LA URGENCIA DEL CASO","author":"Alejandro Sosa Ruda","date":"27 octubre, 2017","format":false,"excerpt":"Una mujer que sufri\u00f3 las consecuencias de un accidente automovil\u00edstico ocurrido por la tarde habr\u00eda fallecido por las graves lesiones que tuvo como consecuencia del siniestro, y seg\u00fan comentaron fuentes altamente confiables a LRD el deceso habr\u00eda ocurrido por las graves lesiones que presentaba la se\u00f1ora, y lo peor, es\u2026","rel":"","context":"En \u00abDESTACADAS\u00bb","block_context":{"text":"DESTACADAS","link":"https:\/\/larevistadigital.com.ar\/blog\/category\/destacadas\/"},"img":{"alt_text":"","src":"https:\/\/i0.wp.com\/larevistadigital.com.ar\/blog\/wp-content\/uploads\/2017\/10\/22730318_1588559504497487_4180207929121000854_n.jpg?fit=650%2C596&ssl=1&resize=350%2C200","width":350,"height":200,"srcset":"https:\/\/i0.wp.com\/larevistadigital.com.ar\/blog\/wp-content\/uploads\/2017\/10\/22730318_1588559504497487_4180207929121000854_n.jpg?fit=650%2C596&ssl=1&resize=350%2C200 1x, https:\/\/i0.wp.com\/larevistadigital.com.ar\/blog\/wp-content\/uploads\/2017\/10\/22730318_1588559504497487_4180207929121000854_n.jpg?fit=650%2C596&ssl=1&resize=525%2C300 1.5x"},"classes":[]},{"id":24251,"url":"https:\/\/larevistadigital.com.ar\/blog\/se-habrian-producido-tres-robos-en-puerto-chascomus-que-no-fueron-denunciados\/","url_meta":{"origin":31983,"position":2},"title":"SE HABR\u00cdAN PRODUCIDO TRES ROBOS EN \u00abPUERTO CHASCOM\u00daS\u00bb QUE NO FUERON DENUNCIADOS","author":"Alejandro Sosa Ruda","date":"27 febrero, 2022","format":false,"excerpt":"La Revista Digital tuvo acceso a trav\u00e9s del llamado de algunos vecinos preocupados por la situaci\u00f3n, y alarmados porque por alg\u00fan motivo, ninguno de los afectados realiz\u00f3 la denuncia. El rol de la seguridad privada. CHASCOM\u00daS -\u00a0 Durante la jornada de ayer, hemos podido confirmar por distintos testimonios de vecinos\u2026","rel":"","context":"En \u00abDESTACADAS\u00bb","block_context":{"text":"DESTACADAS","link":"https:\/\/larevistadigital.com.ar\/blog\/category\/destacadas\/"},"img":{"alt_text":"","src":"https:\/\/i0.wp.com\/larevistadigital.com.ar\/blog\/wp-content\/uploads\/269929952_7011115758913483_7063758540668094660_n.jpg?fit=1200%2C900&ssl=1&resize=350%2C200","width":350,"height":200,"srcset":"https:\/\/i0.wp.com\/larevistadigital.com.ar\/blog\/wp-content\/uploads\/269929952_7011115758913483_7063758540668094660_n.jpg?fit=1200%2C900&ssl=1&resize=350%2C200 1x, https:\/\/i0.wp.com\/larevistadigital.com.ar\/blog\/wp-content\/uploads\/269929952_7011115758913483_7063758540668094660_n.jpg?fit=1200%2C900&ssl=1&resize=525%2C300 1.5x, https:\/\/i0.wp.com\/larevistadigital.com.ar\/blog\/wp-content\/uploads\/269929952_7011115758913483_7063758540668094660_n.jpg?fit=1200%2C900&ssl=1&resize=700%2C400 2x, https:\/\/i0.wp.com\/larevistadigital.com.ar\/blog\/wp-content\/uploads\/269929952_7011115758913483_7063758540668094660_n.jpg?fit=1200%2C900&ssl=1&resize=1050%2C600 3x"},"classes":[]},{"id":18832,"url":"https:\/\/larevistadigital.com.ar\/blog\/chascomus-por-agresion-a-menor-vecinos-habrian-querido-linchar-al-responsable\/","url_meta":{"origin":31983,"position":3},"title":"CHASCOM\u00daS: POR AGRESI\u00d3N A MENOR, VECINOS HABR\u00cdAN QUERIDO LINCHAR AL RESPONSABLE","author":"Alejandro Sosa Ruda","date":"12 febrero, 2021","format":false,"excerpt":"Ocurri\u00f3 anoche una grave situaci\u00f3n en donde un joven habr\u00eda agredido, o intentado hacerlo a una criatura, el padre quiso castigar\u00a0 al agresor y los vecinos del barrio habr\u00edan tratado de lincharlo. Esa es la informaci\u00f3n que nos env\u00edan algunos vecinos. Algunos lectores amigos se comunicaron con nosotros, relat\u00e1ndonos los\u2026","rel":"","context":"En \u00abCHASCOM\u00daS\u00bb","block_context":{"text":"CHASCOM\u00daS","link":"https:\/\/larevistadigital.com.ar\/blog\/category\/chascomus\/"},"img":{"alt_text":"","src":"https:\/\/i0.wp.com\/larevistadigital.com.ar\/blog\/wp-content\/uploads\/Screenshot_1-121.jpg?fit=1007%2C565&ssl=1&resize=350%2C200","width":350,"height":200,"srcset":"https:\/\/i0.wp.com\/larevistadigital.com.ar\/blog\/wp-content\/uploads\/Screenshot_1-121.jpg?fit=1007%2C565&ssl=1&resize=350%2C200 1x, https:\/\/i0.wp.com\/larevistadigital.com.ar\/blog\/wp-content\/uploads\/Screenshot_1-121.jpg?fit=1007%2C565&ssl=1&resize=525%2C300 1.5x, https:\/\/i0.wp.com\/larevistadigital.com.ar\/blog\/wp-content\/uploads\/Screenshot_1-121.jpg?fit=1007%2C565&ssl=1&resize=700%2C400 2x"},"classes":[]},{"id":41923,"url":"https:\/\/larevistadigital.com.ar\/blog\/cuando-la-desidia-se-vuelve-rutina-los-chicos-otra-vez-sin-clases\/","url_meta":{"origin":31983,"position":4},"title":"Cuando la desidia se vuelve rutina: los chicos otra vez sin clases","author":"Alejandro Sosa Ruda","date":"13 octubre, 2025","format":false,"excerpt":"La falta de pago a transportistas rurales vuelve a dejar a decenas de alumnos sin poder asistir a la escuela. Una situaci\u00f3n que se repite y que revela la ineficiencia del Consejo Escolar para garantizar algo tan b\u00e1sico como el acceso a la educaci\u00f3n. 13 de Octubre de 2025 CHASCOM\u00daS\u2026","rel":"","context":"En \u00abDESTACADAS\u00bb","block_context":{"text":"DESTACADAS","link":"https:\/\/larevistadigital.com.ar\/blog\/category\/destacadas\/"},"img":{"alt_text":"","src":"https:\/\/i0.wp.com\/larevistadigital.com.ar\/blog\/wp-content\/uploads\/1-22.jpg?fit=678%2C381&ssl=1&resize=350%2C200","width":350,"height":200,"srcset":"https:\/\/i0.wp.com\/larevistadigital.com.ar\/blog\/wp-content\/uploads\/1-22.jpg?fit=678%2C381&ssl=1&resize=350%2C200 1x, https:\/\/i0.wp.com\/larevistadigital.com.ar\/blog\/wp-content\/uploads\/1-22.jpg?fit=678%2C381&ssl=1&resize=525%2C300 1.5x"},"classes":[]},{"id":42814,"url":"https:\/\/larevistadigital.com.ar\/blog\/chascomus-nuevas-autoridades-en-el-consejo-escolar\/","url_meta":{"origin":31983,"position":5},"title":"Chascom\u00fas: Nuevas autoridades en el Consejo Escolar","author":"Alejandro Sosa Ruda","date":"10 diciembre, 2025","format":false,"excerpt":"Asumieron los consejeros electos para el per\u00edodo 2025-2029. 10 de Diciembre de 2025 CHASCOM\u00daS -\u00a0 \u00a0En un acto realizado en el sal\u00f3n del Jard\u00edn de Infantes N\u00ba 901, se formaliz\u00f3 la asunci\u00f3n de los consejeros escolares que desarrollar\u00e1n sus funciones entre 2025 y 2029. La actividad cont\u00f3 con la presencia\u2026","rel":"","context":"En \u00abCHASCOM\u00daS\u00bb","block_context":{"text":"CHASCOM\u00daS","link":"https:\/\/larevistadigital.com.ar\/blog\/category\/chascomus\/"},"img":{"alt_text":"","src":"https:\/\/i0.wp.com\/larevistadigital.com.ar\/blog\/wp-content\/uploads\/6939c90c4f292.png?fit=668%2C445&ssl=1&resize=350%2C200","width":350,"height":200,"srcset":"https:\/\/i0.wp.com\/larevistadigital.com.ar\/blog\/wp-content\/uploads\/6939c90c4f292.png?fit=668%2C445&ssl=1&resize=350%2C200 1x, https:\/\/i0.wp.com\/larevistadigital.com.ar\/blog\/wp-content\/uploads\/6939c90c4f292.png?fit=668%2C445&ssl=1&resize=525%2C300 1.5x"},"classes":[]}],"_links":{"self":[{"href":"https:\/\/larevistadigital.com.ar\/blog\/wp-json\/wp\/v2\/posts\/31983","targetHints":{"allow":["GET"]}}],"collection":[{"href":"https:\/\/larevistadigital.com.ar\/blog\/wp-json\/wp\/v2\/posts"}],"about":[{"href":"https:\/\/larevistadigital.com.ar\/blog\/wp-json\/wp\/v2\/types\/post"}],"author":[{"embeddable":true,"href":"https:\/\/larevistadigital.com.ar\/blog\/wp-json\/wp\/v2\/users\/3"}],"replies":[{"embeddable":true,"href":"https:\/\/larevistadigital.com.ar\/blog\/wp-json\/wp\/v2\/comments?post=31983"}],"version-history":[{"count":1,"href":"https:\/\/larevistadigital.com.ar\/blog\/wp-json\/wp\/v2\/posts\/31983\/revisions"}],"predecessor-version":[{"id":31986,"href":"https:\/\/larevistadigital.com.ar\/blog\/wp-json\/wp\/v2\/posts\/31983\/revisions\/31986"}],"wp:featuredmedia":[{"embeddable":true,"href":"https:\/\/larevistadigital.com.ar\/blog\/wp-json\/wp\/v2\/media\/31985"}],"wp:attachment":[{"href":"https:\/\/larevistadigital.com.ar\/blog\/wp-json\/wp\/v2\/media?parent=31983"}],"wp:term":[{"taxonomy":"category","embeddable":true,"href":"https:\/\/larevistadigital.com.ar\/blog\/wp-json\/wp\/v2\/categories?post=31983"},{"taxonomy":"post_tag","embeddable":true,"href":"https:\/\/larevistadigital.com.ar\/blog\/wp-json\/wp\/v2\/tags?post=31983"}],"curies":[{"name":"wp","href":"https:\/\/api.w.org\/{rel}","templated":true}]}}