{"id":31987,"date":"2023-06-13T23:58:15","date_gmt":"2023-06-13T23:58:15","guid":{"rendered":"https:\/\/larevistadigital.com.ar\/blog\/?p=31987"},"modified":"2023-06-14T01:40:22","modified_gmt":"2023-06-14T01:40:22","slug":"31987-2","status":"publish","type":"post","link":"https:\/\/larevistadigital.com.ar\/blog\/31987-2\/","title":{"rendered":"CHASCOMUS: PELEA ENTRE DOS GRUPOS DE PERSONAS EN LA PUERTA DE LA ESCUELA MEDIA"},"content":{"rendered":"<h2>Sucedi\u00f3 hoy y se enfrentaron varias personas, alumnos y padres. Tambi\u00e9n una preceptora termin\u00f3 golpeada.<\/h2>\n<p>13 de junio de 2023<\/p>\n<p><strong>CHASCOM\u00daS &#8211;\u00a0<\/strong> Durante la jornada de hoy, se produjo una importante gresca en la puerta de la \u00abEscuela Media\u00bb, ubicada en calle Washington 72, entre dos grupos de alrededor de 10 personas cada uno.<\/p>\n<blockquote>\n<h3>Seg\u00fan nos han informado testigos del hecho, hab\u00eda un grupo de menores en la puerta de la escuela, que agredieron a dos hermanos al salir del establecimiento. Tambi\u00e9n result\u00f3 golpeado el padre de los hermanos agredidos.<\/h3>\n<\/blockquote>\n<p>Cuando el m\u00f3vil policial se hizo presente, los agresores que iniciaron la pelea ya no se encontraban en el lugar.<\/p>\n<p>Como resultado de los hechos, se solicit\u00f3 la presencia de una ambulancia, que atendi\u00f3 a los hermanos, al padre y a una preceptora que resultaron golpeados en la desagradable situaci\u00f3n, pero afortunadamente no fue necesario el traslado de nadie al Hospital Municipal.<\/p>\n<p>Lamentablemente, nadie hizo denuncia alguna por lo ocurrido.<\/p>\n","protected":false},"excerpt":{"rendered":"<div class=\"mh-excerpt\"><p>Sucedi\u00f3 hoy y se enfrentaron varias personas, alumnos y padres. Tambi\u00e9n una preceptora termin\u00f3 golpeada. 13 de junio de 2023 CHASCOM\u00daS &#8211;\u00a0 Durante la jornada de hoy, se produjo una importante gresca en la puerta <a class=\"mh-excerpt-more\" href=\"https:\/\/larevistadigital.com.ar\/blog\/31987-2\/\" title=\"CHASCOMUS: PELEA ENTRE DOS GRUPOS DE PERSONAS EN LA PUERTA DE LA ESCUELA MEDIA\">[Leer M\u00e1s]<\/a><\/p>\n<\/div>","protected":false},"author":3,"featured_media":21025,"comment_status":"open","ping_status":"open","sticky":false,"template":"","format":"standard","meta":{"_jetpack_memberships_contains_paid_content":false,"footnotes":"","jetpack_publicize_message":"","jetpack_publicize_feature_enabled":true,"jetpack_social_post_already_shared":true,"jetpack_social_options":{"image_generator_settings":{"template":"highway","default_image_id":0,"font":"","enabled":false},"version":2}},"categories":[6,44],"tags":[],"class_list":{"0":"post-31987","1":"post","2":"type-post","3":"status-publish","4":"format-standard","5":"has-post-thumbnail","7":"category-chascomus","8":"category-policiales"},"jetpack_publicize_connections":[],"jetpack_featured_media_url":"https:\/\/i0.wp.com\/larevistadigital.com.ar\/blog\/wp-content\/uploads\/Patrullero-La-Plata-Berisso-Policia.jpg?fit=882%2C492&ssl=1","jetpack_sharing_enabled":true,"jetpack_shortlink":"https:\/\/wp.me\/p8qtrQ-8jV","jetpack-related-posts":[{"id":29920,"url":"https:\/\/larevistadigital.com.ar\/blog\/chascomus-incidente-en-el-barrio-30-de-mayo-que-termina-con-dos-personas-heridas\/","url_meta":{"origin":31987,"position":0},"title":"CHASCOM\u00daS: INCIDENTE EN EL BARRIO 30 DE MAYO QUE TERMINA CON DOS PERSONAS HERIDAS","author":"Alejandro Sosa Ruda","date":"2 febrero, 2023","format":false,"excerpt":"Tres individuos ingresaron en una casa violando la entrada y agredieron a otros dos, apu\u00f1al\u00e1ndolos con un cuchillo y un destornillador. Otra muestra de la violencia instalada en la sociedad, a la que Chascom\u00fas no es ajena... 2 de febrero de 2023 CHASCOM\u00daS -\u00a0 Por la ma\u00f1ana del d\u00eda de\u2026","rel":"","context":"En \u00abINTERES GENERAL\u00bb","block_context":{"text":"INTERES GENERAL","link":"https:\/\/larevistadigital.com.ar\/blog\/category\/interes-general\/"},"img":{"alt_text":"","src":"https:\/\/i0.wp.com\/larevistadigital.com.ar\/blog\/wp-content\/uploads\/2019\/01\/bbx_755050019_comisaria_chasco_01.jpg?fit=800%2C579&ssl=1&resize=350%2C200","width":350,"height":200,"srcset":"https:\/\/i0.wp.com\/larevistadigital.com.ar\/blog\/wp-content\/uploads\/2019\/01\/bbx_755050019_comisaria_chasco_01.jpg?fit=800%2C579&ssl=1&resize=350%2C200 1x, https:\/\/i0.wp.com\/larevistadigital.com.ar\/blog\/wp-content\/uploads\/2019\/01\/bbx_755050019_comisaria_chasco_01.jpg?fit=800%2C579&ssl=1&resize=525%2C300 1.5x, https:\/\/i0.wp.com\/larevistadigital.com.ar\/blog\/wp-content\/uploads\/2019\/01\/bbx_755050019_comisaria_chasco_01.jpg?fit=800%2C579&ssl=1&resize=700%2C400 2x"},"classes":[]},{"id":5081,"url":"https:\/\/larevistadigital.com.ar\/blog\/interpretes-locales-la-fiesta-federal-las-orquesta-escuela\/","url_meta":{"origin":31987,"position":1},"title":"Int\u00e9rpretes locales en la Fiesta Federal de las Orquesta Escuela","author":"admin","date":"27 febrero, 2018","format":false,"excerpt":"Integrantes de la Orquesta Escuela de Lezama participaron de la VI Edici\u00f3n de \u201cEl Festival\u201d, que form\u00f3 parte de los festejos del 20\u00ba Aniversario de la Orquesta-Escuela de Chascom\u00fas. J\u00f3venes integrantes de la Orquesta Escuela de Lezama participaron de la VI Edici\u00f3n de \u201cEl Festival\u201d, la Fiesta Federal de las\u2026","rel":"","context":"En \u00abLEZAMA\u00bb","block_context":{"text":"LEZAMA","link":"https:\/\/larevistadigital.com.ar\/blog\/category\/lezama\/"},"img":{"alt_text":"","src":"https:\/\/i0.wp.com\/larevistadigital.com.ar\/blog\/wp-content\/uploads\/2018\/03\/resize_1519750235.jpg?fit=720%2C480&ssl=1&resize=350%2C200","width":350,"height":200,"srcset":"https:\/\/i0.wp.com\/larevistadigital.com.ar\/blog\/wp-content\/uploads\/2018\/03\/resize_1519750235.jpg?fit=720%2C480&ssl=1&resize=350%2C200 1x, https:\/\/i0.wp.com\/larevistadigital.com.ar\/blog\/wp-content\/uploads\/2018\/03\/resize_1519750235.jpg?fit=720%2C480&ssl=1&resize=525%2C300 1.5x, https:\/\/i0.wp.com\/larevistadigital.com.ar\/blog\/wp-content\/uploads\/2018\/03\/resize_1519750235.jpg?fit=720%2C480&ssl=1&resize=700%2C400 2x"},"classes":[]},{"id":31841,"url":"https:\/\/larevistadigital.com.ar\/blog\/chascomus-la-policia-aprehendio-a-un-sujeto-que-robo-elementos-de-la-escuela-2-y-recupero-lo-sustraido\/","url_meta":{"origin":31987,"position":2},"title":"CHASCOM\u00daS: LA POLIC\u00cdA APREHENDI\u00d3 A UN SUJETO QUE ROB\u00d3 ELEMENTOS DE LA ESCUELA 2 Y RECUPER\u00d3 LO SUSTRA\u00cdDO","author":"Alejandro Sosa Ruda","date":"4 junio, 2023","format":false,"excerpt":"Eran 3 de los cuales pudieron detener a uno, tras subir a los techos. Recuperaron lo robado. 4 de Junio de 2023 CHASCOM\u00daS -\u00a0\u00a0 Durante el d\u00eda de ayer, alrededor de las siete horas, personal policial se traslad\u00f3 a la escuela n 2 ubicada en la calle Franklin, dado a\u2026","rel":"","context":"En \u00abDESTACADAS\u00bb","block_context":{"text":"DESTACADAS","link":"https:\/\/larevistadigital.com.ar\/blog\/category\/destacadas\/"},"img":{"alt_text":"","src":"https:\/\/i0.wp.com\/larevistadigital.com.ar\/blog\/wp-content\/uploads\/WhatsApp-Image-2023-06-03-at-19.31.06-1.jpeg?fit=898%2C1200&ssl=1&resize=350%2C200","width":350,"height":200,"srcset":"https:\/\/i0.wp.com\/larevistadigital.com.ar\/blog\/wp-content\/uploads\/WhatsApp-Image-2023-06-03-at-19.31.06-1.jpeg?fit=898%2C1200&ssl=1&resize=350%2C200 1x, https:\/\/i0.wp.com\/larevistadigital.com.ar\/blog\/wp-content\/uploads\/WhatsApp-Image-2023-06-03-at-19.31.06-1.jpeg?fit=898%2C1200&ssl=1&resize=525%2C300 1.5x, https:\/\/i0.wp.com\/larevistadigital.com.ar\/blog\/wp-content\/uploads\/WhatsApp-Image-2023-06-03-at-19.31.06-1.jpeg?fit=898%2C1200&ssl=1&resize=700%2C400 2x"},"classes":[]},{"id":31645,"url":"https:\/\/larevistadigital.com.ar\/blog\/san-pedro-se-incendio-una-escuela-y-debieron-evacuar-a-los-alumnos\/","url_meta":{"origin":31987,"position":3},"title":"SAN PEDRO: SE INCENDI\u00d3 UNA ESCUELA Y DEBIERON EVACUAR A LOS ALUMNOS","author":"Alejandro Sosa Ruda","date":"18 mayo, 2023","format":false,"excerpt":"Bomberos y el 107 acudieron a la escuela industrial por un incendio que se desat\u00f3 en un sector de la planta alta. Las clases fueron suspendidas y los alumnos siguiendo los protocolos pudieron evacuar el colegio sin inconvenientes. 18 de mayo de 2023 SAN PEDRO -\u00a0 \u00a0Este jueves a la\u2026","rel":"","context":"En \u00abPOLICIALES\u00bb","block_context":{"text":"POLICIALES","link":"https:\/\/larevistadigital.com.ar\/blog\/category\/policiales\/"},"img":{"alt_text":"","src":"https:\/\/i0.wp.com\/larevistadigital.com.ar\/blog\/wp-content\/uploads\/20230518175006_escue.jpg?fit=880%2C512&ssl=1&resize=350%2C200","width":350,"height":200,"srcset":"https:\/\/i0.wp.com\/larevistadigital.com.ar\/blog\/wp-content\/uploads\/20230518175006_escue.jpg?fit=880%2C512&ssl=1&resize=350%2C200 1x, https:\/\/i0.wp.com\/larevistadigital.com.ar\/blog\/wp-content\/uploads\/20230518175006_escue.jpg?fit=880%2C512&ssl=1&resize=525%2C300 1.5x, https:\/\/i0.wp.com\/larevistadigital.com.ar\/blog\/wp-content\/uploads\/20230518175006_escue.jpg?fit=880%2C512&ssl=1&resize=700%2C400 2x"},"classes":[]},{"id":30472,"url":"https:\/\/larevistadigital.com.ar\/blog\/lomas-de-zamora-barras-de-los-andes-se-enfrentaron-a-tiros-en-la-puerta-del-colegio-del-club\/","url_meta":{"origin":31987,"position":4},"title":"LOMAS DE ZAMORA: BARRAS DE LOS ANDES SE ENFRENTARON A TIROS EN LA PUERTA DEL COLEGIO DEL CLUB","author":"Alejandro Sosa Ruda","date":"8 marzo, 2023","format":false,"excerpt":"Ocurri\u00f3 en la entrada de la Escuela Secundaria Ej\u00e9rcito de Los Andes. La balacera se desat\u00f3 cuando hab\u00eda alumnos llegando al establecimiento educativo. Varias familias tuvieron que refugiarse. Ocurre pocos d\u00edas despu\u00e9s de que el senador provincial Omar Plaini ganara las eleciones en el club \"Milrayita\". 8 de marzo de\u2026","rel":"","context":"En \u00abDESTACADAS\u00bb","block_context":{"text":"DESTACADAS","link":"https:\/\/larevistadigital.com.ar\/blog\/category\/destacadas\/"},"img":{"alt_text":"","src":"https:\/\/i0.wp.com\/larevistadigital.com.ar\/blog\/wp-content\/uploads\/colegio-lomas.jpg?fit=700%2C524&ssl=1&resize=350%2C200","width":350,"height":200,"srcset":"https:\/\/i0.wp.com\/larevistadigital.com.ar\/blog\/wp-content\/uploads\/colegio-lomas.jpg?fit=700%2C524&ssl=1&resize=350%2C200 1x, https:\/\/i0.wp.com\/larevistadigital.com.ar\/blog\/wp-content\/uploads\/colegio-lomas.jpg?fit=700%2C524&ssl=1&resize=525%2C300 1.5x, https:\/\/i0.wp.com\/larevistadigital.com.ar\/blog\/wp-content\/uploads\/colegio-lomas.jpg?fit=700%2C524&ssl=1&resize=700%2C400 2x"},"classes":[]},{"id":10667,"url":"https:\/\/larevistadigital.com.ar\/blog\/chascomus-duelo-de-doctores-se-viene-la-interna-entre-dos-santos-y-battisacchi\/","url_meta":{"origin":31987,"position":5},"title":"CHASCOM\u00daS: \u00abDUELO DE DOCTORES\u00bb SE VIENE LA INTERNA ENTRE DOS SANTOS Y BATTISACCHI","author":"Alejandro Sosa Ruda","date":"21 junio, 2019","format":false,"excerpt":"Finalmente Ramiro Ferrante decidi\u00f3 bajarse de la pelea interna por su candidatura a Intendente, y decidi\u00f3 apoyar al radical Santiago Dos Santos, pero igualmente,\u00a0 parece que no habr\u00e1 posibilidad de lista \u00fanica en Juntos por el Cambio en la ciudad de Chascom\u00fas. Luego de los cruces, di\u00e1logos, roscas, encuentros y\u2026","rel":"","context":"En \u00abDESTACADAS\u00bb","block_context":{"text":"DESTACADAS","link":"https:\/\/larevistadigital.com.ar\/blog\/category\/destacadas\/"},"img":{"alt_text":"","src":"https:\/\/i0.wp.com\/larevistadigital.com.ar\/blog\/wp-content\/uploads\/LA-INTERNA.jpg?fit=1096%2C500&ssl=1&resize=350%2C200","width":350,"height":200,"srcset":"https:\/\/i0.wp.com\/larevistadigital.com.ar\/blog\/wp-content\/uploads\/LA-INTERNA.jpg?fit=1096%2C500&ssl=1&resize=350%2C200 1x, https:\/\/i0.wp.com\/larevistadigital.com.ar\/blog\/wp-content\/uploads\/LA-INTERNA.jpg?fit=1096%2C500&ssl=1&resize=525%2C300 1.5x, https:\/\/i0.wp.com\/larevistadigital.com.ar\/blog\/wp-content\/uploads\/LA-INTERNA.jpg?fit=1096%2C500&ssl=1&resize=700%2C400 2x, https:\/\/i0.wp.com\/larevistadigital.com.ar\/blog\/wp-content\/uploads\/LA-INTERNA.jpg?fit=1096%2C500&ssl=1&resize=1050%2C600 3x"},"classes":[]}],"_links":{"self":[{"href":"https:\/\/larevistadigital.com.ar\/blog\/wp-json\/wp\/v2\/posts\/31987","targetHints":{"allow":["GET"]}}],"collection":[{"href":"https:\/\/larevistadigital.com.ar\/blog\/wp-json\/wp\/v2\/posts"}],"about":[{"href":"https:\/\/larevistadigital.com.ar\/blog\/wp-json\/wp\/v2\/types\/post"}],"author":[{"embeddable":true,"href":"https:\/\/larevistadigital.com.ar\/blog\/wp-json\/wp\/v2\/users\/3"}],"replies":[{"embeddable":true,"href":"https:\/\/larevistadigital.com.ar\/blog\/wp-json\/wp\/v2\/comments?post=31987"}],"version-history":[{"count":4,"href":"https:\/\/larevistadigital.com.ar\/blog\/wp-json\/wp\/v2\/posts\/31987\/revisions"}],"predecessor-version":[{"id":31991,"href":"https:\/\/larevistadigital.com.ar\/blog\/wp-json\/wp\/v2\/posts\/31987\/revisions\/31991"}],"wp:featuredmedia":[{"embeddable":true,"href":"https:\/\/larevistadigital.com.ar\/blog\/wp-json\/wp\/v2\/media\/21025"}],"wp:attachment":[{"href":"https:\/\/larevistadigital.com.ar\/blog\/wp-json\/wp\/v2\/media?parent=31987"}],"wp:term":[{"taxonomy":"category","embeddable":true,"href":"https:\/\/larevistadigital.com.ar\/blog\/wp-json\/wp\/v2\/categories?post=31987"},{"taxonomy":"post_tag","embeddable":true,"href":"https:\/\/larevistadigital.com.ar\/blog\/wp-json\/wp\/v2\/tags?post=31987"}],"curies":[{"name":"wp","href":"https:\/\/api.w.org\/{rel}","templated":true}]}}