{"id":31992,"date":"2023-06-14T02:01:28","date_gmt":"2023-06-14T02:01:28","guid":{"rendered":"https:\/\/larevistadigital.com.ar\/blog\/?p=31992"},"modified":"2023-06-14T02:01:28","modified_gmt":"2023-06-14T02:01:28","slug":"chascomus-tres-allanamientos-con-resultado-positivo-por-una-causa-de-robo","status":"publish","type":"post","link":"https:\/\/larevistadigital.com.ar\/blog\/chascomus-tres-allanamientos-con-resultado-positivo-por-una-causa-de-robo\/","title":{"rendered":"CHASCOM\u00daS: TRES ALLANAMIENTOS CON RESULTADO POSITIVO POR UNA CAUSA DE ROBO"},"content":{"rendered":"<h2>Se hicieron durante la jornada en relaci\u00f3n al robo de un comercio del centro de la ciudad.<\/h2>\n<p>13 de junio de 2023<\/p>\n<p>En horas de la tarde se hicieron tres Allanamientos que derivaron de un hecho de robo doblemente agravado por escalamiento y por ser en poblado y banda en un comercio c\u00e9ntrico.<\/p>\n<p>El hecho mencionado, fue cometido hace aproximadamente dos semanas atr\u00e1s. Los autores fueron reconocidos por personal policial el mismo d\u00eda en momentos en que perpetraban otro il\u00edcito de igual modus operandi en la escuela n 2 por el cual una persona se encuentra detenida en la Estaci\u00f3n de Polic\u00eda Comunal de Chascom\u00fas.<\/p>\n<p>Las medidas judiciales arrojaron resultado POSITIVO por dar con elementos de inter\u00e9s para la investigaci\u00f3n.<\/p>\n","protected":false},"excerpt":{"rendered":"<div class=\"mh-excerpt\"><p>Se hicieron durante la jornada en relaci\u00f3n al robo de un comercio del centro de la ciudad. 13 de junio de 2023 En horas de la tarde se hicieron tres Allanamientos que derivaron de un <a class=\"mh-excerpt-more\" href=\"https:\/\/larevistadigital.com.ar\/blog\/chascomus-tres-allanamientos-con-resultado-positivo-por-una-causa-de-robo\/\" title=\"CHASCOM\u00daS: TRES ALLANAMIENTOS CON RESULTADO POSITIVO POR UNA CAUSA DE ROBO\">[Leer M\u00e1s]<\/a><\/p>\n<\/div>","protected":false},"author":3,"featured_media":7557,"comment_status":"open","ping_status":"open","sticky":false,"template":"","format":"standard","meta":{"_jetpack_memberships_contains_paid_content":false,"footnotes":"","jetpack_publicize_message":"","jetpack_publicize_feature_enabled":true,"jetpack_social_post_already_shared":true,"jetpack_social_options":{"image_generator_settings":{"template":"highway","default_image_id":0,"font":"","enabled":false},"version":2}},"categories":[50,44],"tags":[],"class_list":{"0":"post-31992","1":"post","2":"type-post","3":"status-publish","4":"format-standard","5":"has-post-thumbnail","7":"category-interes-general","8":"category-policiales"},"jetpack_publicize_connections":[],"jetpack_featured_media_url":"https:\/\/i0.wp.com\/larevistadigital.com.ar\/blog\/wp-content\/uploads\/2019\/01\/bbx_755050019_comisaria_chasco_01.jpg?fit=800%2C579&ssl=1","jetpack_sharing_enabled":true,"jetpack_shortlink":"https:\/\/wp.me\/p8qtrQ-8k0","jetpack-related-posts":[{"id":33620,"url":"https:\/\/larevistadigital.com.ar\/blog\/chascomus-la-policia-realizo-dos-allanamientos-con-resultado-positivo\/","url_meta":{"origin":31992,"position":0},"title":"CHASCOM\u00daS: LA POLIC\u00cdA REALIZ\u00d3 DOS ALLANAMIENTOS CON RESULTADO POSITIVO","author":"Alejandro Sosa Ruda","date":"25 septiembre, 2023","format":false,"excerpt":"Los allanamientos tienen relaci\u00f3n con una moto denunciada como robada y recuperada por la polic\u00eda. 25 de Septiembre de 2023 CHASCOM\u00daS -\u00a0 En horas de la tarde personal policial de EPC Chascomus Primera, procedi\u00f3 a realizar dos allanamientos sobre dos viviendas del mismo predio. Las mismas est\u00e1n ubicadas en calle\u2026","rel":"","context":"En \u00abPOLICIALES\u00bb","block_context":{"text":"POLICIALES","link":"https:\/\/larevistadigital.com.ar\/blog\/category\/policiales\/"},"img":{"alt_text":"","src":"https:\/\/i0.wp.com\/larevistadigital.com.ar\/blog\/wp-content\/uploads\/WhatsApp-Image-2023-09-25-at-20.27.28-e1695691122530.jpeg?fit=1200%2C1074&ssl=1&resize=350%2C200","width":350,"height":200,"srcset":"https:\/\/i0.wp.com\/larevistadigital.com.ar\/blog\/wp-content\/uploads\/WhatsApp-Image-2023-09-25-at-20.27.28-e1695691122530.jpeg?fit=1200%2C1074&ssl=1&resize=350%2C200 1x, https:\/\/i0.wp.com\/larevistadigital.com.ar\/blog\/wp-content\/uploads\/WhatsApp-Image-2023-09-25-at-20.27.28-e1695691122530.jpeg?fit=1200%2C1074&ssl=1&resize=525%2C300 1.5x, https:\/\/i0.wp.com\/larevistadigital.com.ar\/blog\/wp-content\/uploads\/WhatsApp-Image-2023-09-25-at-20.27.28-e1695691122530.jpeg?fit=1200%2C1074&ssl=1&resize=700%2C400 2x, https:\/\/i0.wp.com\/larevistadigital.com.ar\/blog\/wp-content\/uploads\/WhatsApp-Image-2023-09-25-at-20.27.28-e1695691122530.jpeg?fit=1200%2C1074&ssl=1&resize=1050%2C600 3x"},"classes":[]},{"id":27349,"url":"https:\/\/larevistadigital.com.ar\/blog\/chascomus-dos-allanamientos-con-resultado-positivo-en-relacion-al-robo-sufrido-dias-atras-por-una-pareja-de-adultos-mayores\/","url_meta":{"origin":31992,"position":1},"title":"CHASCOM\u00daS: DOS ALLANAMIENTOS CON RESULTADO POSITIVO EN RELACI\u00d3N AL ROBO SUFRIDO D\u00cdAS ATR\u00c1S POR UNA PAREJA DE ADULTOS MAYORES","author":"Alejandro Sosa Ruda","date":"29 agosto, 2022","format":false,"excerpt":"CHASCOM\u00daS - En la fecha Personal de la Polic\u00eda Comunal en conjunto con GAD y Sub ddi Chascom\u00fas, llevo a cabo una Orden de Allanamiento y Secuestro, otorgada por Juzgado de Garant\u00edas n\u00famero 5 a\/c del Dr Gasquet, la cual se efectivizo arrojando resultado positivo. La misma, surgi\u00f3 en relaci\u00f3n\u2026","rel":"","context":"En \u00abINTERES GENERAL\u00bb","block_context":{"text":"INTERES GENERAL","link":"https:\/\/larevistadigital.com.ar\/blog\/category\/interes-general\/"},"img":{"alt_text":"","src":"https:\/\/i0.wp.com\/larevistadigital.com.ar\/blog\/wp-content\/uploads\/1620734310362.jpg?fit=1200%2C798&ssl=1&resize=350%2C200","width":350,"height":200,"srcset":"https:\/\/i0.wp.com\/larevistadigital.com.ar\/blog\/wp-content\/uploads\/1620734310362.jpg?fit=1200%2C798&ssl=1&resize=350%2C200 1x, https:\/\/i0.wp.com\/larevistadigital.com.ar\/blog\/wp-content\/uploads\/1620734310362.jpg?fit=1200%2C798&ssl=1&resize=525%2C300 1.5x, https:\/\/i0.wp.com\/larevistadigital.com.ar\/blog\/wp-content\/uploads\/1620734310362.jpg?fit=1200%2C798&ssl=1&resize=700%2C400 2x, https:\/\/i0.wp.com\/larevistadigital.com.ar\/blog\/wp-content\/uploads\/1620734310362.jpg?fit=1200%2C798&ssl=1&resize=1050%2C600 3x"},"classes":[]},{"id":30908,"url":"https:\/\/larevistadigital.com.ar\/blog\/chascomus-allanamientos-con-resultado-positivo-en-el-barrio-san-luis\/","url_meta":{"origin":31992,"position":2},"title":"CHASCOM\u00daS: ALLANAMIENTOS CON RESULTADO POSITIVO EN EL BARRIO SAN LUIS","author":"Alejandro Sosa Ruda","date":"6 abril, 2023","format":false,"excerpt":"Los allanamientos arrojaron resultados positivos. Estar\u00edan identificados los autores de un hurto. 6 de abril de 2023 CHASCOM\u00daS -\u00a0 Durante la tarde del d\u00eda de ayer, la polic\u00eda realiz\u00f3 dos allanamientos en domicilios ubicados en el Barrio San Luis, dentro de las acciones que se toman para esclarecer un hecho\u2026","rel":"","context":"En \u00abINTERES GENERAL\u00bb","block_context":{"text":"INTERES GENERAL","link":"https:\/\/larevistadigital.com.ar\/blog\/category\/interes-general\/"},"img":{"alt_text":"","src":"https:\/\/i0.wp.com\/larevistadigital.com.ar\/blog\/wp-content\/uploads\/WhatsApp-Image-2023-04-05-at-17.30.04.jpeg?fit=1200%2C674&ssl=1&resize=350%2C200","width":350,"height":200,"srcset":"https:\/\/i0.wp.com\/larevistadigital.com.ar\/blog\/wp-content\/uploads\/WhatsApp-Image-2023-04-05-at-17.30.04.jpeg?fit=1200%2C674&ssl=1&resize=350%2C200 1x, https:\/\/i0.wp.com\/larevistadigital.com.ar\/blog\/wp-content\/uploads\/WhatsApp-Image-2023-04-05-at-17.30.04.jpeg?fit=1200%2C674&ssl=1&resize=525%2C300 1.5x, https:\/\/i0.wp.com\/larevistadigital.com.ar\/blog\/wp-content\/uploads\/WhatsApp-Image-2023-04-05-at-17.30.04.jpeg?fit=1200%2C674&ssl=1&resize=700%2C400 2x, https:\/\/i0.wp.com\/larevistadigital.com.ar\/blog\/wp-content\/uploads\/WhatsApp-Image-2023-04-05-at-17.30.04.jpeg?fit=1200%2C674&ssl=1&resize=1050%2C600 3x"},"classes":[]},{"id":1187,"url":"https:\/\/larevistadigital.com.ar\/blog\/chascomus-allanamientos-con-resultado-positivo\/","url_meta":{"origin":31992,"position":3},"title":"CHASCOMUS: ALLANAMIENTOS CON RESULTADO POSITIVO","author":"Alejandro Sosa Ruda","date":"15 marzo, 2017","format":false,"excerpt":"En la jornada de ayer se realizaron dos allanamientos\u00a0 en el barrio san Luis. Los mismos se dan en el marco de dos hechos de robo del pasado fin de semana. El primero de ellos, se realiz\u00f3 \u00a0en calle Machado al 300, luego se llev\u00f3 a cabo otro en \u00a0calle\u2026","rel":"","context":"En \u00abCHASCOM\u00daS\u00bb","block_context":{"text":"CHASCOM\u00daS","link":"https:\/\/larevistadigital.com.ar\/blog\/category\/chascomus\/"},"img":{"alt_text":"","src":"https:\/\/i0.wp.com\/larevistadigital.com.ar\/blog\/wp-content\/uploads\/2017\/03\/amadeo_25defebrerode2017_elfuerte.jpg?fit=909%2C915&ssl=1&resize=350%2C200","width":350,"height":200,"srcset":"https:\/\/i0.wp.com\/larevistadigital.com.ar\/blog\/wp-content\/uploads\/2017\/03\/amadeo_25defebrerode2017_elfuerte.jpg?fit=909%2C915&ssl=1&resize=350%2C200 1x, https:\/\/i0.wp.com\/larevistadigital.com.ar\/blog\/wp-content\/uploads\/2017\/03\/amadeo_25defebrerode2017_elfuerte.jpg?fit=909%2C915&ssl=1&resize=525%2C300 1.5x, https:\/\/i0.wp.com\/larevistadigital.com.ar\/blog\/wp-content\/uploads\/2017\/03\/amadeo_25defebrerode2017_elfuerte.jpg?fit=909%2C915&ssl=1&resize=700%2C400 2x"},"classes":[]},{"id":8631,"url":"https:\/\/larevistadigital.com.ar\/blog\/chascomus-la-policia-comunal-resuelve-un-hecho-de-robo-a-comercio-del-18-02\/","url_meta":{"origin":31992,"position":4},"title":"CHASCOM\u00daS: LA POLIC\u00cdA COMUNAL RESUELVE UN HECHO DE ROBO A COMERCIO DEL 18\/02","author":"Alejandro Sosa Ruda","date":"21 febrero, 2019","format":false,"excerpt":"En relaci\u00f3n a hecho de Robo Agravado (por el uso de arma de fuego) acaecido en horas de la tarde del 18.02.19 en un comercio del barrio Esmeralda, del que fuera v\u00edctima Stella Maris Lezcano\u00a0y como resultado de la investigaci\u00f3n llevada a cabo por personal de la Estaci\u00f3n de Polic\u00eda\u2026","rel":"","context":"En \u00abPOLICIALES\u00bb","block_context":{"text":"POLICIALES","link":"https:\/\/larevistadigital.com.ar\/blog\/category\/policiales\/"},"img":{"alt_text":"","src":"https:\/\/i0.wp.com\/larevistadigital.com.ar\/blog\/wp-content\/uploads\/2019\/02\/WhatsApp-Image-2019-02-20-at-23.59.11.jpeg?fit=1200%2C900&ssl=1&resize=350%2C200","width":350,"height":200,"srcset":"https:\/\/i0.wp.com\/larevistadigital.com.ar\/blog\/wp-content\/uploads\/2019\/02\/WhatsApp-Image-2019-02-20-at-23.59.11.jpeg?fit=1200%2C900&ssl=1&resize=350%2C200 1x, https:\/\/i0.wp.com\/larevistadigital.com.ar\/blog\/wp-content\/uploads\/2019\/02\/WhatsApp-Image-2019-02-20-at-23.59.11.jpeg?fit=1200%2C900&ssl=1&resize=525%2C300 1.5x, https:\/\/i0.wp.com\/larevistadigital.com.ar\/blog\/wp-content\/uploads\/2019\/02\/WhatsApp-Image-2019-02-20-at-23.59.11.jpeg?fit=1200%2C900&ssl=1&resize=700%2C400 2x, https:\/\/i0.wp.com\/larevistadigital.com.ar\/blog\/wp-content\/uploads\/2019\/02\/WhatsApp-Image-2019-02-20-at-23.59.11.jpeg?fit=1200%2C900&ssl=1&resize=1050%2C600 3x"},"classes":[]},{"id":30983,"url":"https:\/\/larevistadigital.com.ar\/blog\/chascomus-la-policia-logro-dar-con-los-autores-de-un-robo-el-dia-de-ayer\/","url_meta":{"origin":31992,"position":5},"title":"CHASCOM\u00daS: LA POLIC\u00cdA LOGR\u00d3 DAR CON LOS AUTORES DE UN ROBO EL D\u00cdA DE AYER","author":"Alejandro Sosa Ruda","date":"11 abril, 2023","format":false,"excerpt":"Luego de dos allanamientos, aprehendieron a uno de los responsables, secuestrando la ropa del hecho y dinero de una caja fuerte que hab\u00edan sustraido. 11 de abril de 2023 CHASCOM\u00daS -\u00a0 Durante la jornada de ayer, la polic\u00eda recibi\u00f3 una denuncia por robo, donde dos individuos tras escalar un pared\u00f3n\u2026","rel":"","context":"En \u00abINTERES GENERAL\u00bb","block_context":{"text":"INTERES GENERAL","link":"https:\/\/larevistadigital.com.ar\/blog\/category\/interes-general\/"},"img":{"alt_text":"","src":"https:\/\/i0.wp.com\/larevistadigital.com.ar\/blog\/wp-content\/uploads\/WhatsApp-Image-2023-04-11-at-20.06.21-1-e1681255183177.jpeg?fit=650%2C817&ssl=1&resize=350%2C200","width":350,"height":200,"srcset":"https:\/\/i0.wp.com\/larevistadigital.com.ar\/blog\/wp-content\/uploads\/WhatsApp-Image-2023-04-11-at-20.06.21-1-e1681255183177.jpeg?fit=650%2C817&ssl=1&resize=350%2C200 1x, https:\/\/i0.wp.com\/larevistadigital.com.ar\/blog\/wp-content\/uploads\/WhatsApp-Image-2023-04-11-at-20.06.21-1-e1681255183177.jpeg?fit=650%2C817&ssl=1&resize=525%2C300 1.5x"},"classes":[]}],"_links":{"self":[{"href":"https:\/\/larevistadigital.com.ar\/blog\/wp-json\/wp\/v2\/posts\/31992","targetHints":{"allow":["GET"]}}],"collection":[{"href":"https:\/\/larevistadigital.com.ar\/blog\/wp-json\/wp\/v2\/posts"}],"about":[{"href":"https:\/\/larevistadigital.com.ar\/blog\/wp-json\/wp\/v2\/types\/post"}],"author":[{"embeddable":true,"href":"https:\/\/larevistadigital.com.ar\/blog\/wp-json\/wp\/v2\/users\/3"}],"replies":[{"embeddable":true,"href":"https:\/\/larevistadigital.com.ar\/blog\/wp-json\/wp\/v2\/comments?post=31992"}],"version-history":[{"count":1,"href":"https:\/\/larevistadigital.com.ar\/blog\/wp-json\/wp\/v2\/posts\/31992\/revisions"}],"predecessor-version":[{"id":31993,"href":"https:\/\/larevistadigital.com.ar\/blog\/wp-json\/wp\/v2\/posts\/31992\/revisions\/31993"}],"wp:featuredmedia":[{"embeddable":true,"href":"https:\/\/larevistadigital.com.ar\/blog\/wp-json\/wp\/v2\/media\/7557"}],"wp:attachment":[{"href":"https:\/\/larevistadigital.com.ar\/blog\/wp-json\/wp\/v2\/media?parent=31992"}],"wp:term":[{"taxonomy":"category","embeddable":true,"href":"https:\/\/larevistadigital.com.ar\/blog\/wp-json\/wp\/v2\/categories?post=31992"},{"taxonomy":"post_tag","embeddable":true,"href":"https:\/\/larevistadigital.com.ar\/blog\/wp-json\/wp\/v2\/tags?post=31992"}],"curies":[{"name":"wp","href":"https:\/\/api.w.org\/{rel}","templated":true}]}}