{"id":31994,"date":"2023-06-14T13:43:18","date_gmt":"2023-06-14T13:43:18","guid":{"rendered":"https:\/\/larevistadigital.com.ar\/blog\/?p=31994"},"modified":"2023-06-14T13:43:18","modified_gmt":"2023-06-14T13:43:18","slug":"esto-paso-un-dia-como-hoy-14-de-junio","status":"publish","type":"post","link":"https:\/\/larevistadigital.com.ar\/blog\/esto-paso-un-dia-como-hoy-14-de-junio\/","title":{"rendered":"ESTO PAS\u00d3 UN D\u00cdA COMO HOY, 14 DE JUNIO&#8230;"},"content":{"rendered":"<p class=\"paragraph\" data-mrf-recirculation=\"Links inline\">El 14 de junio no es un d\u00eda cualquiera, a trav\u00e9s de los a\u00f1os esta fecha ha sido escenario de diversos hechos que marcaron la historia de la humanidad y que son se\u00f1alados en el calendario como\u00a0<b>efem\u00e9rides<\/b>.<\/p>\n<p class=\"paragraph\" data-mrf-recirculation=\"Links inline\">Desde\u00a0<b>eventos legendarios, infames tragedias e importantes adelantos cient\u00edficos<\/b>, hasta nacimientos y muertes de personajes relevantes como l\u00edderes sociales, cient\u00edficos y artistas, es lo que nos traen las efem\u00e9rides de este d\u00eda.<\/p>\n<div class=\"inline ad-wrapper\">\n<div class=\"dfpAd ad-inline\">\n<div id=\"infobae\/noticias\/nota\/inline\" class=\"infobae\/noticias\/nota\/inline arcad\" data-google-query-id=\"CI-IgNLxwv8CFXI5uQYdChEGLg\">\n<div id=\"google_ads_iframe_\/1058609\/infobae\/noticias\/nota\/inline_0__container__\"><b>1217<\/b>: En Autillo de Campos, Fernando III es proclamado rey de Castilla para despu\u00e9s ser coronado oficialmente en Valladolid.<\/div>\n<\/div>\n<\/div>\n<\/div>\n<p class=\"paragraph\" data-mrf-recirculation=\"Links inline\"><b>1276<\/b>: En Fuzhou (al sur de China), los supervivientes de la dinast\u00eda Song (en el exilio por el avance mongol) coronan al joven pr\u00edncipe Zhao Shi como emperador de China.<\/p>\n<p class=\"paragraph\" data-mrf-recirculation=\"Links inline\"><b>1381<\/b>: En Inglaterra, Ricardo II se encuentra con los revolucionarios en Blackheath. La Torre de Londres es asaltada por los rebeldes, que entraron sin obtener resistencia.<\/p>\n<p class=\"paragraph\" data-mrf-recirculation=\"Links inline\"><b>1645<\/b>: En el marco de la Revoluci\u00f3n inglesa, las fuerzas parlamentarias vencen en la Batalla de Naseby a 12.000\u00a0miembros de las fuerzas mon\u00e1rquicas.<\/p>\n<p class=\"paragraph\" data-mrf-recirculation=\"Links inline\"><b>1648<\/b>: En Boston (Estados Unidos), la ciudadana Margaret Jones es colgada por bruja, en la primera ejecuci\u00f3n de este tipo en la ciudad.<\/p>\n<p class=\"paragraph\" data-mrf-recirculation=\"Links inline\"><b>1648<\/b>: En el condado de Hartford (Estados Unidos) se registra una gran tempestad que voltea casi todos los bosques de la zona pero no deja v\u00edctimas.<\/p>\n<p class=\"paragraph\" data-mrf-recirculation=\"Links inline\"><b>1658<\/b>: En Dunkerque, los ej\u00e9rcitos franc\u00e9s y brit\u00e1nico vencen al ej\u00e9rcito espa\u00f1ol en la Batalla de las Dunas.<\/p>\n<p class=\"paragraph\" data-mrf-recirculation=\"Links inline\"><b>1699<\/b>: En la Royal Society de Londres, el mec\u00e1nico brit\u00e1nico Thomas Savery presenta la primera m\u00e1quina de vapor.<\/p>\n<p class=\"paragraph\" data-mrf-recirculation=\"Links inline\"><b>1777<\/b>: En los Estados Unidos el Gobierno adopta como bandera la Stars and Stripes (\u2018barras y estrellas\u2019).<\/p>\n<p class=\"paragraph\" data-mrf-recirculation=\"Links inline\"><b>1783<\/b>: El volc\u00e1n Laki, en Islandia \u2014que hab\u00eda entrado en actividad seis d\u00edas antes\u2014 experimenta su tercera y m\u00e1s violenta explosi\u00f3n. Se ha descrito como \u00abuna de las mayores cat\u00e1strofes medioambientales en la Historia europea\u00bb.<\/p>\n<p class=\"paragraph\" data-mrf-recirculation=\"Links inline\"><b>1789<\/b>: En el oc\u00e9ano Pac\u00edfico, el capit\u00e1n William Bligh y 18\u00a0marinos m\u00e1s, supervivientes del mot\u00edn de la Bounty, llegan a Timor despu\u00e9s de 6701\u00a0km (3618\u00a0millas n\u00e1uticas) de trayecto.<\/p>\n<p class=\"paragraph\" data-mrf-recirculation=\"Links inline\"><b>1789<\/b>: En el Condado de Bourbon (Estados Unidos) el reverendo Elijah Craig pone en venta un whisky de propia elaboraci\u00f3n; se le llamar\u00eda bourbon.<\/p>\n<p class=\"paragraph\" data-mrf-recirculation=\"Links inline\"><b>1791<\/b>: En Francia, la Ley Le Chapelier proh\u00edbe el derecho de huelga.<\/p>\n<p class=\"paragraph\" data-mrf-recirculation=\"Links inline\"><b>1800<\/b>: En la Batalla de Marengo, Napole\u00f3n Bonaparte derrota al ej\u00e9rcito austriaco.<\/p>\n<p class=\"paragraph\" data-mrf-recirculation=\"Links inline\"><b>1807<\/b>: En la Batalla de Friedland (en Polonia) la Grande Arm\u00e9e de Napole\u00f3n Bonaparte bate al ej\u00e9rcito ruso acabando con la Cuarta Coalici\u00f3n.<\/p>\n<p class=\"paragraph\" data-mrf-recirculation=\"Links inline\"><b>1808<\/b>: En C\u00e1diz (Espa\u00f1a) \u2014en el marco de la Guerra de la Independencia\u2014, la escuadra francesa del almirante Rosily se rinde a las fuerzas navales del espa\u00f1ol Juan Ruiz de Apodaca.<\/p>\n<p class=\"paragraph\" data-mrf-recirculation=\"Links inline\"><b>1809<\/b>: Los franceses, dentro de la Guerra de la Independencia, comienzan el sitio y bombardeo de la plaza de Gerona, que resisti\u00f3 hasta el 10 de diciembre.<\/p>\n<p class=\"paragraph\" data-mrf-recirculation=\"Links inline\"><b>1821<\/b>: Badi VII, rey de Sennar, cede su trono a Ismail Pasha, general del Imperio otomano, acabando con la existencia del reino de Sud\u00e1n.<\/p>\n<p class=\"paragraph\" data-mrf-recirculation=\"Links inline\"><b>1822<\/b>: En la Royal Astronomical Society (Londres), Charles Babbage propone la m\u00e1quina diferencial.<\/p>\n<p class=\"paragraph\" data-mrf-recirculation=\"Links inline\"><b>1823<\/b>: Guatemala se separa de M\u00e9xico.<\/p>\n<p class=\"paragraph\" data-mrf-recirculation=\"Links inline\"><b>1826<\/b>: En Estambul (Turqu\u00eda) sucede el \u00abIncidente Afortunado\u00bb: Mahmud II, sult\u00e1n del Imperio otomano, hace matar a 4000\u00a0jen\u00edzaros (guardias de corps).<\/p>\n<p class=\"paragraph\" data-mrf-recirculation=\"Links inline\"><b>1846<\/b>: En Sonoma, los anglosajones comienzan una revoluci\u00f3n para independizar la Rep\u00fablica de California de M\u00e9xico.<\/p>\n<p class=\"paragraph\" data-mrf-recirculation=\"Links inline\"><b>1855<\/b>: En Nicaragua desembarca el filibustero estadounidense Willian Walker, financiado por los esclavistas del sur de Estados Unidos en su af\u00e1n por robar nuevos territorios.<\/p>\n<p class=\"paragraph\" data-mrf-recirculation=\"Links inline\"><b>1863<\/b>: En el valle de Shenandoah cerca de Winchester (Virginia) \u2014en el marco de la Guerra Civil Estadounidense\u2014 el Ej\u00e9rcito de Virginia del Norte vence (en la Segunda Batalla de Winchester) a las fuerzas de la Uni\u00f3n.<\/p>\n<p class=\"paragraph\" data-mrf-recirculation=\"Links inline\"><b>1864<\/b>: En Espa\u00f1a, Isabel II inaugura la F\u00e1brica Nacional de Moneda y Timbre.<\/p>\n<p class=\"paragraph\" data-mrf-recirculation=\"Links inline\"><b>1870<\/b>: Juli\u00e1n Escalante y Moreno deja el cargo como Gobernador de Sonora.<\/p>\n<p class=\"paragraph\" data-mrf-recirculation=\"Links inline\"><b>1872<\/b>: En Canad\u00e1, el Gobierno legaliza los sindicatos.<\/p>\n<p class=\"paragraph\" data-mrf-recirculation=\"Links inline\"><b>1900<\/b>: En el oc\u00e9ano Pac\u00edfico, Estados Unidos se anexa el archipi\u00e9lago Haw\u00e1i.<\/p>\n<p class=\"paragraph\" data-mrf-recirculation=\"Links inline\"><b>1900<\/b>: El Reichstag aprueba la segunda ley que permite la expansi\u00f3n de la armada alemana.<\/p>\n<p class=\"paragraph\" data-mrf-recirculation=\"Links inline\"><b>1904<\/b>: Fracaso del Ej\u00e9rcito ruso en Port Arthur.<\/p>\n<p class=\"paragraph\" data-mrf-recirculation=\"Links inline\"><b>1905<\/b>: Se subleva la tripulaci\u00f3n del acorazado ruso Potemkin.<\/p>\n<p class=\"paragraph\" data-mrf-recirculation=\"Links inline\"><b>1905<\/b>: En Santa Fe (Argentina), el r\u00edo Paran\u00e1 alcanza los 7,83\u00a0metros, e inunda la ciudad.<\/p>\n<p class=\"paragraph\" data-mrf-recirculation=\"Links inline\"><b>1907<\/b>: Noruega aprueba el sufragio femenino.<\/p>\n<p class=\"paragraph\" data-mrf-recirculation=\"Links inline\"><b>1909<\/b>: En Espa\u00f1a se decreta la ley fundacional de la Caja Postal de Ahorros, aunque no comenz\u00f3 a funcionar hasta siete a\u00f1os despu\u00e9s.<\/p>\n<p class=\"paragraph\" data-mrf-recirculation=\"Links inline\"><b>1913<\/b>: En Espa\u00f1a se funda el equipo de f\u00fatbol Real Racing Club de Santander.<\/p>\n<p class=\"paragraph\" data-mrf-recirculation=\"Links inline\"><b>1914<\/b>: En el marco de la Primera Guerra Mundial, una escuadrilla de aviones alemanes bombardea Londres y causa m\u00e1s de 500\u00a0v\u00edctimas civiles.<\/p>\n<p class=\"paragraph\" data-mrf-recirculation=\"Links inline\"><b>1919<\/b>: Sale el primer vuelo transatl\u00e1ntico realizado por John William Alcock y Arthur Whitten Brown, que llegar\u00e1 el 15 de junio de 1919.<\/p>\n<p class=\"paragraph\" data-mrf-recirculation=\"Links inline\"><b>1920<\/b>: Por primera vez, una artista se hace o\u00edr en Europa por medio de la radio en un concierto de la cantante Nelia Melba, en Londres, transmitido a Par\u00eds.<\/p>\n<p class=\"paragraph\" data-mrf-recirculation=\"Links inline\"><b>1926<\/b>: Brasil deja la Sociedad de Naciones.<\/p>\n<p class=\"paragraph\" data-mrf-recirculation=\"Links inline\"><b>1931<\/b>: En el r\u00edo Loira (Francia) se hunde una embarcaci\u00f3n de recreo y perecen ahogadas varios centenares de personas.<\/p>\n<p class=\"paragraph\" data-mrf-recirculation=\"Links inline\"><b>1935<\/b>: Culmina la Guerra del Chaco entre Bolivia y Paraguay.<\/p>\n<p class=\"paragraph\" data-mrf-recirculation=\"Links inline\"><b>1938<\/b>: En los Estados Unidos Action Comics presenta a Superman.<\/p>\n<p class=\"paragraph\" data-mrf-recirculation=\"Links inline\"><b>1940<\/b>: En el marco de la Segunda Guerra Mundial, el ej\u00e9rcito alem\u00e1n entra en Par\u00eds.<\/p>\n<p class=\"paragraph\" data-mrf-recirculation=\"Links inline\"><b>1940<\/b>: Ultim\u00e1tum sovi\u00e9tico a Lituania de 1940.<\/p>\n<p class=\"paragraph\" data-mrf-recirculation=\"Links inline\"><b>1940<\/b>: El Ej\u00e9rcito franquista (de Espa\u00f1a) ocupa la ciudad internacional de T\u00e1nger con el fin de garantizar su neutralidad.<\/p>\n<p class=\"paragraph\" data-mrf-recirculation=\"Links inline\"><b>1940<\/b>: En Polonia, un grupo de 728 jud\u00edos polacos de Tarn\u00f3w se convierten en los primeros residentes del campo de concentraci\u00f3n nazi de Auschwitz.<\/p>\n<p class=\"paragraph\" data-mrf-recirculation=\"Links inline\"><b>1941<\/b>: Las fuerzas sovi\u00e9ticas deportan y matan a miles de estonios, lituanos y letones en las Deportaciones de Junio.<\/p>\n<p class=\"paragraph\" data-mrf-recirculation=\"Links inline\"><b>1942<\/b>: En \u00c1msterdam (Pa\u00edses Bajos), Ana Frank comienza a escribir su diario.<\/p>\n<p class=\"paragraph\" data-mrf-recirculation=\"Links inline\"><b>1945<\/b>: Los brit\u00e1nicos celebran la reconquista de Birmania.<\/p>\n<p class=\"paragraph\" data-mrf-recirculation=\"Links inline\"><b>1949<\/b>: En Vietnam se proclama un Estado vietnamita bajo el Gobierno de BaoDai.<\/p>\n<p class=\"paragraph\" data-mrf-recirculation=\"Links inline\"><b>1953<\/b>: En el marco de la Guerra de Corea, los comunistas inician una gran ofensiva.<\/p>\n<p class=\"paragraph\" data-mrf-recirculation=\"Links inline\"><b>1958<\/b>: En el cr\u00e1ter de la bomba at\u00f3mica Castle Bravo, en el atol\u00f3n Bikini (islas Marshall, en medio del oc\u00e9ano Pac\u00edfico), Estados Unidos detona su bomba at\u00f3mica Aspen, de 319\u00a0kilotones. Es la bomba n.\u00ba\u00a0137 de las 1132 que Estados Unidos deton\u00f3 entre 1945 y 1992.<\/p>\n<p class=\"paragraph\" data-mrf-recirculation=\"Links inline\"><b>1958<\/b>: En el atol\u00f3n Enewetak (354 km al oeste del atol\u00f3n Bikini), Estados Unidos detona su bomba at\u00f3mica Walnut, de 1450\u00a0kilotones.<\/p>\n<p class=\"paragraph\" data-mrf-recirculation=\"Links inline\"><b>1959<\/b>: En la Rep\u00fablica Dominicana se inician las expediciones de desembarco para luchar contra la dictadura de Rafael Le\u00f3nidas Trujillo.<\/p>\n<p class=\"paragraph\" data-mrf-recirculation=\"Links inline\"><b>1962<\/b>: La Organizaci\u00f3n Europea para la Investigaci\u00f3n Espacial establece su sede en Par\u00eds.<\/p>\n<p class=\"paragraph\" data-mrf-recirculation=\"Links inline\"><b>1966<\/b>: La Santa Sede abole el Index librorum prohibitorum, lista de libros censurados.<\/p>\n<p class=\"paragraph\" data-mrf-recirculation=\"Links inline\"><b>1967<\/b>: Estados Unidos lanza su sonda espacial Mariner 5 con destino a Venus.<\/p>\n<p class=\"paragraph\" data-mrf-recirculation=\"Links inline\"><b>1975<\/b>: La Uni\u00f3n Sovi\u00e9tica lanza su sonda espacial Venera 10 con destino a Venus.<\/p>\n<p class=\"paragraph\" data-mrf-recirculation=\"Links inline\"><b>1982<\/b>: El Reino Unido derrot\u00f3 a la Argentina en la guerra de las Malvinas. Los altos mandos acordaron el alto el fuego, la rendici\u00f3n e inici\u00f3 el desalojo de los argentinos de los archipi\u00e9lagos australes.<\/p>\n<p class=\"paragraph\" data-mrf-recirculation=\"Links inline\"><b>1985<\/b>: En Europa, milicianos chi\u00edes libaneses se apoderan de un avi\u00f3n de la aerol\u00ednea TWA cuando volaba de Atenas a Roma, con 147\u00a0pasajeros. El secuestro dur\u00f3 16\u00a0d\u00edas.<\/p>\n<p class=\"paragraph\" data-mrf-recirculation=\"Links inline\"><b>1987<\/b>: En Italia se realizan elecciones generales anticipadas. La Democracia Cristiana obtiene 234\u00a0esca\u00f1os, el PCI\u00a0177 y el Partido Socialista\u00a094. Progreso significativo de los \u00abverdes\u00bb (3\u00a0esca\u00f1os).<\/p>\n<p class=\"paragraph\" data-mrf-recirculation=\"Links inline\"><b>1989<\/b>: La Real Academia de Bellas Artes de San Fernando recibe como pintor al poeta gaditano Rafael Alberti, en un acto presidido por la Reina, por deseo expreso del nuevo acad\u00e9mico.<\/p>\n<p class=\"paragraph\" data-mrf-recirculation=\"Links inline\"><b>1993<\/b>: En Viena se inaugura la Conferencia Mundial sobre Derechos Humanos.<\/p>\n<p class=\"paragraph\" data-mrf-recirculation=\"Links inline\"><b>1995<\/b>: En Budionovsk, terroristas chechenos toman un hospital, con un saldo de 150\u00a0muertos y 400\u00a0heridos.<\/p>\n<p class=\"paragraph\" data-mrf-recirculation=\"Links inline\"><b>2002<\/b>: El asteroide 2002 MN pasa a 120 700,8 km de la Tierra (un tercio de la distancia entre la Tierra y la Luna).<\/p>\n<p class=\"paragraph\" data-mrf-recirculation=\"Links inline\"><b>2008<\/b>: En Zaragoza (Espa\u00f1a), se abre al p\u00fablico la Exposici\u00f3n Internacional, con el lema \u00abAgua y desarrollo sostenible\u00bb.<\/p>\n<p class=\"paragraph\" data-mrf-recirculation=\"Links inline\"><b>2016<\/b>: En Cuman\u00e1, capital del estado Sucre, Venezuela, se da el Cumanazo: saqueos y fuertes disturbios por la escasez de comida en el pa\u00eds, a prop\u00f3sito de la crisis econ\u00f3mica que atraviesa.<\/p>\n<p class=\"paragraph\" data-mrf-recirculation=\"Links inline\"><b>2018<\/b>: En Rusia comienza la Copa Mundial de F\u00fatbol de 2018.<\/p>\n<p class=\"paragraph\" data-mrf-recirculation=\"Links inline\"><b>2022<\/b>: Costa Rica vence 1-0 a Nueva Zelanda y gana la Repesca Concacaf-OFC por la clasificaci\u00f3n para la Copa Mundial de F\u00fatbol de 2022.<\/p>\n<div class=\"visual__image\"><\/div>\n<h2 class=\"header\"><span style=\"color: #ff0000\">Cumplea\u00f1os<\/span><\/h2>\n<p class=\"paragraph\" data-mrf-recirculation=\"Links inline\"><b>1479<\/b>: Giglio Gregorio Giraldi, poeta italiano (f. 1552).<\/p>\n<p class=\"paragraph\" data-mrf-recirculation=\"Links inline\"><b>1529<\/b>: Fernando II, rey austriaco (f. 1595).<\/p>\n<p class=\"paragraph\" data-mrf-recirculation=\"Links inline\"><b>1726<\/b>: James Hutton, ge\u00f3logo brit\u00e1nico (f. 1797).<\/p>\n<p class=\"paragraph\" data-mrf-recirculation=\"Links inline\"><b>1726<\/b>: Thomas Pennant, naturalista y anticuario brit\u00e1nico (f. 1798).<\/p>\n<p class=\"paragraph\" data-mrf-recirculation=\"Links inline\"><b>1736<\/b>: Charles de Coulomb, f\u00edsico franc\u00e9s (f. 1806).<\/p>\n<p class=\"paragraph\" data-mrf-recirculation=\"Links inline\"><b>1801<\/b>: Heber C. Kimball, l\u00edder religioso estadounidense (f. 1868).<\/p>\n<p class=\"paragraph\" data-mrf-recirculation=\"Links inline\"><b>1811<\/b>: Harriet Beecher Stowe, escritora antirracista estadounidense, autora de La caba\u00f1a del t\u00edo Tom (f. 1896).<\/p>\n<p class=\"paragraph\" data-mrf-recirculation=\"Links inline\"><b>1832<\/b>: Nicolaus Otto, ingeniero alem\u00e1n (f. 1891).<\/p>\n<p class=\"paragraph\" data-mrf-recirculation=\"Links inline\"><b>1837<\/b>: Gabriel Baudry-Lacantinerie, jurisconsulto franc\u00e9s (n. 1913).<\/p>\n<p class=\"paragraph\" data-mrf-recirculation=\"Links inline\"><b>1838<\/b>: Yamagata Aritomo, militar japon\u00e9s (f. 1922).<\/p>\n<p class=\"paragraph\" data-mrf-recirculation=\"Links inline\"><b>1845<\/b>: Antonio Maceo, militar y patriota independentista cubano (f. 1896).<\/p>\n<p class=\"paragraph\" data-mrf-recirculation=\"Links inline\"><b>1849<\/b>: Basilio Para\u00edso Las\u00fas, empresario y pol\u00edtico espa\u00f1ol (f. 1930).<\/p>\n<p class=\"paragraph\" data-mrf-recirculation=\"Links inline\"><b>1856<\/b>: Andr\u00e9i M\u00e1rkov, matem\u00e1tico ruso (f. 1922).<\/p>\n<p class=\"paragraph\" data-mrf-recirculation=\"Links inline\"><b>1858<\/b>: Manuel Jos\u00e9 Oth\u00f3n, poeta y escritor mexicano (f. 1906).<\/p>\n<p class=\"paragraph\" data-mrf-recirculation=\"Links inline\"><b>1864<\/b>: Alois Alzheimer, neur\u00f3logo y psiquiatra alem\u00e1n, estudioso del alzh\u00e9imer (f. 1915).<\/p>\n<p class=\"paragraph\" data-mrf-recirculation=\"Links inline\"><b>1868<\/b>: Karl Landsteiner, pat\u00f3logo estadounidense de origen austriaco, premio nobel de medicina en 1930 (f. 1943).<\/p>\n<p class=\"paragraph\" data-mrf-recirculation=\"Links inline\"><b>1870<\/b>: Sophie von Preussen (Sophie Dorothea Ulrike Alice), arist\u00f3crata alemana, esposa del rey Constantino I de Grecia (f. 1932).<\/p>\n<p class=\"paragraph\" data-mrf-recirculation=\"Links inline\"><b>1877<\/b>: Jane Bathori, mezzosoprano francesa (f. 1970).<\/p>\n<p class=\"paragraph\" data-mrf-recirculation=\"Links inline\"><b>1890<\/b>: May Allison, actriz estadounidense (f. 1989).<\/p>\n<p class=\"paragraph\" data-mrf-recirculation=\"Links inline\"><b>1890<\/b>: Soong Ai-ling, personalidad china (f. 1973).<\/p>\n<p class=\"paragraph\" data-mrf-recirculation=\"Links inline\"><b>1894<\/b>: Jos\u00e9 Carlos Mari\u00e1tegui, escritor y pol\u00edtico peruano (f. 1930).<\/p>\n<p class=\"paragraph\" data-mrf-recirculation=\"Links inline\"><b>1894<\/b>: Benito Perojo, director de cine espa\u00f1ol (f. 1974).<\/p>\n<p class=\"paragraph\" data-mrf-recirculation=\"Links inline\"><b>1894<\/b>: Mar\u00eda Adelaida de Luxemburgo, arist\u00f3crata luxemburguesa (f. 1924).<\/p>\n<p class=\"paragraph\" data-mrf-recirculation=\"Links inline\"><b>1899<\/b>: Yasunari Kawabata, escritor japon\u00e9s (f. 1972).<\/p>\n<p class=\"paragraph\" data-mrf-recirculation=\"Links inline\"><b>1900<\/b>: Eugenio \u00cdmaz, traductor, ensayista, fil\u00f3sofo y profesor universitario espa\u00f1ol (f. 1951).<\/p>\n<p class=\"paragraph\" data-mrf-recirculation=\"Links inline\"><b>1903<\/b>: Alonzo Church, matem\u00e1tico estadounidense (f. 1995).<\/p>\n<p class=\"paragraph\" data-mrf-recirculation=\"Links inline\"><b>1906<\/b>: Margaret Bourke-White, fotoperiodista estadounidense (f. 1971).<\/p>\n<p class=\"paragraph\" data-mrf-recirculation=\"Links inline\"><b>1907<\/b>: Ren\u00e9 Char, poeta franc\u00e9s (f. 1988).<\/p>\n<p class=\"paragraph\" data-mrf-recirculation=\"Links inline\"><b>1909<\/b>: Burl Ives, actor estadounidense (f. 1995).<\/p>\n<p class=\"paragraph\" data-mrf-recirculation=\"Links inline\"><b>1909<\/b>: Francisco Rojas Villegas, m\u00e9dico y pol\u00edtico chileno (f. 1993).<\/p>\n<p class=\"paragraph\" data-mrf-recirculation=\"Links inline\"><b>1913<\/b>: Stanley Black, compositor y pianista brit\u00e1nico (f. 2002).<\/p>\n<p class=\"paragraph\" data-mrf-recirculation=\"Links inline\"><b>1914<\/b>: Pauline Moore, actriz estadounidense (f. 2001).<\/p>\n<p class=\"paragraph\" data-mrf-recirculation=\"Links inline\"><b>1916<\/b>: Dorothy McGuire, actriz estadounidense (f. 2001).<\/p>\n<p class=\"paragraph\" data-mrf-recirculation=\"Links inline\"><b>1917<\/b>: Atle Selberg, matem\u00e1tico noruego (f. 2007).<\/p>\n<p class=\"paragraph\" data-mrf-recirculation=\"Links inline\"><b>1918<\/b>: Fulgencio Berdugo, futbolista colombiano (f. 2003).<\/p>\n<p class=\"paragraph\" data-mrf-recirculation=\"Links inline\"><b>1918<\/b>: Maruja Pino Pi\u00f1eiro, escritora gallega (f. 2010).<\/p>\n<p class=\"paragraph\" data-mrf-recirculation=\"Links inline\"><b>1919<\/b>: Sam Wanamaker, actor estadounidense (f. 1993).<\/p>\n<p class=\"paragraph\" data-mrf-recirculation=\"Links inline\"><b>1921<\/b>: Gene Barry, actor estadounidense (f. 2009).<\/p>\n<p class=\"paragraph\" data-mrf-recirculation=\"Links inline\"><b>1922<\/b>: Kevin Roche, arquitecto irland\u00e9s (f. 2019).<\/p>\n<p class=\"paragraph\" data-mrf-recirculation=\"Links inline\"><b>1924<\/b>: James Whyte Black, cient\u00edfico brit\u00e1nico, premio nobel de medicina en 1988 (f. 2010).<\/p>\n<p class=\"paragraph\" data-mrf-recirculation=\"Links inline\"><b>1924<\/b>: Abraham Zabludovsky, arquitecto mexicano (f. 2003).<\/p>\n<p class=\"paragraph\" data-mrf-recirculation=\"Links inline\"><b>1925<\/b>: Serge Moscovici, psic\u00f3logo social franc\u00e9s (f. 2014).<\/p>\n<p class=\"paragraph\" data-mrf-recirculation=\"Links inline\"><b>1925<\/b>: Dalton Trevisan, escritor brasile\u00f1o.<\/p>\n<p class=\"paragraph\" data-mrf-recirculation=\"Links inline\"><b>1926<\/b>: Hermann Kant, escritor alem\u00e1n (f. 2016).<\/p>\n<p class=\"paragraph\" data-mrf-recirculation=\"Links inline\"><b>1928<\/b>: Ernesto Che Guevara, guerrillero, m\u00e9dico y pol\u00edtico cubano de origen argentino (f. 1967).<\/p>\n<p class=\"paragraph\" data-mrf-recirculation=\"Links inline\"><b>1928<\/b>: Jos\u00e9 Fernando Bonaparte, paleont\u00f3logo argentino (f. 2020).<\/p>\n<p class=\"paragraph\" data-mrf-recirculation=\"Links inline\"><b>1932<\/b>: Javier Echevarr\u00eda Rodr\u00edguez, obispo espa\u00f1ol, prelado del Opus Dei (f. 2016).<\/p>\n<p class=\"paragraph\" data-mrf-recirculation=\"Links inline\"><b>1933<\/b>: Jerzy Kosinski, escritor polaco (f. 1991).<\/p>\n<p class=\"paragraph\" data-mrf-recirculation=\"Links inline\"><b>1936<\/b>: Renaldo \u00abObie\u00bb Benson, cantante estadounidense, de la banda The Four Tops (f. 2005).<\/p>\n<p class=\"paragraph\" data-mrf-recirculation=\"Links inline\"><b>1937<\/b>: Espartaco Santoni, actor, productor de cine y empresario hostelero venezolano (f. 1998).<\/p>\n<p class=\"paragraph\" data-mrf-recirculation=\"Links inline\"><b>1937<\/b>: J\u00f8rgen Leth, cineasta dan\u00e9s.<\/p>\n<p class=\"paragraph\" data-mrf-recirculation=\"Links inline\"><b>1939<\/b>: Manuel V\u00e1zquez Montalb\u00e1n, escritor espa\u00f1ol (f. 2003).<\/p>\n<p class=\"paragraph\" data-mrf-recirculation=\"Links inline\"><b>1940<\/b>: Bruno Lomas, cantante espa\u00f1ol de rock (f. 1990).<\/p>\n<p class=\"paragraph\" data-mrf-recirculation=\"Links inline\"><b>1943<\/b>: John Miles, piloto de automovilismo brit\u00e1nico (f. 2018).<\/p>\n<p class=\"paragraph\" data-mrf-recirculation=\"Links inline\"><b>1944<\/b>: Jordi Bernet, historietista espa\u00f1ol.<\/p>\n<p class=\"paragraph\" data-mrf-recirculation=\"Links inline\"><b>1945<\/b>: Rod Argent, m\u00fasico brit\u00e1nico, de la banda The Zombies.<\/p>\n<p class=\"paragraph\" data-mrf-recirculation=\"Links inline\"><b>1945<\/b>: J\u00f6rg Immendorff, escultor alem\u00e1n (f. 2007).<\/p>\n<p class=\"paragraph\" data-mrf-recirculation=\"Links inline\"><b>1945<\/b>: Lorenzo Quinteros, actor argentino (f. 2019).<\/p>\n<p class=\"paragraph\" data-mrf-recirculation=\"Links inline\"><b>1946<\/b>: Donald Trump, magnate e inversor de bienes ra\u00edces estadounidense, presidente de los Estados Unidos entre 2017 y 2021.<\/p>\n<p class=\"paragraph\" data-mrf-recirculation=\"Links inline\"><b>1946<\/b>: Ahmad Zahir, cantante afgano (f. 1979).<\/p>\n<p class=\"paragraph\" data-mrf-recirculation=\"Links inline\"><b>1949<\/b>: Carlos Abascal, pol\u00edtico mexicano (f. 2008).<\/p>\n<p class=\"paragraph\" data-mrf-recirculation=\"Links inline\"><b>1949<\/b>: Luis Ospina, director, montajista, productor de cine y guionista colombiano (f. 2019).<\/p>\n<p class=\"paragraph\" data-mrf-recirculation=\"Links inline\"><b>1949<\/b>: Alan White, baterista brit\u00e1nico, de la banda Yes.<\/p>\n<p class=\"paragraph\" data-mrf-recirculation=\"Links inline\"><b>1951<\/b>: Iv\u00e1n Arenas, dise\u00f1ador industrial y presentador de televisi\u00f3n chileno.<\/p>\n<p class=\"paragraph\" data-mrf-recirculation=\"Links inline\"><b>1951<\/b>: Aleksandr Sok\u00farov, cineasta ruso<\/p>\n<p class=\"paragraph\" data-mrf-recirculation=\"Links inline\"><b>1952<\/b>: Lalo Mir, conductor de radio y televisi\u00f3n argentino.<\/p>\n<p class=\"paragraph\" data-mrf-recirculation=\"Links inline\"><b>1954<\/b>: Will Patton, actor estadounidense.<\/p>\n<p class=\"paragraph\" data-mrf-recirculation=\"Links inline\"><b>1955<\/b>: V\u00edctor Manuel Castro Cos\u00edo, pol\u00edtico mexicano.<\/p>\n<p class=\"paragraph\" data-mrf-recirculation=\"Links inline\"><b>1956<\/b>: Juan Carlos Baglietto, cantautor argentino.<\/p>\n<p class=\"paragraph\" data-mrf-recirculation=\"Links inline\"><b>1957<\/b>: Jay Roach, cineasta estadounidense.<\/p>\n<p class=\"paragraph\" data-mrf-recirculation=\"Links inline\"><b>1958<\/b>: Olaf Scholz, pol\u00edtico alem\u00e1n, Canciller de Alemania desde 2021.<\/p>\n<p class=\"paragraph\" data-mrf-recirculation=\"Links inline\"><b>1959<\/b>: Marcus Miller, m\u00fasico de jazz estadounidense.<\/p>\n<p class=\"paragraph\" data-mrf-recirculation=\"Links inline\"><b>1961<\/b>: Boy George, m\u00fasico brit\u00e1nico, de la banda Culture Club.<\/p>\n<p class=\"paragraph\" data-mrf-recirculation=\"Links inline\"><b>1963<\/b>: Jes\u00fas M\u00e9ndez, beisbolista venezolano.<\/p>\n<p class=\"paragraph\" data-mrf-recirculation=\"Links inline\"><b>1964<\/b>: Armando Casas, director de cine mexicano.<\/p>\n<p class=\"paragraph\" data-mrf-recirculation=\"Links inline\"><b>1966<\/b>: E. Elias Merhige, cineasta estadounidense.<\/p>\n<p class=\"paragraph\" data-mrf-recirculation=\"Links inline\"><b>1966<\/b>: Traylor Howard, actriz estadounidense.<\/p>\n<p class=\"paragraph\" data-mrf-recirculation=\"Links inline\"><b>1966<\/b>: Julio Llorente, futbolista espa\u00f1ol.<\/p>\n<p class=\"paragraph\" data-mrf-recirculation=\"Links inline\"><b>1968<\/b>: Yasmine Bleeth, actriz estadounidense.<\/p>\n<p class=\"paragraph\" data-mrf-recirculation=\"Links inline\"><b>1969<\/b>: Steffi Graf, tenista alemana.<\/p>\n<p class=\"paragraph\" data-mrf-recirculation=\"Links inline\"><b>1969<\/b>: MC Ren, rapero estadounidense, de la banda NWA.<\/p>\n<p class=\"paragraph\" data-mrf-recirculation=\"Links inline\"><b>1970<\/b>: Mariano I\u00fadica, conductor de televisi\u00f3n argentino.<\/p>\n<p class=\"paragraph\" data-mrf-recirculation=\"Links inline\"><b>1971<\/b>: Ram\u00f3n Vega, futbolista suizo.<\/p>\n<p class=\"paragraph\" data-mrf-recirculation=\"Links inline\"><b>1972<\/b>: Matthias Ettrich, cient\u00edfico inform\u00e1tico alem\u00e1n.<\/p>\n<p class=\"paragraph\" data-mrf-recirculation=\"Links inline\"><b>1973<\/b>: Coti, cantante y compositor argentino.<\/p>\n<p class=\"paragraph\" data-mrf-recirculation=\"Links inline\"><b>1974<\/b>: Steve Ralston, futbolista estadounidense.<\/p>\n<p class=\"paragraph\" data-mrf-recirculation=\"Links inline\"><b>1976<\/b>: Massimo Oddo, futbolista italiano.<\/p>\n<p class=\"paragraph\" data-mrf-recirculation=\"Links inline\"><b>1976<\/b>: Takahiro Mizushima, seiy\u016b japon\u00e9s.<\/p>\n<p class=\"paragraph\" data-mrf-recirculation=\"Links inline\"><b>1977<\/b>: Francesca Guill\u00e9n, actriz mexicana.<\/p>\n<p class=\"paragraph\" data-mrf-recirculation=\"Links inline\"><b>1978<\/b>: Diablo Cody, guionista estadounidense.<\/p>\n<p class=\"paragraph\" data-mrf-recirculation=\"Links inline\"><b>1979<\/b>: Osvaldo Benavides, actor mexicano.<\/p>\n<p class=\"paragraph\" data-mrf-recirculation=\"Links inline\"><b>1979<\/b>: Paradorn Srichaphan, tenista tailand\u00e9s.<\/p>\n<p class=\"paragraph\" data-mrf-recirculation=\"Links inline\"><b>1979<\/b>: Manuela Imaz, actriz mexicana.<\/p>\n<p class=\"paragraph\" data-mrf-recirculation=\"Links inline\"><b>1980<\/b>: Alejandro Alp\u00edzar, futbolista costarricense.<\/p>\n<p class=\"paragraph\" data-mrf-recirculation=\"Links inline\"><b>1980<\/b>: Matias Novoa, actor chileno.<\/p>\n<p class=\"paragraph\" data-mrf-recirculation=\"Links inline\"><b>1981<\/b>: Elano Blumer, futbolista brasile\u00f1o.<\/p>\n<p class=\"paragraph\" data-mrf-recirculation=\"Links inline\"><b>1982<\/b>: Lang Lang, pianista chino.<\/p>\n<p class=\"paragraph\" data-mrf-recirculation=\"Links inline\"><b>1982<\/b>: Jamie Green, piloto de automovilismo brit\u00e1nico.<\/p>\n<p class=\"paragraph\" data-mrf-recirculation=\"Links inline\"><b>1983<\/b>: Louis Garrel, actor y director franc\u00e9s.<\/p>\n<p class=\"paragraph\" data-mrf-recirculation=\"Links inline\"><b>1984<\/b>: Siobh\u00e1n Donaghy, cantante brit\u00e1nica, de la banda Sugababes.<\/p>\n<p class=\"paragraph\" data-mrf-recirculation=\"Links inline\"><b>1984<\/b>: Jes\u00fas Guzm\u00e1n, beisbolista venezolano.<\/p>\n<p class=\"paragraph\" data-mrf-recirculation=\"Links inline\"><b>1984<\/b>: Cielo Latini, escritora argentina.<\/p>\n<p class=\"paragraph\" data-mrf-recirculation=\"Links inline\"><b>1987<\/b>: Ana Romero, futbolista espa\u00f1ola.<\/p>\n<p class=\"paragraph\" data-mrf-recirculation=\"Links inline\"><b>1988<\/b>: Adri\u00e1n Aldrete, futbolista mexicano.<\/p>\n<p class=\"paragraph\" data-mrf-recirculation=\"Links inline\"><b>1988<\/b>: Kevin McHale, actor y cantante estadounidense.<\/p>\n<p class=\"paragraph\" data-mrf-recirculation=\"Links inline\"><b>1989<\/b>: Madison Ivy, actriz pornogr\u00e1fica alemana.<\/p>\n<p class=\"paragraph\" data-mrf-recirculation=\"Links inline\"><b>1989<\/b>: Lucy Hale, actriz estadounidense.<\/p>\n<p class=\"paragraph\" data-mrf-recirculation=\"Links inline\"><b>1991<\/b>: Jesy Nelson, cantante brit\u00e1nica, del grupo Little Mix.<\/p>\n<p class=\"paragraph\" data-mrf-recirculation=\"Links inline\"><b>1992<\/b>: Gaby Mellado, actriz mexicana de cine y televisi\u00f3n.<\/p>\n<p class=\"paragraph\" data-mrf-recirculation=\"Links inline\"><b>1993<\/b>: Frank Clark, jugador estadounidense de f\u00fatbol americano.<\/p>\n<p class=\"paragraph\" data-mrf-recirculation=\"Links inline\"><b>1993<\/b>: Ryan McCartan, cantante, actor y compositor.<\/p>\n<p class=\"paragraph\" data-mrf-recirculation=\"Links inline\"><b>1994<\/b>: Moon Taeil, miembro del grupo de chicos NCT.<\/p>\n<p class=\"paragraph\" data-mrf-recirculation=\"Links inline\"><b>1994<\/b>: Federico Di Francesco, futbolista italiano.<\/p>\n<p class=\"paragraph\" data-mrf-recirculation=\"Links inline\"><b>1998<\/b>: Taishi Nakagawa, actor japon\u00e9s.<\/p>\n<p class=\"paragraph\" data-mrf-recirculation=\"Links inline\"><b>1999<\/b>: Tzuyu, cantante taiwanesa, integrante del grupo Twice.<\/p>\n<p class=\"paragraph\" data-mrf-recirculation=\"Links inline\"><b>1999<\/b>: \u017dan Medved, futbolista esloveno.<\/p>\n<p class=\"paragraph\" data-mrf-recirculation=\"Links inline\"><b>2002<\/b>: Daniela Liebman, pianista mexicana.<\/p>\n<h2 class=\"header\"><span style=\"color: #ff0000\">Decesos<\/span><\/h2>\n<p class=\"paragraph\" data-mrf-recirculation=\"Links inline\"><b>853<\/b>: Anastasio, religioso espa\u00f1ol canonizado por la Iglesia cat\u00f3lica; martirizado (n. s. IX).<\/p>\n<p class=\"paragraph\" data-mrf-recirculation=\"Links inline\"><b>853<\/b>: Digna, monja espa\u00f1ola, martirizada (n. s. IX).<\/p>\n<p class=\"paragraph\" data-mrf-recirculation=\"Links inline\"><b>853<\/b>: F\u00e9lix de Alcal\u00e1, monje benedictino espa\u00f1ol canonizado por la Iglesia cat\u00f3lica; martirizado (n. 830).<\/p>\n<p class=\"paragraph\" data-mrf-recirculation=\"Links inline\"><b>1381<\/b>: Simon Sudbury, religioso ingl\u00e9s, arzobispo de Canterbury (n. 1489).<\/p>\n<p class=\"paragraph\" data-mrf-recirculation=\"Links inline\"><b>1497<\/b>: Giovanni Borgia, duque de Borgia (n. 1474).<\/p>\n<p class=\"paragraph\" data-mrf-recirculation=\"Links inline\"><b>1516<\/b>: Juan III de Albret, rey de Navarra (n. 1469).<\/p>\n<p class=\"paragraph\" data-mrf-recirculation=\"Links inline\"><b>1544<\/b>: Antoine duque de Lorena (n. 1481).<\/p>\n<p class=\"paragraph\" data-mrf-recirculation=\"Links inline\"><b>1594<\/b>: Orlando di Lasso, compositor franco-flamenco (n. 1532).<\/p>\n<p class=\"paragraph\" data-mrf-recirculation=\"Links inline\"><b>1636<\/b>: Jean de Saint-Bonnet, mariscal franc\u00e9s (n. 1585).<\/p>\n<p class=\"paragraph\" data-mrf-recirculation=\"Links inline\"><b>1800<\/b>: Jean Baptiste Kl\u00e9ber, general franc\u00e9s (n. 1753).<\/p>\n<p class=\"paragraph\" data-mrf-recirculation=\"Links inline\"><b>1800<\/b>: Louis Charles Antoine Desaix, general franc\u00e9s (n. 1768).<\/p>\n<p class=\"paragraph\" data-mrf-recirculation=\"Links inline\"><b>1801<\/b>: Benedict Arnold, general estadounidense (n. 1741).<\/p>\n<p class=\"paragraph\" data-mrf-recirculation=\"Links inline\"><b>1825<\/b>: Pierre Charles L&#8217;Enfant, arquitecto y urbanista franc\u00e9s (n. 1754).<\/p>\n<p class=\"paragraph\" data-mrf-recirculation=\"Links inline\"><b>1837<\/b>: Giacomo Leopardi, poeta italiano (n. 1798).<\/p>\n<p class=\"paragraph\" data-mrf-recirculation=\"Links inline\"><b>1864<\/b>: Pedro Santana, militar y pol\u00edtico dominicano (n. 1801).<\/p>\n<p class=\"paragraph\" data-mrf-recirculation=\"Links inline\"><b>1883<\/b>: Edward FitzGerald, escritor, traductor e hispanista brit\u00e1nico (n. 1809).<\/p>\n<p class=\"paragraph\" data-mrf-recirculation=\"Links inline\"><b>1896<\/b>: Jos\u00e9 Maria Caldeira do Casal Ribeiro, pol\u00edtico portugu\u00e9s (n. 1825).<\/p>\n<p class=\"paragraph\" data-mrf-recirculation=\"Links inline\"><b>1903<\/b>: Carl Gegenbaur, anatomista alem\u00e1n (n. 1826).<\/p>\n<p class=\"paragraph\" data-mrf-recirculation=\"Links inline\"><b>1907<\/b>: Giuseppe Pellizza da Volpedo, pintor italiano (n. 1868).<\/p>\n<p class=\"paragraph\" data-mrf-recirculation=\"Links inline\"><b>1915<\/b>: Anselmo L. Figueroa, periodista y pol\u00edtico anarquista mexicano (n. 1861).<\/p>\n<p class=\"paragraph\" data-mrf-recirculation=\"Links inline\"><b>1916<\/b>: Jo\u00e3o Sim\u00f5es Lopes Neto, escritor brasile\u00f1o (n. 1865).<\/p>\n<p class=\"paragraph\" data-mrf-recirculation=\"Links inline\"><b>1920<\/b>: Anna Mar\u00eda Mozzoni, periodista, feminista y sufragista italiana (f. 1837).<\/p>\n<p class=\"paragraph\" data-mrf-recirculation=\"Links inline\"><b>1920<\/b>: Max Weber, soci\u00f3logo alem\u00e1n (n. 1864).<\/p>\n<p class=\"paragraph\" data-mrf-recirculation=\"Links inline\"><b>1926<\/b>: Mary Cassatt, pintora estadounidense (n. 1844).<\/p>\n<p class=\"paragraph\" data-mrf-recirculation=\"Links inline\"><b>1927<\/b>: Ottavio Bottecchia, ciclista italiano (n. 1894).<\/p>\n<p class=\"paragraph\" data-mrf-recirculation=\"Links inline\"><b>1927<\/b>: Jerome K. Jerome, escritor brit\u00e1nico, autor de Tres hombres en un bote (n. 1859).<\/p>\n<p class=\"paragraph\" data-mrf-recirculation=\"Links inline\"><b>1928<\/b>: Emmeline Pankhurst, feminista brit\u00e1nica (n. 1857).<\/p>\n<p class=\"paragraph\" data-mrf-recirculation=\"Links inline\"><b>1936<\/b>: G. K. Ch\u00e9sterton, escritor brit\u00e1nico (n. 1874).<\/p>\n<p class=\"paragraph\" data-mrf-recirculation=\"Links inline\"><b>1939<\/b>: Ercilia Pep\u00edn, primera mujer maestra e intelectual dominicana (n. 1886).<\/p>\n<p class=\"paragraph\" data-mrf-recirculation=\"Links inline\"><b>1944<\/b>: Joaqu\u00edn \u00c1lvarez Quintero, comedi\u00f3grafo espa\u00f1ol, de los Hermanos \u00c1lvarez Quintero (n. 1873).<\/p>\n<p class=\"paragraph\" data-mrf-recirculation=\"Links inline\"><b>1946<\/b>: John Logie Baird, inventor brit\u00e1nico (n. 1888).<\/p>\n<p class=\"paragraph\" data-mrf-recirculation=\"Links inline\"><b>1946<\/b>: Jorge Ubico Casta\u00f1eda, presidente y dictador guatemalteco (n. 1878).<\/p>\n<p class=\"paragraph\" data-mrf-recirculation=\"Links inline\"><b>1957<\/b>: Adalberto de Le\u00f3n Soto, escultor guatemalteco (n. 1919).<\/p>\n<p class=\"paragraph\" data-mrf-recirculation=\"Links inline\"><b>1963<\/b>: Luciano P\u00e9rez Platero, obispo espa\u00f1ol (n. 1882).<\/p>\n<p class=\"paragraph\" data-mrf-recirculation=\"Links inline\"><b>1966<\/b>: Ruben Arthur Stirton, zo\u00f3logo y paleont\u00f3logo estadounidense (n. 1901).<\/p>\n<p class=\"paragraph\" data-mrf-recirculation=\"Links inline\"><b>1968<\/b>: Salvatore Quasimodo, poeta y periodista italiano, premio nobel de literatura en 1959 (n. 1901).<\/p>\n<p class=\"paragraph\" data-mrf-recirculation=\"Links inline\"><b>1969<\/b>: Roberto Firpo, pianista, director de orquesta y compositor argentino (n. 1884).<\/p>\n<p class=\"paragraph\" data-mrf-recirculation=\"Links inline\"><b>1971<\/b>: Carlos P. Garc\u00eda, presidente filipino (n. 1896).<\/p>\n<p class=\"paragraph\" data-mrf-recirculation=\"Links inline\"><b>1985<\/b>: Waldo Belloso, pianista, director de orquesta y compositor argentino (n. 1933).<\/p>\n<p class=\"paragraph\" data-mrf-recirculation=\"Links inline\"><b>1986<\/b>: Jorge Luis Borges, escritor argentino (n. 1899).<\/p>\n<p class=\"paragraph\" data-mrf-recirculation=\"Links inline\"><b>1986<\/b>: Alan Jay Lerner libretista, letrista y guionista estadounidense (n. 1918).<\/p>\n<p class=\"paragraph\" data-mrf-recirculation=\"Links inline\"><b>1987<\/b>: Amelia Mirel, actriz, vedette y cantante argentina (n. c. 1905).<\/p>\n<p class=\"paragraph\" data-mrf-recirculation=\"Links inline\"><b>1990<\/b>: Luis Vidales, fue un poeta y ensayista colombiano. (n. 1904).<\/p>\n<p class=\"paragraph\" data-mrf-recirculation=\"Links inline\"><b>1990<\/b>: Erna Berger, soprano alemana (n. 1900).<\/p>\n<p class=\"paragraph\" data-mrf-recirculation=\"Links inline\"><b>1991<\/b>: Peggy Ashcroft, actriz brit\u00e1nica (n.1907).<\/p>\n<p class=\"paragraph\" data-mrf-recirculation=\"Links inline\"><b>1993<\/b>: Louis Jacquinot, pol\u00edtico y abogado franc\u00e9s (n. 1898).<\/p>\n<p class=\"paragraph\" data-mrf-recirculation=\"Links inline\"><b>1994<\/b>: Henry Mancini, compositor estadounidense de m\u00fasica de cine (n. 1924).<\/p>\n<p class=\"paragraph\" data-mrf-recirculation=\"Links inline\"><b>1994<\/b>: Marcel Mouloudji, actor y cantante francesa (n. 1982).<\/p>\n<p class=\"paragraph\" data-mrf-recirculation=\"Links inline\"><b>1995<\/b>: Rory Gallagher, m\u00fasico irland\u00e9s de la banda Taste (n. 1948).<\/p>\n<p class=\"paragraph\" data-mrf-recirculation=\"Links inline\"><b>1995<\/b>: Roger Zelazny, escritor estadounidense (n. 1937).<\/p>\n<p class=\"paragraph\" data-mrf-recirculation=\"Links inline\"><b>1996<\/b>: Gesualdo Bufalino, escritor italiano (n. 1920).<\/p>\n<p class=\"paragraph\" data-mrf-recirculation=\"Links inline\"><b>1996<\/b>: Noem\u00ed Gerstein, escultora y dibujante argentina (n. 1908).<\/p>\n<p class=\"paragraph\" data-mrf-recirculation=\"Links inline\"><b>1998<\/b>: Ricardo N\u00fa\u00f1ez, actor, guionista, productor y director espa\u00f1ol (n. 1904).<\/p>\n<p class=\"paragraph\" data-mrf-recirculation=\"Links inline\"><b>1999<\/b>: Osvaldo Drag\u00fan, dramaturgo argentino (n. 1929).<\/p>\n<p class=\"paragraph\" data-mrf-recirculation=\"Links inline\"><b>1999<\/b>: La Ni\u00f1a de la Puebla (Dolores Jim\u00e9nez Alc\u00e1ntara), cantaora espa\u00f1ola (n. 1908).<\/p>\n<p class=\"paragraph\" data-mrf-recirculation=\"Links inline\"><b>2000<\/b>: Attilio Bertolucci, guionista de cine y poeta italiano (n. 1911).<\/p>\n<p class=\"paragraph\" data-mrf-recirculation=\"Links inline\"><b>2001<\/b>: Ram\u00f3n Mendezona Rold\u00e1n, empresario espa\u00f1ol, \u00faltimo director de Radio Espa\u00f1a Independiente (n. 1913).<\/p>\n<p class=\"paragraph\" data-mrf-recirculation=\"Links inline\"><b>2007<\/b>: Kurt Waldheim, diplom\u00e1tico y pol\u00edtico austriaco, presidente de Austria entre 1986 y 1992 (n. 1918).<\/p>\n<p class=\"paragraph\" data-mrf-recirculation=\"Links inline\"><b>2008<\/b>: Rafael del Pino, empresario espa\u00f1ol, presidente de Ferrovial (n. 1920).<\/p>\n<p class=\"paragraph\" data-mrf-recirculation=\"Links inline\"><b>2008<\/b>: Juan Manuel Gonz\u00e1lez, escritor y periodista espa\u00f1ol (n. 1954).<\/p>\n<p class=\"paragraph\" data-mrf-recirculation=\"Links inline\"><b>2008<\/b>: Jamel\u00e3o, sambista brasile\u00f1o (n. 1913).<\/p>\n<p class=\"paragraph\" data-mrf-recirculation=\"Links inline\"><b>2010<\/b>: Jos\u00e9 Ram\u00f3n Medina, pol\u00edtico, escritor y poeta venezolano (N. 1919).<\/p>\n<p class=\"paragraph\" data-mrf-recirculation=\"Links inline\"><b>2011<\/b>: Augusto Ram\u00edrez Ocampo, abogado, economista y pol\u00edtico colombiano (n. 1934).<\/p>\n<p class=\"paragraph\" data-mrf-recirculation=\"Links inline\"><b>2014<\/b>: Francis Matthews, actor brit\u00e1nico (n. 1927).<\/p>\n<p class=\"paragraph\" data-mrf-recirculation=\"Links inline\"><b>2016<\/b>: Ann Morgan Guilbert, actriz de cine y televisi\u00f3n estadounidense (n. 1928).<\/p>\n<p class=\"paragraph\" data-mrf-recirculation=\"Links inline\"><b>2017<\/b>: Ra\u00fal Ren\u00e1n, poeta mexicano (n. 1928).<\/p>\n<p class=\"paragraph\" data-mrf-recirculation=\"Links inline\"><b>2018<\/b>: Stanislav Govorujin, director de cine ruso (n. 1936).<\/p>\n<p class=\"paragraph\" data-mrf-recirculation=\"Links inline\"><b>2020<\/b>: Haroldo Rodas, pol\u00edtico guatemalteco (n. 1946).<\/p>\n<p class=\"paragraph\" data-mrf-recirculation=\"Links inline\"><b>2021<\/b>: Enrique Bola\u00f1os, ingeniero y pol\u00edtico nicarag\u00fcense, presidente de Nicaragua entre 2002 y 2007 (f. 2021).<\/p>\n<p class=\"paragraph\" data-mrf-recirculation=\"Links inline\"><b>2021<\/b>: Manuel Clavero Ar\u00e9valo, pol\u00edtico espa\u00f1ol (n. 1926).<\/p>\n<p class=\"paragraph\" data-mrf-recirculation=\"Links inline\"><b>2022<\/b>: Abraham B. Yehosh\u00faa, escritor israel\u00ed (n. 1936)<\/p>\n","protected":false},"excerpt":{"rendered":"<div class=\"mh-excerpt\"><p>El 14 de junio no es un d\u00eda cualquiera, a trav\u00e9s de los a\u00f1os esta fecha ha sido escenario de diversos hechos que marcaron la historia de la humanidad y que son se\u00f1alados en el <a class=\"mh-excerpt-more\" href=\"https:\/\/larevistadigital.com.ar\/blog\/esto-paso-un-dia-como-hoy-14-de-junio\/\" title=\"ESTO PAS\u00d3 UN D\u00cdA COMO HOY, 14 DE JUNIO&#8230;\">[Leer M\u00e1s]<\/a><\/p>\n<\/div>","protected":false},"author":3,"featured_media":16747,"comment_status":"open","ping_status":"open","sticky":false,"template":"","format":"standard","meta":{"_jetpack_memberships_contains_paid_content":false,"footnotes":"","jetpack_publicize_message":"","jetpack_publicize_feature_enabled":true,"jetpack_social_post_already_shared":true,"jetpack_social_options":{"image_generator_settings":{"template":"highway","default_image_id":0,"font":"","enabled":false},"version":2}},"categories":[15],"tags":[],"class_list":{"0":"post-31994","1":"post","2":"type-post","3":"status-publish","4":"format-standard","5":"has-post-thumbnail","7":"category-cultura"},"jetpack_publicize_connections":[],"jetpack_featured_media_url":"https:\/\/i0.wp.com\/larevistadigital.com.ar\/blog\/wp-content\/uploads\/LOGO-EFEMERIDES.jpg?fit=1268%2C664&ssl=1","jetpack_sharing_enabled":true,"jetpack_shortlink":"https:\/\/wp.me\/p8qtrQ-8k2","jetpack-related-posts":[{"id":40913,"url":"https:\/\/larevistadigital.com.ar\/blog\/efemerides-del-14-de-agosto-que-paso-un-dia-como-hoy\/","url_meta":{"origin":31994,"position":0},"title":"Efem\u00e9rides del 14 de agosto: qu\u00e9 pas\u00f3 un d\u00eda como hoy","author":"Alejandro Sosa Ruda","date":"14 agosto, 2025","format":false,"excerpt":"Este 14 de agosto las efem\u00e9rides cuentan el\u00a0D\u00eda del Cerealista, una celebraci\u00f3n argentina que\u00a0saluda a este sector en un nuevo aniversario del primer embarque de trigo al extranjero, que sucedi\u00f3\u00a0un d\u00eda como este en 1926. La fecha tambi\u00e9n es el cumplea\u00f1os de numerosas figuras como\u00a0la leyenda de la NBA \u201cMagic\u201d\u2026","rel":"","context":"En \u00abCULTURA\u00bb","block_context":{"text":"CULTURA","link":"https:\/\/larevistadigital.com.ar\/blog\/category\/cultura\/"},"img":{"alt_text":"","src":"https:\/\/i0.wp.com\/larevistadigital.com.ar\/blog\/wp-content\/uploads\/LOGO-EFEMERIDES.jpg?fit=1200%2C628&ssl=1&resize=350%2C200","width":350,"height":200,"srcset":"https:\/\/i0.wp.com\/larevistadigital.com.ar\/blog\/wp-content\/uploads\/LOGO-EFEMERIDES.jpg?fit=1200%2C628&ssl=1&resize=350%2C200 1x, https:\/\/i0.wp.com\/larevistadigital.com.ar\/blog\/wp-content\/uploads\/LOGO-EFEMERIDES.jpg?fit=1200%2C628&ssl=1&resize=525%2C300 1.5x, https:\/\/i0.wp.com\/larevistadigital.com.ar\/blog\/wp-content\/uploads\/LOGO-EFEMERIDES.jpg?fit=1200%2C628&ssl=1&resize=700%2C400 2x, https:\/\/i0.wp.com\/larevistadigital.com.ar\/blog\/wp-content\/uploads\/LOGO-EFEMERIDES.jpg?fit=1200%2C628&ssl=1&resize=1050%2C600 3x"},"classes":[]},{"id":40831,"url":"https:\/\/larevistadigital.com.ar\/blog\/efemerides-del-10-de-agosto-que-paso-un-dia-como-hoy\/","url_meta":{"origin":31994,"position":1},"title":"Efem\u00e9rides del 10 de agosto: \u00bfqu\u00e9 pas\u00f3 un d\u00eda como hoy?","author":"Alejandro Sosa Ruda","date":"10 agosto, 2025","format":false,"excerpt":"Las\u00a0efem\u00e9rides del 10 de agosto\u00a0re\u00fanen diferentes eventos que pasaron un d\u00eda como hoy, domingo en que se celebra el\u00a0D\u00eda de la Fuerza A\u00e9rea Argentina. La jornada conmemora la creaci\u00f3n en el a\u00f1o 1912 de la\u00a0Escuela de Aviaci\u00f3n Militar, situada por entonces en la localidad bonaerense de El Palomar. El presidente\u00a0Roque\u2026","rel":"","context":"En \u00abCULTURA\u00bb","block_context":{"text":"CULTURA","link":"https:\/\/larevistadigital.com.ar\/blog\/category\/cultura\/"},"img":{"alt_text":"","src":"https:\/\/i0.wp.com\/larevistadigital.com.ar\/blog\/wp-content\/uploads\/LOGO-EFEMERIDES.jpg?fit=1200%2C628&ssl=1&resize=350%2C200","width":350,"height":200,"srcset":"https:\/\/i0.wp.com\/larevistadigital.com.ar\/blog\/wp-content\/uploads\/LOGO-EFEMERIDES.jpg?fit=1200%2C628&ssl=1&resize=350%2C200 1x, https:\/\/i0.wp.com\/larevistadigital.com.ar\/blog\/wp-content\/uploads\/LOGO-EFEMERIDES.jpg?fit=1200%2C628&ssl=1&resize=525%2C300 1.5x, https:\/\/i0.wp.com\/larevistadigital.com.ar\/blog\/wp-content\/uploads\/LOGO-EFEMERIDES.jpg?fit=1200%2C628&ssl=1&resize=700%2C400 2x, https:\/\/i0.wp.com\/larevistadigital.com.ar\/blog\/wp-content\/uploads\/LOGO-EFEMERIDES.jpg?fit=1200%2C628&ssl=1&resize=1050%2C600 3x"},"classes":[]},{"id":40698,"url":"https:\/\/larevistadigital.com.ar\/blog\/efemerides-que-sucedio-un-dia-como-hoy-1-de-agosto\/","url_meta":{"origin":31994,"position":2},"title":"Efem\u00e9rides: Qu\u00e9 sucedi\u00f3 un d\u00eda como hoy, 1\u00b0 de agosto&#8230;","author":"Alejandro Sosa Ruda","date":"1 agosto, 2025","format":false,"excerpt":"Este viernes 1\u00b0 de agosto es el D\u00eda de la Pachamama o de la Madre Tierra, entre otros eventos y aniversarios asociados a la fecha. 01 de Agosto de 2025 La fecha, que proviene de los pueblos originarios de varias naciones de\u00a0Am\u00e9rica Latina, consiste en una ofrenda a la\u00a0naturaleza\u00a0personificada como\u2026","rel":"","context":"En \u00abCULTURA\u00bb","block_context":{"text":"CULTURA","link":"https:\/\/larevistadigital.com.ar\/blog\/category\/cultura\/"},"img":{"alt_text":"","src":"https:\/\/i0.wp.com\/larevistadigital.com.ar\/blog\/wp-content\/uploads\/LOGO-EFEMERIDES.jpg?fit=1200%2C628&ssl=1&resize=350%2C200","width":350,"height":200,"srcset":"https:\/\/i0.wp.com\/larevistadigital.com.ar\/blog\/wp-content\/uploads\/LOGO-EFEMERIDES.jpg?fit=1200%2C628&ssl=1&resize=350%2C200 1x, https:\/\/i0.wp.com\/larevistadigital.com.ar\/blog\/wp-content\/uploads\/LOGO-EFEMERIDES.jpg?fit=1200%2C628&ssl=1&resize=525%2C300 1.5x, https:\/\/i0.wp.com\/larevistadigital.com.ar\/blog\/wp-content\/uploads\/LOGO-EFEMERIDES.jpg?fit=1200%2C628&ssl=1&resize=700%2C400 2x, https:\/\/i0.wp.com\/larevistadigital.com.ar\/blog\/wp-content\/uploads\/LOGO-EFEMERIDES.jpg?fit=1200%2C628&ssl=1&resize=1050%2C600 3x"},"classes":[]},{"id":16777,"url":"https:\/\/larevistadigital.com.ar\/blog\/las-efemerides-de-un-dia-como-hoy-6-10\/","url_meta":{"origin":31994,"position":3},"title":"LAS EFEM\u00c9RIDES DE UN D\u00cdA COMO HOY&#8230;6\/10","author":"Alejandro Sosa Ruda","date":"6 octubre, 2020","format":false,"excerpt":"El D\u00eda del Circo 1858 -\u00a0Se celebra en esta fecha el D\u00eda del Circo,\u00a0debido al natalicio del uruguayo\u00a0Jos\u00e9 Juan\u00a0\"Pepe\"\u00a0Podest\u00e1, quien naci\u00f3 en la ciudad de Montevideo y supo desarrollar aqu\u00ed en nuestro pa\u00eds una inmensa tarea dentro de la actividad circense. A\u00f1os m\u00e1s tarde entra\u00f1ar\u00eda al payaso Pepino el 88,\u2026","rel":"","context":"En \u00abSOCIEDAD\u00bb","block_context":{"text":"SOCIEDAD","link":"https:\/\/larevistadigital.com.ar\/blog\/category\/sociedad\/"},"img":{"alt_text":"","src":"https:\/\/i0.wp.com\/larevistadigital.com.ar\/blog\/wp-content\/uploads\/LOGO-EFEMERIDES.jpg?fit=1200%2C628&ssl=1&resize=350%2C200","width":350,"height":200,"srcset":"https:\/\/i0.wp.com\/larevistadigital.com.ar\/blog\/wp-content\/uploads\/LOGO-EFEMERIDES.jpg?fit=1200%2C628&ssl=1&resize=350%2C200 1x, https:\/\/i0.wp.com\/larevistadigital.com.ar\/blog\/wp-content\/uploads\/LOGO-EFEMERIDES.jpg?fit=1200%2C628&ssl=1&resize=525%2C300 1.5x, https:\/\/i0.wp.com\/larevistadigital.com.ar\/blog\/wp-content\/uploads\/LOGO-EFEMERIDES.jpg?fit=1200%2C628&ssl=1&resize=700%2C400 2x, https:\/\/i0.wp.com\/larevistadigital.com.ar\/blog\/wp-content\/uploads\/LOGO-EFEMERIDES.jpg?fit=1200%2C628&ssl=1&resize=1050%2C600 3x"},"classes":[]},{"id":27084,"url":"https:\/\/larevistadigital.com.ar\/blog\/esto-paso-un-dia-como-hoy-12-8\/","url_meta":{"origin":31994,"position":4},"title":"ESTO PAS\u00d3 UN D\u00cdA COMO HOY, 12\/8","author":"Alejandro Sosa Ruda","date":"12 agosto, 2022","format":false,"excerpt":"Una de las efem\u00e9rides\u00a0que el mundo celebra este\u00a012 de agosto\u00a0es el\u00a0D\u00eda Internacional de la Juventud, designado por la Asamblea General de las Naciones Unidas para celebrar esta etapa de la vida y concientizar sobre las personas de estas edades que atraviesan situaciones de vulnerabilidad en todo el mundo. Adem\u00e1s, en\u2026","rel":"","context":"En \u00abCULTURA\u00bb","block_context":{"text":"CULTURA","link":"https:\/\/larevistadigital.com.ar\/blog\/category\/cultura\/"},"img":{"alt_text":"","src":"https:\/\/i0.wp.com\/larevistadigital.com.ar\/blog\/wp-content\/uploads\/LOGO-EFEMERIDES.jpg?fit=1200%2C628&ssl=1&resize=350%2C200","width":350,"height":200,"srcset":"https:\/\/i0.wp.com\/larevistadigital.com.ar\/blog\/wp-content\/uploads\/LOGO-EFEMERIDES.jpg?fit=1200%2C628&ssl=1&resize=350%2C200 1x, https:\/\/i0.wp.com\/larevistadigital.com.ar\/blog\/wp-content\/uploads\/LOGO-EFEMERIDES.jpg?fit=1200%2C628&ssl=1&resize=525%2C300 1.5x, https:\/\/i0.wp.com\/larevistadigital.com.ar\/blog\/wp-content\/uploads\/LOGO-EFEMERIDES.jpg?fit=1200%2C628&ssl=1&resize=700%2C400 2x, https:\/\/i0.wp.com\/larevistadigital.com.ar\/blog\/wp-content\/uploads\/LOGO-EFEMERIDES.jpg?fit=1200%2C628&ssl=1&resize=1050%2C600 3x"},"classes":[]},{"id":40984,"url":"https:\/\/larevistadigital.com.ar\/blog\/efemerides-de-hoy-que-paso-un-20-de-agosto\/","url_meta":{"origin":31994,"position":5},"title":"Efem\u00e9rides de hoy: qu\u00e9 pas\u00f3 un 20 de agosto","author":"Alejandro Sosa Ruda","date":"20 agosto, 2025","format":false,"excerpt":"Las\u00a0efem\u00e9rides del 20 de agosto\u00a0re\u00fanen diferentes eventos que pasaron un d\u00eda como hoy, mi\u00e9rcoles en que\u00a0se celebra el\u00a0D\u00eda Mundial de la Papa Frita. La fecha honra un alimento que en rigor proviene de la zona andina de\u00a0Sudam\u00e9rica, especialmente\u00a0Bolivia\u00a0y\u00a0Per\u00fa, donde el tub\u00e9rculo se consume desde hace m\u00e1s de 7000 a\u00f1os. Pero\u2026","rel":"","context":"En \u00abCULTURA\u00bb","block_context":{"text":"CULTURA","link":"https:\/\/larevistadigital.com.ar\/blog\/category\/cultura\/"},"img":{"alt_text":"","src":"https:\/\/i0.wp.com\/larevistadigital.com.ar\/blog\/wp-content\/uploads\/LOGO-EFEMERIDES.jpg?fit=1200%2C628&ssl=1&resize=350%2C200","width":350,"height":200,"srcset":"https:\/\/i0.wp.com\/larevistadigital.com.ar\/blog\/wp-content\/uploads\/LOGO-EFEMERIDES.jpg?fit=1200%2C628&ssl=1&resize=350%2C200 1x, https:\/\/i0.wp.com\/larevistadigital.com.ar\/blog\/wp-content\/uploads\/LOGO-EFEMERIDES.jpg?fit=1200%2C628&ssl=1&resize=525%2C300 1.5x, https:\/\/i0.wp.com\/larevistadigital.com.ar\/blog\/wp-content\/uploads\/LOGO-EFEMERIDES.jpg?fit=1200%2C628&ssl=1&resize=700%2C400 2x, https:\/\/i0.wp.com\/larevistadigital.com.ar\/blog\/wp-content\/uploads\/LOGO-EFEMERIDES.jpg?fit=1200%2C628&ssl=1&resize=1050%2C600 3x"},"classes":[]}],"_links":{"self":[{"href":"https:\/\/larevistadigital.com.ar\/blog\/wp-json\/wp\/v2\/posts\/31994","targetHints":{"allow":["GET"]}}],"collection":[{"href":"https:\/\/larevistadigital.com.ar\/blog\/wp-json\/wp\/v2\/posts"}],"about":[{"href":"https:\/\/larevistadigital.com.ar\/blog\/wp-json\/wp\/v2\/types\/post"}],"author":[{"embeddable":true,"href":"https:\/\/larevistadigital.com.ar\/blog\/wp-json\/wp\/v2\/users\/3"}],"replies":[{"embeddable":true,"href":"https:\/\/larevistadigital.com.ar\/blog\/wp-json\/wp\/v2\/comments?post=31994"}],"version-history":[{"count":1,"href":"https:\/\/larevistadigital.com.ar\/blog\/wp-json\/wp\/v2\/posts\/31994\/revisions"}],"predecessor-version":[{"id":31995,"href":"https:\/\/larevistadigital.com.ar\/blog\/wp-json\/wp\/v2\/posts\/31994\/revisions\/31995"}],"wp:featuredmedia":[{"embeddable":true,"href":"https:\/\/larevistadigital.com.ar\/blog\/wp-json\/wp\/v2\/media\/16747"}],"wp:attachment":[{"href":"https:\/\/larevistadigital.com.ar\/blog\/wp-json\/wp\/v2\/media?parent=31994"}],"wp:term":[{"taxonomy":"category","embeddable":true,"href":"https:\/\/larevistadigital.com.ar\/blog\/wp-json\/wp\/v2\/categories?post=31994"},{"taxonomy":"post_tag","embeddable":true,"href":"https:\/\/larevistadigital.com.ar\/blog\/wp-json\/wp\/v2\/tags?post=31994"}],"curies":[{"name":"wp","href":"https:\/\/api.w.org\/{rel}","templated":true}]}}