{"id":32004,"date":"2023-06-14T16:27:19","date_gmt":"2023-06-14T16:27:19","guid":{"rendered":"https:\/\/larevistadigital.com.ar\/blog\/?p=32004"},"modified":"2023-06-14T16:27:19","modified_gmt":"2023-06-14T16:27:19","slug":"fantasmas-en-los-pasillos-y-una-estatua-maldita-los-secretos-del-hospital-mas-antiguo-de-buenos-aires","status":"publish","type":"post","link":"https:\/\/larevistadigital.com.ar\/blog\/fantasmas-en-los-pasillos-y-una-estatua-maldita-los-secretos-del-hospital-mas-antiguo-de-buenos-aires\/","title":{"rendered":"FANTASMAS EN LOS PASILLOS Y UNA ESTATUA MALDITA: LOS SECRETOS DEL HOSPITAL M\u00c1S ANTIGUO DE BUENOS AIRES"},"content":{"rendered":"<h2 class=\"article__dropline\">La Llorona y el \u00c1ngel de la Muerte son algunos de los secretos que oculta el Hospital Rivadavia, que tiene hasta una sala velatoria dentro. Est\u00e1 ubicado en pleno coraz\u00f3n del barrio porte\u00f1o de Recoleta. Una nota de Alexis Acu\u00f1a para TN que aqu\u00ed reproducimos.<\/h2>\n<p>14 de junio de 2023<\/p>\n<p class=\"paragraph\">Desde afuera es imponente, pero las leyendas que oculta adentro son realmente aterradoras. Si su historia fuera un libro, un cap\u00edtulo (o m\u00e1s) se lo llevar\u00edan los misterios que recorren los pasillos del\u00a0<b>Hospital Rivadavia<\/b>, el m\u00e1s antiguo de la Ciudad de Buenos Aires, ubicado en el coraz\u00f3n del barrio porte\u00f1o de Recoleta.<\/p>\n<blockquote>\n<h3 class=\"paragraph\"><b>TN\u00a0<\/b>realiz\u00f3 una recorrida por el lugar, que tiene\u00a0<b>14 pabellones\u00a0<\/b>distribuidos en diferentes \u00e1reas de las imponentes cuatro manzanas. Por todo el predio, que tiene su entrada en la Avenida General Las Heras, se pueden encontrar diferentes esculturas, pero hay una que sobresale entre las dem\u00e1s.<\/h3>\n<\/blockquote>\n<p class=\"paragraph\">Se trata de la estatua del\u00a0<b>\u201c\u00c1ngel de la Muerte\u201d<\/b>. El origen de este nombre se debe a que por el gesto con uno de sus brazos parece tirar rosas a un sepulcro. En el comienzo estaba ubicada frente a una sala de cirug\u00edas, pero aterrorizaba a los pacientes y no quer\u00edan verla all\u00ed.<\/p>\n<blockquote>\n<h3 class=\"paragraph\">\u00bfPor qu\u00e9? Varios de ellos que ten\u00edan buen diagn\u00f3stico\u00a0<b>murieron sin raz\u00f3n<\/b>. Es por eso que las monjas decidieron trasladarla al patio, justo frente a la morgue, donde permanece hasta el d\u00eda de hoy, custodiando a los muertos.<\/h3>\n<\/blockquote>\n<figure class=\"\">\n<div class=\"aspect_ratio__container\"><img data-recalc-dims=\"1\" decoding=\"async\" class=\"image content-image image_placeholder\" src=\"https:\/\/i0.wp.com\/tn.com.ar\/resizer\/cA8JRPobwhRYx3LqgbdZh91gKc4%3D\/767x0\/smart\/filters%3Aformat%28webp%29\/cloudfront-us-east-1.images.arcpublishing.com\/artear\/ALWI5CMVWVAAPAE77FLVMD4TQY.png?ssl=1\" alt=\"La estatua del &quot;\u00c1ngel de la Muerte&quot; est\u00e1 ubicada en el patio del Hospital Rivadavia. (Foto: Leandro Heredia \/ TN)\" \/><\/div><figcaption class=\"caption_image\">\n<div class=\"image_caption\"><strong>La estatua del \u00ab\u00c1ngel de la Muerte\u00bb est\u00e1 ubicada en el patio del Hospital Rivadavia. (Foto: Leandro Heredia \/ TN)<\/strong><\/div>\n<\/figcaption><\/figure>\n<p class=\"paragraph\">Al tratarse de un hospital muy concurrido, varias personas van a hacer fila muy temprano para sacar sus turnos. Es ah\u00ed cuando por la ma\u00f1ana, alrededor de las cinco, aseguran que aparece el<b>\u00a0\u201cFantasma del M\u00e9dico\u201d<\/b>.<\/p>\n<blockquote>\n<h3 class=\"paragraph\">Se trata de un doctor que est\u00e1 vestido con su ambo y le pide a la gente que<b>\u00a0se retire del lugar<\/b>. Pero lo m\u00e1s aterrador es que en esos horarios\u00a0<b>no hay profesionales de servicio<\/b>, solo los que est\u00e1n en la guardia.<\/h3>\n<\/blockquote>\n<p class=\"paragraph\">Los misterios dicen presente en cada rinc\u00f3n y es ac\u00e1 donde aparece<b>\u00a0\u201cLa Llorona\u201d<\/b>. Personal del lugar afirma que se la escucha por las noches y\u00a0<b>se lamenta por las muertes de sus hijos<\/b>. Es m\u00e1s, una enfermera jur\u00f3 haberla escuchado.<\/p>\n<figure class=\"\">\n<div class=\"aspect_ratio__container\"><img data-recalc-dims=\"1\" decoding=\"async\" class=\"image content-image image_placeholder\" src=\"https:\/\/i0.wp.com\/tn.com.ar\/resizer\/yz-paW8AJZCwAAIwIEfIcOFAmH4%3D\/767x0\/smart\/filters%3Aformat%28webp%29\/cloudfront-us-east-1.images.arcpublishing.com\/artear\/KUQKDYXJN5GNNL4APCX5XTN7WU.png?ssl=1\" alt=\"El Hospital Rivadavia est\u00e1 ubicado sobre Avenida General Las Heras al 2670, en el barrio porte\u00f1o de Recoleta. (Foto: Leandro Heredia \/ TN)\" \/><\/div><figcaption class=\"caption_image\">\n<div class=\"image_caption\"><strong>El Hospital Rivadavia est\u00e1 ubicado sobre Avenida General Las Heras al 2670, en el barrio porte\u00f1o de Recoleta. (Foto: Leandro Heredia \/ TN)<\/strong><\/div>\n<\/figcaption><\/figure>\n<h2 class=\"font--primary\"><span style=\"color: #ff0000\">La sala velatoria del Rivadavia<\/span><\/h2>\n<p class=\"paragraph\">El hospital es tan antiguo que tiene hasta una\u00a0<b>sala velatoria<\/b>\u00a0en desuso, ubicada en el subsuelo, dentro de esa impactante red de t\u00faneles de casi 200 metros. La \u00faltima vez que fue utilizada fue hace casi cuatro d\u00e9cadas y, de manera informal, le cumplieron el sue\u00f1o al canillita que ten\u00eda su puesto de diarios dentro del Rivadavia.<\/p>\n<p class=\"paragraph\">Fan\u00e1tico de Boca Juniors, quer\u00eda que lo velaran ah\u00ed adentro con la camiseta del \u201cXeneize\u201d, y as\u00ed fue. Una de las muse\u00f3logas del centro de salud le cont\u00f3 a este medio que lleg\u00f3 a conocerlo y afirm\u00f3 que\u00a0<b>siempre estaba vestido con los colores<\/b>\u00a0del club de sus amores.<\/p>\n","protected":false},"excerpt":{"rendered":"<div class=\"mh-excerpt\"><p>La Llorona y el \u00c1ngel de la Muerte son algunos de los secretos que oculta el Hospital Rivadavia, que tiene hasta una sala velatoria dentro. Est\u00e1 ubicado en pleno coraz\u00f3n del barrio porte\u00f1o de Recoleta. <a class=\"mh-excerpt-more\" href=\"https:\/\/larevistadigital.com.ar\/blog\/fantasmas-en-los-pasillos-y-una-estatua-maldita-los-secretos-del-hospital-mas-antiguo-de-buenos-aires\/\" title=\"FANTASMAS EN LOS PASILLOS Y UNA ESTATUA MALDITA: LOS SECRETOS DEL HOSPITAL M\u00c1S ANTIGUO DE BUENOS AIRES\">[Leer M\u00e1s]<\/a><\/p>\n<\/div>","protected":false},"author":3,"featured_media":32005,"comment_status":"open","ping_status":"open","sticky":false,"template":"","format":"standard","meta":{"_jetpack_memberships_contains_paid_content":false,"footnotes":"","jetpack_publicize_message":"","jetpack_publicize_feature_enabled":true,"jetpack_social_post_already_shared":true,"jetpack_social_options":{"image_generator_settings":{"template":"highway","default_image_id":0,"font":"","enabled":false},"version":2}},"categories":[15,11,51],"tags":[],"class_list":{"0":"post-32004","1":"post","2":"type-post","3":"status-publish","4":"format-standard","5":"has-post-thumbnail","7":"category-cultura","8":"category-curiosas","9":"category-regionales"},"jetpack_publicize_connections":[],"jetpack_featured_media_url":"https:\/\/i0.wp.com\/larevistadigital.com.ar\/blog\/wp-content\/uploads\/8fae910656969ef4980d2191619d9152cffe8ea7.jpg?fit=747%2C427&ssl=1","jetpack_sharing_enabled":true,"jetpack_shortlink":"https:\/\/wp.me\/p8qtrQ-8kc","jetpack-related-posts":[{"id":7664,"url":"https:\/\/larevistadigital.com.ar\/blog\/se-derrumbo-un-balcon-en-la-recoleta-hay-tres-heridos\/","url_meta":{"origin":32004,"position":0},"title":"SE DERRUMB\u00d3 UN BALC\u00d3N EN LA RECOLETA. HAY TRES HERIDOS","author":"Alejandro Sosa Ruda","date":"7 enero, 2019","format":false,"excerpt":"Tan solo han pasado nueve d\u00edas del hecho que conmocion\u00f3 al pa\u00eds y hab\u00eda ocurrido en Mar del Plata, cuando un balc\u00f3n de un tercer piso se cay\u00f3, provocando una especie de \"efecto domin\u00f3\" con los balcones del segundo y primer piso que al caer provocaron la muerte por aplastamiento\u2026","rel":"","context":"En \u00abDESTACADAS\u00bb","block_context":{"text":"DESTACADAS","link":"https:\/\/larevistadigital.com.ar\/blog\/category\/destacadas\/"},"img":{"alt_text":"","src":"https:\/\/i0.wp.com\/larevistadigital.com.ar\/blog\/wp-content\/uploads\/2019\/01\/0035982532.jpg?fit=1140%2C640&ssl=1&resize=350%2C200","width":350,"height":200,"srcset":"https:\/\/i0.wp.com\/larevistadigital.com.ar\/blog\/wp-content\/uploads\/2019\/01\/0035982532.jpg?fit=1140%2C640&ssl=1&resize=350%2C200 1x, https:\/\/i0.wp.com\/larevistadigital.com.ar\/blog\/wp-content\/uploads\/2019\/01\/0035982532.jpg?fit=1140%2C640&ssl=1&resize=525%2C300 1.5x, https:\/\/i0.wp.com\/larevistadigital.com.ar\/blog\/wp-content\/uploads\/2019\/01\/0035982532.jpg?fit=1140%2C640&ssl=1&resize=700%2C400 2x, https:\/\/i0.wp.com\/larevistadigital.com.ar\/blog\/wp-content\/uploads\/2019\/01\/0035982532.jpg?fit=1140%2C640&ssl=1&resize=1050%2C600 3x"},"classes":[]},{"id":26049,"url":"https:\/\/larevistadigital.com.ar\/blog\/incendio-tragico-en-recoleta-mueren-3-chicos-y-2-mujeres\/","url_meta":{"origin":32004,"position":1},"title":"INCENDIO TR\u00c1GICO EN RECOLETA, MUEREN 3 CHICOS Y 2 MUJERES","author":"Alejandro Sosa Ruda","date":"23 junio, 2022","format":false,"excerpt":"Un incendio desatado en el s\u00e9ptimo piso de un edificio de Recoleta dej\u00f3 el saldo tr\u00e1gico de 5 muertos y 18 heridos. Un impactante\u00a0incendio\u00a0se desat\u00f3 este jueves en un edificio del barrio porte\u00f1o de\u00a0Recoleta. El fuego se inici\u00f3 en el s\u00e9ptimo piso y se propag\u00f3 al octavo de la torre\u2026","rel":"","context":"En \u00abDESTACADAS\u00bb","block_context":{"text":"DESTACADAS","link":"https:\/\/larevistadigital.com.ar\/blog\/category\/destacadas\/"},"img":{"alt_text":"","src":"https:\/\/i0.wp.com\/larevistadigital.com.ar\/blog\/wp-content\/uploads\/incendio-recoleta.jpg?fit=1200%2C662&ssl=1&resize=350%2C200","width":350,"height":200,"srcset":"https:\/\/i0.wp.com\/larevistadigital.com.ar\/blog\/wp-content\/uploads\/incendio-recoleta.jpg?fit=1200%2C662&ssl=1&resize=350%2C200 1x, https:\/\/i0.wp.com\/larevistadigital.com.ar\/blog\/wp-content\/uploads\/incendio-recoleta.jpg?fit=1200%2C662&ssl=1&resize=525%2C300 1.5x, https:\/\/i0.wp.com\/larevistadigital.com.ar\/blog\/wp-content\/uploads\/incendio-recoleta.jpg?fit=1200%2C662&ssl=1&resize=700%2C400 2x, https:\/\/i0.wp.com\/larevistadigital.com.ar\/blog\/wp-content\/uploads\/incendio-recoleta.jpg?fit=1200%2C662&ssl=1&resize=1050%2C600 3x"},"classes":[]},{"id":12190,"url":"https:\/\/larevistadigital.com.ar\/blog\/se-corre-el-domingo-la-34-maraton-de-la-ciudad-de-buenos-aires\/","url_meta":{"origin":32004,"position":2},"title":"SE CORRE EL DOMINGO LA 34 MARAT\u00d3N DE LA CIUDAD DE BUENOS AIRES","author":"Alejandro Sosa Ruda","date":"21 septiembre, 2019","format":false,"excerpt":"El marat\u00f3n internacional \"42K Buenos Aires\" organizado por la Asociaci\u00f3n de Carreras y Maratones \u00d1and\u00fa, partir\u00e1 el pr\u00f3ximo domingo a las 7 desde la Avenida Figueroa Alcorta al 7000, en el barrio porte\u00f1o de Nu\u00f1ez, y recorrer\u00e1 parte del centro porte\u00f1o, La Boca y Puerto Madero para regresar al punto\u2026","rel":"","context":"En \u00abDEPORTES\u00bb","block_context":{"text":"DEPORTES","link":"https:\/\/larevistadigital.com.ar\/blog\/category\/deportes\/"},"img":{"alt_text":"","src":"https:\/\/i0.wp.com\/larevistadigital.com.ar\/blog\/wp-content\/uploads\/42kbsas.jpg?fit=640%2C448&ssl=1&resize=350%2C200","width":350,"height":200,"srcset":"https:\/\/i0.wp.com\/larevistadigital.com.ar\/blog\/wp-content\/uploads\/42kbsas.jpg?fit=640%2C448&ssl=1&resize=350%2C200 1x, https:\/\/i0.wp.com\/larevistadigital.com.ar\/blog\/wp-content\/uploads\/42kbsas.jpg?fit=640%2C448&ssl=1&resize=525%2C300 1.5x"},"classes":[]},{"id":35047,"url":"https:\/\/larevistadigital.com.ar\/blog\/recoleta-un-hombre-se-atrinchero-en-una-terraza-con-su-hija-de-6-anos-como-rehen\/","url_meta":{"origin":32004,"position":3},"title":"RECOLETA: UN HOMBRE SE ATRINCHER\u00d3 EN UNA TERRAZA CON SU HIJA DE 6 A\u00d1OS COMO REHEN","author":"Alejandro Sosa Ruda","date":"20 enero, 2024","format":false,"excerpt":"Es en Avenida Santa Fe y Pueyrred\u00f3n. Grupos especiales de la Polic\u00eda de la Ciudad negocian para lograr la liberaci\u00f3n de la menor. 20 de enero de 2023 Recoleta, CABA -\u00a0 Momentos de extrema tensi\u00f3n se viven en el barrio porte\u00f1o de Recoleta\u00a0donde un hombre se encerr\u00f3 en la terraza\u2026","rel":"","context":"En \u00abINTERES GENERAL\u00bb","block_context":{"text":"INTERES GENERAL","link":"https:\/\/larevistadigital.com.ar\/blog\/category\/interes-general\/"},"img":{"alt_text":"","src":"https:\/\/i0.wp.com\/larevistadigital.com.ar\/blog\/wp-content\/uploads\/Captura-de-pantalla-2024-01-20-130237.png?fit=902%2C471&ssl=1&resize=350%2C200","width":350,"height":200,"srcset":"https:\/\/i0.wp.com\/larevistadigital.com.ar\/blog\/wp-content\/uploads\/Captura-de-pantalla-2024-01-20-130237.png?fit=902%2C471&ssl=1&resize=350%2C200 1x, https:\/\/i0.wp.com\/larevistadigital.com.ar\/blog\/wp-content\/uploads\/Captura-de-pantalla-2024-01-20-130237.png?fit=902%2C471&ssl=1&resize=525%2C300 1.5x, https:\/\/i0.wp.com\/larevistadigital.com.ar\/blog\/wp-content\/uploads\/Captura-de-pantalla-2024-01-20-130237.png?fit=902%2C471&ssl=1&resize=700%2C400 2x"},"classes":[]},{"id":27391,"url":"https:\/\/larevistadigital.com.ar\/blog\/almuerzo-del-pro-con-discusion-que-termino-con-una-tregua-que-parece-bastante-fragil\/","url_meta":{"origin":32004,"position":4},"title":"ALMUERZO DEL PRO CON DISCUSI\u00d3N QUE TERMIN\u00d3 CON UNA TREGUA QUE PARECE BASTANTE FR\u00c1GIL","author":"Alejandro Sosa Ruda","date":"30 agosto, 2022","format":false,"excerpt":"Se acord\u00f3 bajar el tono de las declaraciones respecto del accionar del gobierno porte\u00f1o en Recoleta, aunque Patricia Bullrich dej\u00f3 en claro que no se privar\u00e1 de \"opinar\". Larreta por su parte dijo que estas cr\u00edticas perjudican a la unidad. 30 de agosto de 2022 En un almuerzo que se\u2026","rel":"","context":"En \u00abINTERES GENERAL\u00bb","block_context":{"text":"INTERES GENERAL","link":"https:\/\/larevistadigital.com.ar\/blog\/category\/interes-general\/"},"img":{"alt_text":"","src":"https:\/\/i0.wp.com\/larevistadigital.com.ar\/blog\/wp-content\/uploads\/almuerzo-pro.png?fit=706%2C363&ssl=1&resize=350%2C200","width":350,"height":200,"srcset":"https:\/\/i0.wp.com\/larevistadigital.com.ar\/blog\/wp-content\/uploads\/almuerzo-pro.png?fit=706%2C363&ssl=1&resize=350%2C200 1x, https:\/\/i0.wp.com\/larevistadigital.com.ar\/blog\/wp-content\/uploads\/almuerzo-pro.png?fit=706%2C363&ssl=1&resize=525%2C300 1.5x, https:\/\/i0.wp.com\/larevistadigital.com.ar\/blog\/wp-content\/uploads\/almuerzo-pro.png?fit=706%2C363&ssl=1&resize=700%2C400 2x"},"classes":[]},{"id":29652,"url":"https:\/\/larevistadigital.com.ar\/blog\/encontraron-muerta-a-la-reconocida-disenadora-olga-naum-en-un-hotel-de-recoleta\/","url_meta":{"origin":32004,"position":5},"title":"ENCONTRARON MUERTA A LA RECONOCIDA DISE\u00d1ADORA OLGA NAUM EN UN HOTEL DE RECOLETA","author":"Alejandro Sosa Ruda","date":"28 diciembre, 2022","format":false,"excerpt":"El cad\u00e1ver de la mujer de 75 a\u00f1os fue hallado el s\u00e1bado pasado, un d\u00eda despu\u00e9s de haber salido de su casa. Su familia hab\u00eda denunciado su desaparici\u00f3n. 28 de diciembre de 2022 La\u00a0reconocida dise\u00f1adora de moda Olga Naum\u00a0fue encontrada muerta en una habitaci\u00f3n del hotel Up, ubicado en el\u2026","rel":"","context":"En \u00abINTERES GENERAL\u00bb","block_context":{"text":"INTERES GENERAL","link":"https:\/\/larevistadigital.com.ar\/blog\/category\/interes-general\/"},"img":{"alt_text":"","src":"https:\/\/i0.wp.com\/larevistadigital.com.ar\/blog\/wp-content\/uploads\/olga-naum.jpg?fit=707%2C397&ssl=1&resize=350%2C200","width":350,"height":200,"srcset":"https:\/\/i0.wp.com\/larevistadigital.com.ar\/blog\/wp-content\/uploads\/olga-naum.jpg?fit=707%2C397&ssl=1&resize=350%2C200 1x, https:\/\/i0.wp.com\/larevistadigital.com.ar\/blog\/wp-content\/uploads\/olga-naum.jpg?fit=707%2C397&ssl=1&resize=525%2C300 1.5x, https:\/\/i0.wp.com\/larevistadigital.com.ar\/blog\/wp-content\/uploads\/olga-naum.jpg?fit=707%2C397&ssl=1&resize=700%2C400 2x"},"classes":[]}],"_links":{"self":[{"href":"https:\/\/larevistadigital.com.ar\/blog\/wp-json\/wp\/v2\/posts\/32004","targetHints":{"allow":["GET"]}}],"collection":[{"href":"https:\/\/larevistadigital.com.ar\/blog\/wp-json\/wp\/v2\/posts"}],"about":[{"href":"https:\/\/larevistadigital.com.ar\/blog\/wp-json\/wp\/v2\/types\/post"}],"author":[{"embeddable":true,"href":"https:\/\/larevistadigital.com.ar\/blog\/wp-json\/wp\/v2\/users\/3"}],"replies":[{"embeddable":true,"href":"https:\/\/larevistadigital.com.ar\/blog\/wp-json\/wp\/v2\/comments?post=32004"}],"version-history":[{"count":1,"href":"https:\/\/larevistadigital.com.ar\/blog\/wp-json\/wp\/v2\/posts\/32004\/revisions"}],"predecessor-version":[{"id":32006,"href":"https:\/\/larevistadigital.com.ar\/blog\/wp-json\/wp\/v2\/posts\/32004\/revisions\/32006"}],"wp:featuredmedia":[{"embeddable":true,"href":"https:\/\/larevistadigital.com.ar\/blog\/wp-json\/wp\/v2\/media\/32005"}],"wp:attachment":[{"href":"https:\/\/larevistadigital.com.ar\/blog\/wp-json\/wp\/v2\/media?parent=32004"}],"wp:term":[{"taxonomy":"category","embeddable":true,"href":"https:\/\/larevistadigital.com.ar\/blog\/wp-json\/wp\/v2\/categories?post=32004"},{"taxonomy":"post_tag","embeddable":true,"href":"https:\/\/larevistadigital.com.ar\/blog\/wp-json\/wp\/v2\/tags?post=32004"}],"curies":[{"name":"wp","href":"https:\/\/api.w.org\/{rel}","templated":true}]}}