{"id":3203,"date":"2017-08-27T00:40:30","date_gmt":"2017-08-27T00:40:30","guid":{"rendered":"https:\/\/larevistadigital.com.ar\/blog\/?p=3203"},"modified":"2017-08-27T00:40:30","modified_gmt":"2017-08-27T00:40:30","slug":"chascomus-incidentes-fuego-disparos-y-dos-individuos-se-van-de-la-ciudad","status":"publish","type":"post","link":"https:\/\/larevistadigital.com.ar\/blog\/chascomus-incidentes-fuego-disparos-y-dos-individuos-se-van-de-la-ciudad\/","title":{"rendered":"CHASCOM\u00daS: INCIDENTES, FUEGO, DISPAROS Y DOS INDIVIDUOS SE VAN DE LA CIUDAD."},"content":{"rendered":"<p>Luego de una serie de hechos de inseguridad que se le atribuyeron a dos personas que viv\u00edan en el barrio, el d\u00eda jueves pasado hubo incidentes que culminaron con el abandono de la ciudad de ambos.<\/p>\n<p>La presidenta del Foro Vecinal de Seguridad, <strong>Sonia Cabrera<\/strong> confirm\u00f3 los hechos que tuvieron como corolario el incendio de una casilla y algunos tiros, para luego culminar con el abandono de estas dos personas que hab\u00edan recuperado la libertad luego de haber sido acusadas del secuestro de un remisero.<\/p>\n<blockquote>\n<h3><strong>Cabrera<\/strong> estuvo invitada el programa \u201cLa Primera Ma\u00f1ana\u201d que conduce <strong>Julio Giribaldi<\/strong> por FM Volver 95.3, en donde asegur\u00f3 que previo a estos hechos, los vecinos del barrio hab\u00edan denunciado haber tenido algunos inconvenientes con estas personas, con algunas grescas que se produc\u00edan por las noches, donde acud\u00eda el m\u00f3vil, pero no se lograba aprehender a nadie.<\/h3>\n<\/blockquote>\n<p>Desde la Comisar\u00eda se inform\u00f3 que los incidentes se dieron pasadas las 22, cuando fueron alertados sobre algunos disturbios en una vivienda de calle Guti\u00e9rrez Nro. 320. Al llegar el m\u00f3vil constataron que se produc\u00eda un principio de incendio, lo que motiv\u00f3 la tarea de los Bomberos. Los dos implicados ante los sucesos habr\u00edan sido acompa\u00f1ados a que abandonen la ciudad, haci\u00e9ndolo rumbo a Capital Federal, de donde eran oriundos.<br \/>\nAnte un posible incendio intencional, en el lugar, se hizo presente personal de Peritos de Dolores.<br \/>\nUna vez finalizadas las tareas de levantamiento de pruebas, minutos m\u00e1s tarde, se produjo otro siniestro, pasadas las 11 de la ma\u00f1ana. Acudieron las unidades 3 y 6 al mando del Comandante <strong>Gerardo Zaccheo<\/strong>. El fuego afect\u00f3 a la totalidad de vivienda.<br \/>\nA raz\u00f3n de ello, los Peritos de Dolores regresaron al lugar a realizar otro rastrillaje; pruebas que ser\u00e1n analizadas.<br \/>\nLa presidenta del Foro,\u00a0inform\u00f3 que a ra\u00edz de este hecho el jueves por la tarde, se realiz\u00f3 una reuni\u00f3n entre el Foro Vecinal de Seguridad, la Sociedad de Fomento y autoridades policiales, entre las cuales estuvo el Comisario <strong>C\u00e9sar Iraz\u00fa<\/strong>. All\u00ed los vecinos pusieron en conocimiento de los hechos que se suced\u00edan por las noches en el barrio San Cayetano, con estas personas.<\/p>\n<p>Como conclusi\u00f3n del encuentro, se\u00f1al\u00f3 que elaboraron un petitorio para ser entregado al Juez <strong>Christian Gasquet<\/strong> y a la Fiscal <strong>Daniela Bertoletti<\/strong>, donde hacen alusi\u00f3n al pedido de convocatoria a los vecinos del barrio San Cayetano, para que revea la causa por la cual se liber\u00f3 a estas personas. El petitorio fue entregado ayer en la Fiscal\u00eda.<\/p>\n<p>&nbsp;<\/p>\n<p><strong>\u00a0<\/strong><\/p>\n","protected":false},"excerpt":{"rendered":"<div class=\"mh-excerpt\"><p>Luego de una serie de hechos de inseguridad que se le atribuyeron a dos personas que viv\u00edan en el barrio, el d\u00eda jueves pasado hubo incidentes que culminaron con el abandono de la ciudad de <a class=\"mh-excerpt-more\" href=\"https:\/\/larevistadigital.com.ar\/blog\/chascomus-incidentes-fuego-disparos-y-dos-individuos-se-van-de-la-ciudad\/\" title=\"CHASCOM\u00daS: INCIDENTES, FUEGO, DISPAROS Y DOS INDIVIDUOS SE VAN DE LA CIUDAD.\">[Leer M\u00e1s]<\/a><\/p>\n<\/div>","protected":false},"author":3,"featured_media":3205,"comment_status":"open","ping_status":"open","sticky":false,"template":"","format":"standard","meta":{"_jetpack_memberships_contains_paid_content":false,"footnotes":"","jetpack_publicize_message":"","jetpack_publicize_feature_enabled":true,"jetpack_social_post_already_shared":true,"jetpack_social_options":{"image_generator_settings":{"template":"highway","default_image_id":0,"font":"","enabled":false},"version":2}},"categories":[6,41,44],"tags":[],"class_list":{"0":"post-3203","1":"post","2":"type-post","3":"status-publish","4":"format-standard","5":"has-post-thumbnail","7":"category-chascomus","8":"category-destacadas","9":"category-policiales"},"jetpack_publicize_connections":[],"jetpack_featured_media_url":"https:\/\/i0.wp.com\/larevistadigital.com.ar\/blog\/wp-content\/uploads\/2017\/08\/maxresdefault.jpg?fit=1920%2C1080&ssl=1","jetpack_sharing_enabled":true,"jetpack_shortlink":"https:\/\/wp.me\/p8qtrQ-PF","jetpack-related-posts":[{"id":26887,"url":"https:\/\/larevistadigital.com.ar\/blog\/exclusivo-luego-de-un-dia-de-persecucion-que-incluyo-a-un-policia-atropellado-la-policia-detuvo-a-un-peligroso-delincuente-en-las-vias-del-30-de-mayo\/","url_meta":{"origin":3203,"position":0},"title":"EXCLUSIVO: LUEGO DE UN D\u00cdA DE PERSECUCI\u00d3N QUE INCLUY\u00d3 A UN UNIFORMADO ATROPELLADO, LA POLIC\u00cdA DETUVO A UN PELIGROSO DELINCUENTE EN LAS V\u00cdAS DEL 30 DE MAYO","author":"Alejandro Sosa Ruda","date":"30 julio, 2022","format":false,"excerpt":"Todo comenz\u00f3 por la ma\u00f1ana en La Tablada, donde el delincuente consigui\u00f3 escapar, pero finalmente, y con la ayuda de Monitoreo result\u00f3 detenido en Chascom\u00fas. Ser\u00eda el autor de dos hechos recientes de robo calificado. CHASCOM\u00daS -\u00a0 Durante la tarde de hoy, recibimos varios mensajes de vecinos del Barrio 30\u2026","rel":"","context":"En \u00abDESTACADAS\u00bb","block_context":{"text":"DESTACADAS","link":"https:\/\/larevistadigital.com.ar\/blog\/category\/destacadas\/"},"img":{"alt_text":"Im\u00e1gen ilustrativa","src":"https:\/\/i0.wp.com\/larevistadigital.com.ar\/blog\/wp-content\/uploads\/2019\/03\/esposado.jpg?fit=750%2C400&ssl=1&resize=350%2C200","width":350,"height":200,"srcset":"https:\/\/i0.wp.com\/larevistadigital.com.ar\/blog\/wp-content\/uploads\/2019\/03\/esposado.jpg?fit=750%2C400&ssl=1&resize=350%2C200 1x, https:\/\/i0.wp.com\/larevistadigital.com.ar\/blog\/wp-content\/uploads\/2019\/03\/esposado.jpg?fit=750%2C400&ssl=1&resize=525%2C300 1.5x, https:\/\/i0.wp.com\/larevistadigital.com.ar\/blog\/wp-content\/uploads\/2019\/03\/esposado.jpg?fit=750%2C400&ssl=1&resize=700%2C400 2x"},"classes":[]},{"id":1187,"url":"https:\/\/larevistadigital.com.ar\/blog\/chascomus-allanamientos-con-resultado-positivo\/","url_meta":{"origin":3203,"position":1},"title":"CHASCOMUS: ALLANAMIENTOS CON RESULTADO POSITIVO","author":"Alejandro Sosa Ruda","date":"15 marzo, 2017","format":false,"excerpt":"En la jornada de ayer se realizaron dos allanamientos\u00a0 en el barrio san Luis. Los mismos se dan en el marco de dos hechos de robo del pasado fin de semana. El primero de ellos, se realiz\u00f3 \u00a0en calle Machado al 300, luego se llev\u00f3 a cabo otro en \u00a0calle\u2026","rel":"","context":"En \u00abCHASCOM\u00daS\u00bb","block_context":{"text":"CHASCOM\u00daS","link":"https:\/\/larevistadigital.com.ar\/blog\/category\/chascomus\/"},"img":{"alt_text":"","src":"https:\/\/i0.wp.com\/larevistadigital.com.ar\/blog\/wp-content\/uploads\/2017\/03\/amadeo_25defebrerode2017_elfuerte.jpg?fit=909%2C915&ssl=1&resize=350%2C200","width":350,"height":200,"srcset":"https:\/\/i0.wp.com\/larevistadigital.com.ar\/blog\/wp-content\/uploads\/2017\/03\/amadeo_25defebrerode2017_elfuerte.jpg?fit=909%2C915&ssl=1&resize=350%2C200 1x, https:\/\/i0.wp.com\/larevistadigital.com.ar\/blog\/wp-content\/uploads\/2017\/03\/amadeo_25defebrerode2017_elfuerte.jpg?fit=909%2C915&ssl=1&resize=525%2C300 1.5x, https:\/\/i0.wp.com\/larevistadigital.com.ar\/blog\/wp-content\/uploads\/2017\/03\/amadeo_25defebrerode2017_elfuerte.jpg?fit=909%2C915&ssl=1&resize=700%2C400 2x"},"classes":[]},{"id":42303,"url":"https:\/\/larevistadigital.com.ar\/blog\/chascomus-el-parte-policial-sobre-los-graves-incidentes-en-el-barrio-30-de-mayo\/","url_meta":{"origin":3203,"position":2},"title":"Chascom\u00fas: El parte policial sobre los graves incidentes en el barrio 30 de Mayo","author":"Alejandro Sosa Ruda","date":"31 octubre, 2025","format":false,"excerpt":"Luego de una noche con un allanamiento, disparos, piedras, balas de goma, drogas y detenidos, la polic\u00eda hizo llegar el p\u00e1rte policial, que describe las actuaciones en una noche que agit\u00f3 la tranquilidad de Chascom\u00fas. PARTE DE PRENSA Autoridades policiales informaron que \u00e9ste Jueves 30, en horas de la tarde-noche,\u2026","rel":"","context":"En \u00abDESTACADAS\u00bb","block_context":{"text":"DESTACADAS","link":"https:\/\/larevistadigital.com.ar\/blog\/category\/destacadas\/"},"img":{"alt_text":"","src":"https:\/\/i0.wp.com\/larevistadigital.com.ar\/blog\/wp-content\/uploads\/Captura-de-pantalla-2025-10-31-105055.jpg?fit=800%2C774&ssl=1&resize=350%2C200","width":350,"height":200,"srcset":"https:\/\/i0.wp.com\/larevistadigital.com.ar\/blog\/wp-content\/uploads\/Captura-de-pantalla-2025-10-31-105055.jpg?fit=800%2C774&ssl=1&resize=350%2C200 1x, https:\/\/i0.wp.com\/larevistadigital.com.ar\/blog\/wp-content\/uploads\/Captura-de-pantalla-2025-10-31-105055.jpg?fit=800%2C774&ssl=1&resize=525%2C300 1.5x, https:\/\/i0.wp.com\/larevistadigital.com.ar\/blog\/wp-content\/uploads\/Captura-de-pantalla-2025-10-31-105055.jpg?fit=800%2C774&ssl=1&resize=700%2C400 2x"},"classes":[]},{"id":36764,"url":"https:\/\/larevistadigital.com.ar\/blog\/se-reunio-el-foro-de-seguridad-de-chascomus-luego-de-los-incidentes-en-el-barrio-el-porteno\/","url_meta":{"origin":3203,"position":3},"title":"SE REUNI\u00d3 EL FORO DE SEGURIDAD DE CHASCOM\u00daS, LUEGO DE LOS INCIDENTES EN EL BARRIO \u00abEL PORTE\u00d1O\u00bb","author":"Alejandro Sosa Ruda","date":"23 julio, 2024","format":false,"excerpt":"Fue convocada desde la Secretar\u00eda de Seguridad tras los hechos sucedidos durante el \u00faltimo fin de semana. 23 de Julio de 2024 CHASCOM\u00daS -\u00a0 Con posterioridad a los hechos que tuvieron lugar durante el \u00faltimo fin de semana en el barrio El Porte\u00f1o, la secretaria de Seguridad Mariela Moscarella, convoc\u00f3\u2026","rel":"","context":"En \u00abINTERES GENERAL\u00bb","block_context":{"text":"INTERES GENERAL","link":"https:\/\/larevistadigital.com.ar\/blog\/category\/interes-general\/"},"img":{"alt_text":"","src":"https:\/\/i0.wp.com\/larevistadigital.com.ar\/blog\/wp-content\/uploads\/669eb084c7b63.png?fit=668%2C445&ssl=1&resize=350%2C200","width":350,"height":200,"srcset":"https:\/\/i0.wp.com\/larevistadigital.com.ar\/blog\/wp-content\/uploads\/669eb084c7b63.png?fit=668%2C445&ssl=1&resize=350%2C200 1x, https:\/\/i0.wp.com\/larevistadigital.com.ar\/blog\/wp-content\/uploads\/669eb084c7b63.png?fit=668%2C445&ssl=1&resize=525%2C300 1.5x"},"classes":[]},{"id":4295,"url":"https:\/\/larevistadigital.com.ar\/blog\/chascomus-se-clausuro-la-fiesta-bailable-aire-hubo-incidentes-incluyeron-gases-balas-goma\/","url_meta":{"origin":3203,"position":4},"title":"CHASCOM\u00daS: SE CLAUSUR\u00d3 LA FIESTA BAILABLE \u00abAIRE\u00bb, Y HUBO INCIDENTES QUE INCLUYERON GASES Y BALAS DE GOMA","author":"Alejandro Sosa Ruda","date":"25 diciembre, 2017","format":false,"excerpt":"Lamentablemente, y fruto en primera instancia de la irresponsabilidad de los organizadores del evento bailable denominado \"Aire\", que se lleva a cabo cada a\u00f1o en Chascom\u00fas, no solo fue clausurada la fiesta, sino que adem\u00e1s existieron algunos incidentes que nunca pensamos tener que relatar como hechos que sucedan en la\u2026","rel":"","context":"En \u00abCHASCOM\u00daS\u00bb","block_context":{"text":"CHASCOM\u00daS","link":"https:\/\/larevistadigital.com.ar\/blog\/category\/chascomus\/"},"img":{"alt_text":"","src":"https:\/\/i0.wp.com\/larevistadigital.com.ar\/blog\/wp-content\/uploads\/2017\/12\/AIRE-CLAUSURADO.jpg?fit=889%2C885&ssl=1&resize=350%2C200","width":350,"height":200,"srcset":"https:\/\/i0.wp.com\/larevistadigital.com.ar\/blog\/wp-content\/uploads\/2017\/12\/AIRE-CLAUSURADO.jpg?fit=889%2C885&ssl=1&resize=350%2C200 1x, https:\/\/i0.wp.com\/larevistadigital.com.ar\/blog\/wp-content\/uploads\/2017\/12\/AIRE-CLAUSURADO.jpg?fit=889%2C885&ssl=1&resize=525%2C300 1.5x, https:\/\/i0.wp.com\/larevistadigital.com.ar\/blog\/wp-content\/uploads\/2017\/12\/AIRE-CLAUSURADO.jpg?fit=889%2C885&ssl=1&resize=700%2C400 2x"},"classes":[]},{"id":28310,"url":"https:\/\/larevistadigital.com.ar\/blog\/pehuajo-graves-incidentes-entre-hinchas-de-dos-clubes-de-futbol\/","url_meta":{"origin":3203,"position":5},"title":"PEHUAJO: GRAVES INCIDENTES ENTRE HINCHAS DE DOS CLUBES DE F\u00daTBOL","author":"Alejandro Sosa Ruda","date":"5 octubre, 2022","format":false,"excerpt":"El conflicto habr\u00eda iniciado cuando la hinchada de KDT prendi\u00f3 fuego una monta\u00f1a de papeles tipo \u201cserpentina\u201d que hab\u00edan tirado al ingreso de los equipos y que hab\u00edan quedado acopiados dentro del campo de juego. Al ver el fuego, los hinchas de defensores se acercaron al lugar y segundos despu\u00e9s\u2026","rel":"","context":"En \u00abPOLICIALES\u00bb","block_context":{"text":"POLICIALES","link":"https:\/\/larevistadigital.com.ar\/blog\/category\/policiales\/"},"img":{"alt_text":"","src":"https:\/\/i0.wp.com\/larevistadigital.com.ar\/blog\/wp-content\/uploads\/20221004175300_pehuajo.jpg?fit=880%2C512&ssl=1&resize=350%2C200","width":350,"height":200,"srcset":"https:\/\/i0.wp.com\/larevistadigital.com.ar\/blog\/wp-content\/uploads\/20221004175300_pehuajo.jpg?fit=880%2C512&ssl=1&resize=350%2C200 1x, https:\/\/i0.wp.com\/larevistadigital.com.ar\/blog\/wp-content\/uploads\/20221004175300_pehuajo.jpg?fit=880%2C512&ssl=1&resize=525%2C300 1.5x, https:\/\/i0.wp.com\/larevistadigital.com.ar\/blog\/wp-content\/uploads\/20221004175300_pehuajo.jpg?fit=880%2C512&ssl=1&resize=700%2C400 2x"},"classes":[]}],"_links":{"self":[{"href":"https:\/\/larevistadigital.com.ar\/blog\/wp-json\/wp\/v2\/posts\/3203","targetHints":{"allow":["GET"]}}],"collection":[{"href":"https:\/\/larevistadigital.com.ar\/blog\/wp-json\/wp\/v2\/posts"}],"about":[{"href":"https:\/\/larevistadigital.com.ar\/blog\/wp-json\/wp\/v2\/types\/post"}],"author":[{"embeddable":true,"href":"https:\/\/larevistadigital.com.ar\/blog\/wp-json\/wp\/v2\/users\/3"}],"replies":[{"embeddable":true,"href":"https:\/\/larevistadigital.com.ar\/blog\/wp-json\/wp\/v2\/comments?post=3203"}],"version-history":[{"count":1,"href":"https:\/\/larevistadigital.com.ar\/blog\/wp-json\/wp\/v2\/posts\/3203\/revisions"}],"predecessor-version":[{"id":3206,"href":"https:\/\/larevistadigital.com.ar\/blog\/wp-json\/wp\/v2\/posts\/3203\/revisions\/3206"}],"wp:featuredmedia":[{"embeddable":true,"href":"https:\/\/larevistadigital.com.ar\/blog\/wp-json\/wp\/v2\/media\/3205"}],"wp:attachment":[{"href":"https:\/\/larevistadigital.com.ar\/blog\/wp-json\/wp\/v2\/media?parent=3203"}],"wp:term":[{"taxonomy":"category","embeddable":true,"href":"https:\/\/larevistadigital.com.ar\/blog\/wp-json\/wp\/v2\/categories?post=3203"},{"taxonomy":"post_tag","embeddable":true,"href":"https:\/\/larevistadigital.com.ar\/blog\/wp-json\/wp\/v2\/tags?post=3203"}],"curies":[{"name":"wp","href":"https:\/\/api.w.org\/{rel}","templated":true}]}}