{"id":32058,"date":"2023-06-17T14:33:52","date_gmt":"2023-06-17T14:33:52","guid":{"rendered":"https:\/\/larevistadigital.com.ar\/blog\/?p=32058"},"modified":"2023-06-17T14:33:52","modified_gmt":"2023-06-17T14:33:52","slug":"chascomus-denuncio-un-robo-y-la-policia-descubrio-que-fue-un-familiar-que-a-su-vez-vendio-lo-robado-a-un-vecino-de-la-misma-cuadra","status":"publish","type":"post","link":"https:\/\/larevistadigital.com.ar\/blog\/chascomus-denuncio-un-robo-y-la-policia-descubrio-que-fue-un-familiar-que-a-su-vez-vendio-lo-robado-a-un-vecino-de-la-misma-cuadra\/","title":{"rendered":"CHASCOM\u00daS: DENUNCI\u00d3 UN ROBO Y LA POLIC\u00cdA DESCUBRI\u00d3 QUE \u00a1FUE UN FAMILIAR, QUE A SU VEZ VENDI\u00d3 LO ROBADO A UN VECINO DE LA MISMA CUADRA!"},"content":{"rendered":"<h2>No solo le rob\u00f3 un familiar, sino que luego vendi\u00f3 lo robado a un vecino. La polic\u00eda descubri\u00f3 los hechos.<\/h2>\n<p>17 de junio de 2023<\/p>\n<p><strong>CHASCOM\u00daS &#8211;<\/strong>\u00a0 D\u00edas pasados se hizo una denuncia en la Estaci\u00f3n de Polic\u00eda Comunal, por el faltante de algunos objetos en un domicilio ubicado en calle Inmigrantes \u00c1rabes al 300.<\/p>\n<blockquote>\n<h3>De inmediato la polic\u00eda comenz\u00f3 a investigar el delito, y el trabajo dio como resultado que se pudo establecer que los elementos denunciados como robados hab\u00edan sido extra\u00eddos por un familiar de la v\u00edctima, para luego venderlos a un vecino de la misma cuadra.<\/h3>\n<\/blockquote>\n<p>Por esta raz\u00f3n, se requirieron dos Allanamientos, los cuales arrojaron resultado positivo dado a que se encontraron los elementos denunciados como sustra\u00eddos.<\/p>\n<blockquote>\n<h3>El propietario de la vivienda fue notificado del contenido del art\u00edculo 1 y 60 por el delito de encubrimiento de tr\u00e1mite por ante la UFID N 9 y la UFID N 10 de Chascom\u00fas.<\/h3>\n<\/blockquote>\n<p>Se contin\u00faan realizando tareas investigativas dado que no se descarta que el imputado pudo haber adquirido elementos procedentes de otros hechos delictivos.<\/p>\n","protected":false},"excerpt":{"rendered":"<div class=\"mh-excerpt\"><p>No solo le rob\u00f3 un familiar, sino que luego vendi\u00f3 lo robado a un vecino. La polic\u00eda descubri\u00f3 los hechos. 17 de junio de 2023 CHASCOM\u00daS &#8211;\u00a0 D\u00edas pasados se hizo una denuncia en la <a class=\"mh-excerpt-more\" href=\"https:\/\/larevistadigital.com.ar\/blog\/chascomus-denuncio-un-robo-y-la-policia-descubrio-que-fue-un-familiar-que-a-su-vez-vendio-lo-robado-a-un-vecino-de-la-misma-cuadra\/\" title=\"CHASCOM\u00daS: DENUNCI\u00d3 UN ROBO Y LA POLIC\u00cdA DESCUBRI\u00d3 QUE \u00a1FUE UN FAMILIAR, QUE A SU VEZ VENDI\u00d3 LO ROBADO A UN VECINO DE LA MISMA CUADRA!\">[Leer M\u00e1s]<\/a><\/p>\n<\/div>","protected":false},"author":3,"featured_media":32059,"comment_status":"open","ping_status":"open","sticky":false,"template":"","format":"standard","meta":{"_jetpack_memberships_contains_paid_content":false,"footnotes":"","jetpack_publicize_message":"","jetpack_publicize_feature_enabled":true,"jetpack_social_post_already_shared":true,"jetpack_social_options":{"image_generator_settings":{"template":"highway","default_image_id":0,"font":"","enabled":false},"version":2}},"categories":[50,44],"tags":[],"class_list":{"0":"post-32058","1":"post","2":"type-post","3":"status-publish","4":"format-standard","5":"has-post-thumbnail","7":"category-interes-general","8":"category-policiales"},"jetpack_publicize_connections":[],"jetpack_featured_media_url":"https:\/\/i0.wp.com\/larevistadigital.com.ar\/blog\/wp-content\/uploads\/WhatsApp-Image-2023-06-16-at-22.17.49.jpeg?fit=921%2C1280&ssl=1","jetpack_sharing_enabled":true,"jetpack_shortlink":"https:\/\/wp.me\/p8qtrQ-8l4","jetpack-related-posts":[{"id":31922,"url":"https:\/\/larevistadigital.com.ar\/blog\/chascomus-denuncian-un-robo-y-la-policia-recupera-lo-robado-en-pocas-horas\/","url_meta":{"origin":32058,"position":0},"title":"CHASCOM\u00daS: DENUNCIAN UN ROBO Y LA POLIC\u00cdA RECUPERA LO ROBADO EN POCAS HORAS","author":"Alejandro Sosa Ruda","date":"11 junio, 2023","format":false,"excerpt":"Luego de la denuncia, se investig\u00f3 y trabaj\u00f3 con celeridad, pudiendo recuperarse elementos robados. 11 de junio de 2023 CHASCOM\u00daS -\u00a0 El d\u00eda de ayer, en horas de la ma\u00f1ana se tom\u00f3 una denuncia en la Polic\u00eda Comunal, dando cuenta que durante la madrugada lograron sustraer varias herramientas del interior\u2026","rel":"","context":"En \u00abDESTACADAS\u00bb","block_context":{"text":"DESTACADAS","link":"https:\/\/larevistadigital.com.ar\/blog\/category\/destacadas\/"},"img":{"alt_text":"","src":"https:\/\/i0.wp.com\/larevistadigital.com.ar\/blog\/wp-content\/uploads\/WhatsApp-Image-2023-06-10-at-21.08.50-1.jpeg?fit=794%2C1200&ssl=1&resize=350%2C200","width":350,"height":200,"srcset":"https:\/\/i0.wp.com\/larevistadigital.com.ar\/blog\/wp-content\/uploads\/WhatsApp-Image-2023-06-10-at-21.08.50-1.jpeg?fit=794%2C1200&ssl=1&resize=350%2C200 1x, https:\/\/i0.wp.com\/larevistadigital.com.ar\/blog\/wp-content\/uploads\/WhatsApp-Image-2023-06-10-at-21.08.50-1.jpeg?fit=794%2C1200&ssl=1&resize=525%2C300 1.5x, https:\/\/i0.wp.com\/larevistadigital.com.ar\/blog\/wp-content\/uploads\/WhatsApp-Image-2023-06-10-at-21.08.50-1.jpeg?fit=794%2C1200&ssl=1&resize=700%2C400 2x"},"classes":[]},{"id":30387,"url":"https:\/\/larevistadigital.com.ar\/blog\/chascomus-aprehenden-a-un-sujeto-que-en-minutos-robo-en-dos-supermercados\/","url_meta":{"origin":32058,"position":1},"title":"CHASCOM\u00daS: APREHENDEN A UN SUJETO QUE EN MINUTOS ROB\u00d3 EN DOS SUPERMERCADOS","author":"Alejandro Sosa Ruda","date":"5 marzo, 2023","format":false,"excerpt":"Rob\u00f3 en un supermercado y el due\u00f1o logr\u00f3 recuperar la mercader\u00eda, pero un rato despu\u00e9s volvi\u00f3 a robar a dos cuadras y fue aprehendido. CHASCOM\u00daS -\u00a0 Durante la ma\u00f1ana de hoy, la polic\u00eda se hizo presente en el supermercado de descuentos ubicado en Avda. Alfons\u00edn al 500, donde el encargado\u2026","rel":"","context":"En \u00abCHASCOM\u00daS\u00bb","block_context":{"text":"CHASCOM\u00daS","link":"https:\/\/larevistadigital.com.ar\/blog\/category\/chascomus\/"},"img":{"alt_text":"","src":"https:\/\/i0.wp.com\/larevistadigital.com.ar\/blog\/wp-content\/uploads\/WhatsApp-Image-2023-03-05-at-10.26.31-e1678024026533.jpeg?fit=1200%2C861&ssl=1&resize=350%2C200","width":350,"height":200,"srcset":"https:\/\/i0.wp.com\/larevistadigital.com.ar\/blog\/wp-content\/uploads\/WhatsApp-Image-2023-03-05-at-10.26.31-e1678024026533.jpeg?fit=1200%2C861&ssl=1&resize=350%2C200 1x, https:\/\/i0.wp.com\/larevistadigital.com.ar\/blog\/wp-content\/uploads\/WhatsApp-Image-2023-03-05-at-10.26.31-e1678024026533.jpeg?fit=1200%2C861&ssl=1&resize=525%2C300 1.5x, https:\/\/i0.wp.com\/larevistadigital.com.ar\/blog\/wp-content\/uploads\/WhatsApp-Image-2023-03-05-at-10.26.31-e1678024026533.jpeg?fit=1200%2C861&ssl=1&resize=700%2C400 2x, https:\/\/i0.wp.com\/larevistadigital.com.ar\/blog\/wp-content\/uploads\/WhatsApp-Image-2023-03-05-at-10.26.31-e1678024026533.jpeg?fit=1200%2C861&ssl=1&resize=1050%2C600 3x"},"classes":[]},{"id":28873,"url":"https:\/\/larevistadigital.com.ar\/blog\/chascomus-denuncian-robo-de-herramientas-que-fue-esclarecido-rapidamente-por-la-policia-local\/","url_meta":{"origin":32058,"position":2},"title":"CHASCOM\u00daS: DENUNCIAN ROBO DE HERRAMIENTAS, QUE FUE ESCLARECIDO R\u00c1PIDAMENTE POR LA POLIC\u00cdA LOCAL.","author":"Alejandro Sosa Ruda","date":"19 noviembre, 2022","format":false,"excerpt":"Fue en una obra para el jard\u00edn 910 y m\u00e1s tarde capturaron a los autores que resultaron menores de edad. 19 de noviembre de 2022 CHASCOM\u00daS -\u00a0 En el d\u00eda de la fecha, se present\u00f3 en la comisar\u00eda el se\u00f1or Angel Omar Caserta, de 56 a\u00f1os de edad, para denunciar\u2026","rel":"","context":"En \u00abCHASCOM\u00daS\u00bb","block_context":{"text":"CHASCOM\u00daS","link":"https:\/\/larevistadigital.com.ar\/blog\/category\/chascomus\/"},"img":{"alt_text":"","src":"https:\/\/i0.wp.com\/larevistadigital.com.ar\/blog\/wp-content\/uploads\/1620734311775.jpg?fit=1200%2C777&ssl=1&resize=350%2C200","width":350,"height":200,"srcset":"https:\/\/i0.wp.com\/larevistadigital.com.ar\/blog\/wp-content\/uploads\/1620734311775.jpg?fit=1200%2C777&ssl=1&resize=350%2C200 1x, https:\/\/i0.wp.com\/larevistadigital.com.ar\/blog\/wp-content\/uploads\/1620734311775.jpg?fit=1200%2C777&ssl=1&resize=525%2C300 1.5x, https:\/\/i0.wp.com\/larevistadigital.com.ar\/blog\/wp-content\/uploads\/1620734311775.jpg?fit=1200%2C777&ssl=1&resize=700%2C400 2x, https:\/\/i0.wp.com\/larevistadigital.com.ar\/blog\/wp-content\/uploads\/1620734311775.jpg?fit=1200%2C777&ssl=1&resize=1050%2C600 3x"},"classes":[]},{"id":31841,"url":"https:\/\/larevistadigital.com.ar\/blog\/chascomus-la-policia-aprehendio-a-un-sujeto-que-robo-elementos-de-la-escuela-2-y-recupero-lo-sustraido\/","url_meta":{"origin":32058,"position":3},"title":"CHASCOM\u00daS: LA POLIC\u00cdA APREHENDI\u00d3 A UN SUJETO QUE ROB\u00d3 ELEMENTOS DE LA ESCUELA 2 Y RECUPER\u00d3 LO SUSTRA\u00cdDO","author":"Alejandro Sosa Ruda","date":"4 junio, 2023","format":false,"excerpt":"Eran 3 de los cuales pudieron detener a uno, tras subir a los techos. Recuperaron lo robado. 4 de Junio de 2023 CHASCOM\u00daS -\u00a0\u00a0 Durante el d\u00eda de ayer, alrededor de las siete horas, personal policial se traslad\u00f3 a la escuela n 2 ubicada en la calle Franklin, dado a\u2026","rel":"","context":"En \u00abDESTACADAS\u00bb","block_context":{"text":"DESTACADAS","link":"https:\/\/larevistadigital.com.ar\/blog\/category\/destacadas\/"},"img":{"alt_text":"","src":"https:\/\/i0.wp.com\/larevistadigital.com.ar\/blog\/wp-content\/uploads\/WhatsApp-Image-2023-06-03-at-19.31.06-1.jpeg?fit=898%2C1200&ssl=1&resize=350%2C200","width":350,"height":200,"srcset":"https:\/\/i0.wp.com\/larevistadigital.com.ar\/blog\/wp-content\/uploads\/WhatsApp-Image-2023-06-03-at-19.31.06-1.jpeg?fit=898%2C1200&ssl=1&resize=350%2C200 1x, https:\/\/i0.wp.com\/larevistadigital.com.ar\/blog\/wp-content\/uploads\/WhatsApp-Image-2023-06-03-at-19.31.06-1.jpeg?fit=898%2C1200&ssl=1&resize=525%2C300 1.5x, https:\/\/i0.wp.com\/larevistadigital.com.ar\/blog\/wp-content\/uploads\/WhatsApp-Image-2023-06-03-at-19.31.06-1.jpeg?fit=898%2C1200&ssl=1&resize=700%2C400 2x"},"classes":[]},{"id":34174,"url":"https:\/\/larevistadigital.com.ar\/blog\/chascomus-la-policia-recupero-un-vehiculo-robado-con-arma-de-fuego\/","url_meta":{"origin":32058,"position":4},"title":"CHASCOM\u00daS: LA POLIC\u00cdA RECUPER\u00d3 UN VEH\u00cdCULO ROBADO CON ARMA DE FUEGO","author":"Alejandro Sosa Ruda","date":"23 octubre, 2023","format":false,"excerpt":"La investigaci\u00f3n para dar con los autores est\u00e1 avanzada y en curso 23 de Octubre de 2023 CHASCOM\u00daS -\u00a0 En horas de la tarde, se tom\u00f3 conocimiento de un hecho delictivo en el que autores ignorados tras la utilizaci\u00f3n de arma de fuego lograron sustraer un veh\u00edculo y elementos a\u2026","rel":"","context":"En \u00abCHASCOM\u00daS\u00bb","block_context":{"text":"CHASCOM\u00daS","link":"https:\/\/larevistadigital.com.ar\/blog\/category\/chascomus\/"},"img":{"alt_text":"","src":"https:\/\/i0.wp.com\/larevistadigital.com.ar\/blog\/wp-content\/uploads\/Polic%C3%ADa-Bonaerense-Patrulleros-3.jpg?fit=772%2C434&ssl=1&resize=350%2C200","width":350,"height":200,"srcset":"https:\/\/i0.wp.com\/larevistadigital.com.ar\/blog\/wp-content\/uploads\/Polic%C3%ADa-Bonaerense-Patrulleros-3.jpg?fit=772%2C434&ssl=1&resize=350%2C200 1x, https:\/\/i0.wp.com\/larevistadigital.com.ar\/blog\/wp-content\/uploads\/Polic%C3%ADa-Bonaerense-Patrulleros-3.jpg?fit=772%2C434&ssl=1&resize=525%2C300 1.5x, https:\/\/i0.wp.com\/larevistadigital.com.ar\/blog\/wp-content\/uploads\/Polic%C3%ADa-Bonaerense-Patrulleros-3.jpg?fit=772%2C434&ssl=1&resize=700%2C400 2x"},"classes":[]},{"id":8347,"url":"https:\/\/larevistadigital.com.ar\/blog\/chascomus-policia-comunal-recupero-elemento-robado\/","url_meta":{"origin":32058,"position":5},"title":"CHASCOM\u00daS: POLIC\u00cdA COMUNAL RECUPER\u00d3 ELEMENTO ROBADO","author":"Alejandro Sosa Ruda","date":"12 febrero, 2019","format":false,"excerpt":"A ra\u00edz de una denuncia radicada por el ciudadano Aldo Luciano Cagnoli sobre la sustracci\u00f3n de su domicilio de un ventilador de pie se inici\u00f3 la investigaci\u00f3n por parte del GTO de la Estaci\u00f3n de Polic\u00eda comunal Chascom\u00fas quienes aportaron elementos de prueba a la UFID 9 a cargo de\u2026","rel":"","context":"En \u00abPOLICIALES\u00bb","block_context":{"text":"POLICIALES","link":"https:\/\/larevistadigital.com.ar\/blog\/category\/policiales\/"},"img":{"alt_text":"","src":"https:\/\/i0.wp.com\/larevistadigital.com.ar\/blog\/wp-content\/uploads\/2019\/02\/WhatsApp-Image-2019-02-11-at-22.41.16.jpeg?fit=900%2C1200&ssl=1&resize=350%2C200","width":350,"height":200,"srcset":"https:\/\/i0.wp.com\/larevistadigital.com.ar\/blog\/wp-content\/uploads\/2019\/02\/WhatsApp-Image-2019-02-11-at-22.41.16.jpeg?fit=900%2C1200&ssl=1&resize=350%2C200 1x, https:\/\/i0.wp.com\/larevistadigital.com.ar\/blog\/wp-content\/uploads\/2019\/02\/WhatsApp-Image-2019-02-11-at-22.41.16.jpeg?fit=900%2C1200&ssl=1&resize=525%2C300 1.5x, https:\/\/i0.wp.com\/larevistadigital.com.ar\/blog\/wp-content\/uploads\/2019\/02\/WhatsApp-Image-2019-02-11-at-22.41.16.jpeg?fit=900%2C1200&ssl=1&resize=700%2C400 2x"},"classes":[]}],"_links":{"self":[{"href":"https:\/\/larevistadigital.com.ar\/blog\/wp-json\/wp\/v2\/posts\/32058","targetHints":{"allow":["GET"]}}],"collection":[{"href":"https:\/\/larevistadigital.com.ar\/blog\/wp-json\/wp\/v2\/posts"}],"about":[{"href":"https:\/\/larevistadigital.com.ar\/blog\/wp-json\/wp\/v2\/types\/post"}],"author":[{"embeddable":true,"href":"https:\/\/larevistadigital.com.ar\/blog\/wp-json\/wp\/v2\/users\/3"}],"replies":[{"embeddable":true,"href":"https:\/\/larevistadigital.com.ar\/blog\/wp-json\/wp\/v2\/comments?post=32058"}],"version-history":[{"count":1,"href":"https:\/\/larevistadigital.com.ar\/blog\/wp-json\/wp\/v2\/posts\/32058\/revisions"}],"predecessor-version":[{"id":32060,"href":"https:\/\/larevistadigital.com.ar\/blog\/wp-json\/wp\/v2\/posts\/32058\/revisions\/32060"}],"wp:featuredmedia":[{"embeddable":true,"href":"https:\/\/larevistadigital.com.ar\/blog\/wp-json\/wp\/v2\/media\/32059"}],"wp:attachment":[{"href":"https:\/\/larevistadigital.com.ar\/blog\/wp-json\/wp\/v2\/media?parent=32058"}],"wp:term":[{"taxonomy":"category","embeddable":true,"href":"https:\/\/larevistadigital.com.ar\/blog\/wp-json\/wp\/v2\/categories?post=32058"},{"taxonomy":"post_tag","embeddable":true,"href":"https:\/\/larevistadigital.com.ar\/blog\/wp-json\/wp\/v2\/tags?post=32058"}],"curies":[{"name":"wp","href":"https:\/\/api.w.org\/{rel}","templated":true}]}}