{"id":32073,"date":"2023-06-17T16:52:40","date_gmt":"2023-06-17T16:52:40","guid":{"rendered":"https:\/\/larevistadigital.com.ar\/blog\/?p=32073"},"modified":"2023-06-17T16:54:56","modified_gmt":"2023-06-17T16:54:56","slug":"chascomus-el-cpr-local-comando-de-prevencion-rural-intercepto-a-un-cazador-con-un-ciervo-en-su-poder","status":"publish","type":"post","link":"https:\/\/larevistadigital.com.ar\/blog\/chascomus-el-cpr-local-comando-de-prevencion-rural-intercepto-a-un-cazador-con-un-ciervo-en-su-poder\/","title":{"rendered":"CHASCOM\u00daS: EL CPR LOCAL (COMANDO DE PREVENCI\u00d3N RURAL) INTERCEPT\u00d3 A UN CAZADOR CON UN CIERVO EN SU PODER."},"content":{"rendered":"<h2>Se evidencia una fuerte decisi\u00f3n de brindar soluciones en el \u00e1mbito rural, algo que el sector reclamaba y est\u00e1 obteniendo respuestas.<\/h2>\n<p>17 de junio de 2023<\/p>\n<p><strong>CHASCOM\u00daS &#8211;<\/strong> Durante la ma\u00f1ana de hoy, el CPR recibi\u00f3 una llamada que alertaba la presencia de cazadores en camino Libres del Sur.<\/p>\n<p>La patrulla parti\u00f3 hacia el lugar referenciado, donde intercept\u00f3 un veh\u00edculo marca Ford, modelo Fiesta, conducido por una persona de sexo masculino.<\/p>\n<blockquote>\n<h3>Ah\u00ed los servidores p\u00fablicos pudieron observar a simple vista que en el ba\u00fal, transportaba un ciervo sin vida.<\/h3>\n<\/blockquote>\n<p>Por tal raz\u00f3n, el sujeto fue trasladado al asiento del CPR, con el auto y el animal muerto.<\/p>\n<p>El Sr. Agente Fiscal <strong>Dr. Robert Jonathan<\/strong>, aval\u00f3 las actuaciones, y dispuso la imputaci\u00f3n del sujeto, secuestro del rodado y desnaturalizaci\u00f3n de la pieza.<\/p>\n","protected":false},"excerpt":{"rendered":"<div class=\"mh-excerpt\"><p>Se evidencia una fuerte decisi\u00f3n de brindar soluciones en el \u00e1mbito rural, algo que el sector reclamaba y est\u00e1 obteniendo respuestas. 17 de junio de 2023 CHASCOM\u00daS &#8211; Durante la ma\u00f1ana de hoy, el CPR <a class=\"mh-excerpt-more\" href=\"https:\/\/larevistadigital.com.ar\/blog\/chascomus-el-cpr-local-comando-de-prevencion-rural-intercepto-a-un-cazador-con-un-ciervo-en-su-poder\/\" title=\"CHASCOM\u00daS: EL CPR LOCAL (COMANDO DE PREVENCI\u00d3N RURAL) INTERCEPT\u00d3 A UN CAZADOR CON UN CIERVO EN SU PODER.\">[Leer M\u00e1s]<\/a><\/p>\n<\/div>","protected":false},"author":3,"featured_media":18033,"comment_status":"open","ping_status":"open","sticky":false,"template":"","format":"standard","meta":{"_jetpack_memberships_contains_paid_content":false,"footnotes":"","jetpack_publicize_message":"","jetpack_publicize_feature_enabled":true,"jetpack_social_post_already_shared":true,"jetpack_social_options":{"image_generator_settings":{"template":"highway","default_image_id":0,"font":"","enabled":false},"version":2}},"categories":[50,44],"tags":[],"class_list":{"0":"post-32073","1":"post","2":"type-post","3":"status-publish","4":"format-standard","5":"has-post-thumbnail","7":"category-interes-general","8":"category-policiales"},"jetpack_publicize_connections":[],"jetpack_featured_media_url":"https:\/\/i0.wp.com\/larevistadigital.com.ar\/blog\/wp-content\/uploads\/patrulla-rural-tandil-2020.jpg?fit=1140%2C761&ssl=1","jetpack_sharing_enabled":true,"jetpack_shortlink":"https:\/\/wp.me\/p8qtrQ-8lj","jetpack-related-posts":[{"id":27099,"url":"https:\/\/larevistadigital.com.ar\/blog\/chascomus-personal-del-cpr-chascomus-intercepto-cazadores\/","url_meta":{"origin":32073,"position":0},"title":"CHASCOMUS: PERSONAL DEL CPR CHASCOM\u00daS INTERCEPT\u00d3 CAZADORES","author":"Alejandro Sosa Ruda","date":"16 agosto, 2022","format":false,"excerpt":"CHASCOM\u00daS -\u00a0 Durante la jornada de ayer, personal del Comando de Prevenci\u00f3n Rural de Chascom\u00fas, cuando se encontraban realizando Operativo de Interceptaci\u00f3n vehicular se intercept\u00f3 a 5 (cinco) sujetos de sexo masculino, que se encontraban \"cazando con perros galgos\". Pudo entonces constatarse que los individuos ten\u00edan en su poder dos\u2026","rel":"","context":"En \u00abCHASCOM\u00daS\u00bb","block_context":{"text":"CHASCOM\u00daS","link":"https:\/\/larevistadigital.com.ar\/blog\/category\/chascomus\/"},"img":{"alt_text":"","src":"https:\/\/i0.wp.com\/larevistadigital.com.ar\/blog\/wp-content\/uploads\/multimedia.normal.8c3cb5b0e07294b7.4350522d50617472756c6c65726f5f6e6f726d616c2e6a7067.jpg?fit=680%2C383&ssl=1&resize=350%2C200","width":350,"height":200,"srcset":"https:\/\/i0.wp.com\/larevistadigital.com.ar\/blog\/wp-content\/uploads\/multimedia.normal.8c3cb5b0e07294b7.4350522d50617472756c6c65726f5f6e6f726d616c2e6a7067.jpg?fit=680%2C383&ssl=1&resize=350%2C200 1x, https:\/\/i0.wp.com\/larevistadigital.com.ar\/blog\/wp-content\/uploads\/multimedia.normal.8c3cb5b0e07294b7.4350522d50617472756c6c65726f5f6e6f726d616c2e6a7067.jpg?fit=680%2C383&ssl=1&resize=525%2C300 1.5x"},"classes":[]},{"id":32106,"url":"https:\/\/larevistadigital.com.ar\/blog\/chascomus-el-cpr-local-intercepto-decomiso-elementos-y-aprehendio-a-cazadores-con-perros-galgo\/","url_meta":{"origin":32073,"position":1},"title":"CHASCOM\u00daS: EL CPR LOCAL INTERCEPT\u00d3, DECOMIS\u00d3 ELEMENTOS Y APREHENDI\u00d3 A CAZADORES CON PERROS GALGO","author":"Alejandro Sosa Ruda","date":"26 junio, 2023","format":false,"excerpt":"Nuevamente el CPR local, da respuestas a un reclamo importante de los vecinos del sector rural. 26 de junio de 2023 CHASCOM\u00daS -\u00a0 El d\u00eda s\u00e1bado pasado, la polic\u00eda recibi\u00f3 un llamado que denunciaba la presencia de cazadores en el Establecimiento Rural \u201cSan Juvencio\u201d en el Paraje Giribone sobre Ruta\u2026","rel":"","context":"En \u00abDESTACADAS\u00bb","block_context":{"text":"DESTACADAS","link":"https:\/\/larevistadigital.com.ar\/blog\/category\/destacadas\/"},"img":{"alt_text":"","src":"https:\/\/i0.wp.com\/larevistadigital.com.ar\/blog\/wp-content\/uploads\/WhatsApp-Image-2023-06-25-at-19.37.41.jpeg?fit=1200%2C675&ssl=1&resize=350%2C200","width":350,"height":200,"srcset":"https:\/\/i0.wp.com\/larevistadigital.com.ar\/blog\/wp-content\/uploads\/WhatsApp-Image-2023-06-25-at-19.37.41.jpeg?fit=1200%2C675&ssl=1&resize=350%2C200 1x, https:\/\/i0.wp.com\/larevistadigital.com.ar\/blog\/wp-content\/uploads\/WhatsApp-Image-2023-06-25-at-19.37.41.jpeg?fit=1200%2C675&ssl=1&resize=525%2C300 1.5x, https:\/\/i0.wp.com\/larevistadigital.com.ar\/blog\/wp-content\/uploads\/WhatsApp-Image-2023-06-25-at-19.37.41.jpeg?fit=1200%2C675&ssl=1&resize=700%2C400 2x, https:\/\/i0.wp.com\/larevistadigital.com.ar\/blog\/wp-content\/uploads\/WhatsApp-Image-2023-06-25-at-19.37.41.jpeg?fit=1200%2C675&ssl=1&resize=1050%2C600 3x"},"classes":[]},{"id":32459,"url":"https:\/\/larevistadigital.com.ar\/blog\/chascomus-el-cpr-comando-de-prevencion-rural-intercepto-a-cazadores-con-galgos-en-respuesta-a-la-llamada-de-un-vecino\/","url_meta":{"origin":32073,"position":2},"title":"CHASCOM\u00daS: EL CPR (COMANDO DE PREVENCI\u00d3N RURAL) INTERCEPT\u00d3 A CAZADORES CON GALGOS EN RESPUESTA A LA LLAMADA DE UN VECINO","author":"Alejandro Sosa Ruda","date":"17 julio, 2023","format":false,"excerpt":"Los sujetos se encontraban a la altura del \"Tajamar\", con 15 perros galgos. 17 de julio de 2023 CHASCOM\u00daS -\u00a0 Durante el d\u00eda de ayer el Comando de Prevenci\u00f3n Rural (CPR) de Chascom\u00fas, recibi\u00f3 un llamado, donde se inform\u00f3 la presencia de cazadores en la zona del establecimiento \u201c EL\u2026","rel":"","context":"En \u00abDESTACADAS\u00bb","block_context":{"text":"DESTACADAS","link":"https:\/\/larevistadigital.com.ar\/blog\/category\/destacadas\/"},"img":{"alt_text":"","src":"https:\/\/i0.wp.com\/larevistadigital.com.ar\/blog\/wp-content\/uploads\/WhatsApp-Image-2023-07-16-at-22.16.03.jpeg?fit=1200%2C900&ssl=1&resize=350%2C200","width":350,"height":200,"srcset":"https:\/\/i0.wp.com\/larevistadigital.com.ar\/blog\/wp-content\/uploads\/WhatsApp-Image-2023-07-16-at-22.16.03.jpeg?fit=1200%2C900&ssl=1&resize=350%2C200 1x, https:\/\/i0.wp.com\/larevistadigital.com.ar\/blog\/wp-content\/uploads\/WhatsApp-Image-2023-07-16-at-22.16.03.jpeg?fit=1200%2C900&ssl=1&resize=525%2C300 1.5x, https:\/\/i0.wp.com\/larevistadigital.com.ar\/blog\/wp-content\/uploads\/WhatsApp-Image-2023-07-16-at-22.16.03.jpeg?fit=1200%2C900&ssl=1&resize=700%2C400 2x, https:\/\/i0.wp.com\/larevistadigital.com.ar\/blog\/wp-content\/uploads\/WhatsApp-Image-2023-07-16-at-22.16.03.jpeg?fit=1200%2C900&ssl=1&resize=1050%2C600 3x"},"classes":[]},{"id":31343,"url":"https:\/\/larevistadigital.com.ar\/blog\/prevencion-que-da-resultados-el-cpr-de-chascomus-intercepto-cazadores-con-perros-galgo\/","url_meta":{"origin":32073,"position":3},"title":"PREVENCI\u00d3N QUE DA RESULTADOS: EL CPR DE CHASCOM\u00daS INTERCEPT\u00d3 CAZADORES CON PERROS GALGO","author":"Alejandro Sosa Ruda","date":"4 mayo, 2023","format":false,"excerpt":"Nuevamente las tareas preventivas consiguen resultados positivos con una demanda que constantemente ten\u00eda la gente de campo y hoy, se obtienen resultados positivos. 4 de Mayo de 2023 CHASCOM\u00daS -\u00a0 Por la ma\u00f1ana, mientras personal del Comando de Prevenci\u00f3n Rural (CPR) se encontraba de recorrida preventiva, procedieron a la identificaci\u00f3n\u2026","rel":"","context":"En \u00abINTERES GENERAL\u00bb","block_context":{"text":"INTERES GENERAL","link":"https:\/\/larevistadigital.com.ar\/blog\/category\/interes-general\/"},"img":{"alt_text":"","src":"https:\/\/i0.wp.com\/larevistadigital.com.ar\/blog\/wp-content\/uploads\/patrulla-rural-tandil-2020.jpg?fit=1140%2C761&ssl=1&resize=350%2C200","width":350,"height":200,"srcset":"https:\/\/i0.wp.com\/larevistadigital.com.ar\/blog\/wp-content\/uploads\/patrulla-rural-tandil-2020.jpg?fit=1140%2C761&ssl=1&resize=350%2C200 1x, https:\/\/i0.wp.com\/larevistadigital.com.ar\/blog\/wp-content\/uploads\/patrulla-rural-tandil-2020.jpg?fit=1140%2C761&ssl=1&resize=525%2C300 1.5x, https:\/\/i0.wp.com\/larevistadigital.com.ar\/blog\/wp-content\/uploads\/patrulla-rural-tandil-2020.jpg?fit=1140%2C761&ssl=1&resize=700%2C400 2x, https:\/\/i0.wp.com\/larevistadigital.com.ar\/blog\/wp-content\/uploads\/patrulla-rural-tandil-2020.jpg?fit=1140%2C761&ssl=1&resize=1050%2C600 3x"},"classes":[]},{"id":31246,"url":"https:\/\/larevistadigital.com.ar\/blog\/chascomus-la-patrulla-rural-intercepto-a-cazadores-con-perros-galgo\/","url_meta":{"origin":32073,"position":4},"title":"CHASCOM\u00daS: LA PATRULLA RURAL INTERCEPT\u00d3 A CAZADORES CON PERROS GALGO","author":"Alejandro Sosa Ruda","date":"26 abril, 2023","format":false,"excerpt":"Todo ocurri\u00f3 durante la jornada, cuando se tom\u00f3 conoc.imiento de la presencia de cazadores furtivos en el camino de la ruta 25 de abril de 2023 CHASCOM\u00daS - A trav\u00e9s de un llamado telef\u00f3nico, el CPR (Comando de Prevenci\u00f3n Rural) de Chascom\u00fas, tom\u00f3 conocimiento de la presencia de dos personas\u2026","rel":"","context":"En \u00abDESTACADAS\u00bb","block_context":{"text":"DESTACADAS","link":"https:\/\/larevistadigital.com.ar\/blog\/category\/destacadas\/"},"img":{"alt_text":"","src":"https:\/\/i0.wp.com\/larevistadigital.com.ar\/blog\/wp-content\/uploads\/WhatsApp-Image-2023-04-25-at-20.31.03-1.jpeg?fit=900%2C1200&ssl=1&resize=350%2C200","width":350,"height":200,"srcset":"https:\/\/i0.wp.com\/larevistadigital.com.ar\/blog\/wp-content\/uploads\/WhatsApp-Image-2023-04-25-at-20.31.03-1.jpeg?fit=900%2C1200&ssl=1&resize=350%2C200 1x, https:\/\/i0.wp.com\/larevistadigital.com.ar\/blog\/wp-content\/uploads\/WhatsApp-Image-2023-04-25-at-20.31.03-1.jpeg?fit=900%2C1200&ssl=1&resize=525%2C300 1.5x, https:\/\/i0.wp.com\/larevistadigital.com.ar\/blog\/wp-content\/uploads\/WhatsApp-Image-2023-04-25-at-20.31.03-1.jpeg?fit=900%2C1200&ssl=1&resize=700%2C400 2x"},"classes":[]},{"id":32378,"url":"https:\/\/larevistadigital.com.ar\/blog\/chascomus-en-rapido-accionar-la-patrulla-rural-intercepto-galgueros-que-habian-intrusado-un-campo-y-realizaban-caza-furtiva\/","url_meta":{"origin":32073,"position":5},"title":"CHASCOM\u00daS: EN R\u00c1PIDO ACCIONAR LA PATRULLA RURAL INTERCEPT\u00d3 GALGUEROS QUE HAB\u00cdAN INTRUSADO UN CAMPO Y REALIZABAN CAZA FURTIVA","author":"Alejandro Sosa Ruda","date":"12 julio, 2023","format":false,"excerpt":"Gracias a la r\u00e1pida intervenci\u00f3n del CPR local, se logr\u00f3 interceptar a los individuos, cumpliendo con el vecino que hab\u00eda pedido ayuda. 11 de julio de 2023 CHASCOM\u00daS -\u00a0\u00a0El CPR local (Comando de Prevenci\u00f3n Rural) recibi\u00f3 una alerta de un productor rural del CUARTEL VI\u00a0 de Giribone, que denunci\u00f3 la\u2026","rel":"","context":"En \u00abINTERES GENERAL\u00bb","block_context":{"text":"INTERES GENERAL","link":"https:\/\/larevistadigital.com.ar\/blog\/category\/interes-general\/"},"img":{"alt_text":"","src":"https:\/\/i0.wp.com\/larevistadigital.com.ar\/blog\/wp-content\/uploads\/WhatsApp-Image-2023-07-11-at-20.20.52.jpeg?fit=960%2C1200&ssl=1&resize=350%2C200","width":350,"height":200,"srcset":"https:\/\/i0.wp.com\/larevistadigital.com.ar\/blog\/wp-content\/uploads\/WhatsApp-Image-2023-07-11-at-20.20.52.jpeg?fit=960%2C1200&ssl=1&resize=350%2C200 1x, https:\/\/i0.wp.com\/larevistadigital.com.ar\/blog\/wp-content\/uploads\/WhatsApp-Image-2023-07-11-at-20.20.52.jpeg?fit=960%2C1200&ssl=1&resize=525%2C300 1.5x, https:\/\/i0.wp.com\/larevistadigital.com.ar\/blog\/wp-content\/uploads\/WhatsApp-Image-2023-07-11-at-20.20.52.jpeg?fit=960%2C1200&ssl=1&resize=700%2C400 2x"},"classes":[]}],"_links":{"self":[{"href":"https:\/\/larevistadigital.com.ar\/blog\/wp-json\/wp\/v2\/posts\/32073","targetHints":{"allow":["GET"]}}],"collection":[{"href":"https:\/\/larevistadigital.com.ar\/blog\/wp-json\/wp\/v2\/posts"}],"about":[{"href":"https:\/\/larevistadigital.com.ar\/blog\/wp-json\/wp\/v2\/types\/post"}],"author":[{"embeddable":true,"href":"https:\/\/larevistadigital.com.ar\/blog\/wp-json\/wp\/v2\/users\/3"}],"replies":[{"embeddable":true,"href":"https:\/\/larevistadigital.com.ar\/blog\/wp-json\/wp\/v2\/comments?post=32073"}],"version-history":[{"count":1,"href":"https:\/\/larevistadigital.com.ar\/blog\/wp-json\/wp\/v2\/posts\/32073\/revisions"}],"predecessor-version":[{"id":32074,"href":"https:\/\/larevistadigital.com.ar\/blog\/wp-json\/wp\/v2\/posts\/32073\/revisions\/32074"}],"wp:featuredmedia":[{"embeddable":true,"href":"https:\/\/larevistadigital.com.ar\/blog\/wp-json\/wp\/v2\/media\/18033"}],"wp:attachment":[{"href":"https:\/\/larevistadigital.com.ar\/blog\/wp-json\/wp\/v2\/media?parent=32073"}],"wp:term":[{"taxonomy":"category","embeddable":true,"href":"https:\/\/larevistadigital.com.ar\/blog\/wp-json\/wp\/v2\/categories?post=32073"},{"taxonomy":"post_tag","embeddable":true,"href":"https:\/\/larevistadigital.com.ar\/blog\/wp-json\/wp\/v2\/tags?post=32073"}],"curies":[{"name":"wp","href":"https:\/\/api.w.org\/{rel}","templated":true}]}}