{"id":3208,"date":"2017-08-27T13:25:55","date_gmt":"2017-08-27T13:25:55","guid":{"rendered":"https:\/\/larevistadigital.com.ar\/blog\/?p=3208"},"modified":"2017-08-27T13:25:55","modified_gmt":"2017-08-27T13:25:55","slug":"castelli-auto-impacta-contra-un-carpincho-y-termina-en-una-zanja","status":"publish","type":"post","link":"https:\/\/larevistadigital.com.ar\/blog\/castelli-auto-impacta-contra-un-carpincho-y-termina-en-una-zanja\/","title":{"rendered":"CASTELLI: AUTO IMPACTA CONTRA UN CARPINCHO Y TERMINA EN UNA ZANJA"},"content":{"rendered":"<div class=\"clearfix _o46 _3erg _29_7 direction_ltr text_align_ltr\">\n<div id=\"js_vc\" class=\"_3058 _ui9 _hh7 _s1- _52mr _3oh-\">\n<div class=\"_aok\"><span class=\"_3oh- _58nk\">Un accidente se produjo , pasadas las 19:40 hs del s\u00e1badoen la autov\u00eda 2 a la altura del km 192.<\/span><\/div>\n<\/div>\n<\/div>\n<div class=\"clearfix _o46 _3erg _29_7 direction_ltr text_align_ltr\">\n<div id=\"js_11f\" class=\"_3058 _ui9 _hh7 _s1- _52mr _3oh-\">\n<div class=\"_aok\"><span class=\"_3oh- _58nk\">Un Chevrolet Aveo con cuatro personas a bordo, entre ellos un beb\u00e9 cay\u00f3 en una zanja tras impactar contra un carpincho que intentaba cruzar la calzada, se\u00f1alaron \u00a0fuentes consultadas.<\/span><\/div>\n<div><\/div>\n<\/div>\n<blockquote>\n<h3>Afortunadamente, las personas no sufrieron mayores consecuencias y fueron derivadas al hospital de Castelli para su observaci\u00f3n.<\/h3>\n<\/blockquote>\n<div><\/div>\n<div>En el lugar trabajaron bomberos, Polic\u00eda vial, agentes de la Secretar\u00eda de Seguridad y servicios de Emergencias m\u00e9dicas locales.<\/div>\n<div><strong>FUENTE:CASTELLIDIARIO<\/strong><\/div>\n<\/div>\n","protected":false},"excerpt":{"rendered":"<div class=\"mh-excerpt\"><p>Un accidente se produjo , pasadas las 19:40 hs del s\u00e1badoen la autov\u00eda 2 a la altura del km 192. Un Chevrolet Aveo con cuatro personas a bordo, entre ellos un beb\u00e9 cay\u00f3 en una <a class=\"mh-excerpt-more\" href=\"https:\/\/larevistadigital.com.ar\/blog\/castelli-auto-impacta-contra-un-carpincho-y-termina-en-una-zanja\/\" title=\"CASTELLI: AUTO IMPACTA CONTRA UN CARPINCHO Y TERMINA EN UNA ZANJA\">[Leer M\u00e1s]<\/a><\/p>\n<\/div>","protected":false},"author":3,"featured_media":3209,"comment_status":"open","ping_status":"open","sticky":false,"template":"","format":"standard","meta":{"_jetpack_memberships_contains_paid_content":false,"footnotes":"","jetpack_publicize_message":"","jetpack_publicize_feature_enabled":true,"jetpack_social_post_already_shared":true,"jetpack_social_options":{"image_generator_settings":{"template":"highway","default_image_id":0,"font":"","enabled":false},"version":2}},"categories":[4,11],"tags":[],"class_list":{"0":"post-3208","1":"post","2":"type-post","3":"status-publish","4":"format-standard","5":"has-post-thumbnail","7":"category-castelli","8":"category-curiosas"},"jetpack_publicize_connections":[],"jetpack_featured_media_url":"https:\/\/i0.wp.com\/larevistadigital.com.ar\/blog\/wp-content\/uploads\/2017\/08\/21146191_651626915021642_2124289236_o.jpg?fit=650%2C323&ssl=1","jetpack_sharing_enabled":true,"jetpack_shortlink":"https:\/\/wp.me\/p8qtrQ-PK","jetpack-related-posts":[{"id":43660,"url":"https:\/\/larevistadigital.com.ar\/blog\/grave-accidente-en-la-ruta-2-un-auto-choco-contra-un-camion-y-tres-personas-resultaron-heridas\/","url_meta":{"origin":3208,"position":0},"title":"Grave accidente en la Ruta 2: un auto choc\u00f3 contra un cami\u00f3n y tres personas resultaron heridas","author":"Alejandro Sosa Ruda","date":"30 enero, 2026","format":false,"excerpt":"Un grave accidente de tr\u00e1nsito se registr\u00f3 este martes por la noche en el kil\u00f3metro 181 de la Ruta 2, en jurisdicci\u00f3n del partido de Castelli, cuando un autom\u00f3vil Volkswagen Vento impact\u00f3 por alcance contra un cami\u00f3n y termin\u00f3 incrustado debajo del acoplado. 30 de enero de 2026 CASTELLI -\u00a0\u2026","rel":"","context":"En \u00abCASTELLI\u00bb","block_context":{"text":"CASTELLI","link":"https:\/\/larevistadigital.com.ar\/blog\/category\/castelli\/"},"img":{"alt_text":"","src":"https:\/\/i0.wp.com\/larevistadigital.com.ar\/blog\/wp-content\/uploads\/02ae428c877f7f90053ead54fd4f8778518fdb70.jpg?fit=1140%2C641&ssl=1&resize=350%2C200","width":350,"height":200,"srcset":"https:\/\/i0.wp.com\/larevistadigital.com.ar\/blog\/wp-content\/uploads\/02ae428c877f7f90053ead54fd4f8778518fdb70.jpg?fit=1140%2C641&ssl=1&resize=350%2C200 1x, https:\/\/i0.wp.com\/larevistadigital.com.ar\/blog\/wp-content\/uploads\/02ae428c877f7f90053ead54fd4f8778518fdb70.jpg?fit=1140%2C641&ssl=1&resize=525%2C300 1.5x, https:\/\/i0.wp.com\/larevistadigital.com.ar\/blog\/wp-content\/uploads\/02ae428c877f7f90053ead54fd4f8778518fdb70.jpg?fit=1140%2C641&ssl=1&resize=700%2C400 2x, https:\/\/i0.wp.com\/larevistadigital.com.ar\/blog\/wp-content\/uploads\/02ae428c877f7f90053ead54fd4f8778518fdb70.jpg?fit=1140%2C641&ssl=1&resize=1050%2C600 3x"},"classes":[]},{"id":9135,"url":"https:\/\/larevistadigital.com.ar\/blog\/castelli-dos-personas-se-ahogaron-en-el-pesquero-la-cascada\/","url_meta":{"origin":3208,"position":1},"title":"CASTELLI: DOS PERSONAS SE AHOGARON EN EL PESQUERO \u00abLA CASCADA\u00bb","author":"Alejandro Sosa Ruda","date":"16 marzo, 2019","format":false,"excerpt":"Lamentablemente, pasadas las 10 de la ma\u00f1ana de este s\u00e1bado 16 fueron convocados los Bomberos Voluntarios de Castelli por la desaparici\u00f3n de dos personas de la superficie del agua en el pesquero \u201cLa Cascada\u201d Las primeras informaciones indican que no se trata de personas de Castelli sino de visitantes al\u2026","rel":"","context":"En \u00abCASTELLI\u00bb","block_context":{"text":"CASTELLI","link":"https:\/\/larevistadigital.com.ar\/blog\/category\/castelli\/"},"img":{"alt_text":"","src":"https:\/\/i0.wp.com\/larevistadigital.com.ar\/blog\/wp-content\/uploads\/2019\/03\/bomberos-castelli.jpg?fit=900%2C605&ssl=1&resize=350%2C200","width":350,"height":200,"srcset":"https:\/\/i0.wp.com\/larevistadigital.com.ar\/blog\/wp-content\/uploads\/2019\/03\/bomberos-castelli.jpg?fit=900%2C605&ssl=1&resize=350%2C200 1x, https:\/\/i0.wp.com\/larevistadigital.com.ar\/blog\/wp-content\/uploads\/2019\/03\/bomberos-castelli.jpg?fit=900%2C605&ssl=1&resize=525%2C300 1.5x, https:\/\/i0.wp.com\/larevistadigital.com.ar\/blog\/wp-content\/uploads\/2019\/03\/bomberos-castelli.jpg?fit=900%2C605&ssl=1&resize=700%2C400 2x"},"classes":[]},{"id":42600,"url":"https:\/\/larevistadigital.com.ar\/blog\/ruta-2-un-auto-embistio-a-un-carpincho-que-cruzaba-la-ruta\/","url_meta":{"origin":3208,"position":2},"title":"Ruta 2: Un auto embisti\u00f3 a un carpincho que cruzaba la ruta","author":"Alejandro Sosa Ruda","date":"24 noviembre, 2025","format":false,"excerpt":"Ocurri\u00f3 a la altura de Vivorat\u00e1. Los cinco ocupantes del veh\u00edculo resultaron ilesos, mientras que el animal muri\u00f3 en el acto. 24 de Noviembre de 2025 MAR CHIQUITA -\u00a0 \u00a0Un autom\u00f3vil Peugeot 308 sufri\u00f3 da\u00f1os de consideraci\u00f3n este s\u00e1bado por la madrugada, luego de chocar contra un carpincho de gran\u2026","rel":"","context":"En \u00abPOLICIALES\u00bb","block_context":{"text":"POLICIALES","link":"https:\/\/larevistadigital.com.ar\/blog\/category\/policiales\/"},"img":{"alt_text":"","src":"https:\/\/i0.wp.com\/larevistadigital.com.ar\/blog\/wp-content\/uploads\/3fd82325ba45e598690f5cdce57be598dde177a1.jpg?fit=1140%2C622&ssl=1&resize=350%2C200","width":350,"height":200,"srcset":"https:\/\/i0.wp.com\/larevistadigital.com.ar\/blog\/wp-content\/uploads\/3fd82325ba45e598690f5cdce57be598dde177a1.jpg?fit=1140%2C622&ssl=1&resize=350%2C200 1x, https:\/\/i0.wp.com\/larevistadigital.com.ar\/blog\/wp-content\/uploads\/3fd82325ba45e598690f5cdce57be598dde177a1.jpg?fit=1140%2C622&ssl=1&resize=525%2C300 1.5x, https:\/\/i0.wp.com\/larevistadigital.com.ar\/blog\/wp-content\/uploads\/3fd82325ba45e598690f5cdce57be598dde177a1.jpg?fit=1140%2C622&ssl=1&resize=700%2C400 2x, https:\/\/i0.wp.com\/larevistadigital.com.ar\/blog\/wp-content\/uploads\/3fd82325ba45e598690f5cdce57be598dde177a1.jpg?fit=1140%2C622&ssl=1&resize=1050%2C600 3x"},"classes":[]},{"id":12099,"url":"https:\/\/larevistadigital.com.ar\/blog\/castelli-cuatro-personas-se-ahogaron-en-la-cascada\/","url_meta":{"origin":3208,"position":3},"title":"CASTELLI: CUATRO PERSONAS SE AHOGARON EN \u00abLA CASCADA\u00bb","author":"Alejandro Sosa Ruda","date":"16 septiembre, 2019","format":false,"excerpt":"Este mediod\u00eda fueron convocados los Bomberos Voluntarios de Castelli por la desaparici\u00f3n de la superficie del agua en la zona conocida como \u00abLa Cascada\u00bb de cuatro personas que se hallaban pescando en el lugar. R\u00e1pidamente concurrieron los servidores p\u00fablicos castellenses como tambi\u00e9n personal del CPR local. Las primeras informaciones indican\u2026","rel":"","context":"En \u00abCASTELLI\u00bb","block_context":{"text":"CASTELLI","link":"https:\/\/larevistadigital.com.ar\/blog\/category\/castelli\/"},"img":{"alt_text":"","src":"https:\/\/i0.wp.com\/larevistadigital.com.ar\/blog\/wp-content\/uploads\/bomberos-castelli.jpg?fit=900%2C605&ssl=1&resize=350%2C200","width":350,"height":200,"srcset":"https:\/\/i0.wp.com\/larevistadigital.com.ar\/blog\/wp-content\/uploads\/bomberos-castelli.jpg?fit=900%2C605&ssl=1&resize=350%2C200 1x, https:\/\/i0.wp.com\/larevistadigital.com.ar\/blog\/wp-content\/uploads\/bomberos-castelli.jpg?fit=900%2C605&ssl=1&resize=525%2C300 1.5x, https:\/\/i0.wp.com\/larevistadigital.com.ar\/blog\/wp-content\/uploads\/bomberos-castelli.jpg?fit=900%2C605&ssl=1&resize=700%2C400 2x"},"classes":[]},{"id":8992,"url":"https:\/\/larevistadigital.com.ar\/blog\/castelli-auto-choco-contra-una-rueda-que-se-desprendio-de-un-camion\/","url_meta":{"origin":3208,"position":4},"title":"CASTELLI: AUTO CHOC\u00d3 CONTRA UNA RUEDA QUE SE DESPRENDI\u00d3 DE UN CAMI\u00d3N","author":"Alejandro Sosa Ruda","date":"11 marzo, 2019","format":false,"excerpt":"El accidente ocurri\u00f3 esta madrugada, cerca de las 05:15 hs, en el km 171 de la autov\u00eda 2 cuando un autom\u00f3vil marca Renault Megane impact\u00f3 de frente contra un neum\u00e1tico que se sali\u00f3 de un cami\u00f3n que circulaba mano a Mar del Plata. Como consecuencia del siniestro el autom\u00f3vil qued\u00f3\u2026","rel":"","context":"En \u00abCASTELLI\u00bb","block_context":{"text":"CASTELLI","link":"https:\/\/larevistadigital.com.ar\/blog\/category\/castelli\/"},"img":{"alt_text":"","src":"https:\/\/i0.wp.com\/larevistadigital.com.ar\/blog\/wp-content\/uploads\/2019\/03\/auto-rueda.jpg?fit=800%2C600&ssl=1&resize=350%2C200","width":350,"height":200,"srcset":"https:\/\/i0.wp.com\/larevistadigital.com.ar\/blog\/wp-content\/uploads\/2019\/03\/auto-rueda.jpg?fit=800%2C600&ssl=1&resize=350%2C200 1x, https:\/\/i0.wp.com\/larevistadigital.com.ar\/blog\/wp-content\/uploads\/2019\/03\/auto-rueda.jpg?fit=800%2C600&ssl=1&resize=525%2C300 1.5x, https:\/\/i0.wp.com\/larevistadigital.com.ar\/blog\/wp-content\/uploads\/2019\/03\/auto-rueda.jpg?fit=800%2C600&ssl=1&resize=700%2C400 2x"},"classes":[]},{"id":195,"url":"https:\/\/larevistadigital.com.ar\/blog\/vecino-lezama-fue-hospitalizado-tras-despiste-la-autovia-2\/","url_meta":{"origin":3208,"position":5},"title":"Vecino de Lezama fue hospitalizado tras despiste en la Autov\u00eda 2","author":"editor","date":"10 febrero, 2017","format":false,"excerpt":"Ayer cerca de las 9 de la ma\u00f1ana, se produjo el despiste de una camioneta en la Autov\u00eda, a la altura del cruce con Avenida Presidente Alfons\u00edn. Por causa que se tratan de establecer, el veh\u00edculo marca Chevrolet S10 que era conducido por un vecino de Lezama, pero que pertenec\u00eda\u2026","rel":"","context":"En \u00abLEZAMA\u00bb","block_context":{"text":"LEZAMA","link":"https:\/\/larevistadigital.com.ar\/blog\/category\/lezama\/"},"img":{"alt_text":"","src":"https:\/\/i0.wp.com\/larevistadigital.com.ar\/blog\/wp-content\/uploads\/2017\/02\/vuelco_10defebrerode2017_elfuerte.jpg?fit=703%2C572&ssl=1&resize=350%2C200","width":350,"height":200,"srcset":"https:\/\/i0.wp.com\/larevistadigital.com.ar\/blog\/wp-content\/uploads\/2017\/02\/vuelco_10defebrerode2017_elfuerte.jpg?fit=703%2C572&ssl=1&resize=350%2C200 1x, https:\/\/i0.wp.com\/larevistadigital.com.ar\/blog\/wp-content\/uploads\/2017\/02\/vuelco_10defebrerode2017_elfuerte.jpg?fit=703%2C572&ssl=1&resize=525%2C300 1.5x, https:\/\/i0.wp.com\/larevistadigital.com.ar\/blog\/wp-content\/uploads\/2017\/02\/vuelco_10defebrerode2017_elfuerte.jpg?fit=703%2C572&ssl=1&resize=700%2C400 2x"},"classes":[]}],"_links":{"self":[{"href":"https:\/\/larevistadigital.com.ar\/blog\/wp-json\/wp\/v2\/posts\/3208","targetHints":{"allow":["GET"]}}],"collection":[{"href":"https:\/\/larevistadigital.com.ar\/blog\/wp-json\/wp\/v2\/posts"}],"about":[{"href":"https:\/\/larevistadigital.com.ar\/blog\/wp-json\/wp\/v2\/types\/post"}],"author":[{"embeddable":true,"href":"https:\/\/larevistadigital.com.ar\/blog\/wp-json\/wp\/v2\/users\/3"}],"replies":[{"embeddable":true,"href":"https:\/\/larevistadigital.com.ar\/blog\/wp-json\/wp\/v2\/comments?post=3208"}],"version-history":[{"count":2,"href":"https:\/\/larevistadigital.com.ar\/blog\/wp-json\/wp\/v2\/posts\/3208\/revisions"}],"predecessor-version":[{"id":3211,"href":"https:\/\/larevistadigital.com.ar\/blog\/wp-json\/wp\/v2\/posts\/3208\/revisions\/3211"}],"wp:featuredmedia":[{"embeddable":true,"href":"https:\/\/larevistadigital.com.ar\/blog\/wp-json\/wp\/v2\/media\/3209"}],"wp:attachment":[{"href":"https:\/\/larevistadigital.com.ar\/blog\/wp-json\/wp\/v2\/media?parent=3208"}],"wp:term":[{"taxonomy":"category","embeddable":true,"href":"https:\/\/larevistadigital.com.ar\/blog\/wp-json\/wp\/v2\/categories?post=3208"},{"taxonomy":"post_tag","embeddable":true,"href":"https:\/\/larevistadigital.com.ar\/blog\/wp-json\/wp\/v2\/tags?post=3208"}],"curies":[{"name":"wp","href":"https:\/\/api.w.org\/{rel}","templated":true}]}}