{"id":3213,"date":"2017-08-27T14:05:14","date_gmt":"2017-08-27T14:05:14","guid":{"rendered":"https:\/\/larevistadigital.com.ar\/blog\/?p=3213"},"modified":"2017-08-27T14:05:14","modified_gmt":"2017-08-27T14:05:14","slug":"dolores-detienen-a-dos-individuos-por-abigeato-agravado","status":"publish","type":"post","link":"https:\/\/larevistadigital.com.ar\/blog\/dolores-detienen-a-dos-individuos-por-abigeato-agravado\/","title":{"rendered":"DOLORES: DETIENEN A DOS INDIVIDUOS POR ABIGEATO AGRAVADO"},"content":{"rendered":"<p>En la tarde noche del pasado viernes, personal del Comando de Prevenci\u00f3n Rural Dolores fue alertado que dos sujetos de sexo masculino habr\u00edan faenado un ternero en un Establecimiento rural ubicado en el kil\u00f3metro 4,5 descendente de la ruta 63, mano hacia Dolores, d\u00e1ndose a la fuga campo adentro luego que el puestero del establecimiento llegara al lugar y pudiera verlos.<\/p>\n<blockquote>\n<h3>Luego, ante un r\u00e1pido procedimiento y despliegue del CPR, con unidades m\u00f3viles y personal de a pie, se mont\u00f3 un operativo que culmina con la aprehensi\u00f3n de estos dos individuos, siendo uno de ellos menor de edad, e incautando en el lugar elementos de inter\u00e9s para la causa.<\/h3>\n<\/blockquote>\n<p>Interviene el Fuero de Responsabilidad Penal Juvenil y la Fiscal\u00eda de Flagrancia del Departamento Judicial Dolores, caratulando el hecho como ABIGEATO AGRAVADO, en grado de tentativa, quedando ambos sujetos a disposici\u00f3n de los juzgados respectivos.<\/p>\n<p>&nbsp;<\/p>\n","protected":false},"excerpt":{"rendered":"<div class=\"mh-excerpt\"><p>En la tarde noche del pasado viernes, personal del Comando de Prevenci\u00f3n Rural Dolores fue alertado que dos sujetos de sexo masculino habr\u00edan faenado un ternero en un Establecimiento rural ubicado en el kil\u00f3metro 4,5 <a class=\"mh-excerpt-more\" href=\"https:\/\/larevistadigital.com.ar\/blog\/dolores-detienen-a-dos-individuos-por-abigeato-agravado\/\" title=\"DOLORES: DETIENEN A DOS INDIVIDUOS POR ABIGEATO AGRAVADO\">[Leer M\u00e1s]<\/a><\/p>\n<\/div>","protected":false},"author":3,"featured_media":3215,"comment_status":"open","ping_status":"open","sticky":false,"template":"","format":"standard","meta":{"_jetpack_memberships_contains_paid_content":false,"footnotes":"","jetpack_publicize_message":"","jetpack_publicize_feature_enabled":true,"jetpack_social_post_already_shared":true,"jetpack_social_options":{"image_generator_settings":{"template":"highway","default_image_id":0,"font":"","enabled":false},"version":2}},"categories":[43,44],"tags":[],"class_list":{"0":"post-3213","1":"post","2":"type-post","3":"status-publish","4":"format-standard","5":"has-post-thumbnail","7":"category-dolores","8":"category-policiales"},"jetpack_publicize_connections":[],"jetpack_featured_media_url":"https:\/\/i0.wp.com\/larevistadigital.com.ar\/blog\/wp-content\/uploads\/2017\/08\/descarga-3.jpg?fit=650%2C350&ssl=1","jetpack_sharing_enabled":true,"jetpack_shortlink":"https:\/\/wp.me\/p8qtrQ-PP","jetpack-related-posts":[{"id":4118,"url":"https:\/\/larevistadigital.com.ar\/blog\/dolores-detienen-dos-individuos-flagrancia-abigeato-agravado\/","url_meta":{"origin":3213,"position":0},"title":"DOLORES: DETIENEN A DOS INDIVIDUOS EN FLAGRANCIA POR ABIGEATO AGRAVADO","author":"Alejandro Sosa Ruda","date":"3 diciembre, 2017","format":false,"excerpt":"Durante la tarde del d\u00eda de ayer, personal del Comando de Prevenci\u00f3n Rural Dolores, es alertado acerca de dos sujetos de sexo masculino, habr\u00edan faenado un ternero en un establecimiento Rural ubicado en el kil\u00f3metro 4,5 descendente de la ruta 63 mano hacia Dolores, d\u00e1ndose a la fuga campo adentro,\u2026","rel":"","context":"En \u00abDOLORES\u00bb","block_context":{"text":"DOLORES","link":"https:\/\/larevistadigital.com.ar\/blog\/category\/dolores\/"},"img":{"alt_text":"","src":"https:\/\/i0.wp.com\/larevistadigital.com.ar\/blog\/wp-content\/uploads\/2017\/12\/abigeato.jpg?fit=600%2C460&ssl=1&resize=350%2C200","width":350,"height":200,"srcset":"https:\/\/i0.wp.com\/larevistadigital.com.ar\/blog\/wp-content\/uploads\/2017\/12\/abigeato.jpg?fit=600%2C460&ssl=1&resize=350%2C200 1x, https:\/\/i0.wp.com\/larevistadigital.com.ar\/blog\/wp-content\/uploads\/2017\/12\/abigeato.jpg?fit=600%2C460&ssl=1&resize=525%2C300 1.5x"},"classes":[]},{"id":14939,"url":"https:\/\/larevistadigital.com.ar\/blog\/infraccionan-a-dos-individuos-por-estar-sin-autorizacion-en-un-establecimiento\/","url_meta":{"origin":3213,"position":1},"title":"INFRACCIONAN A DOS INDIVIDUOS POR ESTAR SIN AUTORIZACI\u00d3N EN UN ESTABLECIMIENTO","author":"Alejandro Sosa Ruda","date":"26 marzo, 2020","format":false,"excerpt":"En el d\u00eda de ayer personal del Comando de Prevenci\u00f3n Rural de Pila dio respuesta en un llamado telef\u00f3nico conjuntamente con uniformados de la Estaci\u00f3n de Polic\u00eda Comunal local, en el que se daba cuenta que en el interior de un establecimiento rural hab\u00eda dos hombres sin autorizaci\u00f3n del propietario.\u2026","rel":"","context":"En \u00abPILA\u00bb","block_context":{"text":"PILA","link":"https:\/\/larevistadigital.com.ar\/blog\/category\/pila\/"},"img":{"alt_text":"","src":"https:\/\/i0.wp.com\/larevistadigital.com.ar\/blog\/wp-content\/uploads\/Screenshot_1-105.jpg?fit=897%2C645&ssl=1&resize=350%2C200","width":350,"height":200,"srcset":"https:\/\/i0.wp.com\/larevistadigital.com.ar\/blog\/wp-content\/uploads\/Screenshot_1-105.jpg?fit=897%2C645&ssl=1&resize=350%2C200 1x, https:\/\/i0.wp.com\/larevistadigital.com.ar\/blog\/wp-content\/uploads\/Screenshot_1-105.jpg?fit=897%2C645&ssl=1&resize=525%2C300 1.5x, https:\/\/i0.wp.com\/larevistadigital.com.ar\/blog\/wp-content\/uploads\/Screenshot_1-105.jpg?fit=897%2C645&ssl=1&resize=700%2C400 2x"},"classes":[]},{"id":26677,"url":"https:\/\/larevistadigital.com.ar\/blog\/dolores-volcaron-en-un-camino-rural-hay-8-heridos\/","url_meta":{"origin":3213,"position":2},"title":"DOLORES: VOLCARON EN UN CAMINO RURAL. HAY 8 HERIDOS","author":"Alejandro Sosa Ruda","date":"17 julio, 2022","format":false,"excerpt":"Entre los heridos hay dos menores de 1 y 8 a\u00f1os. Los detalles. DOLORES -\u00a0 Se produjo el despiste y vuelco de una camioneta Fiat Fiorino que circulaba por el camino al AeroClub de la ciudad de Dolores. En la camioneta que tras volcar qued\u00f3 en la cuneta\u00a0circulaban ocho\u00a0personas que\u2026","rel":"","context":"En \u00abDOLORES\u00bb","block_context":{"text":"DOLORES","link":"https:\/\/larevistadigital.com.ar\/blog\/category\/dolores\/"},"img":{"alt_text":"","src":"https:\/\/i0.wp.com\/larevistadigital.com.ar\/blog\/wp-content\/uploads\/e572591f05d0732bb69d904177ffec12523a69ed.jpg?fit=1140%2C759&ssl=1&resize=350%2C200","width":350,"height":200,"srcset":"https:\/\/i0.wp.com\/larevistadigital.com.ar\/blog\/wp-content\/uploads\/e572591f05d0732bb69d904177ffec12523a69ed.jpg?fit=1140%2C759&ssl=1&resize=350%2C200 1x, https:\/\/i0.wp.com\/larevistadigital.com.ar\/blog\/wp-content\/uploads\/e572591f05d0732bb69d904177ffec12523a69ed.jpg?fit=1140%2C759&ssl=1&resize=525%2C300 1.5x, https:\/\/i0.wp.com\/larevistadigital.com.ar\/blog\/wp-content\/uploads\/e572591f05d0732bb69d904177ffec12523a69ed.jpg?fit=1140%2C759&ssl=1&resize=700%2C400 2x, https:\/\/i0.wp.com\/larevistadigital.com.ar\/blog\/wp-content\/uploads\/e572591f05d0732bb69d904177ffec12523a69ed.jpg?fit=1140%2C759&ssl=1&resize=1050%2C600 3x"},"classes":[]},{"id":9240,"url":"https:\/\/larevistadigital.com.ar\/blog\/9240-2\/","url_meta":{"origin":3213,"position":3},"title":"DETIENEN DOLORENSE LUEGO DE 20 KM DE PERSECUCI\u00d3N","author":"Alejandro Sosa Ruda","date":"20 marzo, 2019","format":false,"excerpt":"Personal policial del Destacamento Rural \u201cEl 80\u201d perteneciente a la Estaci\u00f3n Comunal Pila, detuvo a un dolorense por tenencia ilegal de armas y resistencia a la autoridad El vecino de Dolores circulaba en una camioneta Volskwagen Amarok color gris y fue visto en inmediaciones del establecimiento rural Los Hinojales. En\u2026","rel":"","context":"En \u00abPOLICIALES\u00bb","block_context":{"text":"POLICIALES","link":"https:\/\/larevistadigital.com.ar\/blog\/category\/policiales\/"},"img":{"alt_text":"","src":"https:\/\/i0.wp.com\/larevistadigital.com.ar\/blog\/wp-content\/uploads\/2019\/03\/Rural1-660x330.jpg?fit=660%2C330&ssl=1&resize=350%2C200","width":350,"height":200,"srcset":"https:\/\/i0.wp.com\/larevistadigital.com.ar\/blog\/wp-content\/uploads\/2019\/03\/Rural1-660x330.jpg?fit=660%2C330&ssl=1&resize=350%2C200 1x, https:\/\/i0.wp.com\/larevistadigital.com.ar\/blog\/wp-content\/uploads\/2019\/03\/Rural1-660x330.jpg?fit=660%2C330&ssl=1&resize=525%2C300 1.5x"},"classes":[]},{"id":8024,"url":"https:\/\/larevistadigital.com.ar\/blog\/chascomus-se-esclarece-hecho-de-abigeato\/","url_meta":{"origin":3213,"position":4},"title":"CHASCOM\u00daS: SE ESCLARECE HECHO DE ABIGEATO","author":"Alejandro Sosa Ruda","date":"29 enero, 2019","format":false,"excerpt":"Se llev\u00f3 a cabo un allanamiento ordenado por el juzgado de Garant\u00edas n\u00famero 5 de Chascom\u00fas, en el marco de una IPP llevada adelante por el fiscal Jonatan Robert del departamento judicial Dolores, seg\u00fan se inform\u00f3 desde el parte de prensa del Comando de Prevenci\u00f3n Rural de Chascom\u00fas. La misma\u2026","rel":"","context":"En \u00abPOLICIALES\u00bb","block_context":{"text":"POLICIALES","link":"https:\/\/larevistadigital.com.ar\/blog\/category\/policiales\/"},"img":{"alt_text":"","src":"https:\/\/i0.wp.com\/larevistadigital.com.ar\/blog\/wp-content\/uploads\/2019\/01\/50734521_2148233598530072_4065811377506222080_n.jpg?fit=600%2C1023&ssl=1&resize=350%2C200","width":350,"height":200,"srcset":"https:\/\/i0.wp.com\/larevistadigital.com.ar\/blog\/wp-content\/uploads\/2019\/01\/50734521_2148233598530072_4065811377506222080_n.jpg?fit=600%2C1023&ssl=1&resize=350%2C200 1x, https:\/\/i0.wp.com\/larevistadigital.com.ar\/blog\/wp-content\/uploads\/2019\/01\/50734521_2148233598530072_4065811377506222080_n.jpg?fit=600%2C1023&ssl=1&resize=525%2C300 1.5x"},"classes":[]},{"id":3965,"url":"https:\/\/larevistadigital.com.ar\/blog\/accidente-la-ruta-n-41-la-altura-del-establecimiento-rural-san-mariano\/","url_meta":{"origin":3213,"position":5},"title":"Accidente en la ruta N\u00b0 41 a la altura del establecimiento rural \u201cSan Mariano\u201d.","author":"admin","date":"23 noviembre, 2017","format":false,"excerpt":"Siendo 12:10 horas de este mediod\u00eda, personal policial del Comando de Prevenci\u00f3n Rural de Pila dio aviso a la guardia del Cuartel de Bomberos de un accidente en la ruta N\u00b0 41 a la altura del establecimiento rural \u201cSan Mariano\u201d a unos 15 kil\u00f3metros de la Ciudad, bajo alarma p\u00fablica\u2026","rel":"","context":"En \u00abPILA\u00bb","block_context":{"text":"PILA","link":"https:\/\/larevistadigital.com.ar\/blog\/category\/pila\/"},"img":{"alt_text":"","src":"https:\/\/i0.wp.com\/larevistadigital.com.ar\/blog\/wp-content\/uploads\/2017\/11\/WhatsApp-Image-2017-11-23-at-15.00.23-1.jpeg?fit=500%2C281&ssl=1&resize=350%2C200","width":350,"height":200},"classes":[]}],"_links":{"self":[{"href":"https:\/\/larevistadigital.com.ar\/blog\/wp-json\/wp\/v2\/posts\/3213","targetHints":{"allow":["GET"]}}],"collection":[{"href":"https:\/\/larevistadigital.com.ar\/blog\/wp-json\/wp\/v2\/posts"}],"about":[{"href":"https:\/\/larevistadigital.com.ar\/blog\/wp-json\/wp\/v2\/types\/post"}],"author":[{"embeddable":true,"href":"https:\/\/larevistadigital.com.ar\/blog\/wp-json\/wp\/v2\/users\/3"}],"replies":[{"embeddable":true,"href":"https:\/\/larevistadigital.com.ar\/blog\/wp-json\/wp\/v2\/comments?post=3213"}],"version-history":[{"count":1,"href":"https:\/\/larevistadigital.com.ar\/blog\/wp-json\/wp\/v2\/posts\/3213\/revisions"}],"predecessor-version":[{"id":3216,"href":"https:\/\/larevistadigital.com.ar\/blog\/wp-json\/wp\/v2\/posts\/3213\/revisions\/3216"}],"wp:featuredmedia":[{"embeddable":true,"href":"https:\/\/larevistadigital.com.ar\/blog\/wp-json\/wp\/v2\/media\/3215"}],"wp:attachment":[{"href":"https:\/\/larevistadigital.com.ar\/blog\/wp-json\/wp\/v2\/media?parent=3213"}],"wp:term":[{"taxonomy":"category","embeddable":true,"href":"https:\/\/larevistadigital.com.ar\/blog\/wp-json\/wp\/v2\/categories?post=3213"},{"taxonomy":"post_tag","embeddable":true,"href":"https:\/\/larevistadigital.com.ar\/blog\/wp-json\/wp\/v2\/tags?post=3213"}],"curies":[{"name":"wp","href":"https:\/\/api.w.org\/{rel}","templated":true}]}}