{"id":32159,"date":"2023-06-29T14:05:33","date_gmt":"2023-06-29T14:05:33","guid":{"rendered":"https:\/\/larevistadigital.com.ar\/blog\/?p=32159"},"modified":"2023-06-29T14:05:33","modified_gmt":"2023-06-29T14:05:33","slug":"beatriz-de-leon-cruzando-la-ruta-segun-el-censo","status":"publish","type":"post","link":"https:\/\/larevistadigital.com.ar\/blog\/beatriz-de-leon-cruzando-la-ruta-segun-el-censo\/","title":{"rendered":"BEATRIZ DE LE\u00d3N: \u00abCRUZANDO LA RUTA, SEG\u00daN EL CENSO&#8230;\u00bb"},"content":{"rendered":"<h2 dir=\"auto\">Beatriz De Le\u00f3n, candidata a intendente del Partido Libres del Sur, reflexion\u00f3 y nos comparti\u00f3 una publicaci\u00f3n de Facebook, donde una persona hace un racconto de irregularidades y situaciones de abandono que sufre en su barrio, que hace sentir a muchos vecinos totalmente \u00abfuera del sistema\u00bb.<\/h2>\n<div dir=\"auto\">29 de junio de 2023<\/div>\n<div dir=\"auto\"><\/div>\n<div dir=\"auto\"><strong>Por Beatriz De Le\u00f3n-\u00a0<\/strong> <em>\u00abCruzando la ruta, seg\u00fan el censo, el padr\u00f3n y los l\u00edmites existe Chascom\u00fas y hay chascomuneses o chascomusenses como m\u00e1s les guste el gentilicio, mas all\u00e1 de que pase por all\u00ed una ruta. Yo escuche decir en el teatro de boca del nuestro intendente, que ya se hab\u00edan erradicado estos basureros, que se van haciendo en distintas zonas , parece que no.<\/em><\/div>\n<div dir=\"auto\"><em>Y no vengan con que los vecinos son sucios y tiran en las esquinas. No est\u00e1 organizada all\u00ed la recolecci\u00f3n, por que si en el centro no se recolectara la misma, tambi\u00e9n estar\u00eda lleno de basura en las esquinas.<\/em><\/div>\n<div dir=\"auto\"><em>Por ah\u00ed de pasada cuando se lleva la basura de todas, todos y todes al basural instalado en El Porte\u00f1o, se puede recoger la de esas cuadras del mismo barrio. \u00bfO vamos a convertir a todo El Porte\u00f1o en basural?\u00bb<\/em><\/div>\n<h3 dir=\"auto\"><span style=\"color: #ff0000\"><strong><img data-recalc-dims=\"1\" loading=\"lazy\" decoding=\"async\" class=\"alignnone size-full wp-image-32160\" src=\"https:\/\/i0.wp.com\/larevistadigital.com.ar\/blog\/wp-content\/uploads\/Captura-de-pantalla-2023-06-29-104717.jpg?resize=617%2C274&#038;ssl=1\" alt=\"\" width=\"617\" height=\"274\" srcset=\"https:\/\/i0.wp.com\/larevistadigital.com.ar\/blog\/wp-content\/uploads\/Captura-de-pantalla-2023-06-29-104717.jpg?w=617&amp;ssl=1 617w, https:\/\/i0.wp.com\/larevistadigital.com.ar\/blog\/wp-content\/uploads\/Captura-de-pantalla-2023-06-29-104717.jpg?resize=300%2C133&amp;ssl=1 300w\" sizes=\"auto, (max-width: 617px) 100vw, 617px\" \/>LA PUBLICACI\u00d3N EN FACEBOOK (del muro de Coquito Diaz)<\/strong><\/span><\/h3>\n<div dir=\"auto\">\n<div dir=\"auto\"><strong>A QUIEN CORRESPONDA (POR EJEMPLO: A LA GESTION MUNICIPAL ACTUAL Y A LOS QUE TIENEN PRETENCIONES DE INGRESAR A LA MISMA)<\/strong><\/div>\n<div dir=\"auto\">Que pena tener que hacer este tipo de cosas (posteos y dem\u00e1s) para tener QUIZA alguna respuesta. Como cambi\u00f3 todo!&#8230; ya la nota formal, una carta firmada, un reclamo en papel sellado x mesa de entrada con fecha, no tienen validez o bien demoran a\u00f1ares en hacerse un lugar para la atenci\u00f3n.<\/div>\n<div dir=\"auto\">Vivo entre 2 barrios, aunque hoy me digan que pertenezco al San Andr\u00e9s, me siento y estoy cerca de El Porte\u00f1o, de hecho paso por \u00e9ste \u00faltimo siempre para entrar a mi domicilio.<\/div>\n<div dir=\"auto\">Las condiciones desde hace tiempo del barrio son bastante tristes.<\/div>\n<div dir=\"auto\">No es te asfalto la calle Mansilla y listo!. Las im\u00e1genes fueron tomadas estos d\u00edas. <strong>Y ESPERO&#8230;QUE AHORA QUE EMPEZO LA CAMPA\u00d1A, TANTO LA GESTION ACTUAL COMO LOS PRECANDIDATOS SE PEGUEN UNA VUELTA<\/strong> y observen como se vive.<\/div>\n<div dir=\"auto\">Seguramente hay quienes digan: &#8211; y bueee&#8230;. si la gente es mugrienta!; es una cuesti\u00f3n cultural! son esto, son lo otro, ESTIGMATIZANDO (cuestiones que se pueden trabajar con educaci\u00f3n con tiempo) pero ac\u00e1 vamos al hecho de la log\u00edstica en la recolecci\u00f3n del municipio. <strong>HACE MESES QUE HAY BASURA\/RAMAS EN TODAS LAS ESQUINAS<\/strong> (del fondo del barrio), no tanto del lado de la Avenida Campa\u00f1a del desierto (que esa suele estar en mejores condiciones) pero no che, no es as\u00ed. <strong>HAY QUE METERSE AL BARRIO.<\/strong><\/div>\n<div dir=\"auto\"><strong>&#8211; RAMERIO DE MESES DE PODA<\/strong><\/div>\n<div dir=\"auto\"><strong>&#8211; COLCHONES<\/strong><\/div>\n<div dir=\"auto\"><strong>&#8211; PA\u00d1ALES USADOS<\/strong><\/div>\n<div dir=\"auto\"><strong>&#8211; TOALLITAS USADAS<\/strong><\/div>\n<div dir=\"auto\"><strong>&#8211; ROPA ROTA<\/strong><\/div>\n<div dir=\"auto\"><strong>&#8211; ELECTRODOMESTICOS VIEJOS<\/strong><\/div>\n<div dir=\"auto\"><strong>&#8211; RESTOS DE CHAPAS Y HERRERIA<\/strong><\/div>\n<div dir=\"auto\"><strong>&#8211; BASURA DOMICILIARIA<\/strong><\/div>\n<div dir=\"auto\"><strong>&#8211; PACKAGING DE TODO TIPO<\/strong><\/div>\n<div dir=\"auto\"><strong>&#8211; ANIMALES MUERTOS<\/strong><\/div>\n<div dir=\"auto\">Y MAS, as\u00ed se vive el d\u00eda a d\u00eda, digamos es como OTRO BASURAL A CIELO ABIERTO, donde los ni\u00f1os juegan en estas condiciones.<\/div>\n<div dir=\"auto\">ATENCION AL VECINO (*147) 1500 llamados y 1499 numeritos de reclamo que te brinda la operadora que no sirven de nada si no se tomar cartas sobre los mismos.<\/div>\n<div dir=\"auto\">Esto sin entrar en detalle del olor a humo del basural propiamente dicho que nos esta envenenando a nosotros y a nuestros hijos lentamente.<\/div>\n<div dir=\"auto\">Las fotos tampoco reflejan otra realidad que se vive en el barrio, que es EL ESCASO CONTROL QUE HAY CON LOS EQUINOS SUELTOS POR LAS CALLES (a partir de lo cual despu\u00e9s decimos&#8230;.\u00a1Pobre nenito muri\u00f3 porque lo patio un caballo suelto!).<\/div>\n<div dir=\"auto\">EN EL CENTRO ESTAMOS ATR\u00c1S DE LAS PATENTES PARA VER SI ALGUN PELOTUDO (COMO YO ) SE OLVIDA DE ACTIVAR EL ESTACIONAMIENTO MEDIDO PARA COBRARLE MULTA, pero lo que sucede en el barrio por ejemplo en la casa de algunos vecinos que por ejemplo acumulan basura en veredas con bolsones nauseabundos y rejunte de cosas que lo \u00fanico que concentran es agentes pat\u00f3genos, nunca vi que un agente municipal de acerque a conversar a a hacer una infracci\u00f3n).<\/div>\n<div dir=\"auto\">Parad\u00f3jicamente frente a la salita sanitaria del barrio, hay un mini basurero a cielo abierto al lado del container!<\/div>\n<div dir=\"auto\">Asi se vive&#8230; porque todos OMITEN que&#8230; <strong>DEL OTRO LADO DE LA RUTRA 2 HAY MILES DE VECINOS DE CHASCOM\u00daS TAMBI\u00c9N. LA CIUDAD NO TERMINA EN AVENIDA PRESIDENTE ALFONSIN Y RUTA 2. EN MI CASO PARTICULAR PAGO EL ABL MUNICIPAL HACE 10 A\u00d1OS<\/strong>, sin tener beneficio alguno de ciudadano. Por ejemplo, <strong>mi calle tiene reclamos que datan con FECHA DE MESA DE ENTRADAS DEL MUNICIPIO DE HACE 10 A\u00d1OS ATRAS, 8 A\u00d1OS ATRAS, 6 A\u00d1OS ATRAS&#8230;.. Y JAMAS UNA RESPUESTA&#8230;. VERGUENZA ES LO MINIMO QUE DEBERIAN SENTIR LAS AUTORIDADES.<\/strong><\/div>\n<div dir=\"auto\"><img data-recalc-dims=\"1\" loading=\"lazy\" decoding=\"async\" class=\"alignnone size-full wp-image-32161\" src=\"https:\/\/i0.wp.com\/larevistadigital.com.ar\/blog\/wp-content\/uploads\/5-6.jpg?resize=780%2C1040&#038;ssl=1\" alt=\"\" width=\"780\" height=\"1040\" srcset=\"https:\/\/i0.wp.com\/larevistadigital.com.ar\/blog\/wp-content\/uploads\/5-6.jpg?w=780&amp;ssl=1 780w, https:\/\/i0.wp.com\/larevistadigital.com.ar\/blog\/wp-content\/uploads\/5-6.jpg?resize=225%2C300&amp;ssl=1 225w, https:\/\/i0.wp.com\/larevistadigital.com.ar\/blog\/wp-content\/uploads\/5-6.jpg?resize=768%2C1024&amp;ssl=1 768w\" sizes=\"auto, (max-width: 780px) 100vw, 780px\" \/><\/div>\n<div dir=\"auto\"><img data-recalc-dims=\"1\" loading=\"lazy\" decoding=\"async\" class=\"alignnone size-full wp-image-32164\" src=\"https:\/\/i0.wp.com\/larevistadigital.com.ar\/blog\/wp-content\/uploads\/4-7.jpg?resize=780%2C1040&#038;ssl=1\" alt=\"\" width=\"780\" height=\"1040\" srcset=\"https:\/\/i0.wp.com\/larevistadigital.com.ar\/blog\/wp-content\/uploads\/4-7.jpg?w=780&amp;ssl=1 780w, https:\/\/i0.wp.com\/larevistadigital.com.ar\/blog\/wp-content\/uploads\/4-7.jpg?resize=225%2C300&amp;ssl=1 225w, https:\/\/i0.wp.com\/larevistadigital.com.ar\/blog\/wp-content\/uploads\/4-7.jpg?resize=768%2C1024&amp;ssl=1 768w\" sizes=\"auto, (max-width: 780px) 100vw, 780px\" \/><\/div>\n<\/div>\n","protected":false},"excerpt":{"rendered":"<div class=\"mh-excerpt\"><p>Beatriz De Le\u00f3n, candidata a intendente del Partido Libres del Sur, reflexion\u00f3 y nos comparti\u00f3 una publicaci\u00f3n de Facebook, donde una persona hace un racconto de irregularidades y situaciones de abandono que sufre en su <a class=\"mh-excerpt-more\" href=\"https:\/\/larevistadigital.com.ar\/blog\/beatriz-de-leon-cruzando-la-ruta-segun-el-censo\/\" title=\"BEATRIZ DE LE\u00d3N: \u00abCRUZANDO LA RUTA, SEG\u00daN EL CENSO&#8230;\u00bb\">[Leer M\u00e1s]<\/a><\/p>\n<\/div>","protected":false},"author":3,"featured_media":32162,"comment_status":"open","ping_status":"open","sticky":false,"template":"","format":"standard","meta":{"_jetpack_memberships_contains_paid_content":false,"footnotes":"","jetpack_publicize_message":"","jetpack_publicize_feature_enabled":true,"jetpack_social_post_already_shared":true,"jetpack_social_options":{"image_generator_settings":{"template":"highway","default_image_id":0,"font":"","enabled":false},"version":2}},"categories":[23,29],"tags":[],"class_list":{"0":"post-32159","1":"post","2":"type-post","3":"status-publish","4":"format-standard","5":"has-post-thumbnail","7":"category-politica-local","8":"category-sociedad"},"jetpack_publicize_connections":[],"jetpack_featured_media_url":"https:\/\/i0.wp.com\/larevistadigital.com.ar\/blog\/wp-content\/uploads\/2-15.jpg?fit=1040%2C780&ssl=1","jetpack_sharing_enabled":true,"jetpack_shortlink":"https:\/\/wp.me\/p8qtrQ-8mH","jetpack-related-posts":[{"id":32462,"url":"https:\/\/larevistadigital.com.ar\/blog\/chascomus-beatriz-de-leon-mantuvo-una-muy-interesante-reunion-con-el-colegio-de-arquitectos\/","url_meta":{"origin":32159,"position":0},"title":"CHASCOM\u00daS: BEATRIZ DE LE\u00d3N MANTUVO UNA MUY INTERESANTE REUNI\u00d3N CON EL COL\u00c9GIO DE ARQUITECTOS","author":"Alejandro Sosa Ruda","date":"17 julio, 2023","format":false,"excerpt":"La candidata a intendente por el Partido Libres del Sur, dialog\u00f3 con los arquitectos que se sorprendieron por la claridad de sus propuestas. 17 de julio de 2023 CHASCOM\u00daS -\u00a0 El colegio de Arquitectos de Chascom\u00fas, est\u00e1 realizando distintas reuniones con candidatos a Intendente y concejales, a efectos de conocer\u2026","rel":"","context":"En \u00abINTERES GENERAL\u00bb","block_context":{"text":"INTERES GENERAL","link":"https:\/\/larevistadigital.com.ar\/blog\/category\/interes-general\/"},"img":{"alt_text":"","src":"https:\/\/i0.wp.com\/larevistadigital.com.ar\/blog\/wp-content\/uploads\/WhatsApp-Image-2023-07-17-at-13.02.23-1.jpeg?fit=1200%2C675&ssl=1&resize=350%2C200","width":350,"height":200,"srcset":"https:\/\/i0.wp.com\/larevistadigital.com.ar\/blog\/wp-content\/uploads\/WhatsApp-Image-2023-07-17-at-13.02.23-1.jpeg?fit=1200%2C675&ssl=1&resize=350%2C200 1x, https:\/\/i0.wp.com\/larevistadigital.com.ar\/blog\/wp-content\/uploads\/WhatsApp-Image-2023-07-17-at-13.02.23-1.jpeg?fit=1200%2C675&ssl=1&resize=525%2C300 1.5x, https:\/\/i0.wp.com\/larevistadigital.com.ar\/blog\/wp-content\/uploads\/WhatsApp-Image-2023-07-17-at-13.02.23-1.jpeg?fit=1200%2C675&ssl=1&resize=700%2C400 2x, https:\/\/i0.wp.com\/larevistadigital.com.ar\/blog\/wp-content\/uploads\/WhatsApp-Image-2023-07-17-at-13.02.23-1.jpeg?fit=1200%2C675&ssl=1&resize=1050%2C600 3x"},"classes":[]},{"id":32244,"url":"https:\/\/larevistadigital.com.ar\/blog\/chascomus-las-listas-y-candidatos-para-agosto-hoy-beatriz-de-leon-del-partido-libres-del-sur\/","url_meta":{"origin":32159,"position":1},"title":"CHASCOM\u00daS: LAS LISTAS Y CANDIDATOS PARA AGOSTO. HOY BEATRIZ DE LE\u00d3N DEL PARTIDO LIBRES DEL SUR.","author":"Alejandro Sosa Ruda","date":"3 julio, 2023","format":false,"excerpt":"Presentando las listas para la elecci\u00f3n de agosto, La Revista Digital comienza hoy con el Partido Libres del Sur que lleva como candidata a Intendente a Mar\u00eda Beatriz de Le\u00f3n. 3 de julio de 2023 CHASCOM\u00daS -\u00a0 En el marco del armado de listas para las elecciones, la candidata a\u2026","rel":"","context":"En \u00abINTERES GENERAL\u00bb","block_context":{"text":"INTERES GENERAL","link":"https:\/\/larevistadigital.com.ar\/blog\/category\/interes-general\/"},"img":{"alt_text":"","src":"https:\/\/i0.wp.com\/larevistadigital.com.ar\/blog\/wp-content\/uploads\/WhatsApp-Image-2023-07-03-at-16.18.04.jpeg?fit=1200%2C734&ssl=1&resize=350%2C200","width":350,"height":200,"srcset":"https:\/\/i0.wp.com\/larevistadigital.com.ar\/blog\/wp-content\/uploads\/WhatsApp-Image-2023-07-03-at-16.18.04.jpeg?fit=1200%2C734&ssl=1&resize=350%2C200 1x, https:\/\/i0.wp.com\/larevistadigital.com.ar\/blog\/wp-content\/uploads\/WhatsApp-Image-2023-07-03-at-16.18.04.jpeg?fit=1200%2C734&ssl=1&resize=525%2C300 1.5x, https:\/\/i0.wp.com\/larevistadigital.com.ar\/blog\/wp-content\/uploads\/WhatsApp-Image-2023-07-03-at-16.18.04.jpeg?fit=1200%2C734&ssl=1&resize=700%2C400 2x, https:\/\/i0.wp.com\/larevistadigital.com.ar\/blog\/wp-content\/uploads\/WhatsApp-Image-2023-07-03-at-16.18.04.jpeg?fit=1200%2C734&ssl=1&resize=1050%2C600 3x"},"classes":[]},{"id":32656,"url":"https:\/\/larevistadigital.com.ar\/blog\/la-precandidata-a-intendente-maria-beatriz-de-leon-hace-visible-una-lamentable-situacion-que-no-se-quiere-mostrar\/","url_meta":{"origin":32159,"position":2},"title":"LA PRECANDIDATA A INTENDENTE MAR\u00cdA BEATRIZ DE LE\u00d3N HACE VISIBLE UNA LAMENTABLE SITUACI\u00d3N QUE NO SE QUIERE MOSTRAR&#8230;","author":"Alejandro Sosa Ruda","date":"30 julio, 2023","format":false,"excerpt":"Se trata del estado de abandono que se encuentra un predio que ser\u00eda destinado a la construcci\u00f3n del Instituto Superior de Formaci\u00f3n Docente y T\u00e9cnica N\u00b0 57. 29 de julio de 2023 CHASCOM\u00daS -\u00a0 Como ya nos tiene acostumbrados, es la candidata que siempre est\u00e1 presente, en cada reclamo de\u2026","rel":"","context":"En \u00abDESTACADAS\u00bb","block_context":{"text":"DESTACADAS","link":"https:\/\/larevistadigital.com.ar\/blog\/category\/destacadas\/"},"img":{"alt_text":"","src":"https:\/\/i0.wp.com\/larevistadigital.com.ar\/blog\/wp-content\/uploads\/357467599_6572364732811032_1351810272934676787_n.jpg?fit=1200%2C675&ssl=1&resize=350%2C200","width":350,"height":200,"srcset":"https:\/\/i0.wp.com\/larevistadigital.com.ar\/blog\/wp-content\/uploads\/357467599_6572364732811032_1351810272934676787_n.jpg?fit=1200%2C675&ssl=1&resize=350%2C200 1x, https:\/\/i0.wp.com\/larevistadigital.com.ar\/blog\/wp-content\/uploads\/357467599_6572364732811032_1351810272934676787_n.jpg?fit=1200%2C675&ssl=1&resize=525%2C300 1.5x, https:\/\/i0.wp.com\/larevistadigital.com.ar\/blog\/wp-content\/uploads\/357467599_6572364732811032_1351810272934676787_n.jpg?fit=1200%2C675&ssl=1&resize=700%2C400 2x, https:\/\/i0.wp.com\/larevistadigital.com.ar\/blog\/wp-content\/uploads\/357467599_6572364732811032_1351810272934676787_n.jpg?fit=1200%2C675&ssl=1&resize=1050%2C600 3x"},"classes":[]},{"id":32716,"url":"https:\/\/larevistadigital.com.ar\/blog\/video-beatriz-de-leon-vuelve-a-exponer-al-gobierno-local-una-campana-que-no-fue-tal-y-solo-se-llevo-juegos-para-los-chicos-de-una-plaza\/","url_meta":{"origin":32159,"position":3},"title":"[VIDEO] BEATRIZ DE LE\u00d3N VUELVE A EXPONER AL GOBIERNO LOCAL: UNA CAMPA\u00d1A, QUE  NO FUE TAL, Y SOLO SE LLEV\u00d3 JUEGOS PARA LOS CHICOS DE UNA PLAZA&#8230;","author":"Alejandro Sosa Ruda","date":"2 agosto, 2023","format":false,"excerpt":"La referente y pre candidata a Intendente de Chascom\u00fas por el Partido Libres del Sur, Mar\u00eda Beatriz De Le\u00f3n, muestra una lamentable situaci\u00f3n, que como tantas otras si no se visibiliza, queda en el olvido... 2 de agosto de 2023 CHASCOM\u00daS -\u00a0\u00a0El lugar es una plaza, en la costanera de\u2026","rel":"","context":"En \u00abDESTACADAS\u00bb","block_context":{"text":"DESTACADAS","link":"https:\/\/larevistadigital.com.ar\/blog\/category\/destacadas\/"},"img":{"alt_text":"","src":"https:\/\/i0.wp.com\/larevistadigital.com.ar\/blog\/wp-content\/uploads\/BANCO-MARRON-EN-PLAZA.jpg?fit=1200%2C549&ssl=1&resize=350%2C200","width":350,"height":200,"srcset":"https:\/\/i0.wp.com\/larevistadigital.com.ar\/blog\/wp-content\/uploads\/BANCO-MARRON-EN-PLAZA.jpg?fit=1200%2C549&ssl=1&resize=350%2C200 1x, https:\/\/i0.wp.com\/larevistadigital.com.ar\/blog\/wp-content\/uploads\/BANCO-MARRON-EN-PLAZA.jpg?fit=1200%2C549&ssl=1&resize=525%2C300 1.5x, https:\/\/i0.wp.com\/larevistadigital.com.ar\/blog\/wp-content\/uploads\/BANCO-MARRON-EN-PLAZA.jpg?fit=1200%2C549&ssl=1&resize=700%2C400 2x, https:\/\/i0.wp.com\/larevistadigital.com.ar\/blog\/wp-content\/uploads\/BANCO-MARRON-EN-PLAZA.jpg?fit=1200%2C549&ssl=1&resize=1050%2C600 3x"},"classes":[]},{"id":24148,"url":"https:\/\/larevistadigital.com.ar\/blog\/la-referente-de-libres-del-sur-beatriz-de-leon-y-sus-companeros-realizan-una-campana-contra-el-acuerdo-con-el-fmi\/","url_meta":{"origin":32159,"position":4},"title":"LA REFERENTE DE \u00abLIBRES DEL SUR\u00bb, BEATRIZ DE LEON Y SUS COMPA\u00d1EROS REALIZAN UNA CAMPA\u00d1A CONTRA EL ACUERDO CON EL FMI","author":"Alejandro Sosa Ruda","date":"23 febrero, 2022","format":false,"excerpt":"CHASCOM\u00daS -\u00a0 Bajo la conducci\u00f3n de Mar\u00eda Beatriz De Le\u00f3n, referente del partido Libres del Sur, se est\u00e1 haciendo una fuerte campa\u00f1a para que no se apoye el acuerdo con el Fondo Monetario Nacional. La presencia en las calles de la gente de Libres del Sur que responde a De\u2026","rel":"","context":"En \u00abCHASCOM\u00daS\u00bb","block_context":{"text":"CHASCOM\u00daS","link":"https:\/\/larevistadigital.com.ar\/blog\/category\/chascomus\/"},"img":{"alt_text":"","src":"https:\/\/i0.wp.com\/larevistadigital.com.ar\/blog\/wp-content\/uploads\/WhatsApp-Image-2022-02-21-at-14.21.34.jpeg?fit=1200%2C900&ssl=1&resize=350%2C200","width":350,"height":200,"srcset":"https:\/\/i0.wp.com\/larevistadigital.com.ar\/blog\/wp-content\/uploads\/WhatsApp-Image-2022-02-21-at-14.21.34.jpeg?fit=1200%2C900&ssl=1&resize=350%2C200 1x, https:\/\/i0.wp.com\/larevistadigital.com.ar\/blog\/wp-content\/uploads\/WhatsApp-Image-2022-02-21-at-14.21.34.jpeg?fit=1200%2C900&ssl=1&resize=525%2C300 1.5x, https:\/\/i0.wp.com\/larevistadigital.com.ar\/blog\/wp-content\/uploads\/WhatsApp-Image-2022-02-21-at-14.21.34.jpeg?fit=1200%2C900&ssl=1&resize=700%2C400 2x, https:\/\/i0.wp.com\/larevistadigital.com.ar\/blog\/wp-content\/uploads\/WhatsApp-Image-2022-02-21-at-14.21.34.jpeg?fit=1200%2C900&ssl=1&resize=1050%2C600 3x"},"classes":[]},{"id":21670,"url":"https:\/\/larevistadigital.com.ar\/blog\/con-la-destacada-presencia-de-gustavo-pulti-un-dirigente-de-primera-linea-beatriz-de-leon-sigue-cosechando-apoyos-a-su-candidatura\/","url_meta":{"origin":32159,"position":5},"title":"CON LA DESTACADA PRESENCIA DE GUSTAVO PULTI, UN DIRIGENTE DE PRIMERA L\u00cdNEA, BEATRIZ DE LEON SIGUE COSECHANDO APOYOS A SU CANDIDATURA","author":"Alejandro Sosa Ruda","date":"24 agosto, 2021","format":false,"excerpt":"La presencia de Gustavo Pulti, ex intendente de General Pueyrredon, y destacado dirigente pol\u00edtico, deja en evidencia que el grupo de \"Vamos Con Vos\" que a nivel local encabeza Beatriz De Le\u00f3n, es una seria y respaldada propuesta. CHASCOM\u00daS -\u00a0Siguen las presencias de apoyo a la pre candidata a concejal\u2026","rel":"","context":"En \u00abCHASCOM\u00daS\u00bb","block_context":{"text":"CHASCOM\u00daS","link":"https:\/\/larevistadigital.com.ar\/blog\/category\/chascomus\/"},"img":{"alt_text":"","src":"https:\/\/i0.wp.com\/larevistadigital.com.ar\/blog\/wp-content\/uploads\/Captura-de-pantalla-2021-08-23-233731-e1629772887617.png?fit=799%2C443&ssl=1&resize=350%2C200","width":350,"height":200,"srcset":"https:\/\/i0.wp.com\/larevistadigital.com.ar\/blog\/wp-content\/uploads\/Captura-de-pantalla-2021-08-23-233731-e1629772887617.png?fit=799%2C443&ssl=1&resize=350%2C200 1x, https:\/\/i0.wp.com\/larevistadigital.com.ar\/blog\/wp-content\/uploads\/Captura-de-pantalla-2021-08-23-233731-e1629772887617.png?fit=799%2C443&ssl=1&resize=525%2C300 1.5x, https:\/\/i0.wp.com\/larevistadigital.com.ar\/blog\/wp-content\/uploads\/Captura-de-pantalla-2021-08-23-233731-e1629772887617.png?fit=799%2C443&ssl=1&resize=700%2C400 2x"},"classes":[]}],"_links":{"self":[{"href":"https:\/\/larevistadigital.com.ar\/blog\/wp-json\/wp\/v2\/posts\/32159","targetHints":{"allow":["GET"]}}],"collection":[{"href":"https:\/\/larevistadigital.com.ar\/blog\/wp-json\/wp\/v2\/posts"}],"about":[{"href":"https:\/\/larevistadigital.com.ar\/blog\/wp-json\/wp\/v2\/types\/post"}],"author":[{"embeddable":true,"href":"https:\/\/larevistadigital.com.ar\/blog\/wp-json\/wp\/v2\/users\/3"}],"replies":[{"embeddable":true,"href":"https:\/\/larevistadigital.com.ar\/blog\/wp-json\/wp\/v2\/comments?post=32159"}],"version-history":[{"count":1,"href":"https:\/\/larevistadigital.com.ar\/blog\/wp-json\/wp\/v2\/posts\/32159\/revisions"}],"predecessor-version":[{"id":32165,"href":"https:\/\/larevistadigital.com.ar\/blog\/wp-json\/wp\/v2\/posts\/32159\/revisions\/32165"}],"wp:featuredmedia":[{"embeddable":true,"href":"https:\/\/larevistadigital.com.ar\/blog\/wp-json\/wp\/v2\/media\/32162"}],"wp:attachment":[{"href":"https:\/\/larevistadigital.com.ar\/blog\/wp-json\/wp\/v2\/media?parent=32159"}],"wp:term":[{"taxonomy":"category","embeddable":true,"href":"https:\/\/larevistadigital.com.ar\/blog\/wp-json\/wp\/v2\/categories?post=32159"},{"taxonomy":"post_tag","embeddable":true,"href":"https:\/\/larevistadigital.com.ar\/blog\/wp-json\/wp\/v2\/tags?post=32159"}],"curies":[{"name":"wp","href":"https:\/\/api.w.org\/{rel}","templated":true}]}}