{"id":32256,"date":"2023-07-04T15:48:29","date_gmt":"2023-07-04T15:48:29","guid":{"rendered":"https:\/\/larevistadigital.com.ar\/blog\/?p=32256"},"modified":"2023-07-04T15:49:52","modified_gmt":"2023-07-04T15:49:52","slug":"ranchos-el-intendente-alvarez-encamina-su-reeleccion-mientras-se-palpita-la-interna-de-juntos-por-el-cambio","status":"publish","type":"post","link":"https:\/\/larevistadigital.com.ar\/blog\/ranchos-el-intendente-alvarez-encamina-su-reeleccion-mientras-se-palpita-la-interna-de-juntos-por-el-cambio\/","title":{"rendered":"RANCHOS: EL INTENDENTE \u00c1LVAREZ ENCAMINA SU REELECCI\u00d3N MIENTRAS SE PALPITA LA INTERNA DE JUNTOS POR EL CAMBIO"},"content":{"rendered":"<h2><strong>En el distrito cuya ciudad cabecera es Ranchos habr\u00e1 tambi\u00e9n otros dos precandidatos a intendente, uno de Avanza Libertad y la sorpresa la da la presentaci\u00f3n de la lista de Libres del Sur. Ac\u00e1 un interesante resumen de una publicaci\u00f3n del sitio Zetanoticias.com.ar<\/strong><\/h2>\n<p>4 de junio de 2023<\/p>\n<div class=\"group w-full text-gray-800 dark:text-gray-100 border-b border-black\/10 dark:border-gray-900\/50 dark:bg-gray-800\">\n<div class=\"flex p-4 gap-4 text-base md:gap-6 md:max-w-2xl lg:max-w-[38rem] xl:max-w-3xl md:py-6 lg:px-0 m-auto\">\n<div class=\"relative flex w-[calc(100%-50px)] flex-col gap-1 md:gap-3 lg:w-[calc(100%-115px)]\">\n<div class=\"flex flex-grow flex-col gap-3\">\n<div class=\"min-h-[20px] flex items-start overflow-x-auto whitespace-pre-wrap break-words flex-col gap-4\">\n<div class=\"empty:hidden\">En el distrito de General Paz, cuya ciudad cabecera es Ranchos, las pr\u00f3ximas elecciones PASO del 13 de agosto tendr\u00e1n cinco precandidatos a intendente. Son los casos del peronista <strong>Juan Manuel Alvarez<\/strong> que buscara su reelecci\u00f3n; el ignoto candidato del Movimiento Libres del Sur <strong>Claudio Viceconte<\/strong>; <strong>Eduardo Telechea<\/strong> en la boleta de <strong>Javier Milei<\/strong>; y los dos precandidatos de Juntos por el Cambio, <strong>Juan Ignacio \u201cRulo\u201d Tobio<\/strong> de la UCR y <strong>Pedro Gerbelli<\/strong> de la vieja Defensa Comunal.<\/div>\n<div><\/div>\n<div class=\"empty:hidden\">Estas elecciones tendr\u00e1n una particularidad: ser\u00e1n las primeras en desarrollarse sin la presencia f\u00edsica del hist\u00f3rico intendente<strong> Juan Carlos Veramendi<\/strong>, fallecido meses atr\u00e1s. El \u201cVasco\u201d fue el art\u00edfice central para que el peronismo ranchero pueda ostentar un merecido orgullo: desde el retorno de la democracia en 1983, siempre hubo en General Paz, un intendente peronista.<\/div>\n<div class=\"empty:hidden\">Su figura mereci\u00f3 y merece reconocimientos si no un\u00e1nime s\u00ed mayoritario, y ser\u00e1 para el peronismo un motivo especial el militar para un nuevo triunfo del PJ y sus aliados en las urnas de agosto y de octubre.<\/div>\n<\/div>\n<\/div>\n<\/div>\n<\/div>\n<\/div>\n<div><\/div>\n<div><strong>JUAN MANUEL \u00c1LVAREZ:<\/strong> El peronismo en movimiento<\/div>\n<div>\n<p>Con una lista \u00fanica y respaldado por una gesti\u00f3n destacada, el intendente <strong>Juan Manuel \u00c1lvarez<\/strong> aspira a ser reelegido, reflejando el reconocimiento a su labor a trav\u00e9s de un respaldo electoral que lo consolide como la fuerza pol\u00edtica m\u00e1s votada en las elecciones generales de octubre. Su gesti\u00f3n se ha caracterizado por la realizaci\u00f3n de importantes obras p\u00fablicas, como viviendas, mejoras en la iluminaci\u00f3n, avances significativos en el hospital p\u00fablico, asfaltado de calles y la construcci\u00f3n de la Casa de la Provincia, entre otros logros.<\/p>\n<p>El peronismo de General Paz presenta a destacados candidatos a concejales y consejeros escolares que acompa\u00f1ar\u00e1n la candidatura de <strong>\u00c1lvarez<\/strong>, entre ellos <strong>Noelia Massachesi, Dar\u00edo Martinetti, Nancy Lamarque, \u00abTito\u00bb Sallago, Olga Veramendi, Paulo Chung, Florencia Bustamante, Edgar Mendihalatzu, Natalia Romero, Leonardo Speranza, Mar\u00eda del Carmen Ruiz, \u00abPipo\u00bb D\u00edaz, Ver\u00f3nica Arenas y \u00abPichu\u00bb Godoy.<\/strong><\/p>\n<p><strong>JUNTOS POR EL CAMBIO:<\/strong> dos listas en competencia<\/p>\n<p>Mientras que el peronismo presenta una lista \u00fanica, el foco de atenci\u00f3n en Juntos por el Cambio se centra en la competencia interna. Por un lado, <strong>Juan Ignacio \u00abRulo\u00bb Tobio<\/strong>, representante de la Uni\u00f3n C\u00edvica Radical respaldado por <strong>Patricia Bullrich<\/strong>, busca convertirse en el candidato oficial, mientras que por otro lado, <strong>Pedro Gerbelli<\/strong>, concejal y veterinario vinculado al PRO y la antigua Defensa Comunal, defiende los intereses del precandidato presidencial <strong>Horacio Rodr\u00edguez Larreta<\/strong>.<\/p>\n<p>Acompa\u00f1ando la precandidatura de <strong>\u00abRulo\u00bb Tobio<\/strong> se encuentran <strong>Marcelo Lois, Victoria Alfons\u00edn, Sergio P\u00e9rez, Elisa Ameri, Silvio Hirigoyen y Delia Rivero<\/strong>, como candidatos a concejales titulares, mientras que<strong> Ignacio Della Vedova, Sandra Lebrero, Gast\u00f3n Padr\u00f3n y Ver\u00f3nica de Araquistain<\/strong> figuran como concejales suplentes. Los consejeros escolares titulares son <strong>Fernanda Luna y Tadeo Go\u00f1i, y los suplentes son Alicia Del Campo y Ricardo Alvarez.<\/strong><\/p>\n<p>En la lista encabezada por<strong> Pedro Gerbelli<\/strong>, los candidatos a concejales titulares son <strong>Luis Lamarque, Carina Sober\u00f3n, Mat\u00edas M\u00e1rquez, Ernestina M\u00e1rquez, Victoriano Ocampos y Luciana Seillant.<\/strong> Los concejales suplentes son <strong>Pablo Salerno, Marcela Bacigalupo, Omar Armas y Soledad Quintana. Mauricio Robledo y Anal\u00eda P\u00e9rez<\/strong> se postulan como consejeros escolares titulares, con <strong>Leandro Giordano y Marcela Weiss<\/strong> como suplentes.<\/p>\n<p><strong>LIBRES DEL SUR:<\/strong> una sorpresa inesperada<\/p>\n<p>En una sorprendente jugada pol\u00edtica, el Movimiento Libres del Sur, liderado a nivel nacional por <strong>Jes\u00fas Escobar y Silvia Saravia<\/strong> como precandidata a gobernadora, ha presentado a <strong>Claudio Adri\u00e1n Viceconte<\/strong>, un panadero de 40 a\u00f1os, como su precandidato a intendente de General Paz. <strong>Viceconte<\/strong> buscar\u00e1 superar el piso necesario establecido por las PASO para poder participar en las elecciones generales de octubre.<\/p>\n<p>Acompa\u00f1ando a <strong>Viceconte<\/strong>, los candidatos a concejales titulares por el Movimiento Libres del Sur son <strong>Eduardo Palavecino, Andrea Alberti, Miguel Viceconte, Laura Mart\u00ednez, Emanuel Mercau y Anal\u00eda Mart\u00ednez<\/strong>. Como concejales suplentes figuran <strong>Jonatan Mercau, Ana Gonz\u00e1lez, C\u00e9sar Montero y Viviana Ponce.<\/strong> Los candidatos a consejeros escolares titulares son <strong>Agust\u00edn Pared y Anabella Monteros.<\/strong><\/p>\n<p><strong>AVANZA LIBERTAD<\/strong>: \u00bfAlcanzar\u00e1 el umbral requerido?<\/p>\n<p>La fuerza pol\u00edtica liderada por <strong>Javier Milei<\/strong>, Avanza Libertad, se enfrenta al desaf\u00edo de superar el umbral m\u00ednimo de votos necesario (1,5% de los votos v\u00e1lidos emitidos) para poder avanzar hacia las elecciones generales de octubre. En General Paz, el comerciante <strong>Eduardo Telechea<\/strong> se postula como candidato a intendente por Avanza Libertad, aportando su experiencia previa como concejal por Defensa Comunal, un hist\u00f3rico partido con ra\u00edces conservadoras en la regi\u00f3n. La candidatura de Telechea ha generado especulaciones sobre su posible impacto en Juntos por el Cambio, al compartir parte de su electorado.<\/p>\n<p>La lista de Avanza Libertad cuenta con destacados candidatos, como el reconocido m\u00fasico local <strong>Edgardo Salerno, Daniela Girod, Jerem\u00edas Scapararotella, Evangelina Telechea, Oscar Piedra y Camila Alvarez,<\/strong> como candidatos a concejales titulares. <strong>Edgardo Contreras y Emilce Bona<\/strong> figuran como concejales suplentes. <strong>Carina Camargo y Esteban Echague<\/strong> se postulan como consejeros escolares titulares, mientras que <strong>Roc\u00edo Quinteros<\/strong> es la \u00fanica consejera escolar suplente.<\/p>\n<p>Las pr\u00f3ximas elecciones en General Paz prometen un escenario pol\u00edtico competitivo, con diversas fuerzas luchando por el apoyo de los votantes en busca de un lugar en las elecciones generales de octubre. El distrito se prepara para una contienda electoral decisiva que definir\u00e1 el futuro de su gobierno local.<\/p>\n<\/div>\n<div class=\"group w-full text-gray-800 dark:text-gray-100 border-b border-black\/10 dark:border-gray-900\/50 dark:bg-gray-800\">\n<div class=\"flex p-4 gap-4 text-base md:gap-6 md:max-w-2xl lg:max-w-[38rem] xl:max-w-3xl md:py-6 lg:px-0 m-auto\">\n<div class=\"relative flex w-[calc(100%-50px)] flex-col gap-1 md:gap-3 lg:w-[calc(100%-115px)]\">\n<div><\/div>\n<div class=\"flex flex-grow flex-col gap-3\">\n<div class=\"min-h-[20px] flex items-start overflow-x-auto whitespace-pre-wrap break-words flex-col gap-4\">\n<div><\/div>\n<\/div>\n<\/div>\n<\/div>\n<\/div>\n<\/div>\n","protected":false},"excerpt":{"rendered":"<div class=\"mh-excerpt\"><p>En el distrito cuya ciudad cabecera es Ranchos habr\u00e1 tambi\u00e9n otros dos precandidatos a intendente, uno de Avanza Libertad y la sorpresa la da la presentaci\u00f3n de la lista de Libres del Sur. Ac\u00e1 un <a class=\"mh-excerpt-more\" href=\"https:\/\/larevistadigital.com.ar\/blog\/ranchos-el-intendente-alvarez-encamina-su-reeleccion-mientras-se-palpita-la-interna-de-juntos-por-el-cambio\/\" title=\"RANCHOS: EL INTENDENTE \u00c1LVAREZ ENCAMINA SU REELECCI\u00d3N MIENTRAS SE PALPITA LA INTERNA DE JUNTOS POR EL CAMBIO\">[Leer M\u00e1s]<\/a><\/p>\n<\/div>","protected":false},"author":3,"featured_media":32257,"comment_status":"open","ping_status":"open","sticky":false,"template":"","format":"standard","meta":{"_jetpack_memberships_contains_paid_content":false,"footnotes":"","jetpack_publicize_message":"","jetpack_publicize_feature_enabled":true,"jetpack_social_post_already_shared":true,"jetpack_social_options":{"image_generator_settings":{"template":"highway","default_image_id":0,"font":"","enabled":false},"version":2}},"categories":[12,14],"tags":[],"class_list":{"0":"post-32256","1":"post","2":"type-post","3":"status-publish","4":"format-standard","5":"has-post-thumbnail","7":"category-politica","8":"category-ranchos"},"jetpack_publicize_connections":[],"jetpack_featured_media_url":"https:\/\/i0.wp.com\/larevistadigital.com.ar\/blog\/wp-content\/uploads\/Captura-de-pantalla-2023-07-04-124423.jpg?fit=742%2C400&ssl=1","jetpack_sharing_enabled":true,"jetpack_shortlink":"https:\/\/wp.me\/p8qtrQ-8og","jetpack-related-posts":[{"id":10794,"url":"https:\/\/larevistadigital.com.ar\/blog\/ranchos-la-unidad-del-peronismo-respalda-la-candidatura-a-intendente-de-juan-manuel-alvarez\/","url_meta":{"origin":32256,"position":0},"title":"RANCHOS: LA UNIDAD DEL PERONISMO RESPALDA LA CANDIDATURA A INTENDENTE DE JUAN MANUEL \u00c1LVAREZ","author":"Alejandro Sosa Ruda","date":"27 junio, 2019","format":false,"excerpt":"Oficializadas ya las listas de cara a las futuras elecciones Primarias de agosto, en el distrito de General Paz, cuya cabecera es la ciudad de Ranchos, el oficialismo municipal concret\u00f3 la tan promocionada unidad del amplio espacio del peronismo y sus aliados. Algo que en todos los niveles se busc\u00f3\u2026","rel":"","context":"En \u00abPOLITICA\u00bb","block_context":{"text":"POLITICA","link":"https:\/\/larevistadigital.com.ar\/blog\/category\/politica\/"},"img":{"alt_text":"","src":"https:\/\/i0.wp.com\/larevistadigital.com.ar\/blog\/wp-content\/uploads\/alvarez-ranchos-800x445.jpg?fit=800%2C445&ssl=1&resize=350%2C200","width":350,"height":200,"srcset":"https:\/\/i0.wp.com\/larevistadigital.com.ar\/blog\/wp-content\/uploads\/alvarez-ranchos-800x445.jpg?fit=800%2C445&ssl=1&resize=350%2C200 1x, https:\/\/i0.wp.com\/larevistadigital.com.ar\/blog\/wp-content\/uploads\/alvarez-ranchos-800x445.jpg?fit=800%2C445&ssl=1&resize=525%2C300 1.5x, https:\/\/i0.wp.com\/larevistadigital.com.ar\/blog\/wp-content\/uploads\/alvarez-ranchos-800x445.jpg?fit=800%2C445&ssl=1&resize=700%2C400 2x"},"classes":[]},{"id":10737,"url":"https:\/\/larevistadigital.com.ar\/blog\/ranchos-la-lista-de-juntos-por-el-cambio\/","url_meta":{"origin":32256,"position":1},"title":"RANCHOS: LA LISTA DE JUNTOS POR EL CAMBIO","author":"Alejandro Sosa Ruda","date":"24 junio, 2019","format":false,"excerpt":"Se dio a conocer la lista de quienes representar\u00e1n el espacio de \"Juntos por el Cambio\" del distrito de General Paz. PRECANDIDATO A INTENDENTE MUNICIPAL Juan Ignacio \u201cRulo\u201d \u00a0Tobio \u00a0 PRECANDIDATOS A CONCEJALES TITULARES Alfonso Echarri Cecilia Cabral Juan Martin Escapil Graciela Novelino David Lopez Lorena Pretti PRECANDIDATOS A CONCEJALES\u2026","rel":"","context":"En \u00abPOLITICA\u00bb","block_context":{"text":"POLITICA","link":"https:\/\/larevistadigital.com.ar\/blog\/category\/politica\/"},"img":{"alt_text":"","src":"https:\/\/i0.wp.com\/larevistadigital.com.ar\/blog\/wp-content\/uploads\/2018\/06\/MUNICIPALIDAD-DE-RANCHOS.jpg?fit=900%2C675&ssl=1&resize=350%2C200","width":350,"height":200,"srcset":"https:\/\/i0.wp.com\/larevistadigital.com.ar\/blog\/wp-content\/uploads\/2018\/06\/MUNICIPALIDAD-DE-RANCHOS.jpg?fit=900%2C675&ssl=1&resize=350%2C200 1x, https:\/\/i0.wp.com\/larevistadigital.com.ar\/blog\/wp-content\/uploads\/2018\/06\/MUNICIPALIDAD-DE-RANCHOS.jpg?fit=900%2C675&ssl=1&resize=525%2C300 1.5x, https:\/\/i0.wp.com\/larevistadigital.com.ar\/blog\/wp-content\/uploads\/2018\/06\/MUNICIPALIDAD-DE-RANCHOS.jpg?fit=900%2C675&ssl=1&resize=700%2C400 2x"},"classes":[]},{"id":17766,"url":"https:\/\/larevistadigital.com.ar\/blog\/ranchos-notable-crecimiento-del-hospital-bajo-la-direccion-del-doctor-santiago-dos-santos-y-la-conduccion-del-intendente-alvarez\/","url_meta":{"origin":32256,"position":2},"title":"RANCHOS: NOTABLE CRECIMIENTO DEL HOSPITAL, BAJO LA DIRECCI\u00d3N DEL DOCTOR SANTIAGO DOS SANTOS, Y LA CONDUCCI\u00d3N DEL INTENDENTE \u00c1LVAREZ","author":"Alejandro Sosa Ruda","date":"20 noviembre, 2020","format":false,"excerpt":"Desde el inicio de la pandemia, el hospital Campomar increment\u00f3 considerablemente la aparatolog\u00eda para dar una respuesta a las necesidades de los vecinos del Distrito. Indudablemente, este crecimiento se dio en la constante respuesta que encontramos desde el Estado Provincial y Nacional, producto de intensas gestiones llevadas adelante con el\u2026","rel":"","context":"En \u00abRANCHOS\u00bb","block_context":{"text":"RANCHOS","link":"https:\/\/larevistadigital.com.ar\/blog\/category\/ranchos\/"},"img":{"alt_text":"","src":"https:\/\/i0.wp.com\/larevistadigital.com.ar\/blog\/wp-content\/uploads\/126813470_2583858115187128_2633129353918161759_o.jpg?fit=960%2C640&ssl=1&resize=350%2C200","width":350,"height":200,"srcset":"https:\/\/i0.wp.com\/larevistadigital.com.ar\/blog\/wp-content\/uploads\/126813470_2583858115187128_2633129353918161759_o.jpg?fit=960%2C640&ssl=1&resize=350%2C200 1x, https:\/\/i0.wp.com\/larevistadigital.com.ar\/blog\/wp-content\/uploads\/126813470_2583858115187128_2633129353918161759_o.jpg?fit=960%2C640&ssl=1&resize=525%2C300 1.5x, https:\/\/i0.wp.com\/larevistadigital.com.ar\/blog\/wp-content\/uploads\/126813470_2583858115187128_2633129353918161759_o.jpg?fit=960%2C640&ssl=1&resize=700%2C400 2x"},"classes":[]},{"id":9860,"url":"https:\/\/larevistadigital.com.ar\/blog\/ranchos-el-intendente-se-reunio-con-el-ministerio-de-salud\/","url_meta":{"origin":32256,"position":3},"title":"RANCHOS: EL INTENDENTE SE REUNI\u00d3 CON EL MINISTERIO DE SALUD","author":"Alejandro Sosa Ruda","date":"26 abril, 2019","format":false,"excerpt":"El Intendente Municipal de General Paz, Juan Manuel Alvarez, mantuvo una importante reuni\u00f3n con el Jefe de Gabinete del Ministerio de Salud de la Provincia de Buenos Aires, Dr. Juan Ignacio Grosso y el Director Provincial de Hospitales, dependiente de la misma cartera, Dr. Alejandro Ravecca. Durante el encuentro, Alvarez\u2026","rel":"","context":"En \u00abPOLITICA\u00bb","block_context":{"text":"POLITICA","link":"https:\/\/larevistadigital.com.ar\/blog\/category\/politica\/"},"img":{"alt_text":"","src":"https:\/\/i0.wp.com\/larevistadigital.com.ar\/blog\/wp-content\/uploads\/2019\/04\/IMG_20190426_092453-1.jpg?fit=974%2C549&ssl=1&resize=350%2C200","width":350,"height":200,"srcset":"https:\/\/i0.wp.com\/larevistadigital.com.ar\/blog\/wp-content\/uploads\/2019\/04\/IMG_20190426_092453-1.jpg?fit=974%2C549&ssl=1&resize=350%2C200 1x, https:\/\/i0.wp.com\/larevistadigital.com.ar\/blog\/wp-content\/uploads\/2019\/04\/IMG_20190426_092453-1.jpg?fit=974%2C549&ssl=1&resize=525%2C300 1.5x, https:\/\/i0.wp.com\/larevistadigital.com.ar\/blog\/wp-content\/uploads\/2019\/04\/IMG_20190426_092453-1.jpg?fit=974%2C549&ssl=1&resize=700%2C400 2x"},"classes":[]},{"id":18412,"url":"https:\/\/larevistadigital.com.ar\/blog\/ranchos-el-intendente-agasajo-a-empleadas-que-se-jubilaron\/","url_meta":{"origin":32256,"position":4},"title":"RANCHOS: EL INTENDENTE AGASAJ\u00d3 A EMPLEADAS QUE SE JUBILARON","author":"Alejandro Sosa Ruda","date":"29 diciembre, 2020","format":false,"excerpt":"El Intendente Municipal Juan Manuel \u00c1lvarez, acompa\u00f1ado por la Directora de Recursos Humanos, Eugenia Isasmendi y la responsable de la Casa del Ni\u00f1o Alejandra Savino, recibieron en la ma\u00f1ana del martes 29 del corriente a Alicia Montaner y Norma D\u00edaz, con motivo de compartir el ya tradicional encuentro que se\u2026","rel":"","context":"En \u00abPOLITICA\u00bb","block_context":{"text":"POLITICA","link":"https:\/\/larevistadigital.com.ar\/blog\/category\/politica\/"},"img":{"alt_text":"","src":"https:\/\/i0.wp.com\/larevistadigital.com.ar\/blog\/wp-content\/uploads\/133653832_2612588042314135_4949323300927736716_n.jpg?fit=960%2C640&ssl=1&resize=350%2C200","width":350,"height":200,"srcset":"https:\/\/i0.wp.com\/larevistadigital.com.ar\/blog\/wp-content\/uploads\/133653832_2612588042314135_4949323300927736716_n.jpg?fit=960%2C640&ssl=1&resize=350%2C200 1x, https:\/\/i0.wp.com\/larevistadigital.com.ar\/blog\/wp-content\/uploads\/133653832_2612588042314135_4949323300927736716_n.jpg?fit=960%2C640&ssl=1&resize=525%2C300 1.5x, https:\/\/i0.wp.com\/larevistadigital.com.ar\/blog\/wp-content\/uploads\/133653832_2612588042314135_4949323300927736716_n.jpg?fit=960%2C640&ssl=1&resize=700%2C400 2x"},"classes":[]},{"id":24863,"url":"https:\/\/larevistadigital.com.ar\/blog\/ranchos-santiago-muscarello-es-el-nuevo-secretario-de-seguridad\/","url_meta":{"origin":32256,"position":5},"title":"RANCHOS: SANTIAGO MUSCARELLO ES EL NUEVO SECRETARIO DE SEGURIDAD","author":"Alejandro Sosa Ruda","date":"28 marzo, 2022","format":false,"excerpt":"RANCHOS -\u00a0 El dirigente peronista y jefe de Anses de Chascom\u00fas Santiago Muscarello es el nuevo secretario de seguridad del municipio de General Paz,\u00a0luego de haberlo sido en Chascom\u00fas durante la primera gesti\u00f3n del intendente Javier Gast\u00f3n. Al parecer entre otras cosas los\u00a0 \u00faltimos hechos de inseguridad en Ranchos, han\u2026","rel":"","context":"En \u00abRANCHOS\u00bb","block_context":{"text":"RANCHOS","link":"https:\/\/larevistadigital.com.ar\/blog\/category\/ranchos\/"},"img":{"alt_text":"","src":"https:\/\/i0.wp.com\/larevistadigital.com.ar\/blog\/wp-content\/uploads\/Captura-de-pantalla-2022-03-28-130145.jpg?fit=742%2C586&ssl=1&resize=350%2C200","width":350,"height":200,"srcset":"https:\/\/i0.wp.com\/larevistadigital.com.ar\/blog\/wp-content\/uploads\/Captura-de-pantalla-2022-03-28-130145.jpg?fit=742%2C586&ssl=1&resize=350%2C200 1x, https:\/\/i0.wp.com\/larevistadigital.com.ar\/blog\/wp-content\/uploads\/Captura-de-pantalla-2022-03-28-130145.jpg?fit=742%2C586&ssl=1&resize=525%2C300 1.5x, https:\/\/i0.wp.com\/larevistadigital.com.ar\/blog\/wp-content\/uploads\/Captura-de-pantalla-2022-03-28-130145.jpg?fit=742%2C586&ssl=1&resize=700%2C400 2x"},"classes":[]}],"_links":{"self":[{"href":"https:\/\/larevistadigital.com.ar\/blog\/wp-json\/wp\/v2\/posts\/32256","targetHints":{"allow":["GET"]}}],"collection":[{"href":"https:\/\/larevistadigital.com.ar\/blog\/wp-json\/wp\/v2\/posts"}],"about":[{"href":"https:\/\/larevistadigital.com.ar\/blog\/wp-json\/wp\/v2\/types\/post"}],"author":[{"embeddable":true,"href":"https:\/\/larevistadigital.com.ar\/blog\/wp-json\/wp\/v2\/users\/3"}],"replies":[{"embeddable":true,"href":"https:\/\/larevistadigital.com.ar\/blog\/wp-json\/wp\/v2\/comments?post=32256"}],"version-history":[{"count":1,"href":"https:\/\/larevistadigital.com.ar\/blog\/wp-json\/wp\/v2\/posts\/32256\/revisions"}],"predecessor-version":[{"id":32258,"href":"https:\/\/larevistadigital.com.ar\/blog\/wp-json\/wp\/v2\/posts\/32256\/revisions\/32258"}],"wp:featuredmedia":[{"embeddable":true,"href":"https:\/\/larevistadigital.com.ar\/blog\/wp-json\/wp\/v2\/media\/32257"}],"wp:attachment":[{"href":"https:\/\/larevistadigital.com.ar\/blog\/wp-json\/wp\/v2\/media?parent=32256"}],"wp:term":[{"taxonomy":"category","embeddable":true,"href":"https:\/\/larevistadigital.com.ar\/blog\/wp-json\/wp\/v2\/categories?post=32256"},{"taxonomy":"post_tag","embeddable":true,"href":"https:\/\/larevistadigital.com.ar\/blog\/wp-json\/wp\/v2\/tags?post=32256"}],"curies":[{"name":"wp","href":"https:\/\/api.w.org\/{rel}","templated":true}]}}