{"id":32290,"date":"2023-07-05T23:28:53","date_gmt":"2023-07-05T23:28:53","guid":{"rendered":"https:\/\/larevistadigital.com.ar\/blog\/?p=32290"},"modified":"2023-07-05T23:28:53","modified_gmt":"2023-07-05T23:28:53","slug":"beatriz-de-leon-aseguro-que-en-el-consejo-escolar-se-reparten-los-insumos-a-ojo","status":"publish","type":"post","link":"https:\/\/larevistadigital.com.ar\/blog\/beatriz-de-leon-aseguro-que-en-el-consejo-escolar-se-reparten-los-insumos-a-ojo\/","title":{"rendered":"BEATRIZ DE LEON ASEGUR\u00d3 QUE \u00abEN EL CONSEJO ESCOLAR SE REPARTEN LOS INSUMOS A OJO\u00bb"},"content":{"rendered":"<h2>Asegur\u00f3 que su espacio est\u00e1 sumamente preocupado por este tema, y que los chicos no pueden estudiar en las condiciones que se encuentran algunos colegios.<\/h2>\n<p>5 de julio de 2023<\/p>\n<p><strong>CHASCOM\u00daS &#8211;<\/strong>\u00a0 \u00a0La candidata a intendente por el partido Libres del Sur,\u00a0 <strong>Mar\u00eda Beatriz De Le\u00f3n, <\/strong>se comunic\u00f3 con nuestra redacci\u00f3n manifestando su gran preocupaci\u00f3n por como se manejan las cosas en el Consejo Escolar de la ciudad.<\/p>\n<blockquote>\n<h3>Hizo hincapi\u00e9 en que lamentablemente desde el Consejo se manejan\u00a0 los recursos \u00aba ojo\u00bb, cuando en realidad se deber\u00eda tener en claro cuales son las reales necesidades, para poder administrar esos recursos.<\/h3>\n<\/blockquote>\n<p><em><strong>\u00abHay 700 alumnos en la escuela industrial, y est\u00e1n llegando los alimentos vencidos y en mal estado.\u00bb<\/strong><\/em>, asegur\u00f3 indignada.<\/p>\n<blockquote>\n<h3>Relat\u00f3 adem\u00e1s que por ejemplo les entregan <em>\u00absolamente diez litros de cloro para semejante escuela por mes\u00bb<\/em>, o que <em>\u00abse dan seis pack de papel higi\u00e9nico (trae 4 cada pack) por mes\u00bb<\/em><\/h3>\n<\/blockquote>\n<p><strong>Beatriz<\/strong> agreg\u00f3 que <strong><em>\u00abhay serios problemas edilicios y por m\u00e1s que algunas escuelas sean de gesti\u00f3n provincial o nacional nuestros j\u00f3venes y ni\u00f1os concurren a estudiar en Chascom\u00fas, debemos comenzar a solucionar temas sensibles como esos\u00bb.<\/em><\/strong><\/p>\n<figure id=\"attachment_32293\" aria-describedby=\"caption-attachment-32293\" style=\"width: 900px\" class=\"wp-caption alignnone\"><img data-recalc-dims=\"1\" loading=\"lazy\" decoding=\"async\" class=\"wp-image-32293 size-full\" src=\"https:\/\/i0.wp.com\/larevistadigital.com.ar\/blog\/wp-content\/uploads\/WhatsApp-Image-2023-07-04-at-00.44.58-1.jpeg?resize=900%2C1600&#038;ssl=1\" alt=\"Una muestra del estado del SUM de la escuela industrial, cuando llueve.\" width=\"900\" height=\"1600\" srcset=\"https:\/\/i0.wp.com\/larevistadigital.com.ar\/blog\/wp-content\/uploads\/WhatsApp-Image-2023-07-04-at-00.44.58-1.jpeg?w=900&amp;ssl=1 900w, https:\/\/i0.wp.com\/larevistadigital.com.ar\/blog\/wp-content\/uploads\/WhatsApp-Image-2023-07-04-at-00.44.58-1.jpeg?resize=169%2C300&amp;ssl=1 169w, https:\/\/i0.wp.com\/larevistadigital.com.ar\/blog\/wp-content\/uploads\/WhatsApp-Image-2023-07-04-at-00.44.58-1.jpeg?resize=576%2C1024&amp;ssl=1 576w, https:\/\/i0.wp.com\/larevistadigital.com.ar\/blog\/wp-content\/uploads\/WhatsApp-Image-2023-07-04-at-00.44.58-1.jpeg?resize=768%2C1365&amp;ssl=1 768w, https:\/\/i0.wp.com\/larevistadigital.com.ar\/blog\/wp-content\/uploads\/WhatsApp-Image-2023-07-04-at-00.44.58-1.jpeg?resize=864%2C1536&amp;ssl=1 864w\" sizes=\"auto, (max-width: 900px) 100vw, 900px\" \/><figcaption id=\"caption-attachment-32293\" class=\"wp-caption-text\"><strong>Una muestra del estado del SUM de la escuela industrial, cuando llueve.<\/strong><\/figcaption><\/figure>\n<p>&nbsp;<\/p>\n<p><img data-recalc-dims=\"1\" loading=\"lazy\" decoding=\"async\" class=\"alignnone size-full wp-image-32294\" src=\"https:\/\/i0.wp.com\/larevistadigital.com.ar\/blog\/wp-content\/uploads\/WhatsApp-Image-2023-07-04-at-00.44.58.jpeg?resize=900%2C1600&#038;ssl=1\" alt=\"\" width=\"900\" height=\"1600\" \/><\/p>\n","protected":false},"excerpt":{"rendered":"<div class=\"mh-excerpt\"><p>Asegur\u00f3 que su espacio est\u00e1 sumamente preocupado por este tema, y que los chicos no pueden estudiar en las condiciones que se encuentran algunos colegios. 5 de julio de 2023 CHASCOM\u00daS &#8211;\u00a0 \u00a0La candidata a <a class=\"mh-excerpt-more\" href=\"https:\/\/larevistadigital.com.ar\/blog\/beatriz-de-leon-aseguro-que-en-el-consejo-escolar-se-reparten-los-insumos-a-ojo\/\" title=\"BEATRIZ DE LEON ASEGUR\u00d3 QUE \u00abEN EL CONSEJO ESCOLAR SE REPARTEN LOS INSUMOS A OJO\u00bb\">[Leer M\u00e1s]<\/a><\/p>\n<\/div>","protected":false},"author":3,"featured_media":32294,"comment_status":"open","ping_status":"open","sticky":false,"template":"","format":"standard","meta":{"_jetpack_memberships_contains_paid_content":false,"footnotes":"","jetpack_publicize_message":"","jetpack_publicize_feature_enabled":true,"jetpack_social_post_already_shared":true,"jetpack_social_options":{"image_generator_settings":{"template":"highway","default_image_id":0,"font":"","enabled":false},"version":2}},"categories":[50,23],"tags":[],"class_list":{"0":"post-32290","1":"post","2":"type-post","3":"status-publish","4":"format-standard","5":"has-post-thumbnail","7":"category-interes-general","8":"category-politica-local"},"jetpack_publicize_connections":[],"jetpack_featured_media_url":"https:\/\/i0.wp.com\/larevistadigital.com.ar\/blog\/wp-content\/uploads\/WhatsApp-Image-2023-07-04-at-00.44.58-e1688599208525.jpeg?fit=900%2C968&ssl=1","jetpack_sharing_enabled":true,"jetpack_shortlink":"https:\/\/wp.me\/p8qtrQ-8oO","jetpack-related-posts":[{"id":21526,"url":"https:\/\/larevistadigital.com.ar\/blog\/inseguridad-beatriz-de-leon-aseguro-que-no-solo-no-se-hubo-politicas-concretas-sino-que-ademas-la-oposicion-no-se-puso-con-firmeza-del-lado-de-los-vecinos\/","url_meta":{"origin":32290,"position":0},"title":"INSEGURIDAD: BEATRIZ DE LE\u00d3N ASEGUR\u00d3 QUE NO SOLO NO HUBIERON POL\u00cdTICAS CONCRETAS, SINO QUE ADEM\u00c1S LA OPOSICI\u00d3N NO SE PUSO CON FIRMEZA DEL LADO DE LOS VECINOS","author":"Alejandro Sosa Ruda","date":"12 agosto, 2021","format":false,"excerpt":"Durante un reportaje que mantuvimos con la dirigente pol\u00edtica y referente local del espacio que lidera Florencio Randazzo (\"Vamos con Vos\"), Beatriz De Le\u00f3n abord\u00f3 especialmente el tema de la inseguridad en Chascom\u00fas, algo que es una de las m\u00e1ximas preocupaciones de los vecinos, y que ella, ha tomado desde\u2026","rel":"","context":"En \u00abINTERES GENERAL\u00bb","block_context":{"text":"INTERES GENERAL","link":"https:\/\/larevistadigital.com.ar\/blog\/category\/interes-general\/"},"img":{"alt_text":"","src":"https:\/\/i0.wp.com\/larevistadigital.com.ar\/blog\/wp-content\/uploads\/WhatsApp-Image-2021-08-11-at-19.59.04.jpeg?fit=1200%2C900&ssl=1&resize=350%2C200","width":350,"height":200,"srcset":"https:\/\/i0.wp.com\/larevistadigital.com.ar\/blog\/wp-content\/uploads\/WhatsApp-Image-2021-08-11-at-19.59.04.jpeg?fit=1200%2C900&ssl=1&resize=350%2C200 1x, https:\/\/i0.wp.com\/larevistadigital.com.ar\/blog\/wp-content\/uploads\/WhatsApp-Image-2021-08-11-at-19.59.04.jpeg?fit=1200%2C900&ssl=1&resize=525%2C300 1.5x, https:\/\/i0.wp.com\/larevistadigital.com.ar\/blog\/wp-content\/uploads\/WhatsApp-Image-2021-08-11-at-19.59.04.jpeg?fit=1200%2C900&ssl=1&resize=700%2C400 2x, https:\/\/i0.wp.com\/larevistadigital.com.ar\/blog\/wp-content\/uploads\/WhatsApp-Image-2021-08-11-at-19.59.04.jpeg?fit=1200%2C900&ssl=1&resize=1050%2C600 3x"},"classes":[]},{"id":32462,"url":"https:\/\/larevistadigital.com.ar\/blog\/chascomus-beatriz-de-leon-mantuvo-una-muy-interesante-reunion-con-el-colegio-de-arquitectos\/","url_meta":{"origin":32290,"position":1},"title":"CHASCOM\u00daS: BEATRIZ DE LE\u00d3N MANTUVO UNA MUY INTERESANTE REUNI\u00d3N CON EL COL\u00c9GIO DE ARQUITECTOS","author":"Alejandro Sosa Ruda","date":"17 julio, 2023","format":false,"excerpt":"La candidata a intendente por el Partido Libres del Sur, dialog\u00f3 con los arquitectos que se sorprendieron por la claridad de sus propuestas. 17 de julio de 2023 CHASCOM\u00daS -\u00a0 El colegio de Arquitectos de Chascom\u00fas, est\u00e1 realizando distintas reuniones con candidatos a Intendente y concejales, a efectos de conocer\u2026","rel":"","context":"En \u00abINTERES GENERAL\u00bb","block_context":{"text":"INTERES GENERAL","link":"https:\/\/larevistadigital.com.ar\/blog\/category\/interes-general\/"},"img":{"alt_text":"","src":"https:\/\/i0.wp.com\/larevistadigital.com.ar\/blog\/wp-content\/uploads\/WhatsApp-Image-2023-07-17-at-13.02.23-1.jpeg?fit=1200%2C675&ssl=1&resize=350%2C200","width":350,"height":200,"srcset":"https:\/\/i0.wp.com\/larevistadigital.com.ar\/blog\/wp-content\/uploads\/WhatsApp-Image-2023-07-17-at-13.02.23-1.jpeg?fit=1200%2C675&ssl=1&resize=350%2C200 1x, https:\/\/i0.wp.com\/larevistadigital.com.ar\/blog\/wp-content\/uploads\/WhatsApp-Image-2023-07-17-at-13.02.23-1.jpeg?fit=1200%2C675&ssl=1&resize=525%2C300 1.5x, https:\/\/i0.wp.com\/larevistadigital.com.ar\/blog\/wp-content\/uploads\/WhatsApp-Image-2023-07-17-at-13.02.23-1.jpeg?fit=1200%2C675&ssl=1&resize=700%2C400 2x, https:\/\/i0.wp.com\/larevistadigital.com.ar\/blog\/wp-content\/uploads\/WhatsApp-Image-2023-07-17-at-13.02.23-1.jpeg?fit=1200%2C675&ssl=1&resize=1050%2C600 3x"},"classes":[]},{"id":41650,"url":"https:\/\/larevistadigital.com.ar\/blog\/familias-del-jardin-904-reclaman-al-consejo-escolar-por-una-obra-demorada-hace-mas-de-un-ano\/","url_meta":{"origin":32290,"position":2},"title":"Familias del Jard\u00edn 904 reclaman al Consejo Escolar por una obra demorada hace m\u00e1s de un a\u00f1o","author":"Alejandro Sosa Ruda","date":"25 septiembre, 2025","format":false,"excerpt":"Piden al Consejo Escolar respuestas ante la falta de colocaci\u00f3n del nuevo piso en una de las salas. Los materiales ya fueron comprados, pero la mano de obra nunca se concret\u00f3. 25 de septiembre de 2025 CHASCOM\u00daS -\u00a0 \u00a0Las familias del Jard\u00edn de Infantes N\u00b0 904 volvieron a expresar su\u2026","rel":"","context":"En \u00abCHASCOM\u00daS\u00bb","block_context":{"text":"CHASCOM\u00daS","link":"https:\/\/larevistadigital.com.ar\/blog\/category\/chascomus\/"},"img":{"alt_text":"","src":"https:\/\/i0.wp.com\/larevistadigital.com.ar\/blog\/wp-content\/uploads\/consejo-escolar-chascomus.jpg?fit=900%2C507&ssl=1&resize=350%2C200","width":350,"height":200,"srcset":"https:\/\/i0.wp.com\/larevistadigital.com.ar\/blog\/wp-content\/uploads\/consejo-escolar-chascomus.jpg?fit=900%2C507&ssl=1&resize=350%2C200 1x, https:\/\/i0.wp.com\/larevistadigital.com.ar\/blog\/wp-content\/uploads\/consejo-escolar-chascomus.jpg?fit=900%2C507&ssl=1&resize=525%2C300 1.5x, https:\/\/i0.wp.com\/larevistadigital.com.ar\/blog\/wp-content\/uploads\/consejo-escolar-chascomus.jpg?fit=900%2C507&ssl=1&resize=700%2C400 2x"},"classes":[]},{"id":8649,"url":"https:\/\/larevistadigital.com.ar\/blog\/lezama-atencion-proveedores-del-consejo-escolar-deberan-notificarse-de-cambios-en-las-prestaciones\/","url_meta":{"origin":32290,"position":3},"title":"LEZAMA: ATENCI\u00d3N PROVEEDORES DEL CONSEJO ESCOLAR: DEBER\u00c1N NOTIFICARSE DE CAMBIOS EN LAS PRESTACIONES","author":"Alejandro Sosa Ruda","date":"22 febrero, 2019","format":false,"excerpt":"La D.G.C. y E. emiti\u00f3 un nuevo instructivo que deber\u00e1n cumplimentar quienes trabajan para el Consejo en los rubros obras y servicios, alimentaci\u00f3n y transporte. Consejo Escolar de Lezama solicita a quienes son o deseen ser proveedores a acercarse al edificio (Blandengues 267), en el horario de 7 a 14\u2026","rel":"","context":"En \u00abLEZAMA\u00bb","block_context":{"text":"LEZAMA","link":"https:\/\/larevistadigital.com.ar\/blog\/category\/lezama\/"},"img":{"alt_text":"","src":"https:\/\/i0.wp.com\/larevistadigital.com.ar\/blog\/wp-content\/uploads\/2019\/02\/52522682_1409465562579474_7790930130729172992_n.jpg?fit=960%2C627&ssl=1&resize=350%2C200","width":350,"height":200,"srcset":"https:\/\/i0.wp.com\/larevistadigital.com.ar\/blog\/wp-content\/uploads\/2019\/02\/52522682_1409465562579474_7790930130729172992_n.jpg?fit=960%2C627&ssl=1&resize=350%2C200 1x, https:\/\/i0.wp.com\/larevistadigital.com.ar\/blog\/wp-content\/uploads\/2019\/02\/52522682_1409465562579474_7790930130729172992_n.jpg?fit=960%2C627&ssl=1&resize=525%2C300 1.5x, https:\/\/i0.wp.com\/larevistadigital.com.ar\/blog\/wp-content\/uploads\/2019\/02\/52522682_1409465562579474_7790930130729172992_n.jpg?fit=960%2C627&ssl=1&resize=700%2C400 2x"},"classes":[]},{"id":32554,"url":"https:\/\/larevistadigital.com.ar\/blog\/beatriz-de-leon-presento-a-sus-candidatos-con-la-visita-de-la-candidata-a-gobernadora-de-la-lista-del-partido-libres-del-sur\/","url_meta":{"origin":32290,"position":4},"title":"BEATRIZ DE LE\u00d3N PRESENTO A SUS CANDIDATOS CON LA VISITA DE LA CANDIDATA A GOBERNADORA DE LA LISTA DEL PARTIDO LIBRES DEL SUR","author":"Alejandro Sosa Ruda","date":"24 julio, 2023","format":false,"excerpt":"El acto se realiz\u00f3 el d\u00eda s\u00e1bado a las 17 hs. en el local partidario de calle Libres del Sur 615, donde se reunieron muchos militantes y vecinos. 24 de agosto de 2023 CHASCOM\u00daS\u00a0 -\u00a0 Finalmente se hizo la presentaci\u00f3n formal de la lista que encabeza Mar\u00eda Beatriz De Le\u00f3n\u2026","rel":"","context":"En \u00abINTERES GENERAL\u00bb","block_context":{"text":"INTERES GENERAL","link":"https:\/\/larevistadigital.com.ar\/blog\/category\/interes-general\/"},"img":{"alt_text":"","src":"https:\/\/i0.wp.com\/larevistadigital.com.ar\/blog\/wp-content\/uploads\/WhatsApp-Image-2023-07-24-at-12.09.18.jpeg?fit=1200%2C675&ssl=1&resize=350%2C200","width":350,"height":200,"srcset":"https:\/\/i0.wp.com\/larevistadigital.com.ar\/blog\/wp-content\/uploads\/WhatsApp-Image-2023-07-24-at-12.09.18.jpeg?fit=1200%2C675&ssl=1&resize=350%2C200 1x, https:\/\/i0.wp.com\/larevistadigital.com.ar\/blog\/wp-content\/uploads\/WhatsApp-Image-2023-07-24-at-12.09.18.jpeg?fit=1200%2C675&ssl=1&resize=525%2C300 1.5x, https:\/\/i0.wp.com\/larevistadigital.com.ar\/blog\/wp-content\/uploads\/WhatsApp-Image-2023-07-24-at-12.09.18.jpeg?fit=1200%2C675&ssl=1&resize=700%2C400 2x, https:\/\/i0.wp.com\/larevistadigital.com.ar\/blog\/wp-content\/uploads\/WhatsApp-Image-2023-07-24-at-12.09.18.jpeg?fit=1200%2C675&ssl=1&resize=1050%2C600 3x"},"classes":[]},{"id":1370,"url":"https:\/\/larevistadigital.com.ar\/blog\/el-consejo-escolar-equipa-comedores-de-escuelas-y-jardines-de-infantes\/","url_meta":{"origin":32290,"position":5},"title":"El Consejo Escolar equipa comedores de escuelas y jardines de infantes","author":"editor","date":"14 marzo, 2017","format":false,"excerpt":"El Consejo Escolar Castelli, en su importante rol frente a los establecimientos educativos, realiz\u00f3 una significativa compra de vajillas y dem\u00e1s elementos para renovar, reponer y equipar comedores escolares, servicios de desayuno y merienda reforzada de nuestra ciudad que se ir\u00e1n entregando a las escuelas en el trascurrir de la\u2026","rel":"","context":"En \u00abCASTELLI\u00bb","block_context":{"text":"CASTELLI","link":"https:\/\/larevistadigital.com.ar\/blog\/category\/castelli\/"},"img":{"alt_text":"","src":"https:\/\/i0.wp.com\/larevistadigital.com.ar\/blog\/wp-content\/uploads\/2017\/03\/portada-concejo-escolar-castelli.jpg?fit=900%2C405&ssl=1&resize=350%2C200","width":350,"height":200,"srcset":"https:\/\/i0.wp.com\/larevistadigital.com.ar\/blog\/wp-content\/uploads\/2017\/03\/portada-concejo-escolar-castelli.jpg?fit=900%2C405&ssl=1&resize=350%2C200 1x, https:\/\/i0.wp.com\/larevistadigital.com.ar\/blog\/wp-content\/uploads\/2017\/03\/portada-concejo-escolar-castelli.jpg?fit=900%2C405&ssl=1&resize=525%2C300 1.5x, https:\/\/i0.wp.com\/larevistadigital.com.ar\/blog\/wp-content\/uploads\/2017\/03\/portada-concejo-escolar-castelli.jpg?fit=900%2C405&ssl=1&resize=700%2C400 2x"},"classes":[]}],"_links":{"self":[{"href":"https:\/\/larevistadigital.com.ar\/blog\/wp-json\/wp\/v2\/posts\/32290","targetHints":{"allow":["GET"]}}],"collection":[{"href":"https:\/\/larevistadigital.com.ar\/blog\/wp-json\/wp\/v2\/posts"}],"about":[{"href":"https:\/\/larevistadigital.com.ar\/blog\/wp-json\/wp\/v2\/types\/post"}],"author":[{"embeddable":true,"href":"https:\/\/larevistadigital.com.ar\/blog\/wp-json\/wp\/v2\/users\/3"}],"replies":[{"embeddable":true,"href":"https:\/\/larevistadigital.com.ar\/blog\/wp-json\/wp\/v2\/comments?post=32290"}],"version-history":[{"count":2,"href":"https:\/\/larevistadigital.com.ar\/blog\/wp-json\/wp\/v2\/posts\/32290\/revisions"}],"predecessor-version":[{"id":32296,"href":"https:\/\/larevistadigital.com.ar\/blog\/wp-json\/wp\/v2\/posts\/32290\/revisions\/32296"}],"wp:featuredmedia":[{"embeddable":true,"href":"https:\/\/larevistadigital.com.ar\/blog\/wp-json\/wp\/v2\/media\/32294"}],"wp:attachment":[{"href":"https:\/\/larevistadigital.com.ar\/blog\/wp-json\/wp\/v2\/media?parent=32290"}],"wp:term":[{"taxonomy":"category","embeddable":true,"href":"https:\/\/larevistadigital.com.ar\/blog\/wp-json\/wp\/v2\/categories?post=32290"},{"taxonomy":"post_tag","embeddable":true,"href":"https:\/\/larevistadigital.com.ar\/blog\/wp-json\/wp\/v2\/tags?post=32290"}],"curies":[{"name":"wp","href":"https:\/\/api.w.org\/{rel}","templated":true}]}}