{"id":32300,"date":"2023-07-05T23:49:48","date_gmt":"2023-07-05T23:49:48","guid":{"rendered":"https:\/\/larevistadigital.com.ar\/blog\/?p=32300"},"modified":"2023-07-05T23:49:48","modified_gmt":"2023-07-05T23:49:48","slug":"mar-del-plata-un-dirigente-de-la-uta-denuncio-que-le-balearon-el-auto","status":"publish","type":"post","link":"https:\/\/larevistadigital.com.ar\/blog\/mar-del-plata-un-dirigente-de-la-uta-denuncio-que-le-balearon-el-auto\/","title":{"rendered":"MAR DEL PLATA: UN DIRIGENTE DE LA UTA DENUNCI\u00d3 QUE LE BALEARON EL AUTO"},"content":{"rendered":"<h2 class=\"fparrafo ctext fz18 lh25\">Le ocurri\u00f3 en la puerta de su casa al secretario organizaci\u00f3n de la UTA en Mar del Plata, Dami\u00e1n Maldonado. Lo vinculan a una interna gremial.<\/h2>\n<p>5 de julio de 2023<\/p>\n<p><strong>MAR DEL PLATA\u00a0 &#8211;\u00a0 <\/strong>El secretario organizaci\u00f3n de la UTA en Mar del Plata, <strong>Dami\u00e1n Maldonado<\/strong>, denunci\u00f3 que le balearon el auto, que se encontraba estacionado en la puerta de su casa, en el barrio San Cayetano, de la mencionada localidad balnearia.<\/p>\n<blockquote>\n<h3 class=\"selectionShareable\">El ataque ocurri\u00f3 pasadas las 23 del \u00faltimo martes, cuando <strong>Maldonado<\/strong> se encontraba en el interior de su vivienda y escuch\u00f3 tres detonaciones de arma de fuego.<\/h3>\n<\/blockquote>\n<p class=\"selectionShareable\">Al salir, corrobor\u00f3 que su veh\u00edculo, un Fiat Uno Way, ten\u00eda dos impactos. Inmediatamente realiz\u00f3 la denuncia en la polic\u00eda. Polic\u00eda Cient\u00edfica trabaj\u00f3 en el lugar y secuestr\u00f3 un proyectil encamisado con calibre a verificar. Por su parte, el fiscal <strong>Leandro Ar\u00e9valo<\/strong> de la UFI 7 dispuso se inicien actuaciones por da\u00f1o.<\/p>\n<blockquote>\n<h3 class=\"selectionShareable\">El secretario gremial de la UTA, Adri\u00e1n Gim\u00e9nez, se solidariz\u00f3 con su compa\u00f1ero y vincul\u00f3 la agresi\u00f3n a una interna gremial que se desat\u00f3 a partir de la renovaci\u00f3n de autoridades y que ya lleva varios meses.<\/h3>\n<\/blockquote>\n<p class=\"selectionShareable\"><em><strong>\u201cHay cuestiones b\u00e1sicas que yo aprend\u00ed de muy joven en nuestro sindicato: las casas y las familias se respetan. Con este tipo de hechos de violencia, si piensan algunos que nos van a amedrentar, nosotros les decimos que no; esto nos da m\u00e1s fuerza y nos une como lista ganadora de esta seccional, la Celeste y Blanca, para seguir trabajando en funci\u00f3n de lo que le corresponde a los trabajadores y a las trabajadoras de nuestra actividad\u201d<\/strong><\/em>, dijo <strong>Gim\u00e9nez<\/strong>. (<b>InfoGEI<\/b>) Mg<\/p>\n","protected":false},"excerpt":{"rendered":"<div class=\"mh-excerpt\"><p>Le ocurri\u00f3 en la puerta de su casa al secretario organizaci\u00f3n de la UTA en Mar del Plata, Dami\u00e1n Maldonado. Lo vinculan a una interna gremial. 5 de julio de 2023 MAR DEL PLATA\u00a0 &#8211;\u00a0 <a class=\"mh-excerpt-more\" href=\"https:\/\/larevistadigital.com.ar\/blog\/mar-del-plata-un-dirigente-de-la-uta-denuncio-que-le-balearon-el-auto\/\" title=\"MAR DEL PLATA: UN DIRIGENTE DE LA UTA DENUNCI\u00d3 QUE LE BALEARON EL AUTO\">[Leer M\u00e1s]<\/a><\/p>\n<\/div>","protected":false},"author":3,"featured_media":32301,"comment_status":"open","ping_status":"open","sticky":false,"template":"","format":"standard","meta":{"_jetpack_memberships_contains_paid_content":false,"footnotes":"","jetpack_publicize_message":"","jetpack_publicize_feature_enabled":true,"jetpack_social_post_already_shared":true,"jetpack_social_options":{"image_generator_settings":{"template":"highway","default_image_id":0,"font":"","enabled":false},"version":2}},"categories":[10,51],"tags":[],"class_list":{"0":"post-32300","1":"post","2":"type-post","3":"status-publish","4":"format-standard","5":"has-post-thumbnail","7":"category-gremiales","8":"category-regionales"},"jetpack_publicize_connections":[],"jetpack_featured_media_url":"https:\/\/i0.wp.com\/larevistadigital.com.ar\/blog\/wp-content\/uploads\/20230705171644_uta.jpg?fit=880%2C512&ssl=1","jetpack_sharing_enabled":true,"jetpack_shortlink":"https:\/\/wp.me\/p8qtrQ-8oY","jetpack-related-posts":[{"id":14575,"url":"https:\/\/larevistadigital.com.ar\/blog\/mar-del-plata-delincuentes-balearon-a-un-policia\/","url_meta":{"origin":32300,"position":0},"title":"MAR DEL PLATA: DELINCUENTES BALEARON A UN POLIC\u00cdA","author":"Alejandro Sosa Ruda","date":"3 febrero, 2020","format":false,"excerpt":"El hecho ocurri\u00f3 a las 19 hs.. Los investigadores trabajan en el lugar: la zona fue vallada y se interrumpi\u00f3 el tr\u00e1nsito. En el enfrentamiento tambi\u00e9n fue herido uno de los ladrones. Un polic\u00eda fue baleado este lunes a la tarde durante un tiroteo que mantuvo con delincuentes La Rioja,\u2026","rel":"","context":"En \u00abREGIONALES\u00bb","block_context":{"text":"REGIONALES","link":"https:\/\/larevistadigital.com.ar\/blog\/category\/regionales\/"},"img":{"alt_text":"","src":"https:\/\/i0.wp.com\/larevistadigital.com.ar\/blog\/wp-content\/uploads\/Screenshot_3-40.jpg?fit=1010%2C475&ssl=1&resize=350%2C200","width":350,"height":200,"srcset":"https:\/\/i0.wp.com\/larevistadigital.com.ar\/blog\/wp-content\/uploads\/Screenshot_3-40.jpg?fit=1010%2C475&ssl=1&resize=350%2C200 1x, https:\/\/i0.wp.com\/larevistadigital.com.ar\/blog\/wp-content\/uploads\/Screenshot_3-40.jpg?fit=1010%2C475&ssl=1&resize=525%2C300 1.5x, https:\/\/i0.wp.com\/larevistadigital.com.ar\/blog\/wp-content\/uploads\/Screenshot_3-40.jpg?fit=1010%2C475&ssl=1&resize=700%2C400 2x"},"classes":[]},{"id":31627,"url":"https:\/\/larevistadigital.com.ar\/blog\/mar-del-plata-se-levanta-el-paro-de-colectivos-del-proximo-viernes\/","url_meta":{"origin":32300,"position":1},"title":"MAR DEL PLATA: SE LEVANTA EL PARO DE COLECTIVOS DEL PR\u00d3XIMO VIERNES","author":"Alejandro Sosa Ruda","date":"17 mayo, 2023","format":false,"excerpt":"La agrupaci\u00f3n Juan Manuel Palacios comunic\u00f3 la decisi\u00f3n tras un plenario desarrollado en el sal\u00f3n de asamblea de la UTA. Contin\u00faa la pol\u00e9mica por la sede sindical de la calle Belgrano. 17 DE MAYO DE 2023 MAR DEL PLATA\u00a0 -\u00a0 La agrupaci\u00f3n Juan Manuel Palacios ha decidido levantar el paro\u2026","rel":"","context":"En \u00abGREMIALES\u00bb","block_context":{"text":"GREMIALES","link":"https:\/\/larevistadigital.com.ar\/blog\/category\/gremiales\/"},"img":{"alt_text":"","src":"https:\/\/i0.wp.com\/larevistadigital.com.ar\/blog\/wp-content\/uploads\/COLECTIVOS-CORTE-DE-TRANSITO-LURO-206418_600x315.jpg?fit=900%2C473&ssl=1&resize=350%2C200","width":350,"height":200,"srcset":"https:\/\/i0.wp.com\/larevistadigital.com.ar\/blog\/wp-content\/uploads\/COLECTIVOS-CORTE-DE-TRANSITO-LURO-206418_600x315.jpg?fit=900%2C473&ssl=1&resize=350%2C200 1x, https:\/\/i0.wp.com\/larevistadigital.com.ar\/blog\/wp-content\/uploads\/COLECTIVOS-CORTE-DE-TRANSITO-LURO-206418_600x315.jpg?fit=900%2C473&ssl=1&resize=525%2C300 1.5x, https:\/\/i0.wp.com\/larevistadigital.com.ar\/blog\/wp-content\/uploads\/COLECTIVOS-CORTE-DE-TRANSITO-LURO-206418_600x315.jpg?fit=900%2C473&ssl=1&resize=700%2C400 2x"},"classes":[]},{"id":21093,"url":"https:\/\/larevistadigital.com.ar\/blog\/mar-del-plata-lo-atacaron-en-su-casa-lo-golpearon-y-lo-balearon-en-las-piernas\/","url_meta":{"origin":32300,"position":2},"title":"MAR DEL PLATA: LO ATACARON EN SU CASA, LO GOLPEARON Y LO BALEARON EN LAS PIERNAS","author":"Alejandro Sosa Ruda","date":"12 julio, 2021","format":false,"excerpt":"Sucedi\u00f3 en el barrio 2 de Abril. El herido de 31 a\u00f1os dijo que no pod\u00eda reconocer a los autores y se sospecha que fue un ajuste de cuentas. Un hombre que estaba en su casa fue atacado a golpes por al menos tres sujetos que lo sorprendieron en su\u2026","rel":"","context":"En \u00abPOLICIALES\u00bb","block_context":{"text":"POLICIALES","link":"https:\/\/larevistadigital.com.ar\/blog\/category\/policiales\/"},"img":{"alt_text":"","src":"https:\/\/i0.wp.com\/larevistadigital.com.ar\/blog\/wp-content\/uploads\/Captura-de-pantalla-2021-07-12-105832.png?fit=1003%2C502&ssl=1&resize=350%2C200","width":350,"height":200,"srcset":"https:\/\/i0.wp.com\/larevistadigital.com.ar\/blog\/wp-content\/uploads\/Captura-de-pantalla-2021-07-12-105832.png?fit=1003%2C502&ssl=1&resize=350%2C200 1x, https:\/\/i0.wp.com\/larevistadigital.com.ar\/blog\/wp-content\/uploads\/Captura-de-pantalla-2021-07-12-105832.png?fit=1003%2C502&ssl=1&resize=525%2C300 1.5x, https:\/\/i0.wp.com\/larevistadigital.com.ar\/blog\/wp-content\/uploads\/Captura-de-pantalla-2021-07-12-105832.png?fit=1003%2C502&ssl=1&resize=700%2C400 2x"},"classes":[]},{"id":16416,"url":"https:\/\/larevistadigital.com.ar\/blog\/por-tercer-dia-los-choferes-de-la-uta-mantienen-cortada-la-autovia-2-en-el-acceso-a-mar-del-plata\/","url_meta":{"origin":32300,"position":3},"title":"POR TERCER D\u00cdA LOS CHOFERES DE LA UTA MANTIENEN CORTADA LA AUTOV\u00cdA 2 EN EL ACCESO A MAR DEL PLATA","author":"Alejandro Sosa Ruda","date":"18 septiembre, 2020","format":false,"excerpt":"El gremio sostiene la protesta en el acceso a Mar del Plata con un bloqueo \"intermitente\". Los trabajadores reclaman el pago de salarios adeudados y acampan en el lugar. La Uni\u00f3n Tranviarios Automotor (UTA) mantiene este viernes, por tercer d\u00eda consecutivo,\u00a0el corte de la autov\u00eda 2\u00a0y\u00a0un acampe en el acceso\u2026","rel":"","context":"En \u00abGREMIALES\u00bb","block_context":{"text":"GREMIALES","link":"https:\/\/larevistadigital.com.ar\/blog\/category\/gremiales\/"},"img":{"alt_text":"","src":"https:\/\/i0.wp.com\/larevistadigital.com.ar\/blog\/wp-content\/uploads\/Screenshot_6-5.jpg?fit=1006%2C666&ssl=1&resize=350%2C200","width":350,"height":200,"srcset":"https:\/\/i0.wp.com\/larevistadigital.com.ar\/blog\/wp-content\/uploads\/Screenshot_6-5.jpg?fit=1006%2C666&ssl=1&resize=350%2C200 1x, https:\/\/i0.wp.com\/larevistadigital.com.ar\/blog\/wp-content\/uploads\/Screenshot_6-5.jpg?fit=1006%2C666&ssl=1&resize=525%2C300 1.5x, https:\/\/i0.wp.com\/larevistadigital.com.ar\/blog\/wp-content\/uploads\/Screenshot_6-5.jpg?fit=1006%2C666&ssl=1&resize=700%2C400 2x"},"classes":[]},{"id":20607,"url":"https:\/\/larevistadigital.com.ar\/blog\/mar-del-plata-balearon-a-un-joven-en-el-cuello-esta-grave\/","url_meta":{"origin":32300,"position":4},"title":"MAR DEL PLATA: BALEARON A UN JOVEN EN EL CUELLO. EST\u00c1 GRAVE","author":"Alejandro Sosa Ruda","date":"2 junio, 2021","format":false,"excerpt":"Sucedi\u00f3 esta madrugada en el barrio Parque Independencia. El herido tiene 20 a\u00f1os y fue trasladado al hospital por una ambulancia del SAME. MAR DEL PLATA - Un sujeto de 20 a\u00f1os permanece internado en grave estado en el Hospital Interzonal General de Agudos (Higa) a donde fue trasladado de\u2026","rel":"","context":"En \u00abPOLICIALES\u00bb","block_context":{"text":"POLICIALES","link":"https:\/\/larevistadigital.com.ar\/blog\/category\/policiales\/"},"img":{"alt_text":"","src":"https:\/\/i0.wp.com\/larevistadigital.com.ar\/blog\/wp-content\/uploads\/Guardia-Higa-0311.jpg?fit=790%2C444&ssl=1&resize=350%2C200","width":350,"height":200,"srcset":"https:\/\/i0.wp.com\/larevistadigital.com.ar\/blog\/wp-content\/uploads\/Guardia-Higa-0311.jpg?fit=790%2C444&ssl=1&resize=350%2C200 1x, https:\/\/i0.wp.com\/larevistadigital.com.ar\/blog\/wp-content\/uploads\/Guardia-Higa-0311.jpg?fit=790%2C444&ssl=1&resize=525%2C300 1.5x, https:\/\/i0.wp.com\/larevistadigital.com.ar\/blog\/wp-content\/uploads\/Guardia-Higa-0311.jpg?fit=790%2C444&ssl=1&resize=700%2C400 2x"},"classes":[]},{"id":25643,"url":"https:\/\/larevistadigital.com.ar\/blog\/mar-del-plata-lo-balearon-en-una-pierna-y-no-quiso-denunciar-que-le-paso\/","url_meta":{"origin":32300,"position":5},"title":"MAR DEL PLATA: LO BALEARON EN UNA PIERNA Y NO QUISO DENUNCIAR QU\u00c9 LE PAS\u00d3","author":"Alejandro Sosa Ruda","date":"6 junio, 2022","format":false,"excerpt":"Sucedi\u00f3 en el barrio Santa Rita el domingo a la noche. El herido de 42 a\u00f1os no quiso instar acci\u00f3n penal alguna ni dar detalles del ataque. MAR DEL PLATA -\u00a0 Un problema de vieja data, pero sin deseo de que se investigue. Esos fueron los \u00fanicos detalles que un\u2026","rel":"","context":"En \u00abINTERES GENERAL\u00bb","block_context":{"text":"INTERES GENERAL","link":"https:\/\/larevistadigital.com.ar\/blog\/category\/interes-general\/"},"img":{"alt_text":"","src":"https:\/\/i0.wp.com\/larevistadigital.com.ar\/blog\/wp-content\/uploads\/higa.jpg?fit=1140%2C708&ssl=1&resize=350%2C200","width":350,"height":200,"srcset":"https:\/\/i0.wp.com\/larevistadigital.com.ar\/blog\/wp-content\/uploads\/higa.jpg?fit=1140%2C708&ssl=1&resize=350%2C200 1x, https:\/\/i0.wp.com\/larevistadigital.com.ar\/blog\/wp-content\/uploads\/higa.jpg?fit=1140%2C708&ssl=1&resize=525%2C300 1.5x, https:\/\/i0.wp.com\/larevistadigital.com.ar\/blog\/wp-content\/uploads\/higa.jpg?fit=1140%2C708&ssl=1&resize=700%2C400 2x, https:\/\/i0.wp.com\/larevistadigital.com.ar\/blog\/wp-content\/uploads\/higa.jpg?fit=1140%2C708&ssl=1&resize=1050%2C600 3x"},"classes":[]}],"_links":{"self":[{"href":"https:\/\/larevistadigital.com.ar\/blog\/wp-json\/wp\/v2\/posts\/32300","targetHints":{"allow":["GET"]}}],"collection":[{"href":"https:\/\/larevistadigital.com.ar\/blog\/wp-json\/wp\/v2\/posts"}],"about":[{"href":"https:\/\/larevistadigital.com.ar\/blog\/wp-json\/wp\/v2\/types\/post"}],"author":[{"embeddable":true,"href":"https:\/\/larevistadigital.com.ar\/blog\/wp-json\/wp\/v2\/users\/3"}],"replies":[{"embeddable":true,"href":"https:\/\/larevistadigital.com.ar\/blog\/wp-json\/wp\/v2\/comments?post=32300"}],"version-history":[{"count":1,"href":"https:\/\/larevistadigital.com.ar\/blog\/wp-json\/wp\/v2\/posts\/32300\/revisions"}],"predecessor-version":[{"id":32302,"href":"https:\/\/larevistadigital.com.ar\/blog\/wp-json\/wp\/v2\/posts\/32300\/revisions\/32302"}],"wp:featuredmedia":[{"embeddable":true,"href":"https:\/\/larevistadigital.com.ar\/blog\/wp-json\/wp\/v2\/media\/32301"}],"wp:attachment":[{"href":"https:\/\/larevistadigital.com.ar\/blog\/wp-json\/wp\/v2\/media?parent=32300"}],"wp:term":[{"taxonomy":"category","embeddable":true,"href":"https:\/\/larevistadigital.com.ar\/blog\/wp-json\/wp\/v2\/categories?post=32300"},{"taxonomy":"post_tag","embeddable":true,"href":"https:\/\/larevistadigital.com.ar\/blog\/wp-json\/wp\/v2\/tags?post=32300"}],"curies":[{"name":"wp","href":"https:\/\/api.w.org\/{rel}","templated":true}]}}