{"id":325,"date":"2017-02-18T09:17:24","date_gmt":"2017-02-18T09:17:24","guid":{"rendered":"https:\/\/larevistadigital.com.ar\/blog\/?p=325"},"modified":"2017-02-18T09:19:25","modified_gmt":"2017-02-18T09:19:25","slug":"escapada-a-chascomus","status":"publish","type":"post","link":"https:\/\/larevistadigital.com.ar\/blog\/escapada-a-chascomus\/","title":{"rendered":"ESCAPADA A CHASCOMUS"},"content":{"rendered":"<p>Si uno piensa en Chascom\u00fas\u00a0autom\u00e1ticamente piensa en su laguna. Podr\u00eda pensar en\u00a0la pesca, en\u00a0Alfons\u00edn o en\u00a0el turismo rural. Pero no, la relaci\u00f3n es\u00a0con la laguna. Es que\u00a0la laguna se lleva todas las miradas, sobre todo al atardecer. Caminar por la costanera es la actividad preferida de locales y visitantes.\u00a0Tomar mate, tirar la ca\u00f1a y esperar a que haya pique, sentarse en alg\u00fan bar, correr, andar en bicicleta, sacarse fotos o, simplemente, pasear, son actividades que todos hacen. Y as\u00ed las vimos nosotros.<\/p>\n<p><a href=\"https:\/\/i0.wp.com\/magiaenelcamino.com.ar\/wp-content\/2016\/03\/IMG_0095-27.jpg\" rel=\"attachment wp-att-20953\"><img data-recalc-dims=\"1\" loading=\"lazy\" decoding=\"async\" class=\"aligncenter size-full wp-image-20953\" src=\"https:\/\/i0.wp.com\/magiaenelcamino.com.ar\/wp-content\/2016\/03\/IMG_0095-27.jpg?resize=800%2C600\" sizes=\"auto, (max-width: 800px) 100vw, 800px\" srcset=\"http:\/\/magiaenelcamino.com.ar\/wp-content\/2016\/03\/IMG_0095-27.jpg 800w, http:\/\/magiaenelcamino.com.ar\/wp-content\/2016\/03\/IMG_0095-27-300x225.jpg 300w, http:\/\/magiaenelcamino.com.ar\/wp-content\/2016\/03\/IMG_0095-27-768x576.jpg 768w, http:\/\/magiaenelcamino.com.ar\/wp-content\/2016\/03\/IMG_0095-27-75x55.jpg 75w, http:\/\/magiaenelcamino.com.ar\/wp-content\/2016\/03\/IMG_0095-27-180x135.jpg 180w\" alt=\"IMG_0095-27\" width=\"800\" height=\"600\" \/><\/a><\/p>\n<p>&nbsp;<\/p>\n<p><a href=\"https:\/\/i0.wp.com\/magiaenelcamino.com.ar\/wp-content\/2016\/03\/IMG_0097-28.jpg\" rel=\"attachment wp-att-20954\"><img data-recalc-dims=\"1\" loading=\"lazy\" decoding=\"async\" class=\"aligncenter size-full wp-image-20954\" src=\"https:\/\/i0.wp.com\/magiaenelcamino.com.ar\/wp-content\/2016\/03\/IMG_0097-28.jpg?resize=800%2C600\" sizes=\"auto, (max-width: 800px) 100vw, 800px\" srcset=\"http:\/\/magiaenelcamino.com.ar\/wp-content\/2016\/03\/IMG_0097-28.jpg 800w, http:\/\/magiaenelcamino.com.ar\/wp-content\/2016\/03\/IMG_0097-28-300x225.jpg 300w, http:\/\/magiaenelcamino.com.ar\/wp-content\/2016\/03\/IMG_0097-28-768x576.jpg 768w, http:\/\/magiaenelcamino.com.ar\/wp-content\/2016\/03\/IMG_0097-28-75x55.jpg 75w, http:\/\/magiaenelcamino.com.ar\/wp-content\/2016\/03\/IMG_0097-28-180x135.jpg 180w\" alt=\"IMG_0097-28\" width=\"800\" height=\"600\" \/><\/a><\/p>\n<p>&nbsp;<\/p>\n<p><a href=\"https:\/\/i0.wp.com\/magiaenelcamino.com.ar\/wp-content\/2016\/03\/IMG_0099-29.jpg\" rel=\"attachment wp-att-20955\"><img data-recalc-dims=\"1\" loading=\"lazy\" decoding=\"async\" class=\"aligncenter size-full wp-image-20955\" src=\"https:\/\/i0.wp.com\/magiaenelcamino.com.ar\/wp-content\/2016\/03\/IMG_0099-29.jpg?resize=800%2C600\" sizes=\"auto, (max-width: 800px) 100vw, 800px\" srcset=\"http:\/\/magiaenelcamino.com.ar\/wp-content\/2016\/03\/IMG_0099-29.jpg 800w, http:\/\/magiaenelcamino.com.ar\/wp-content\/2016\/03\/IMG_0099-29-300x225.jpg 300w, http:\/\/magiaenelcamino.com.ar\/wp-content\/2016\/03\/IMG_0099-29-768x576.jpg 768w, http:\/\/magiaenelcamino.com.ar\/wp-content\/2016\/03\/IMG_0099-29-75x55.jpg 75w, http:\/\/magiaenelcamino.com.ar\/wp-content\/2016\/03\/IMG_0099-29-180x135.jpg 180w\" alt=\"IMG_0099-29\" width=\"800\" height=\"600\" \/><\/a><\/p>\n<p>&nbsp;<\/p>\n<p><a href=\"https:\/\/i0.wp.com\/magiaenelcamino.com.ar\/wp-content\/2016\/03\/IMG_0091-26.jpg\" rel=\"attachment wp-att-20952\"><img data-recalc-dims=\"1\" loading=\"lazy\" decoding=\"async\" class=\"aligncenter size-full wp-image-20952\" src=\"https:\/\/i0.wp.com\/magiaenelcamino.com.ar\/wp-content\/2016\/03\/IMG_0091-26.jpg?resize=800%2C600\" sizes=\"auto, (max-width: 800px) 100vw, 800px\" srcset=\"http:\/\/magiaenelcamino.com.ar\/wp-content\/2016\/03\/IMG_0091-26.jpg 800w, http:\/\/magiaenelcamino.com.ar\/wp-content\/2016\/03\/IMG_0091-26-300x225.jpg 300w, http:\/\/magiaenelcamino.com.ar\/wp-content\/2016\/03\/IMG_0091-26-768x576.jpg 768w, http:\/\/magiaenelcamino.com.ar\/wp-content\/2016\/03\/IMG_0091-26-75x55.jpg 75w, http:\/\/magiaenelcamino.com.ar\/wp-content\/2016\/03\/IMG_0091-26-180x135.jpg 180w\" alt=\"IMG_0091-26\" width=\"800\" height=\"600\" \/><\/a><\/p>\n<p>&nbsp;<\/p>\n<p><a href=\"https:\/\/i0.wp.com\/magiaenelcamino.com.ar\/wp-content\/2016\/03\/IMG_0089-25.jpg\" rel=\"attachment wp-att-20951\"><img data-recalc-dims=\"1\" loading=\"lazy\" decoding=\"async\" class=\"aligncenter size-full wp-image-20951\" src=\"https:\/\/i0.wp.com\/magiaenelcamino.com.ar\/wp-content\/2016\/03\/IMG_0089-25.jpg?resize=800%2C600\" sizes=\"auto, (max-width: 800px) 100vw, 800px\" srcset=\"http:\/\/magiaenelcamino.com.ar\/wp-content\/2016\/03\/IMG_0089-25.jpg 800w, http:\/\/magiaenelcamino.com.ar\/wp-content\/2016\/03\/IMG_0089-25-300x225.jpg 300w, http:\/\/magiaenelcamino.com.ar\/wp-content\/2016\/03\/IMG_0089-25-768x576.jpg 768w, http:\/\/magiaenelcamino.com.ar\/wp-content\/2016\/03\/IMG_0089-25-75x55.jpg 75w, http:\/\/magiaenelcamino.com.ar\/wp-content\/2016\/03\/IMG_0089-25-180x135.jpg 180w\" alt=\"IMG_0089-25\" width=\"800\" height=\"600\" \/><\/a><\/p>\n<p>&nbsp;<\/p>\n<p><a href=\"https:\/\/i0.wp.com\/magiaenelcamino.com.ar\/wp-content\/2016\/03\/IMG_0103-31.jpg\" rel=\"attachment wp-att-20957\"><img data-recalc-dims=\"1\" loading=\"lazy\" decoding=\"async\" class=\"aligncenter size-full wp-image-20957\" src=\"https:\/\/i0.wp.com\/magiaenelcamino.com.ar\/wp-content\/2016\/03\/IMG_0103-31.jpg?resize=800%2C600\" sizes=\"auto, (max-width: 800px) 100vw, 800px\" srcset=\"http:\/\/magiaenelcamino.com.ar\/wp-content\/2016\/03\/IMG_0103-31.jpg 800w, http:\/\/magiaenelcamino.com.ar\/wp-content\/2016\/03\/IMG_0103-31-300x225.jpg 300w, http:\/\/magiaenelcamino.com.ar\/wp-content\/2016\/03\/IMG_0103-31-768x576.jpg 768w, http:\/\/magiaenelcamino.com.ar\/wp-content\/2016\/03\/IMG_0103-31-75x55.jpg 75w, http:\/\/magiaenelcamino.com.ar\/wp-content\/2016\/03\/IMG_0103-31-180x135.jpg 180w\" alt=\"IMG_0103-31\" width=\"800\" height=\"600\" \/><\/a><\/p>\n<p>&nbsp;<\/p>\n<p><a href=\"https:\/\/i0.wp.com\/magiaenelcamino.com.ar\/wp-content\/2016\/03\/IMG_0065-22.jpg\" rel=\"attachment wp-att-20948\"><img data-recalc-dims=\"1\" loading=\"lazy\" decoding=\"async\" class=\"aligncenter size-full wp-image-20948\" src=\"https:\/\/i0.wp.com\/magiaenelcamino.com.ar\/wp-content\/2016\/03\/IMG_0065-22.jpg?resize=800%2C600\" sizes=\"auto, (max-width: 800px) 100vw, 800px\" srcset=\"http:\/\/magiaenelcamino.com.ar\/wp-content\/2016\/03\/IMG_0065-22.jpg 800w, http:\/\/magiaenelcamino.com.ar\/wp-content\/2016\/03\/IMG_0065-22-300x225.jpg 300w, http:\/\/magiaenelcamino.com.ar\/wp-content\/2016\/03\/IMG_0065-22-768x576.jpg 768w, http:\/\/magiaenelcamino.com.ar\/wp-content\/2016\/03\/IMG_0065-22-75x55.jpg 75w, http:\/\/magiaenelcamino.com.ar\/wp-content\/2016\/03\/IMG_0065-22-180x135.jpg 180w\" alt=\"IMG_0065-22\" width=\"800\" height=\"600\" \/><\/a><\/p>\n<p>&nbsp;<\/p>\n<p><a href=\"https:\/\/i0.wp.com\/magiaenelcamino.com.ar\/wp-content\/2016\/03\/IMG_0063-21.jpg\" rel=\"attachment wp-att-20947\"><img data-recalc-dims=\"1\" loading=\"lazy\" decoding=\"async\" class=\"aligncenter size-full wp-image-20947\" src=\"https:\/\/i0.wp.com\/magiaenelcamino.com.ar\/wp-content\/2016\/03\/IMG_0063-21.jpg?resize=800%2C600\" sizes=\"auto, (max-width: 800px) 100vw, 800px\" srcset=\"http:\/\/magiaenelcamino.com.ar\/wp-content\/2016\/03\/IMG_0063-21.jpg 800w, http:\/\/magiaenelcamino.com.ar\/wp-content\/2016\/03\/IMG_0063-21-300x225.jpg 300w, http:\/\/magiaenelcamino.com.ar\/wp-content\/2016\/03\/IMG_0063-21-768x576.jpg 768w, http:\/\/magiaenelcamino.com.ar\/wp-content\/2016\/03\/IMG_0063-21-75x55.jpg 75w, http:\/\/magiaenelcamino.com.ar\/wp-content\/2016\/03\/IMG_0063-21-180x135.jpg 180w\" alt=\"IMG_0063-21\" width=\"800\" height=\"600\" \/><\/a><\/p>\n<p>&nbsp;<\/p>\n<p><a href=\"https:\/\/i0.wp.com\/magiaenelcamino.com.ar\/wp-content\/2016\/03\/IMG_0053-16.jpg\" rel=\"attachment wp-att-20942\"><img data-recalc-dims=\"1\" loading=\"lazy\" decoding=\"async\" class=\"aligncenter size-full wp-image-20942\" src=\"https:\/\/i0.wp.com\/magiaenelcamino.com.ar\/wp-content\/2016\/03\/IMG_0053-16.jpg?resize=800%2C600\" sizes=\"auto, (max-width: 800px) 100vw, 800px\" srcset=\"http:\/\/magiaenelcamino.com.ar\/wp-content\/2016\/03\/IMG_0053-16.jpg 800w, http:\/\/magiaenelcamino.com.ar\/wp-content\/2016\/03\/IMG_0053-16-300x225.jpg 300w, http:\/\/magiaenelcamino.com.ar\/wp-content\/2016\/03\/IMG_0053-16-768x576.jpg 768w, http:\/\/magiaenelcamino.com.ar\/wp-content\/2016\/03\/IMG_0053-16-75x55.jpg 75w, http:\/\/magiaenelcamino.com.ar\/wp-content\/2016\/03\/IMG_0053-16-180x135.jpg 180w\" alt=\"IMG_0053-16\" width=\"800\" height=\"600\" \/><\/a><\/p>\n<p>&nbsp;<\/p>\n<p>Est\u00e1bamos en Buenos Aires y quer\u00edamos pasar mi cumple (de 40!!) lejos de la ciudad y en familia. Pensamos en Chascom\u00fas, a unos 120 kil\u00f3metros, y nos pareci\u00f3 una buena escapada. La ciudad es peque\u00f1a, con un casco hist\u00f3rico sencillo y tranquilo, una zona comercial con todo lo necesario para la estad\u00eda, la posibilidad de realizar algunas actividades deportivas y, por supuesto, el marco natural de la laguna para respirar un poco de naturaleza.<\/p>\n<p>La laguna de Chascom\u00fas es la segunda laguna del sistema conocido como Las Encadenadas, una serie de lagunas unidas por arroyos en la cuenca del r\u00edo Salado.\u00a0Los fines de semana y en temporada alta, los recreos y campings de alrededor se llenan de gente y la pesca, junto con los deportes acu\u00e1ticos, se vuelven los protagonistas del lugar.<\/p>\n<p><strong>Qu\u00e9 hacer y ver en Chascom\u00fas<\/strong><\/p>\n<p><strong>En la laguna y la costanera<\/strong><\/p>\n<p>Una de las actividades m\u00e1s comunes es <strong>dar la vuelta a la laguna<\/strong> (o la vuelta al perro, como algunos tambi\u00e9n le dicen). El recorrido es de aproximadamente unos 30 km y la mayor\u00eda lo hace en auto o bicicleta, aunque algunos se animan a hacerlo a pie. Nosotros no lo hicimos en bici, pero nos dijeron que se demora aproximadamente unas\u00a0dos horas y media. Los mejores horarios son durante la ma\u00f1ana, temprano, o al atardecer. No solo porque el calor (en verano) no es tan fuerte, sino porque el sol ti\u00f1e a la laguna con sus mejores colores.<br \/>\nLa zona conocida como \u201cla escalinata\u201d es donde suelen juntarse muchos j\u00f3venes a tomar mate y guitarrear.<br \/>\nTambi\u00e9n se puede <strong>pescar <\/strong>y realizar<strong> deportes acu\u00e1ticos.<\/strong>\u00a0Hay algunos clubes de pescadores donde organizan\u00a0esta actividad, aunque muchos solo tiran la ca\u00f1a en cualquier lugar y esperan. Para los deportes, en temporada alta y los fines de semana van a ver carteles que indican donde se puede alquilar el equipamiento para hacerlos. En general es en los campings o clubes.<br \/>\nFrente a la laguna hay varios <strong>restaurantes, parrilladas y confiter\u00edas<\/strong>\u00a0(una de ellas es la famosa Atalaya) y una <strong>zona de juegos<\/strong> para los m\u00e1s chicos.<br \/>\nTambi\u00e9n hay algunos <strong>parques<\/strong>, como el Parque de los Libres del Sur y el Parque V Centenario, para jugar a la pelota o tirarse a descansar (pero tienen en malas condiciones los juegos para los m\u00e1s chicos). En esta zona de la ciudad hay que tener cuidado con las motos porque muchos utilizan las calles como pistas de carrera.<\/p>\n<p>Se pueden alquilar <strong>bicicletas y caballos<\/strong>.<\/p>\n<p><a href=\"https:\/\/i0.wp.com\/magiaenelcamino.com.ar\/wp-content\/2016\/03\/IMG_0102-30.jpg\" rel=\"attachment wp-att-20956\"><img data-recalc-dims=\"1\" loading=\"lazy\" decoding=\"async\" class=\"aligncenter size-full wp-image-20956\" src=\"https:\/\/i0.wp.com\/magiaenelcamino.com.ar\/wp-content\/2016\/03\/IMG_0102-30.jpg?resize=800%2C600\" sizes=\"auto, (max-width: 800px) 100vw, 800px\" srcset=\"http:\/\/magiaenelcamino.com.ar\/wp-content\/2016\/03\/IMG_0102-30.jpg 800w, http:\/\/magiaenelcamino.com.ar\/wp-content\/2016\/03\/IMG_0102-30-300x225.jpg 300w, http:\/\/magiaenelcamino.com.ar\/wp-content\/2016\/03\/IMG_0102-30-768x576.jpg 768w, http:\/\/magiaenelcamino.com.ar\/wp-content\/2016\/03\/IMG_0102-30-75x55.jpg 75w, http:\/\/magiaenelcamino.com.ar\/wp-content\/2016\/03\/IMG_0102-30-180x135.jpg 180w\" alt=\"IMG_0102-30\" width=\"800\" height=\"600\" \/><\/a><\/p>\n<p>&nbsp;<\/p>\n<p><a href=\"https:\/\/i0.wp.com\/magiaenelcamino.com.ar\/wp-content\/2016\/03\/IMG_0049-13.jpg\" rel=\"attachment wp-att-20939\"><img data-recalc-dims=\"1\" loading=\"lazy\" decoding=\"async\" class=\"aligncenter size-full wp-image-20939\" src=\"https:\/\/i0.wp.com\/magiaenelcamino.com.ar\/wp-content\/2016\/03\/IMG_0049-13.jpg?resize=800%2C600\" sizes=\"auto, (max-width: 800px) 100vw, 800px\" srcset=\"http:\/\/magiaenelcamino.com.ar\/wp-content\/2016\/03\/IMG_0049-13.jpg 800w, http:\/\/magiaenelcamino.com.ar\/wp-content\/2016\/03\/IMG_0049-13-300x225.jpg 300w, http:\/\/magiaenelcamino.com.ar\/wp-content\/2016\/03\/IMG_0049-13-768x576.jpg 768w, http:\/\/magiaenelcamino.com.ar\/wp-content\/2016\/03\/IMG_0049-13-75x55.jpg 75w, http:\/\/magiaenelcamino.com.ar\/wp-content\/2016\/03\/IMG_0049-13-180x135.jpg 180w\" alt=\"IMG_0049-13\" width=\"800\" height=\"600\" \/><\/a><\/p>\n<p>&nbsp;<\/p>\n<p><a href=\"https:\/\/i0.wp.com\/magiaenelcamino.com.ar\/wp-content\/2016\/03\/IMG_0052-15.jpg\" rel=\"attachment wp-att-20941\"><img data-recalc-dims=\"1\" loading=\"lazy\" decoding=\"async\" class=\"aligncenter size-full wp-image-20941\" src=\"https:\/\/i0.wp.com\/magiaenelcamino.com.ar\/wp-content\/2016\/03\/IMG_0052-15.jpg?resize=800%2C600\" sizes=\"auto, (max-width: 800px) 100vw, 800px\" srcset=\"http:\/\/magiaenelcamino.com.ar\/wp-content\/2016\/03\/IMG_0052-15.jpg 800w, http:\/\/magiaenelcamino.com.ar\/wp-content\/2016\/03\/IMG_0052-15-300x225.jpg 300w, http:\/\/magiaenelcamino.com.ar\/wp-content\/2016\/03\/IMG_0052-15-768x576.jpg 768w, http:\/\/magiaenelcamino.com.ar\/wp-content\/2016\/03\/IMG_0052-15-75x55.jpg 75w, http:\/\/magiaenelcamino.com.ar\/wp-content\/2016\/03\/IMG_0052-15-180x135.jpg 180w\" alt=\"IMG_0052-15\" width=\"800\" height=\"600\" \/><\/a><\/p>\n<p>&nbsp;<\/p>\n<p><a href=\"https:\/\/i0.wp.com\/magiaenelcamino.com.ar\/wp-content\/2016\/03\/IMG_0110-32.jpg\" rel=\"attachment wp-att-20958\"><img data-recalc-dims=\"1\" loading=\"lazy\" decoding=\"async\" class=\"aligncenter size-full wp-image-20958\" src=\"https:\/\/i0.wp.com\/magiaenelcamino.com.ar\/wp-content\/2016\/03\/IMG_0110-32.jpg?resize=800%2C600\" sizes=\"auto, (max-width: 800px) 100vw, 800px\" srcset=\"http:\/\/magiaenelcamino.com.ar\/wp-content\/2016\/03\/IMG_0110-32.jpg 800w, http:\/\/magiaenelcamino.com.ar\/wp-content\/2016\/03\/IMG_0110-32-300x225.jpg 300w, http:\/\/magiaenelcamino.com.ar\/wp-content\/2016\/03\/IMG_0110-32-768x576.jpg 768w, http:\/\/magiaenelcamino.com.ar\/wp-content\/2016\/03\/IMG_0110-32-75x55.jpg 75w, http:\/\/magiaenelcamino.com.ar\/wp-content\/2016\/03\/IMG_0110-32-180x135.jpg 180w\" alt=\"IMG_0110-32\" width=\"800\" height=\"600\" \/><\/a><\/p>\n<p><a href=\"https:\/\/i0.wp.com\/magiaenelcamino.com.ar\/wp-content\/2016\/03\/IMG_0118-33.jpg\" rel=\"attachment wp-att-20959\"><img data-recalc-dims=\"1\" loading=\"lazy\" decoding=\"async\" class=\"aligncenter size-full wp-image-20959\" src=\"https:\/\/i0.wp.com\/magiaenelcamino.com.ar\/wp-content\/2016\/03\/IMG_0118-33.jpg?resize=800%2C600\" sizes=\"auto, (max-width: 800px) 100vw, 800px\" srcset=\"http:\/\/magiaenelcamino.com.ar\/wp-content\/2016\/03\/IMG_0118-33.jpg 800w, http:\/\/magiaenelcamino.com.ar\/wp-content\/2016\/03\/IMG_0118-33-300x225.jpg 300w, http:\/\/magiaenelcamino.com.ar\/wp-content\/2016\/03\/IMG_0118-33-768x576.jpg 768w, http:\/\/magiaenelcamino.com.ar\/wp-content\/2016\/03\/IMG_0118-33-75x55.jpg 75w, http:\/\/magiaenelcamino.com.ar\/wp-content\/2016\/03\/IMG_0118-33-180x135.jpg 180w\" alt=\"IMG_0118-33\" width=\"800\" height=\"600\" \/><\/a><\/p>\n<p><a href=\"https:\/\/i0.wp.com\/magiaenelcamino.com.ar\/wp-content\/2016\/03\/IMG_0075-23.jpg\" rel=\"attachment wp-att-20949\"><img data-recalc-dims=\"1\" loading=\"lazy\" decoding=\"async\" class=\"aligncenter size-full wp-image-20949\" src=\"https:\/\/i0.wp.com\/magiaenelcamino.com.ar\/wp-content\/2016\/03\/IMG_0075-23.jpg?resize=800%2C600\" sizes=\"auto, (max-width: 800px) 100vw, 800px\" srcset=\"http:\/\/magiaenelcamino.com.ar\/wp-content\/2016\/03\/IMG_0075-23.jpg 800w, http:\/\/magiaenelcamino.com.ar\/wp-content\/2016\/03\/IMG_0075-23-300x225.jpg 300w, http:\/\/magiaenelcamino.com.ar\/wp-content\/2016\/03\/IMG_0075-23-768x576.jpg 768w, http:\/\/magiaenelcamino.com.ar\/wp-content\/2016\/03\/IMG_0075-23-75x55.jpg 75w, http:\/\/magiaenelcamino.com.ar\/wp-content\/2016\/03\/IMG_0075-23-180x135.jpg 180w\" alt=\"IMG_0075-23\" width=\"800\" height=\"600\" \/><\/a><\/p>\n<p>&nbsp;<\/p>\n<p><strong>Monumento a la Democracia<\/strong><\/p>\n<p>En una de las orillas, frente al caso hist\u00f3rico, se encuentran dos monumentos relacionados con la democracia. Uno es un monumento dise\u00f1ado por Clorindo Testa en conmemoraci\u00f3n de los 25 a\u00f1os de la recuperaci\u00f3n de la Democracia en el pa\u00eds luego de la \u00faltima dictadura militar. El otro es una estatua del ex presidente Ra\u00fal Alfons\u00edn realizada en bronce por Luciano Garbati, como un homenaje a su labor pol\u00edtica.<\/p>\n<p>&nbsp;<\/p>\n<p><a href=\"https:\/\/i0.wp.com\/magiaenelcamino.com.ar\/wp-content\/2016\/03\/IMG_0021-7.jpg\" rel=\"attachment wp-att-20968\"><img data-recalc-dims=\"1\" loading=\"lazy\" decoding=\"async\" class=\"aligncenter size-full wp-image-20968\" src=\"https:\/\/i0.wp.com\/magiaenelcamino.com.ar\/wp-content\/2016\/03\/IMG_0021-7.jpg?resize=800%2C600\" sizes=\"auto, (max-width: 800px) 100vw, 800px\" srcset=\"http:\/\/magiaenelcamino.com.ar\/wp-content\/2016\/03\/IMG_0021-7.jpg 800w, http:\/\/magiaenelcamino.com.ar\/wp-content\/2016\/03\/IMG_0021-7-300x225.jpg 300w, http:\/\/magiaenelcamino.com.ar\/wp-content\/2016\/03\/IMG_0021-7-768x576.jpg 768w, http:\/\/magiaenelcamino.com.ar\/wp-content\/2016\/03\/IMG_0021-7-75x55.jpg 75w, http:\/\/magiaenelcamino.com.ar\/wp-content\/2016\/03\/IMG_0021-7-180x135.jpg 180w\" alt=\"IMG_0021-7\" width=\"800\" height=\"600\" \/><\/a><\/p>\n<p><a href=\"https:\/\/i0.wp.com\/magiaenelcamino.com.ar\/wp-content\/2016\/03\/IMG_0017-5.jpg\" rel=\"attachment wp-att-20965\"><img data-recalc-dims=\"1\" loading=\"lazy\" decoding=\"async\" class=\"aligncenter size-full wp-image-20965\" src=\"https:\/\/i0.wp.com\/magiaenelcamino.com.ar\/wp-content\/2016\/03\/IMG_0017-5.jpg?resize=800%2C600\" sizes=\"auto, (max-width: 800px) 100vw, 800px\" srcset=\"http:\/\/magiaenelcamino.com.ar\/wp-content\/2016\/03\/IMG_0017-5.jpg 800w, http:\/\/magiaenelcamino.com.ar\/wp-content\/2016\/03\/IMG_0017-5-300x225.jpg 300w, http:\/\/magiaenelcamino.com.ar\/wp-content\/2016\/03\/IMG_0017-5-768x576.jpg 768w, http:\/\/magiaenelcamino.com.ar\/wp-content\/2016\/03\/IMG_0017-5-75x55.jpg 75w, http:\/\/magiaenelcamino.com.ar\/wp-content\/2016\/03\/IMG_0017-5-180x135.jpg 180w\" alt=\"IMG_0017-5\" width=\"800\" height=\"600\" \/><\/a><\/p>\n<p>&nbsp;<\/p>\n<p><strong>En el Casco Hist\u00f3rico<\/strong><\/p>\n<p>Como la mayor\u00eda de las ciudades en Argentina, Chascom\u00fas tiene una plaza principal y los principales edificios hist\u00f3ricos y gubernamentales a su alrededor. Entre ellos podemos visitar la <strong>Iglesia<\/strong>, la <strong>municipalidad<\/strong>, el <strong>Teatro Municipal<\/strong>, el <strong>Club de Pelota<\/strong>\u00a0y la <strong>Casa de Casco<\/strong>.<\/p>\n<p>La <strong>Casa de Casco<\/strong>\u00a0es una casa hist\u00f3rica que perteneci\u00f3 a la familia Casco donde en la actualidad funciona\u00a0un peque\u00f1o museo para\u00a0conocer la historia de la familia, de la ciudad y de la laguna. Vicente Casco era paraguayo y lleg\u00f3 a Buenos Aires en 1809. Al poco tiempo viaj\u00f3 a Chascom\u00fas donde se enamor\u00f3 y se qued\u00f3 a vivir. Construy\u00f3 la primera casa de dos plantas en la ciudad con el objetivo de proteger a su familia de los malones, ya que uno de sus hijos habr\u00eda sido secuestrado por los indios.<br \/>\nLa entrada es gratuita, pero si se quiere se puede dejar una contribuci\u00f3n en la caja habilitada para ello. El horario es de lunes a viernes de 8 a 15. S\u00e1bados y domingos de 10 a 14 y de 18 a 20.<\/p>\n<p><em>Iglesia y plaza.<\/em><\/p>\n<p><a href=\"https:\/\/i0.wp.com\/magiaenelcamino.com.ar\/wp-content\/2016\/03\/IMG_0028-12.jpg\" rel=\"attachment wp-att-20973\"><img data-recalc-dims=\"1\" loading=\"lazy\" decoding=\"async\" class=\"aligncenter size-full wp-image-20973\" src=\"https:\/\/i0.wp.com\/magiaenelcamino.com.ar\/wp-content\/2016\/03\/IMG_0028-12.jpg?resize=800%2C600\" sizes=\"auto, (max-width: 800px) 100vw, 800px\" srcset=\"http:\/\/magiaenelcamino.com.ar\/wp-content\/2016\/03\/IMG_0028-12.jpg 800w, http:\/\/magiaenelcamino.com.ar\/wp-content\/2016\/03\/IMG_0028-12-300x225.jpg 300w, http:\/\/magiaenelcamino.com.ar\/wp-content\/2016\/03\/IMG_0028-12-768x576.jpg 768w, http:\/\/magiaenelcamino.com.ar\/wp-content\/2016\/03\/IMG_0028-12-75x55.jpg 75w, http:\/\/magiaenelcamino.com.ar\/wp-content\/2016\/03\/IMG_0028-12-180x135.jpg 180w\" alt=\"IMG_0028-12\" width=\"800\" height=\"600\" \/><\/a><\/p>\n<p><a href=\"https:\/\/i0.wp.com\/magiaenelcamino.com.ar\/wp-content\/2016\/03\/IMG_0035-9.jpg\" rel=\"attachment wp-att-20935\"><img data-recalc-dims=\"1\" loading=\"lazy\" decoding=\"async\" class=\"aligncenter size-full wp-image-20935\" src=\"https:\/\/i0.wp.com\/magiaenelcamino.com.ar\/wp-content\/2016\/03\/IMG_0035-9.jpg?resize=800%2C600\" sizes=\"auto, (max-width: 800px) 100vw, 800px\" srcset=\"http:\/\/magiaenelcamino.com.ar\/wp-content\/2016\/03\/IMG_0035-9.jpg 800w, http:\/\/magiaenelcamino.com.ar\/wp-content\/2016\/03\/IMG_0035-9-300x225.jpg 300w, http:\/\/magiaenelcamino.com.ar\/wp-content\/2016\/03\/IMG_0035-9-768x576.jpg 768w, http:\/\/magiaenelcamino.com.ar\/wp-content\/2016\/03\/IMG_0035-9-75x55.jpg 75w, http:\/\/magiaenelcamino.com.ar\/wp-content\/2016\/03\/IMG_0035-9-180x135.jpg 180w\" alt=\"IMG_0035-9\" width=\"800\" height=\"600\" \/><\/a><\/p>\n<p>&nbsp;<\/p>\n<p><em>Municipalidad.<\/em><\/p>\n<p><a href=\"https:\/\/i0.wp.com\/magiaenelcamino.com.ar\/wp-content\/2016\/03\/IMG_0038-10.jpg\" rel=\"attachment wp-att-20936\"><img data-recalc-dims=\"1\" loading=\"lazy\" decoding=\"async\" class=\"aligncenter size-full wp-image-20936\" src=\"https:\/\/i0.wp.com\/magiaenelcamino.com.ar\/wp-content\/2016\/03\/IMG_0038-10.jpg?resize=800%2C600\" sizes=\"auto, (max-width: 800px) 100vw, 800px\" srcset=\"http:\/\/magiaenelcamino.com.ar\/wp-content\/2016\/03\/IMG_0038-10.jpg 800w, http:\/\/magiaenelcamino.com.ar\/wp-content\/2016\/03\/IMG_0038-10-300x225.jpg 300w, http:\/\/magiaenelcamino.com.ar\/wp-content\/2016\/03\/IMG_0038-10-768x576.jpg 768w, http:\/\/magiaenelcamino.com.ar\/wp-content\/2016\/03\/IMG_0038-10-75x55.jpg 75w, http:\/\/magiaenelcamino.com.ar\/wp-content\/2016\/03\/IMG_0038-10-180x135.jpg 180w\" alt=\"IMG_0038-10\" width=\"800\" height=\"600\" \/><\/a><\/p>\n<p>&nbsp;<\/p>\n<p><em>Ingreso a la Casa de Casco.<\/em><\/p>\n<p><a href=\"https:\/\/i0.wp.com\/magiaenelcamino.com.ar\/wp-content\/2016\/03\/IMG_0026-10.jpg\" rel=\"attachment wp-att-20971\"><img data-recalc-dims=\"1\" loading=\"lazy\" decoding=\"async\" class=\"aligncenter size-full wp-image-20971\" src=\"https:\/\/i0.wp.com\/magiaenelcamino.com.ar\/wp-content\/2016\/03\/IMG_0026-10.jpg?resize=800%2C600\" sizes=\"auto, (max-width: 800px) 100vw, 800px\" srcset=\"http:\/\/magiaenelcamino.com.ar\/wp-content\/2016\/03\/IMG_0026-10.jpg 800w, http:\/\/magiaenelcamino.com.ar\/wp-content\/2016\/03\/IMG_0026-10-300x225.jpg 300w, http:\/\/magiaenelcamino.com.ar\/wp-content\/2016\/03\/IMG_0026-10-768x576.jpg 768w, http:\/\/magiaenelcamino.com.ar\/wp-content\/2016\/03\/IMG_0026-10-75x55.jpg 75w, http:\/\/magiaenelcamino.com.ar\/wp-content\/2016\/03\/IMG_0026-10-180x135.jpg 180w\" alt=\"IMG_0026-10\" width=\"800\" height=\"600\" \/><\/a><\/p>\n<p>&nbsp;<\/p>\n<p>El <strong>Club de Pelota<\/strong> es un edificio construido en 1925 por un grupo de vecinos amantes de la pelota paleta. Cuando ingresamos sentimos que est\u00e1bamos en una especie de \u201csantuario\u201d deportivo. Hab\u00eda cuadros, fotos, medallas y trofeos de muchos habitantes de la ciudad. Es uno de los deportes preferidos de la zona y eso se nota cuando uno recorre con la mirada las paredes del pasillo que da a la cancha y del restaurante principal. Tambi\u00e9n hay cancha de f\u00fatbol y salones donde en el pasado se celebraban los carnavales. Cuando est\u00e1bamos inspeccionando el lugar,\u00a0lleg\u00f3 un chico para practicar y le ofreci\u00f3 a Tahiel su pelota y su paleta. Nos re\u00edmos un rato vi\u00e9ndolo c\u00f3mo intentaba jugar.<\/p>\n<p><a href=\"https:\/\/i0.wp.com\/magiaenelcamino.com.ar\/wp-content\/2016\/03\/IMG_0056-14.jpg\" rel=\"attachment wp-att-20977\"><img data-recalc-dims=\"1\" loading=\"lazy\" decoding=\"async\" class=\"aligncenter size-full wp-image-20977\" src=\"https:\/\/i0.wp.com\/magiaenelcamino.com.ar\/wp-content\/2016\/03\/IMG_0056-14.jpg?resize=800%2C600\" sizes=\"auto, (max-width: 800px) 100vw, 800px\" srcset=\"http:\/\/magiaenelcamino.com.ar\/wp-content\/2016\/03\/IMG_0056-14.jpg 800w, http:\/\/magiaenelcamino.com.ar\/wp-content\/2016\/03\/IMG_0056-14-300x225.jpg 300w, http:\/\/magiaenelcamino.com.ar\/wp-content\/2016\/03\/IMG_0056-14-768x576.jpg 768w, http:\/\/magiaenelcamino.com.ar\/wp-content\/2016\/03\/IMG_0056-14-75x55.jpg 75w, http:\/\/magiaenelcamino.com.ar\/wp-content\/2016\/03\/IMG_0056-14-180x135.jpg 180w\" alt=\"IMG_0056-14\" width=\"800\" height=\"600\" \/><\/a><\/p>\n<p><a href=\"https:\/\/i0.wp.com\/magiaenelcamino.com.ar\/wp-content\/2016\/03\/IMG_0047-3.jpg\" rel=\"attachment wp-att-20975\"><img data-recalc-dims=\"1\" loading=\"lazy\" decoding=\"async\" class=\"aligncenter size-full wp-image-20975\" src=\"https:\/\/i0.wp.com\/magiaenelcamino.com.ar\/wp-content\/2016\/03\/IMG_0047-3.jpg?resize=600%2C800\" sizes=\"auto, (max-width: 600px) 100vw, 600px\" srcset=\"http:\/\/magiaenelcamino.com.ar\/wp-content\/2016\/03\/IMG_0047-3.jpg 600w, http:\/\/magiaenelcamino.com.ar\/wp-content\/2016\/03\/IMG_0047-3-225x300.jpg 225w, http:\/\/magiaenelcamino.com.ar\/wp-content\/2016\/03\/IMG_0047-3-300x400.jpg 300w\" alt=\"IMG_0047-3\" width=\"600\" height=\"800\" \/><\/a><\/p>\n<p>&nbsp;<\/p>\n<p><strong>Casa de Ra\u00fal Alfons\u00edn.<\/strong><\/p>\n<p>El ex presidente de la Argentina, Ra\u00fal Alfons\u00edn, naci\u00f3 en Chascom\u00fas y muchos de sus vecinos conservan muy buenos recuerdos de su persona. La casa que se encuentra en la esquina de Mitre y Cr\u00e1mer lo alberg\u00f3 algunos a\u00f1os de su vida, pero no muchos. \u201cEn realidad \u00e9l vivi\u00f3 muy poco tiempo ac\u00e1, su casa estaba a unas tres cuadras de la plaza\u201d, nos cuenta una vecina mientras intenta darle un higo a Tahiel y \u00e9l solo quiere jugar con su llavero. Tanto ella como otros vecinos con los que conversamos tienen una muy buena imagen de Ra\u00fal, como lo llaman. \u201cTodas las ma\u00f1anas pasaba a buscar el diario y se quedaba conversando conmigo\u201d, nos cuenta Julio mientras termina de tomar un mate lavado.<\/p>\n<p><em>La casa.<\/em><\/p>\n<p><a href=\"https:\/\/i0.wp.com\/magiaenelcamino.com.ar\/wp-content\/2016\/03\/IMG_0050-13.jpg\" rel=\"attachment wp-att-20976\"><img data-recalc-dims=\"1\" loading=\"lazy\" decoding=\"async\" class=\"aligncenter size-full wp-image-20976\" src=\"https:\/\/i0.wp.com\/magiaenelcamino.com.ar\/wp-content\/2016\/03\/IMG_0050-13.jpg?resize=800%2C600\" sizes=\"auto, (max-width: 800px) 100vw, 800px\" srcset=\"http:\/\/magiaenelcamino.com.ar\/wp-content\/2016\/03\/IMG_0050-13.jpg 800w, http:\/\/magiaenelcamino.com.ar\/wp-content\/2016\/03\/IMG_0050-13-300x225.jpg 300w, http:\/\/magiaenelcamino.com.ar\/wp-content\/2016\/03\/IMG_0050-13-768x576.jpg 768w, http:\/\/magiaenelcamino.com.ar\/wp-content\/2016\/03\/IMG_0050-13-75x55.jpg 75w, http:\/\/magiaenelcamino.com.ar\/wp-content\/2016\/03\/IMG_0050-13-180x135.jpg 180w\" alt=\"IMG_0050-13\" width=\"800\" height=\"600\" \/><\/a><\/p>\n<p>&nbsp;<\/p>\n<p><strong>Centro de Artesanos<\/strong><\/p>\n<p>Frente al balneario Lamadrid, al final de la Avenida Per\u00f3n, hay una plaza donde se ubica la feria de los artesanos. Ideal para comprar cosas lindas y probar comida casera.<\/p>\n<p>&nbsp;<\/p>\n<p><strong>Capilla de los Negros<\/strong><\/p>\n<p>Frente a la feria de los artesanos se ubica la Capilla de los Negros, construida en 1862, como lugar de encuentro de la comunidad negra. All\u00ed se mezclaron\u00a0rituales africanos con rioplatenses\u00a0y fue\u00a0utilizada como lazareto en las epidemias de 1868 y 1871. La Unesco eligi\u00f3 este sitio como uno de los cuatro sitios de memoria en nuestro pa\u00eds dentro del programa \u201cLa ruta del Esclavo\u201d.<\/p>\n<p><a href=\"https:\/\/i0.wp.com\/magiaenelcamino.com.ar\/wp-content\/2016\/03\/IMG_0014-3.jpg\" rel=\"attachment wp-att-20963\"><img data-recalc-dims=\"1\" loading=\"lazy\" decoding=\"async\" class=\"aligncenter size-full wp-image-20963\" src=\"https:\/\/i0.wp.com\/magiaenelcamino.com.ar\/wp-content\/2016\/03\/IMG_0014-3.jpg?resize=800%2C600\" sizes=\"auto, (max-width: 800px) 100vw, 800px\" srcset=\"http:\/\/magiaenelcamino.com.ar\/wp-content\/2016\/03\/IMG_0014-3.jpg 800w, http:\/\/magiaenelcamino.com.ar\/wp-content\/2016\/03\/IMG_0014-3-300x225.jpg 300w, http:\/\/magiaenelcamino.com.ar\/wp-content\/2016\/03\/IMG_0014-3-768x576.jpg 768w, http:\/\/magiaenelcamino.com.ar\/wp-content\/2016\/03\/IMG_0014-3-75x55.jpg 75w, http:\/\/magiaenelcamino.com.ar\/wp-content\/2016\/03\/IMG_0014-3-180x135.jpg 180w\" alt=\"IMG_0014-3\" width=\"800\" height=\"600\" \/><\/a><\/p>\n<p>&nbsp;<\/p>\n<p><strong>Fuerte San Juan Bautista<\/strong><\/p>\n<p>En un predio frente a la laguna se construy\u00f3 en 1979 una r\u00e9plica del fuerte a partir del cual se fund\u00f3 la ciudad de Chascom\u00fas. La construcci\u00f3n se realiz\u00f3 en el marco de los festejos por el bicentenario de la ciudad. En la actualidad hay un museo y se realizan actividades folcl\u00f3rica, pero solo los fines de semana y en temporada alta. Cuando nosotros fuimos estaba cerrado y se lo ve\u00eda, desde lejos, algo abandonado. Posiblemente sea un interesante atractivo para conocer la historia de la ciudad.<\/p>\n<p><a href=\"https:\/\/i0.wp.com\/magiaenelcamino.com.ar\/wp-content\/2016\/03\/IMG_0006-1.jpg\" rel=\"attachment wp-att-20961\"><img data-recalc-dims=\"1\" loading=\"lazy\" decoding=\"async\" class=\"aligncenter size-full wp-image-20961\" src=\"https:\/\/i0.wp.com\/magiaenelcamino.com.ar\/wp-content\/2016\/03\/IMG_0006-1.jpg?resize=800%2C600\" sizes=\"auto, (max-width: 800px) 100vw, 800px\" srcset=\"http:\/\/magiaenelcamino.com.ar\/wp-content\/2016\/03\/IMG_0006-1.jpg 800w, http:\/\/magiaenelcamino.com.ar\/wp-content\/2016\/03\/IMG_0006-1-300x225.jpg 300w, http:\/\/magiaenelcamino.com.ar\/wp-content\/2016\/03\/IMG_0006-1-768x576.jpg 768w, http:\/\/magiaenelcamino.com.ar\/wp-content\/2016\/03\/IMG_0006-1-75x55.jpg 75w, http:\/\/magiaenelcamino.com.ar\/wp-content\/2016\/03\/IMG_0006-1-180x135.jpg 180w\" alt=\"IMG_0006-1\" width=\"800\" height=\"600\" \/><\/a><\/p>\n<p>&nbsp;<\/p>\n<p><strong>Museo Pampeano<\/strong><\/p>\n<p>En una de las esquinas del Parque Libres del Sur se encuentra el Museo Pampeano. Fue creado en 1939 para recordar el centenario de la Batalla de Chascom\u00fas. Tiene siete salas de exposici\u00f3n donde se muestra la historia de la zona y la ciudad. Como todos los museos de este estilo es muy interesante para los amantes de la historia. No es el lugar ideal para llevar a los chicos.<\/p>\n<p><strong>Estaci\u00f3n del ferrocarril<\/strong><\/p>\n<p>Nos quedamos con muchas ganas de ir a sacar fotograf\u00edas a la antigua estaci\u00f3n de trenes, pero es una buena opci\u00f3n para los que gustan del arte fotogr\u00e1fico. La estaci\u00f3n se ubica a unas ocho cuadras de la plaza principal. Fue creada en 1865, con el t\u00edpico edificio con galer\u00eda al estilo ingl\u00e9s.<\/p>\n<p><strong>Compras<\/strong><\/p>\n<p>Las calles Belgrado y Libres del Sur son las que concentran la actividad comercial de todo tipo.<\/p>\n<p><strong>Parque acu\u00e1tico Puerto Aventura<\/strong><\/p>\n<p>Ideal para pasar un d\u00eda en familia. Nosotros no fuimos porque no hizo tanto calor esos d\u00edas, pero en pleno verano es una buena opci\u00f3n, sobre todo si viajamos con ni\u00f1os. Hay grandes toboganes de agua, plaza blanda, inflables y zona de parrillas. La direcci\u00f3n es Avenida Pedro Gasc\u00f3n 551.<\/p>\n<p><strong>Algunas fotos m\u00e1s de la ciudad<\/strong><\/p>\n<p><em>Los perros son protagonistas de las calles de Chascom\u00fas.<\/em><\/p>\n<p><a href=\"https:\/\/i0.wp.com\/magiaenelcamino.com.ar\/wp-content\/2016\/03\/IMG_0058-15.jpg\" rel=\"attachment wp-att-20978\"><img data-recalc-dims=\"1\" loading=\"lazy\" decoding=\"async\" class=\"aligncenter size-full wp-image-20978\" src=\"https:\/\/i0.wp.com\/magiaenelcamino.com.ar\/wp-content\/2016\/03\/IMG_0058-15.jpg?resize=800%2C600\" sizes=\"auto, (max-width: 800px) 100vw, 800px\" srcset=\"http:\/\/magiaenelcamino.com.ar\/wp-content\/2016\/03\/IMG_0058-15.jpg 800w, http:\/\/magiaenelcamino.com.ar\/wp-content\/2016\/03\/IMG_0058-15-300x225.jpg 300w, http:\/\/magiaenelcamino.com.ar\/wp-content\/2016\/03\/IMG_0058-15-768x576.jpg 768w, http:\/\/magiaenelcamino.com.ar\/wp-content\/2016\/03\/IMG_0058-15-75x55.jpg 75w, http:\/\/magiaenelcamino.com.ar\/wp-content\/2016\/03\/IMG_0058-15-180x135.jpg 180w\" alt=\"IMG_0058-15\" width=\"800\" height=\"600\" \/><\/a><\/p>\n<p>&nbsp;<\/p>\n<p><a href=\"https:\/\/i0.wp.com\/magiaenelcamino.com.ar\/wp-content\/2016\/03\/IMG_0027-11.jpg\" rel=\"attachment wp-att-20972\"><img data-recalc-dims=\"1\" loading=\"lazy\" decoding=\"async\" class=\"aligncenter size-full wp-image-20972\" src=\"https:\/\/i0.wp.com\/magiaenelcamino.com.ar\/wp-content\/2016\/03\/IMG_0027-11.jpg?resize=800%2C600\" sizes=\"auto, (max-width: 800px) 100vw, 800px\" srcset=\"http:\/\/magiaenelcamino.com.ar\/wp-content\/2016\/03\/IMG_0027-11.jpg 800w, http:\/\/magiaenelcamino.com.ar\/wp-content\/2016\/03\/IMG_0027-11-300x225.jpg 300w, http:\/\/magiaenelcamino.com.ar\/wp-content\/2016\/03\/IMG_0027-11-768x576.jpg 768w, http:\/\/magiaenelcamino.com.ar\/wp-content\/2016\/03\/IMG_0027-11-75x55.jpg 75w, http:\/\/magiaenelcamino.com.ar\/wp-content\/2016\/03\/IMG_0027-11-180x135.jpg 180w\" alt=\"IMG_0027-11\" width=\"800\" height=\"600\" \/><\/a><\/p>\n<p>&nbsp;<\/p>\n<p><a href=\"https:\/\/i0.wp.com\/magiaenelcamino.com.ar\/wp-content\/2016\/03\/IMG_0025-9.jpg\" rel=\"attachment wp-att-20970\"><img data-recalc-dims=\"1\" loading=\"lazy\" decoding=\"async\" class=\"aligncenter size-full wp-image-20970\" src=\"https:\/\/i0.wp.com\/magiaenelcamino.com.ar\/wp-content\/2016\/03\/IMG_0025-9.jpg?resize=800%2C600\" sizes=\"auto, (max-width: 800px) 100vw, 800px\" srcset=\"http:\/\/magiaenelcamino.com.ar\/wp-content\/2016\/03\/IMG_0025-9.jpg 800w, http:\/\/magiaenelcamino.com.ar\/wp-content\/2016\/03\/IMG_0025-9-300x225.jpg 300w, http:\/\/magiaenelcamino.com.ar\/wp-content\/2016\/03\/IMG_0025-9-768x576.jpg 768w, http:\/\/magiaenelcamino.com.ar\/wp-content\/2016\/03\/IMG_0025-9-75x55.jpg 75w, http:\/\/magiaenelcamino.com.ar\/wp-content\/2016\/03\/IMG_0025-9-180x135.jpg 180w\" alt=\"IMG_0025-9\" width=\"800\" height=\"600\" \/><\/a><\/p>\n<p>&nbsp;<\/p>\n<p><a href=\"https:\/\/i0.wp.com\/magiaenelcamino.com.ar\/wp-content\/2016\/03\/IMG_0026-7.jpg\" rel=\"attachment wp-att-20933\"><img data-recalc-dims=\"1\" loading=\"lazy\" decoding=\"async\" class=\"aligncenter size-full wp-image-20933\" src=\"https:\/\/i0.wp.com\/magiaenelcamino.com.ar\/wp-content\/2016\/03\/IMG_0026-7.jpg?resize=800%2C600\" sizes=\"auto, (max-width: 800px) 100vw, 800px\" srcset=\"http:\/\/magiaenelcamino.com.ar\/wp-content\/2016\/03\/IMG_0026-7.jpg 800w, http:\/\/magiaenelcamino.com.ar\/wp-content\/2016\/03\/IMG_0026-7-300x225.jpg 300w, http:\/\/magiaenelcamino.com.ar\/wp-content\/2016\/03\/IMG_0026-7-768x576.jpg 768w, http:\/\/magiaenelcamino.com.ar\/wp-content\/2016\/03\/IMG_0026-7-75x55.jpg 75w, http:\/\/magiaenelcamino.com.ar\/wp-content\/2016\/03\/IMG_0026-7-180x135.jpg 180w\" alt=\"IMG_0026-7\" width=\"800\" height=\"600\" \/><\/a><\/p>\n<p>&nbsp;<\/p>\n<p><a href=\"https:\/\/i0.wp.com\/magiaenelcamino.com.ar\/wp-content\/2016\/03\/IMG_0060-16.jpg\" rel=\"attachment wp-att-20979\"><img data-recalc-dims=\"1\" loading=\"lazy\" decoding=\"async\" class=\"aligncenter size-full wp-image-20979\" src=\"https:\/\/i0.wp.com\/magiaenelcamino.com.ar\/wp-content\/2016\/03\/IMG_0060-16.jpg?resize=800%2C600\" sizes=\"auto, (max-width: 800px) 100vw, 800px\" srcset=\"http:\/\/magiaenelcamino.com.ar\/wp-content\/2016\/03\/IMG_0060-16.jpg 800w, http:\/\/magiaenelcamino.com.ar\/wp-content\/2016\/03\/IMG_0060-16-300x225.jpg 300w, http:\/\/magiaenelcamino.com.ar\/wp-content\/2016\/03\/IMG_0060-16-768x576.jpg 768w, http:\/\/magiaenelcamino.com.ar\/wp-content\/2016\/03\/IMG_0060-16-75x55.jpg 75w, http:\/\/magiaenelcamino.com.ar\/wp-content\/2016\/03\/IMG_0060-16-180x135.jpg 180w\" alt=\"IMG_0060-16\" width=\"800\" height=\"600\" \/><\/a><\/p>\n<p>&nbsp;<\/p>\n<p>&nbsp;<\/p>\n<p>&nbsp;<\/p>\n<p><a href=\"https:\/\/i0.wp.com\/magiaenelcamino.com.ar\/wp-content\/2016\/03\/IMG_0019-5.jpg\" rel=\"attachment wp-att-20930\"><img data-recalc-dims=\"1\" loading=\"lazy\" decoding=\"async\" class=\"aligncenter size-full wp-image-20930\" src=\"https:\/\/i0.wp.com\/magiaenelcamino.com.ar\/wp-content\/2016\/03\/IMG_0019-5.jpg?resize=800%2C600\" sizes=\"auto, (max-width: 800px) 100vw, 800px\" srcset=\"http:\/\/magiaenelcamino.com.ar\/wp-content\/2016\/03\/IMG_0019-5.jpg 800w, http:\/\/magiaenelcamino.com.ar\/wp-content\/2016\/03\/IMG_0019-5-300x225.jpg 300w, http:\/\/magiaenelcamino.com.ar\/wp-content\/2016\/03\/IMG_0019-5-768x576.jpg 768w, http:\/\/magiaenelcamino.com.ar\/wp-content\/2016\/03\/IMG_0019-5-75x55.jpg 75w, http:\/\/magiaenelcamino.com.ar\/wp-content\/2016\/03\/IMG_0019-5-180x135.jpg 180w\" alt=\"IMG_0019-5\" width=\"800\" height=\"600\" \/><\/a><\/p>\n<p>&nbsp;<\/p>\n<p><a href=\"https:\/\/i0.wp.com\/magiaenelcamino.com.ar\/wp-content\/2016\/03\/IMG_0012-4.jpg\" rel=\"attachment wp-att-20929\"><img data-recalc-dims=\"1\" loading=\"lazy\" decoding=\"async\" class=\"aligncenter size-full wp-image-20929\" src=\"https:\/\/i0.wp.com\/magiaenelcamino.com.ar\/wp-content\/2016\/03\/IMG_0012-4.jpg?resize=800%2C600\" sizes=\"auto, (max-width: 800px) 100vw, 800px\" srcset=\"http:\/\/magiaenelcamino.com.ar\/wp-content\/2016\/03\/IMG_0012-4.jpg 800w, http:\/\/magiaenelcamino.com.ar\/wp-content\/2016\/03\/IMG_0012-4-300x225.jpg 300w, http:\/\/magiaenelcamino.com.ar\/wp-content\/2016\/03\/IMG_0012-4-768x576.jpg 768w, http:\/\/magiaenelcamino.com.ar\/wp-content\/2016\/03\/IMG_0012-4-75x55.jpg 75w, http:\/\/magiaenelcamino.com.ar\/wp-content\/2016\/03\/IMG_0012-4-180x135.jpg 180w\" alt=\"IMG_0012-4\" width=\"800\" height=\"600\" \/><\/a><\/p>\n<p>&nbsp;<\/p>\n<p>Chascom\u00fas es una muy buena opci\u00f3n para hacerse una escapada desde Buenos Aires. Son un poco m\u00e1s de 120 kil\u00f3metros, por la autov\u00eda dos.<br \/>\nLa ciudad presenta varias opciones para todos los gustos, aunque en los meses m\u00e1s fr\u00edos las actividades se reducen un poco, pero los atardeceres se disfrutan igual.<br \/>\nLes recomendamos llegar y <strong>visitar la oficina de turismo<\/strong> (en Avenida Costanera Espa\u00f1a y Espig\u00f3n dePesca). All\u00ed les dar\u00e1n un mapa muy \u00fatil y podr\u00e1n asesorarlos sobre los lugares para realizar deportes o alquilar equipo. Adem\u00e1s, cuentan con una lista de hoteles, apart, caba\u00f1as, casas de alquiler, campings y estancias actualizada.<\/p>\n<p><strong>\u00bfC\u00f3mo llegar a Chascom\u00fas desde Buenos Aires?<\/strong><\/p>\n<p>En auto, por la Autov\u00eda 2.<br \/>\nEn combi. Existen varias empresas que realizan el trayecto en combi o en auto particular.<br \/>\nTambi\u00e9n se puede llegar en \u00f3mnibus desde Retiro.<\/p>\n<blockquote class=\"wp-embedded-content\" data-secret=\"n54izcSDA4\"><p><a href=\"https:\/\/magiaenelcamino.com.ar\/escapada-a-chascomus-que-hacer-y-ver-en-chascomus.html\">Qu\u00e9 hacer en Chascom\u00fas: escapada de fin de semana<\/a><\/p><\/blockquote>\n<p><iframe loading=\"lazy\" class=\"wp-embedded-content\" sandbox=\"allow-scripts\" security=\"restricted\" style=\"position: absolute; clip: rect(1px, 1px, 1px, 1px);\" title=\"\u00abQu\u00e9 hacer en Chascom\u00fas: escapada de fin de semana\u00bb \u2014 Magia en el Camino\" src=\"https:\/\/magiaenelcamino.com.ar\/escapada-a-chascomus-que-hacer-y-ver-en-chascomus.html\/embed#?secret=DbNxV31vGs#?secret=n54izcSDA4\" data-secret=\"n54izcSDA4\" width=\"500\" height=\"282\" frameborder=\"0\" marginwidth=\"0\" marginheight=\"0\" scrolling=\"no\"><\/iframe><\/p>\n","protected":false},"excerpt":{"rendered":"<div class=\"mh-excerpt\"><p>Si uno piensa en Chascom\u00fas\u00a0autom\u00e1ticamente piensa en su laguna. Podr\u00eda pensar en\u00a0la pesca, en\u00a0Alfons\u00edn o en\u00a0el turismo rural. Pero no, la relaci\u00f3n es\u00a0con la laguna. Es que\u00a0la laguna se lleva todas las miradas, sobre todo <a class=\"mh-excerpt-more\" href=\"https:\/\/larevistadigital.com.ar\/blog\/escapada-a-chascomus\/\" title=\"ESCAPADA A CHASCOMUS\">[Leer M\u00e1s]<\/a><\/p>\n<\/div>","protected":false},"author":2,"featured_media":328,"comment_status":"open","ping_status":"open","sticky":false,"template":"","format":"standard","meta":{"_jetpack_memberships_contains_paid_content":false,"footnotes":"","jetpack_publicize_message":"","jetpack_publicize_feature_enabled":true,"jetpack_social_post_already_shared":false,"jetpack_social_options":{"image_generator_settings":{"template":"highway","default_image_id":0,"font":"","enabled":false},"version":2}},"categories":[30],"tags":[],"class_list":{"0":"post-325","1":"post","2":"type-post","3":"status-publish","4":"format-standard","5":"has-post-thumbnail","7":"category-turismo"},"jetpack_publicize_connections":[],"jetpack_featured_media_url":"https:\/\/i0.wp.com\/larevistadigital.com.ar\/blog\/wp-content\/uploads\/2017\/02\/IMG_0099-29.jpg?fit=800%2C600&ssl=1","jetpack_sharing_enabled":true,"jetpack_shortlink":"https:\/\/wp.me\/p8qtrQ-5f","jetpack-related-posts":[{"id":44,"url":"https:\/\/larevistadigital.com.ar\/blog\/enojo-y-preocupacion-por-el-bajo-nivel-de-la-laguna\/","url_meta":{"origin":325,"position":0},"title":"Enojo y preocupaci\u00f3n por el bajo nivel de la laguna","author":"editor","date":"30 enero, 2017","format":false,"excerpt":"Algunos turistas y vecinos manifestaron su preocupaci\u00f3n por el bajo nivel que registra la laguna, la que seg\u00fan dicen en el centro de la misma mide 1,70 de profundidad, lo que afecta directamente a quienes quieran navegar y poseen embarcaciones. Esto, ha provocado que algunos opten por ir a otros\u2026","rel":"","context":"En \u00abCHASCOM\u00daS\u00bb","block_context":{"text":"CHASCOM\u00daS","link":"https:\/\/larevistadigital.com.ar\/blog\/category\/chascomus\/"},"img":{"alt_text":"","src":"https:\/\/i0.wp.com\/larevistadigital.com.ar\/blog\/wp-content\/uploads\/2017\/01\/DSC_0004-1.jpg?fit=1200%2C795&ssl=1&resize=350%2C200","width":350,"height":200,"srcset":"https:\/\/i0.wp.com\/larevistadigital.com.ar\/blog\/wp-content\/uploads\/2017\/01\/DSC_0004-1.jpg?fit=1200%2C795&ssl=1&resize=350%2C200 1x, https:\/\/i0.wp.com\/larevistadigital.com.ar\/blog\/wp-content\/uploads\/2017\/01\/DSC_0004-1.jpg?fit=1200%2C795&ssl=1&resize=525%2C300 1.5x, https:\/\/i0.wp.com\/larevistadigital.com.ar\/blog\/wp-content\/uploads\/2017\/01\/DSC_0004-1.jpg?fit=1200%2C795&ssl=1&resize=700%2C400 2x, https:\/\/i0.wp.com\/larevistadigital.com.ar\/blog\/wp-content\/uploads\/2017\/01\/DSC_0004-1.jpg?fit=1200%2C795&ssl=1&resize=1050%2C600 3x"},"classes":[]},{"id":33715,"url":"https:\/\/larevistadigital.com.ar\/blog\/chascomus-1-500-corredores-de-todo-el-pais-disfrutaron-de-una-carrera-de-aventura-a-orilla-de-la-laguna\/","url_meta":{"origin":325,"position":1},"title":"CHASCOM\u00daS: 1.500 CORREDORES DE TODO EL PA\u00cdS DISFRUTARON DE UNA CARRERA DE AVENTURA A ORILLA DE LA LAGUNA","author":"Alejandro Sosa Ruda","date":"3 octubre, 2023","format":false,"excerpt":"Este domingo se desarroll\u00f3 la 7ma edici\u00f3n de la EcotrailChallenge en nuestra ciudad. CHASCOM\u00daS -\u00a0 \u201cEs la s\u00e9ptima edici\u00f3n de la EcotrailChallenge con 1500 corredores, un \u00e9xito total. Chascom\u00fas bati\u00f3 todos los records de esta carrera y estamos muy felices por el acompa\u00f1amiento de siempre del Intendente Javier Gast\u00f3n y\u2026","rel":"","context":"En \u00abCHASCOM\u00daS\u00bb","block_context":{"text":"CHASCOM\u00daS","link":"https:\/\/larevistadigital.com.ar\/blog\/category\/chascomus\/"},"img":{"alt_text":"","src":"https:\/\/i0.wp.com\/larevistadigital.com.ar\/blog\/wp-content\/uploads\/gg.jpg?fit=800%2C500&ssl=1&resize=350%2C200","width":350,"height":200,"srcset":"https:\/\/i0.wp.com\/larevistadigital.com.ar\/blog\/wp-content\/uploads\/gg.jpg?fit=800%2C500&ssl=1&resize=350%2C200 1x, https:\/\/i0.wp.com\/larevistadigital.com.ar\/blog\/wp-content\/uploads\/gg.jpg?fit=800%2C500&ssl=1&resize=525%2C300 1.5x, https:\/\/i0.wp.com\/larevistadigital.com.ar\/blog\/wp-content\/uploads\/gg.jpg?fit=800%2C500&ssl=1&resize=700%2C400 2x"},"classes":[]},{"id":7228,"url":"https:\/\/larevistadigital.com.ar\/blog\/chascomus-gabriel-macchi-fijo-su-posicion-respecto-del-proyecto-de-unidad-por-chascomus-de-instaurar-el-estacionamiento-medido-en-toda-la-laguna\/","url_meta":{"origin":325,"position":2},"title":"CHASCOM\u00daS: GABRIEL MACCHI FIJ\u00d3 SU POSICI\u00d3N RESPECTO DEL PROYECTO DE UNIDAD POR CHASCOM\u00daS DE INSTAURAR EL ESTACIONAMIENTO MEDIDO EN TODA LA LAGUNA","author":"Alejandro Sosa Ruda","date":"15 diciembre, 2018","format":false,"excerpt":"Luego que desde el gobierno local se promueva la instauraci\u00f3n de una especie de \"estacionamiento medido\" en toda la circunvalaci\u00f3n de la laguna, muchos han manifestado su descontento con la iniciativa. Es para destacar, que esta iniciativa forma parte de la ordenanza fiscal e impositiva, impulsada por el ejecutivo, y\u2026","rel":"","context":"En \u00abPOLITICA\u00bb","block_context":{"text":"POLITICA","link":"https:\/\/larevistadigital.com.ar\/blog\/category\/politica\/"},"img":{"alt_text":"","src":"https:\/\/i0.wp.com\/larevistadigital.com.ar\/blog\/wp-content\/uploads\/2018\/12\/43672906_2166112250079909_6168682319734374400_n.jpg?fit=720%2C720&ssl=1&resize=350%2C200","width":350,"height":200,"srcset":"https:\/\/i0.wp.com\/larevistadigital.com.ar\/blog\/wp-content\/uploads\/2018\/12\/43672906_2166112250079909_6168682319734374400_n.jpg?fit=720%2C720&ssl=1&resize=350%2C200 1x, https:\/\/i0.wp.com\/larevistadigital.com.ar\/blog\/wp-content\/uploads\/2018\/12\/43672906_2166112250079909_6168682319734374400_n.jpg?fit=720%2C720&ssl=1&resize=525%2C300 1.5x, https:\/\/i0.wp.com\/larevistadigital.com.ar\/blog\/wp-content\/uploads\/2018\/12\/43672906_2166112250079909_6168682319734374400_n.jpg?fit=720%2C720&ssl=1&resize=700%2C400 2x"},"classes":[]},{"id":6432,"url":"https:\/\/larevistadigital.com.ar\/blog\/chascomus-identificaron-a-la-persona-hallada-ahogada-hoy-en-la-laguna\/","url_meta":{"origin":325,"position":3},"title":"CHASCOM\u00daS: IDENTIFICARON A LA PERSONA HALLADA AHOGADA HOY EN LA LAGUNA","author":"Alejandro Sosa Ruda","date":"30 agosto, 2018","format":false,"excerpt":"Finalmente fue identificado el cuerpo hallado el d\u00eda de hoy alrededor de las 13:30 hs., y se trata de Maximiliano Lucas Taliercio, de 34 a\u00f1os de edad. Se hab\u00eda denunciado su desaparici\u00f3n desde el d\u00eda 21\/08. Cumplimentando las medidas judiciales, se har\u00e1 entrega del cuerpo a sus deudos.","rel":"","context":"En \u00abDESTACADAS\u00bb","block_context":{"text":"DESTACADAS","link":"https:\/\/larevistadigital.com.ar\/blog\/category\/destacadas\/"},"img":{"alt_text":"","src":"https:\/\/i0.wp.com\/larevistadigital.com.ar\/blog\/wp-content\/uploads\/2018\/08\/40424770_1419430944855392_4859828088961236992_n.jpg?fit=720%2C540&ssl=1&resize=350%2C200","width":350,"height":200,"srcset":"https:\/\/i0.wp.com\/larevistadigital.com.ar\/blog\/wp-content\/uploads\/2018\/08\/40424770_1419430944855392_4859828088961236992_n.jpg?fit=720%2C540&ssl=1&resize=350%2C200 1x, https:\/\/i0.wp.com\/larevistadigital.com.ar\/blog\/wp-content\/uploads\/2018\/08\/40424770_1419430944855392_4859828088961236992_n.jpg?fit=720%2C540&ssl=1&resize=525%2C300 1.5x, https:\/\/i0.wp.com\/larevistadigital.com.ar\/blog\/wp-content\/uploads\/2018\/08\/40424770_1419430944855392_4859828088961236992_n.jpg?fit=720%2C540&ssl=1&resize=700%2C400 2x"},"classes":[]},{"id":40896,"url":"https:\/\/larevistadigital.com.ar\/blog\/chascomus-fueron-detectados-pescadores-furtivos-en-la-laguna-durante-la-madrugada\/","url_meta":{"origin":325,"position":4},"title":"Chascom\u00fas: Fueron detectados pescadores furtivos en la laguna durante la madrugada","author":"Alejandro Sosa Ruda","date":"13 agosto, 2025","format":false,"excerpt":"Gracias a una intervenci\u00f3n conjunta de la Patrulla de Prevenci\u00f3n Municipal y la Polic\u00eda Rural. 13 de Agosto de 2025 CHASCOM\u00daS -\u00a0 \u00a0En un operativo realizado en horas de la madrugada, la Patrulla de Prevenci\u00f3n Municipal identific\u00f3 una situaci\u00f3n de pesca furtiva en la zona de la Costanera, entre las\u2026","rel":"","context":"En \u00abCHASCOM\u00daS\u00bb","block_context":{"text":"CHASCOM\u00daS","link":"https:\/\/larevistadigital.com.ar\/blog\/category\/chascomus\/"},"img":{"alt_text":"","src":"https:\/\/i0.wp.com\/larevistadigital.com.ar\/blog\/wp-content\/uploads\/689ccefc8cd84.png?fit=668%2C445&ssl=1&resize=350%2C200","width":350,"height":200,"srcset":"https:\/\/i0.wp.com\/larevistadigital.com.ar\/blog\/wp-content\/uploads\/689ccefc8cd84.png?fit=668%2C445&ssl=1&resize=350%2C200 1x, https:\/\/i0.wp.com\/larevistadigital.com.ar\/blog\/wp-content\/uploads\/689ccefc8cd84.png?fit=668%2C445&ssl=1&resize=525%2C300 1.5x"},"classes":[]},{"id":44962,"url":"https:\/\/larevistadigital.com.ar\/blog\/chascomus-finalizo-la-temporada-del-servicio-municipal-de-guardavidas-en-la-laguna\/","url_meta":{"origin":325,"position":5},"title":"Chascom\u00fas: Finaliz\u00f3 la temporada del servicio municipal de guardavidas en la laguna","author":"Alejandro Sosa Ruda","date":"6 abril, 2026","format":false,"excerpt":"El operativo que se realiz\u00f3 durante toda la temporada de verano fue evaluado de manera positiva. 06 de abril de 2026 CHASCOM\u00daS -\u00a0 \u00a0El servicio municipal de guardavidas concluy\u00f3 este fin de semana tras su labor a lo largo de la temporada en distintos sectores de la costanera. Este dispositivo\u2026","rel":"","context":"En \u00abCHASCOM\u00daS\u00bb","block_context":{"text":"CHASCOM\u00daS","link":"https:\/\/larevistadigital.com.ar\/blog\/category\/chascomus\/"},"img":{"alt_text":"","src":"https:\/\/i0.wp.com\/larevistadigital.com.ar\/blog\/wp-content\/uploads\/69d3e7d908f81.png?fit=668%2C445&ssl=1&resize=350%2C200","width":350,"height":200,"srcset":"https:\/\/i0.wp.com\/larevistadigital.com.ar\/blog\/wp-content\/uploads\/69d3e7d908f81.png?fit=668%2C445&ssl=1&resize=350%2C200 1x, https:\/\/i0.wp.com\/larevistadigital.com.ar\/blog\/wp-content\/uploads\/69d3e7d908f81.png?fit=668%2C445&ssl=1&resize=525%2C300 1.5x"},"classes":[]}],"_links":{"self":[{"href":"https:\/\/larevistadigital.com.ar\/blog\/wp-json\/wp\/v2\/posts\/325","targetHints":{"allow":["GET"]}}],"collection":[{"href":"https:\/\/larevistadigital.com.ar\/blog\/wp-json\/wp\/v2\/posts"}],"about":[{"href":"https:\/\/larevistadigital.com.ar\/blog\/wp-json\/wp\/v2\/types\/post"}],"author":[{"embeddable":true,"href":"https:\/\/larevistadigital.com.ar\/blog\/wp-json\/wp\/v2\/users\/2"}],"replies":[{"embeddable":true,"href":"https:\/\/larevistadigital.com.ar\/blog\/wp-json\/wp\/v2\/comments?post=325"}],"version-history":[{"count":1,"href":"https:\/\/larevistadigital.com.ar\/blog\/wp-json\/wp\/v2\/posts\/325\/revisions"}],"predecessor-version":[{"id":326,"href":"https:\/\/larevistadigital.com.ar\/blog\/wp-json\/wp\/v2\/posts\/325\/revisions\/326"}],"wp:featuredmedia":[{"embeddable":true,"href":"https:\/\/larevistadigital.com.ar\/blog\/wp-json\/wp\/v2\/media\/328"}],"wp:attachment":[{"href":"https:\/\/larevistadigital.com.ar\/blog\/wp-json\/wp\/v2\/media?parent=325"}],"wp:term":[{"taxonomy":"category","embeddable":true,"href":"https:\/\/larevistadigital.com.ar\/blog\/wp-json\/wp\/v2\/categories?post=325"},{"taxonomy":"post_tag","embeddable":true,"href":"https:\/\/larevistadigital.com.ar\/blog\/wp-json\/wp\/v2\/tags?post=325"}],"curies":[{"name":"wp","href":"https:\/\/api.w.org\/{rel}","templated":true}]}}