{"id":32535,"date":"2023-07-21T15:49:31","date_gmt":"2023-07-21T15:49:31","guid":{"rendered":"https:\/\/larevistadigital.com.ar\/blog\/?p=32535"},"modified":"2023-07-21T17:47:08","modified_gmt":"2023-07-21T17:47:08","slug":"chascomus-se-realizo-un-allanamiento-con-resultado-positivo-y-se-aprehendio-a-tres-personas","status":"publish","type":"post","link":"https:\/\/larevistadigital.com.ar\/blog\/chascomus-se-realizo-un-allanamiento-con-resultado-positivo-y-se-aprehendio-a-tres-personas\/","title":{"rendered":"CHASCOM\u00daS: SE REALIZ\u00d3 UN ALLANAMIENTO CON RESULTADO POSITIVO, Y SE APREHENDI\u00d3 A TRES PERSONAS."},"content":{"rendered":"<h2>Se identific\u00f3 a uno de los responsables de un robo y tras investigaciones se pudo aprehender personas que adem\u00e1s ten\u00edan antecedentes.<\/h2>\n<p>21 de julio de 2023<\/p>\n<p><strong>CHASCOM\u00daS\u00a0 &#8211;\u00a0<\/strong> El 7 de julio pasado, un vecino denunci\u00f3 que se encontraba caminando por calle Libres del Sur y Tucum\u00e1n, cuando fue sorprendido por dos sujetos que tras golpearlo en el rosto, le robaron el tel\u00e9fono celular y se dieron a la fuga.<\/p>\n<p>Luego de investigaciones llevadas a cabo por personal de la DDI en Chascom\u00fas, logran recabar informaci\u00f3n de uno de los ladrones, y atento a la descripci\u00f3n f\u00edsica y vestimenta de los responsables, se obtiene una filmaci\u00f3n viralizada en redes,\u00a0 donde la misma persona particip\u00f3 de un il\u00edcito en un comercio (donde como consecuencia se realiz\u00f3 otro allanamiento).<\/p>\n<blockquote>\n<h3>M\u00e1s tarde, y cumpliendo orden de allanamiento para con un domicilio en calle Castillo de Chascom\u00fas, se lograron secuestrar diversos elementos, que tras una comunicaci\u00f3n, el Dr. <strong>Jonathan ROBERT<\/strong> requiri\u00f3 el secuestro de arma tumbera, un cuchillo tipo faca, y 7 fundas de celular.<\/h3>\n<\/blockquote>\n<p>Tambi\u00e9n se secuestraron 19 envoltorios de coca\u00edna, una balanza de precisi\u00f3n, tres tel\u00e9fonos celulares, una ri\u00f1onera, una cartera de mujer, una billetera de mujer, una hoja con anotaciones y la cantidad de $16.800.- Todo esto fue solicitado por la Dra. de Estupefacientes, al igual que la aprehensi\u00f3n de los sujetos que contaban con antecedentes.<\/p>\n<p>LAS ACTUACIONES SE CARATULARON COMO ROBO &#8211; ENCUBRIMIENTO &#8211; TENENCIA DE ESTUPEFACIENTE CON FINES DE COMERCIALIZACION.<\/p>\n<p>&nbsp;<\/p>\n<p>&nbsp;<\/p>\n<p>&nbsp;<\/p>\n<p>&nbsp;<\/p>\n<p>&nbsp;<\/p>\n","protected":false},"excerpt":{"rendered":"<div class=\"mh-excerpt\"><p>Se identific\u00f3 a uno de los responsables de un robo y tras investigaciones se pudo aprehender personas que adem\u00e1s ten\u00edan antecedentes. 21 de julio de 2023 CHASCOM\u00daS\u00a0 &#8211;\u00a0 El 7 de julio pasado, un vecino <a class=\"mh-excerpt-more\" href=\"https:\/\/larevistadigital.com.ar\/blog\/chascomus-se-realizo-un-allanamiento-con-resultado-positivo-y-se-aprehendio-a-tres-personas\/\" title=\"CHASCOM\u00daS: SE REALIZ\u00d3 UN ALLANAMIENTO CON RESULTADO POSITIVO, Y SE APREHENDI\u00d3 A TRES PERSONAS.\">[Leer M\u00e1s]<\/a><\/p>\n<\/div>","protected":false},"author":3,"featured_media":32536,"comment_status":"open","ping_status":"open","sticky":false,"template":"","format":"standard","meta":{"_jetpack_memberships_contains_paid_content":false,"footnotes":"","jetpack_publicize_message":"","jetpack_publicize_feature_enabled":true,"jetpack_social_post_already_shared":true,"jetpack_social_options":{"image_generator_settings":{"template":"highway","default_image_id":0,"font":"","enabled":false},"version":2}},"categories":[50,44],"tags":[],"class_list":{"0":"post-32535","1":"post","2":"type-post","3":"status-publish","4":"format-standard","5":"has-post-thumbnail","7":"category-interes-general","8":"category-policiales"},"jetpack_publicize_connections":[],"jetpack_featured_media_url":"https:\/\/i0.wp.com\/larevistadigital.com.ar\/blog\/wp-content\/uploads\/WhatsApp-Image-2023-07-21-at-11.51.10-e1689954354778.jpeg?fit=899%2C1335&ssl=1","jetpack_sharing_enabled":true,"jetpack_shortlink":"https:\/\/wp.me\/p8qtrQ-8sL","jetpack-related-posts":[{"id":32726,"url":"https:\/\/larevistadigital.com.ar\/blog\/chascomus-la-policia-recupero-una-moto-que-habia-sido-denunciada-como-robada-a-fin-de-julio\/","url_meta":{"origin":32535,"position":0},"title":"CHASCOM\u00daS: LA POLIC\u00cdA RECUPER\u00d3 UNA MOTO QUE HAB\u00cdA SIDO DENUNCIADA COMO ROBADA A FIN DE JULIO","author":"Alejandro Sosa Ruda","date":"3 agosto, 2023","format":false,"excerpt":"CHASCOM\u00daS -\u00a0 \u00a0D\u00edas atr\u00e1s, una persona de sexo masculino realiz\u00f3 una denuncia en donde mencionaba que del patio lateral de su vivienda le fue sustra\u00edda una motocicleta de su propiedad. La moto robada era una Honda Wave, y a ra\u00edz de la denuncia, la polic\u00eda comunal comenz\u00f3 con tareas investigativas\u2026","rel":"","context":"En \u00abINTERES GENERAL\u00bb","block_context":{"text":"INTERES GENERAL","link":"https:\/\/larevistadigital.com.ar\/blog\/category\/interes-general\/"},"img":{"alt_text":"","src":"https:\/\/i0.wp.com\/larevistadigital.com.ar\/blog\/wp-content\/uploads\/88381adc587fa8a1e6a1dc82a6ca4e1b93ba1bbe-1.jpg?fit=1140%2C757&ssl=1&resize=350%2C200","width":350,"height":200,"srcset":"https:\/\/i0.wp.com\/larevistadigital.com.ar\/blog\/wp-content\/uploads\/88381adc587fa8a1e6a1dc82a6ca4e1b93ba1bbe-1.jpg?fit=1140%2C757&ssl=1&resize=350%2C200 1x, https:\/\/i0.wp.com\/larevistadigital.com.ar\/blog\/wp-content\/uploads\/88381adc587fa8a1e6a1dc82a6ca4e1b93ba1bbe-1.jpg?fit=1140%2C757&ssl=1&resize=525%2C300 1.5x, https:\/\/i0.wp.com\/larevistadigital.com.ar\/blog\/wp-content\/uploads\/88381adc587fa8a1e6a1dc82a6ca4e1b93ba1bbe-1.jpg?fit=1140%2C757&ssl=1&resize=700%2C400 2x, https:\/\/i0.wp.com\/larevistadigital.com.ar\/blog\/wp-content\/uploads\/88381adc587fa8a1e6a1dc82a6ca4e1b93ba1bbe-1.jpg?fit=1140%2C757&ssl=1&resize=1050%2C600 3x"},"classes":[]},{"id":30849,"url":"https:\/\/larevistadigital.com.ar\/blog\/chascomus-la-policia-detuvo-a-los-sindicados-como-responsables-del-crimen-de-enrique-roberto-romero\/","url_meta":{"origin":32535,"position":1},"title":"CHASCOM\u00daS: LA POLIC\u00cdA DETUVO A LOS SINDICADOS COMO RESPONSABLES DEL CRIMEN DE ENRIQUE ROBERTO NAVARRO","author":"Alejandro Sosa Ruda","date":"3 abril, 2023","format":false,"excerpt":"La polic\u00eda con un fuerte respaldo de Monitoreo lograron identificar a los autores del cruel homicidio que fuera v\u00edctima Enrique Roberto Navarro. Los detuvieron por la madrugada. 03 de abril de 2023 CHASCOM\u00daS -\u00a0 En el marco de las investigaciones que se llevan a cabo por la muerte de Enrique\u2026","rel":"","context":"En \u00abDESTACADAS\u00bb","block_context":{"text":"DESTACADAS","link":"https:\/\/larevistadigital.com.ar\/blog\/category\/destacadas\/"},"img":{"alt_text":"","src":"https:\/\/i0.wp.com\/larevistadigital.com.ar\/blog\/wp-content\/uploads\/2018\/03\/Policia-allanamiento-noche.jpg?fit=777%2C498&ssl=1&resize=350%2C200","width":350,"height":200,"srcset":"https:\/\/i0.wp.com\/larevistadigital.com.ar\/blog\/wp-content\/uploads\/2018\/03\/Policia-allanamiento-noche.jpg?fit=777%2C498&ssl=1&resize=350%2C200 1x, https:\/\/i0.wp.com\/larevistadigital.com.ar\/blog\/wp-content\/uploads\/2018\/03\/Policia-allanamiento-noche.jpg?fit=777%2C498&ssl=1&resize=525%2C300 1.5x, https:\/\/i0.wp.com\/larevistadigital.com.ar\/blog\/wp-content\/uploads\/2018\/03\/Policia-allanamiento-noche.jpg?fit=777%2C498&ssl=1&resize=700%2C400 2x"},"classes":[]},{"id":36751,"url":"https:\/\/larevistadigital.com.ar\/blog\/chascomus-la-policia-con-ayjda-de-monitoreo-detuvo-a-los-autores-de-los-robos-de-dos-comercios-en-el-centro-tenian-13-y-14-anos\/","url_meta":{"origin":32535,"position":2},"title":"CHASCOM\u00daS: LA POLIC\u00cdA CON AYJDA DE MONITOREO DETUVO A LOS AUTORES DE LOS ROBOS DE DOS COMERCIOS EN EL CENTRO. TEN\u00cdAN 13 Y 14 A\u00d1OS.","author":"Alejandro Sosa Ruda","date":"18 julio, 2024","format":false,"excerpt":"Luego de las investigaciones, la polic\u00eda di\u00f3 con los responsables, que como resultaron ser menores de edad, recuperarob su libertad. 18 de Julio de 2024 CHASCOM\u00daS-\u00a0 En el dia de ayer se recibio la denuncia de robo en dos comercios, uno ubicado en Libres del Sur entre las calles Arenales\u2026","rel":"","context":"En \u00abDESTACADAS\u00bb","block_context":{"text":"DESTACADAS","link":"https:\/\/larevistadigital.com.ar\/blog\/category\/destacadas\/"},"img":{"alt_text":"","src":"https:\/\/i0.wp.com\/larevistadigital.com.ar\/blog\/wp-content\/uploads\/POLICIA.png?fit=1002%2C658&ssl=1&resize=350%2C200","width":350,"height":200,"srcset":"https:\/\/i0.wp.com\/larevistadigital.com.ar\/blog\/wp-content\/uploads\/POLICIA.png?fit=1002%2C658&ssl=1&resize=350%2C200 1x, https:\/\/i0.wp.com\/larevistadigital.com.ar\/blog\/wp-content\/uploads\/POLICIA.png?fit=1002%2C658&ssl=1&resize=525%2C300 1.5x, https:\/\/i0.wp.com\/larevistadigital.com.ar\/blog\/wp-content\/uploads\/POLICIA.png?fit=1002%2C658&ssl=1&resize=700%2C400 2x"},"classes":[]},{"id":36978,"url":"https:\/\/larevistadigital.com.ar\/blog\/chascomus-otro-allanamiento-por-drogas-con-resultado-positivo\/","url_meta":{"origin":32535,"position":3},"title":"CHASCOM\u00daS: OTRO ALLANAMIENTO POR DROGAS CON RESULTADO POSITIVO","author":"Alejandro Sosa Ruda","date":"15 agosto, 2024","format":false,"excerpt":"La polic\u00eda logr\u00f3 nuevamente desarticular una organizaci\u00f3n dedicada al narcotr\u00e1fico. 15 de Agosto de 2024 CHASCOM\u00daS -\u00a0 \u00a0Luego de que personal de la Subdelegaci\u00f3n Chascom\u00fas de Investigaciones del Tr\u00e1fico de Drogas Il\u00edcitas logr\u00f3 reunir pruebas acerca de la comisi\u00f3n de un delito, se realiz\u00f3 un allanamiento dictado por el fiscal\u2026","rel":"","context":"En \u00abDESTACADAS\u00bb","block_context":{"text":"DESTACADAS","link":"https:\/\/larevistadigital.com.ar\/blog\/category\/destacadas\/"},"img":{"alt_text":"","src":"https:\/\/i0.wp.com\/larevistadigital.com.ar\/blog\/wp-content\/uploads\/Captura-de-pantalla-2024-08-15-201234.png?fit=969%2C575&ssl=1&resize=350%2C200","width":350,"height":200,"srcset":"https:\/\/i0.wp.com\/larevistadigital.com.ar\/blog\/wp-content\/uploads\/Captura-de-pantalla-2024-08-15-201234.png?fit=969%2C575&ssl=1&resize=350%2C200 1x, https:\/\/i0.wp.com\/larevistadigital.com.ar\/blog\/wp-content\/uploads\/Captura-de-pantalla-2024-08-15-201234.png?fit=969%2C575&ssl=1&resize=525%2C300 1.5x, https:\/\/i0.wp.com\/larevistadigital.com.ar\/blog\/wp-content\/uploads\/Captura-de-pantalla-2024-08-15-201234.png?fit=969%2C575&ssl=1&resize=700%2C400 2x"},"classes":[]},{"id":42771,"url":"https:\/\/larevistadigital.com.ar\/blog\/allanamiento-en-berazategui-recuperan-casi-todas-las-partes-de-una-moto-robada-en-chascomus\/","url_meta":{"origin":32535,"position":4},"title":"Allanamiento en Berazategui: recuperan casi todas las partes de una moto robada en Chascom\u00fas","author":"Alejandro Sosa Ruda","date":"5 diciembre, 2025","format":false,"excerpt":"La investigaci\u00f3n policial permiti\u00f3 localizar el rodado desarmado tras una denuncia presentada el 28 de noviembre. El sospechoso no fue encontrado en el domicilio allanado. 05 De Diciembre de 2025 Autoridades policiales informaron que, tras la denuncia radicada el 28 de noviembre en la Estaci\u00f3n de Polic\u00eda Comunal Chascom\u00fas por\u2026","rel":"","context":"En \u00abINTERES GENERAL\u00bb","block_context":{"text":"INTERES GENERAL","link":"https:\/\/larevistadigital.com.ar\/blog\/category\/interes-general\/"},"img":{"alt_text":"","src":"https:\/\/i0.wp.com\/larevistadigital.com.ar\/blog\/wp-content\/uploads\/WhatsApp-Image-2025-12-05-at-10.42.38.jpeg?fit=900%2C1200&ssl=1&resize=350%2C200","width":350,"height":200,"srcset":"https:\/\/i0.wp.com\/larevistadigital.com.ar\/blog\/wp-content\/uploads\/WhatsApp-Image-2025-12-05-at-10.42.38.jpeg?fit=900%2C1200&ssl=1&resize=350%2C200 1x, https:\/\/i0.wp.com\/larevistadigital.com.ar\/blog\/wp-content\/uploads\/WhatsApp-Image-2025-12-05-at-10.42.38.jpeg?fit=900%2C1200&ssl=1&resize=525%2C300 1.5x, https:\/\/i0.wp.com\/larevistadigital.com.ar\/blog\/wp-content\/uploads\/WhatsApp-Image-2025-12-05-at-10.42.38.jpeg?fit=900%2C1200&ssl=1&resize=700%2C400 2x"},"classes":[]},{"id":41404,"url":"https:\/\/larevistadigital.com.ar\/blog\/allanamiento-en-chascomus-detienen-a-un-hombre-acusado-de-venta-de-drogas\/","url_meta":{"origin":32535,"position":5},"title":"Allanamiento en Chascom\u00fas: detienen a un hombre acusado de venta de drogas","author":"Alejandro Sosa Ruda","date":"11 septiembre, 2025","format":false,"excerpt":"La Polic\u00eda secuestr\u00f3 estupefacientes fraccionados para la venta y una moto con pedido de secuestro activo. 11 de Septiembre de 2025 CHASCOM\u00daS\u00a0 -\u00a0 \u00a0Un operativo policial llevado a cabo en Chascom\u00fas termin\u00f3 con la detenci\u00f3n de un hombre acusado de comercializar drogas al menudeo en un barrio de la ciudad.\u2026","rel":"","context":"En \u00abDESTACADAS\u00bb","block_context":{"text":"DESTACADAS","link":"https:\/\/larevistadigital.com.ar\/blog\/category\/destacadas\/"},"img":{"alt_text":"","src":"https:\/\/i0.wp.com\/larevistadigital.com.ar\/blog\/wp-content\/uploads\/WhatsApp-Image-2025-09-11-at-09.20.11.jpeg?fit=1200%2C675&ssl=1&resize=350%2C200","width":350,"height":200,"srcset":"https:\/\/i0.wp.com\/larevistadigital.com.ar\/blog\/wp-content\/uploads\/WhatsApp-Image-2025-09-11-at-09.20.11.jpeg?fit=1200%2C675&ssl=1&resize=350%2C200 1x, https:\/\/i0.wp.com\/larevistadigital.com.ar\/blog\/wp-content\/uploads\/WhatsApp-Image-2025-09-11-at-09.20.11.jpeg?fit=1200%2C675&ssl=1&resize=525%2C300 1.5x, https:\/\/i0.wp.com\/larevistadigital.com.ar\/blog\/wp-content\/uploads\/WhatsApp-Image-2025-09-11-at-09.20.11.jpeg?fit=1200%2C675&ssl=1&resize=700%2C400 2x, https:\/\/i0.wp.com\/larevistadigital.com.ar\/blog\/wp-content\/uploads\/WhatsApp-Image-2025-09-11-at-09.20.11.jpeg?fit=1200%2C675&ssl=1&resize=1050%2C600 3x"},"classes":[]}],"_links":{"self":[{"href":"https:\/\/larevistadigital.com.ar\/blog\/wp-json\/wp\/v2\/posts\/32535","targetHints":{"allow":["GET"]}}],"collection":[{"href":"https:\/\/larevistadigital.com.ar\/blog\/wp-json\/wp\/v2\/posts"}],"about":[{"href":"https:\/\/larevistadigital.com.ar\/blog\/wp-json\/wp\/v2\/types\/post"}],"author":[{"embeddable":true,"href":"https:\/\/larevistadigital.com.ar\/blog\/wp-json\/wp\/v2\/users\/3"}],"replies":[{"embeddable":true,"href":"https:\/\/larevistadigital.com.ar\/blog\/wp-json\/wp\/v2\/comments?post=32535"}],"version-history":[{"count":3,"href":"https:\/\/larevistadigital.com.ar\/blog\/wp-json\/wp\/v2\/posts\/32535\/revisions"}],"predecessor-version":[{"id":32539,"href":"https:\/\/larevistadigital.com.ar\/blog\/wp-json\/wp\/v2\/posts\/32535\/revisions\/32539"}],"wp:featuredmedia":[{"embeddable":true,"href":"https:\/\/larevistadigital.com.ar\/blog\/wp-json\/wp\/v2\/media\/32536"}],"wp:attachment":[{"href":"https:\/\/larevistadigital.com.ar\/blog\/wp-json\/wp\/v2\/media?parent=32535"}],"wp:term":[{"taxonomy":"category","embeddable":true,"href":"https:\/\/larevistadigital.com.ar\/blog\/wp-json\/wp\/v2\/categories?post=32535"},{"taxonomy":"post_tag","embeddable":true,"href":"https:\/\/larevistadigital.com.ar\/blog\/wp-json\/wp\/v2\/tags?post=32535"}],"curies":[{"name":"wp","href":"https:\/\/api.w.org\/{rel}","templated":true}]}}