{"id":32554,"date":"2023-07-24T15:41:50","date_gmt":"2023-07-24T15:41:50","guid":{"rendered":"https:\/\/larevistadigital.com.ar\/blog\/?p=32554"},"modified":"2023-07-24T15:41:50","modified_gmt":"2023-07-24T15:41:50","slug":"beatriz-de-leon-presento-a-sus-candidatos-con-la-visita-de-la-candidata-a-gobernadora-de-la-lista-del-partido-libres-del-sur","status":"publish","type":"post","link":"https:\/\/larevistadigital.com.ar\/blog\/beatriz-de-leon-presento-a-sus-candidatos-con-la-visita-de-la-candidata-a-gobernadora-de-la-lista-del-partido-libres-del-sur\/","title":{"rendered":"BEATRIZ DE LE\u00d3N PRESENTO A SUS CANDIDATOS CON LA VISITA DE LA CANDIDATA A GOBERNADORA DE LA LISTA DEL PARTIDO LIBRES DEL SUR"},"content":{"rendered":"<h2>El acto se realiz\u00f3 el d\u00eda s\u00e1bado a las 17 hs. en el local partidario de calle Libres del Sur 615, donde se reunieron muchos militantes y vecinos.<\/h2>\n<p>24 de agosto de 2023<\/p>\n<p><strong>CHASCOM\u00daS\u00a0 &#8211;<\/strong>\u00a0 Finalmente se hizo la presentaci\u00f3n formal de la lista que encabeza <strong>Mar\u00eda Beatriz De Le\u00f3n<\/strong> como pre candidata a intendente por el Partido Libres del Sur, contando con la destacada presencia de quien es la precandidata a gobernadora del espacio, la docente <strong>Silvia Saravia<\/strong>.<\/p>\n<p>Fueron de la partida los distintos candidatos y candidatas a diputados, concejales y concejeros escolares del Partido, como familiares, amigos, militantes y vecinos que adoptaron la propuesta de <strong>De Le\u00f3n<\/strong>, destac\u00e1ndose algo que no es poco: personas que nunca antes hab\u00edan militado en pol\u00edtica, y encontraron en este espacio pol\u00edtico, el lugar adecuado para hacerlo.<\/p>\n<p><img data-recalc-dims=\"1\" loading=\"lazy\" decoding=\"async\" class=\"alignnone size-full wp-image-32557\" src=\"https:\/\/i0.wp.com\/larevistadigital.com.ar\/blog\/wp-content\/uploads\/WhatsApp-Image-2023-07-24-at-12.18.40.jpeg?resize=1600%2C900&#038;ssl=1\" alt=\"\" width=\"1600\" height=\"900\" srcset=\"https:\/\/i0.wp.com\/larevistadigital.com.ar\/blog\/wp-content\/uploads\/WhatsApp-Image-2023-07-24-at-12.18.40.jpeg?w=1600&amp;ssl=1 1600w, https:\/\/i0.wp.com\/larevistadigital.com.ar\/blog\/wp-content\/uploads\/WhatsApp-Image-2023-07-24-at-12.18.40.jpeg?resize=300%2C169&amp;ssl=1 300w, https:\/\/i0.wp.com\/larevistadigital.com.ar\/blog\/wp-content\/uploads\/WhatsApp-Image-2023-07-24-at-12.18.40.jpeg?resize=1024%2C576&amp;ssl=1 1024w, https:\/\/i0.wp.com\/larevistadigital.com.ar\/blog\/wp-content\/uploads\/WhatsApp-Image-2023-07-24-at-12.18.40.jpeg?resize=768%2C432&amp;ssl=1 768w, https:\/\/i0.wp.com\/larevistadigital.com.ar\/blog\/wp-content\/uploads\/WhatsApp-Image-2023-07-24-at-12.18.40.jpeg?resize=1536%2C864&amp;ssl=1 1536w, https:\/\/i0.wp.com\/larevistadigital.com.ar\/blog\/wp-content\/uploads\/WhatsApp-Image-2023-07-24-at-12.18.40.jpeg?resize=678%2C381&amp;ssl=1 678w\" sizes=\"auto, (max-width: 1000px) 100vw, 1000px\" \/><\/p>\n<blockquote>\n<h3>Cada uno a medida que iba siendo presentado, tomaba el micr\u00f3fono y expresaba su sentir, y su compromiso con el vecino, en un clima de gran camarader\u00eda donde se destac\u00f3 la organizaci\u00f3n, que mostr\u00f3 de la mano de la precandidata a concejal <strong>Silvana Suarez<\/strong>, que se puso el evento al hombro, y tuvo la colaboraci\u00f3n de todos los militantes.<\/h3>\n<\/blockquote>\n<p><img data-recalc-dims=\"1\" loading=\"lazy\" decoding=\"async\" class=\"alignnone size-full wp-image-32556\" src=\"https:\/\/i0.wp.com\/larevistadigital.com.ar\/blog\/wp-content\/uploads\/WhatsApp-Image-2023-07-24-at-12.12.21.jpeg?resize=1280%2C720&#038;ssl=1\" alt=\"\" width=\"1280\" height=\"720\" srcset=\"https:\/\/i0.wp.com\/larevistadigital.com.ar\/blog\/wp-content\/uploads\/WhatsApp-Image-2023-07-24-at-12.12.21.jpeg?w=1280&amp;ssl=1 1280w, https:\/\/i0.wp.com\/larevistadigital.com.ar\/blog\/wp-content\/uploads\/WhatsApp-Image-2023-07-24-at-12.12.21.jpeg?resize=300%2C169&amp;ssl=1 300w, https:\/\/i0.wp.com\/larevistadigital.com.ar\/blog\/wp-content\/uploads\/WhatsApp-Image-2023-07-24-at-12.12.21.jpeg?resize=1024%2C576&amp;ssl=1 1024w, https:\/\/i0.wp.com\/larevistadigital.com.ar\/blog\/wp-content\/uploads\/WhatsApp-Image-2023-07-24-at-12.12.21.jpeg?resize=768%2C432&amp;ssl=1 768w, https:\/\/i0.wp.com\/larevistadigital.com.ar\/blog\/wp-content\/uploads\/WhatsApp-Image-2023-07-24-at-12.12.21.jpeg?resize=678%2C381&amp;ssl=1 678w\" sizes=\"auto, (max-width: 1000px) 100vw, 1000px\" \/><\/p>\n<p>Luego, vino el esperado discurso de la pre candidata a gobernadora, que visiblemente emocionada por el afecto de los presentes dijo entre otras cosas que <em><strong>\u00abEsta no es una provincia pobre, somos una provincia muy rica, en recursos naturales y recursos humanos. Quienes nos gobiernan y quienes nos han gobernado trabajan para las empresas y no para la gente\u00bb<\/strong><\/em>.<\/p>\n<blockquote>\n<h3>Continu\u00f3 diciendo que <strong><em>\u00abEllos llegan porque les dan una manito, y cuando llegan tienen que devolver esos favores. Nosotros en Libres del Sur, somos gente que nos hemos ido juntando para trabajar por los vecinos. Venimos a laburar.\u00bb<\/em><\/strong><\/h3>\n<\/blockquote>\n<p><em><strong>\u00abNosotros venimos a gobernar para ese pueblo que lo necesita, pero no para dar d\u00e1divas, sino que para devolverle la esperanza a los jovenes y que este pueblo viva un poquito mejor!\u00bb<\/strong><\/em>, asegur\u00f3 <strong>Saravia<\/strong>, cerrando con <em><strong>\u00abEstamos cansados que nos mientan y nos roben, porque eso es lo que est\u00e1n haciendo: Nos est\u00e1n robando en la cara\u00bb<\/strong><\/em>.<\/p>\n<blockquote>\n<h3>Luego, a su turno, <strong>Beatr\u00edz De Le\u00f3n<\/strong>, agradeci\u00f3 a los presentes y mencion\u00f3 algunas propuestas que tienen pensadas, como el <strong>\u00abMuseo del Ex Combatiente de Malvinas\u00bb<\/strong>, y rescat\u00f3 el trabajo de todos y todas los compa\u00f1eros de Chascom\u00fas.<\/h3>\n<\/blockquote>\n<p><strong><em><img data-recalc-dims=\"1\" loading=\"lazy\" decoding=\"async\" class=\"size-full wp-image-32558 aligncenter\" src=\"https:\/\/i0.wp.com\/larevistadigital.com.ar\/blog\/wp-content\/uploads\/WhatsApp-Image-2023-07-24-at-12.29.26.jpeg?resize=414%2C896&#038;ssl=1\" alt=\"\" width=\"414\" height=\"896\" srcset=\"https:\/\/i0.wp.com\/larevistadigital.com.ar\/blog\/wp-content\/uploads\/WhatsApp-Image-2023-07-24-at-12.29.26.jpeg?w=414&amp;ssl=1 414w, https:\/\/i0.wp.com\/larevistadigital.com.ar\/blog\/wp-content\/uploads\/WhatsApp-Image-2023-07-24-at-12.29.26.jpeg?resize=139%2C300&amp;ssl=1 139w\" sizes=\"auto, (max-width: 414px) 100vw, 414px\" \/><\/em><\/strong><\/p>\n<p><strong><em>\u00abVamos por una meta clara, y por conseguir espacios de poder, para utilizarlo a favor de los vecinos. Nosotros trabajamos todo el a\u00f1o, y todos los a\u00f1os. En el local, y en el barrio, ayudando a los vecinos. Y no se nos cae la cara cuando vamos a pedir el voto, porque siempre estamos. A los que se les tendr\u00eda que caer la cara es a quienes van en el \u00faltimo mes de campa\u00f1a y recorren los barrios. Hay que tener cara&#8230; Ahora es muy f\u00e1cil y accesible encontrarlos en los locales. And\u00e1 a tocarle la puerta al concejo, al municipio despu\u00e9s y pediles que te resuelvan algo&#8230; Hoy est\u00e1n todos comunicados, pero despu\u00e9s de las elecciones, la comunicaci\u00f3n se corta\u00bb<\/em><\/strong>, sentenci\u00f3 <strong>De Le\u00f3n<\/strong>.<\/p>\n<p>Los aplausos y v\u00edtores estallaron en el local, que estaba completo y con gente que qued\u00f3 en la calle. Muchas m\u00e1s cosas se dijeron, pero lo importante fue que Libres del Sur, demostr\u00f3 que es un espacio que trabaja. En serio, y todo el a\u00f1o.<\/p>\n<p>&nbsp;<\/p>\n","protected":false},"excerpt":{"rendered":"<div class=\"mh-excerpt\"><p>El acto se realiz\u00f3 el d\u00eda s\u00e1bado a las 17 hs. en el local partidario de calle Libres del Sur 615, donde se reunieron muchos militantes y vecinos. 24 de agosto de 2023 CHASCOM\u00daS\u00a0 &#8211;\u00a0 <a class=\"mh-excerpt-more\" href=\"https:\/\/larevistadigital.com.ar\/blog\/beatriz-de-leon-presento-a-sus-candidatos-con-la-visita-de-la-candidata-a-gobernadora-de-la-lista-del-partido-libres-del-sur\/\" title=\"BEATRIZ DE LE\u00d3N PRESENTO A SUS CANDIDATOS CON LA VISITA DE LA CANDIDATA A GOBERNADORA DE LA LISTA DEL PARTIDO LIBRES DEL SUR\">[Leer M\u00e1s]<\/a><\/p>\n<\/div>","protected":false},"author":3,"featured_media":32555,"comment_status":"open","ping_status":"open","sticky":false,"template":"","format":"standard","meta":{"_jetpack_memberships_contains_paid_content":false,"footnotes":"","jetpack_publicize_message":"","jetpack_publicize_feature_enabled":true,"jetpack_social_post_already_shared":true,"jetpack_social_options":{"image_generator_settings":{"template":"highway","default_image_id":0,"font":"","enabled":false},"version":2}},"categories":[50,12,23],"tags":[],"class_list":{"0":"post-32554","1":"post","2":"type-post","3":"status-publish","4":"format-standard","5":"has-post-thumbnail","7":"category-interes-general","8":"category-politica","9":"category-politica-local"},"jetpack_publicize_connections":[],"jetpack_featured_media_url":"https:\/\/i0.wp.com\/larevistadigital.com.ar\/blog\/wp-content\/uploads\/WhatsApp-Image-2023-07-24-at-12.09.18.jpeg?fit=1600%2C900&ssl=1","jetpack_sharing_enabled":true,"jetpack_shortlink":"https:\/\/wp.me\/p8qtrQ-8t4","jetpack-related-posts":[{"id":32493,"url":"https:\/\/larevistadigital.com.ar\/blog\/chascomus-partido-libres-del-sur-beatriz-de-leon-lanza-su-candidatura-con-la-presencia-y-apoyo-de-la-candidata-a-gobernadora-silvia-saravia\/","url_meta":{"origin":32554,"position":0},"title":"CHASCOM\u00daS, PARTIDO LIBRES DEL SUR: BEATRIZ DE LE\u00d3N LANZA SU CANDIDATURA CON LA PRESENCIA Y APOYO DE LA CANDIDATA A GOBERNADORA, SILVIA SARAVIA","author":"Alejandro Sosa Ruda","date":"19 julio, 2023","format":false,"excerpt":"La referente del Partido Libres del sur, Mar\u00eda Beatriz de Le\u00f3n logr\u00f3 un muy interesante apoyo de la candidata a gobernadora, Silvia Saravia, que visitar\u00e1 Chascom\u00fas y estar\u00e1 en la presentaci\u00f3n de la lista local. 19 de julio de 2023 CHASCOM\u00daS -\u00a0 Mar\u00eda Beatriz De Le\u00f3n presentar\u00e1 la lista que\u2026","rel":"","context":"En \u00abPOLITICA LOCAL\u00bb","block_context":{"text":"POLITICA LOCAL","link":"https:\/\/larevistadigital.com.ar\/blog\/category\/politica\/politica-local\/"},"img":{"alt_text":"","src":"https:\/\/i0.wp.com\/larevistadigital.com.ar\/blog\/wp-content\/uploads\/WhatsApp-Image-2023-07-03-at-16.33.12.jpeg?fit=1200%2C905&ssl=1&resize=350%2C200","width":350,"height":200,"srcset":"https:\/\/i0.wp.com\/larevistadigital.com.ar\/blog\/wp-content\/uploads\/WhatsApp-Image-2023-07-03-at-16.33.12.jpeg?fit=1200%2C905&ssl=1&resize=350%2C200 1x, https:\/\/i0.wp.com\/larevistadigital.com.ar\/blog\/wp-content\/uploads\/WhatsApp-Image-2023-07-03-at-16.33.12.jpeg?fit=1200%2C905&ssl=1&resize=525%2C300 1.5x, https:\/\/i0.wp.com\/larevistadigital.com.ar\/blog\/wp-content\/uploads\/WhatsApp-Image-2023-07-03-at-16.33.12.jpeg?fit=1200%2C905&ssl=1&resize=700%2C400 2x, https:\/\/i0.wp.com\/larevistadigital.com.ar\/blog\/wp-content\/uploads\/WhatsApp-Image-2023-07-03-at-16.33.12.jpeg?fit=1200%2C905&ssl=1&resize=1050%2C600 3x"},"classes":[]},{"id":32500,"url":"https:\/\/larevistadigital.com.ar\/blog\/chascomus-el-partido-libres-del-sur-beatriz-de-leon-lanza-su-candidatura-con-la-presencia-y-apoyo-de-la-candidata-a-gobernadora-silvia-saravia\/","url_meta":{"origin":32554,"position":1},"title":"CHASCOM\u00daS, EL PARTIDO LIBRES DEL SUR: BEATRIZ DE LE\u00d3N LANZA SU CANDIDATURA CON LA PRESENCIA Y APOYO DE LA CANDIDATA A GOBERNADORA, SILVIA SARAVIA","author":"Alejandro Sosa Ruda","date":"20 julio, 2023","format":false,"excerpt":"La referente del Partido Libres del sur, Mar\u00eda Beatriz de Le\u00f3n logr\u00f3 un muy interesante apoyo de la candidata a gobernadora, Silvia Saravia, que visitar\u00e1 Chascom\u00fas y estar\u00e1 en la presentaci\u00f3n de la lista local. 20 de julio de 2023 CHASCOM\u00daS -\u00a0 Mar\u00eda Beatriz De Le\u00f3n presentar\u00e1 la lista que\u2026","rel":"","context":"En \u00abPOLITICA LOCAL\u00bb","block_context":{"text":"POLITICA LOCAL","link":"https:\/\/larevistadigital.com.ar\/blog\/category\/politica\/politica-local\/"},"img":{"alt_text":"","src":"https:\/\/i0.wp.com\/larevistadigital.com.ar\/blog\/wp-content\/uploads\/LIBRES-DEL-SUR.jpg?fit=1200%2C900&ssl=1&resize=350%2C200","width":350,"height":200,"srcset":"https:\/\/i0.wp.com\/larevistadigital.com.ar\/blog\/wp-content\/uploads\/LIBRES-DEL-SUR.jpg?fit=1200%2C900&ssl=1&resize=350%2C200 1x, https:\/\/i0.wp.com\/larevistadigital.com.ar\/blog\/wp-content\/uploads\/LIBRES-DEL-SUR.jpg?fit=1200%2C900&ssl=1&resize=525%2C300 1.5x, https:\/\/i0.wp.com\/larevistadigital.com.ar\/blog\/wp-content\/uploads\/LIBRES-DEL-SUR.jpg?fit=1200%2C900&ssl=1&resize=700%2C400 2x, https:\/\/i0.wp.com\/larevistadigital.com.ar\/blog\/wp-content\/uploads\/LIBRES-DEL-SUR.jpg?fit=1200%2C900&ssl=1&resize=1050%2C600 3x"},"classes":[]},{"id":32244,"url":"https:\/\/larevistadigital.com.ar\/blog\/chascomus-las-listas-y-candidatos-para-agosto-hoy-beatriz-de-leon-del-partido-libres-del-sur\/","url_meta":{"origin":32554,"position":2},"title":"CHASCOM\u00daS: LAS LISTAS Y CANDIDATOS PARA AGOSTO. HOY BEATRIZ DE LE\u00d3N DEL PARTIDO LIBRES DEL SUR.","author":"Alejandro Sosa Ruda","date":"3 julio, 2023","format":false,"excerpt":"Presentando las listas para la elecci\u00f3n de agosto, La Revista Digital comienza hoy con el Partido Libres del Sur que lleva como candidata a Intendente a Mar\u00eda Beatriz de Le\u00f3n. 3 de julio de 2023 CHASCOM\u00daS -\u00a0 En el marco del armado de listas para las elecciones, la candidata a\u2026","rel":"","context":"En \u00abINTERES GENERAL\u00bb","block_context":{"text":"INTERES GENERAL","link":"https:\/\/larevistadigital.com.ar\/blog\/category\/interes-general\/"},"img":{"alt_text":"","src":"https:\/\/i0.wp.com\/larevistadigital.com.ar\/blog\/wp-content\/uploads\/WhatsApp-Image-2023-07-03-at-16.18.04.jpeg?fit=1200%2C734&ssl=1&resize=350%2C200","width":350,"height":200,"srcset":"https:\/\/i0.wp.com\/larevistadigital.com.ar\/blog\/wp-content\/uploads\/WhatsApp-Image-2023-07-03-at-16.18.04.jpeg?fit=1200%2C734&ssl=1&resize=350%2C200 1x, https:\/\/i0.wp.com\/larevistadigital.com.ar\/blog\/wp-content\/uploads\/WhatsApp-Image-2023-07-03-at-16.18.04.jpeg?fit=1200%2C734&ssl=1&resize=525%2C300 1.5x, https:\/\/i0.wp.com\/larevistadigital.com.ar\/blog\/wp-content\/uploads\/WhatsApp-Image-2023-07-03-at-16.18.04.jpeg?fit=1200%2C734&ssl=1&resize=700%2C400 2x, https:\/\/i0.wp.com\/larevistadigital.com.ar\/blog\/wp-content\/uploads\/WhatsApp-Image-2023-07-03-at-16.18.04.jpeg?fit=1200%2C734&ssl=1&resize=1050%2C600 3x"},"classes":[]},{"id":30241,"url":"https:\/\/larevistadigital.com.ar\/blog\/chascomus-beatriz-de-leon-encabeza-la-lista-unica-para-las-internas-del-partido-libres-del-sur\/","url_meta":{"origin":32554,"position":3},"title":"CHASCOM\u00daS: BEATRIZ DE LE\u00d3N ENCABEZA LA LISTA \u00daNICA PARA LAS INTERNAS DEL PARTIDO LIBRES DEL SUR","author":"Alejandro Sosa Ruda","date":"25 febrero, 2023","format":false,"excerpt":"Se realizaran el pr\u00f3ximo 11 de marzo, en toda la provincia de Buenos Aires. 25 de febrero de 2023 CHASCOM\u00daS -\u00a0 En el marco de la elecci\u00f3n interna que realizar\u00e1 el Movimiento Libres del Sur, en toda la provincia de Buenos Aires el pr\u00f3ximo 11 de marzo; en nuestra ciudad,\u2026","rel":"","context":"En \u00abCHASCOM\u00daS\u00bb","block_context":{"text":"CHASCOM\u00daS","link":"https:\/\/larevistadigital.com.ar\/blog\/category\/chascomus\/"},"img":{"alt_text":"","src":"https:\/\/i0.wp.com\/larevistadigital.com.ar\/blog\/wp-content\/uploads\/333162920_1258483558431162_7998417187376837282_n.jpg?fit=843%2C843&ssl=1&resize=350%2C200","width":350,"height":200,"srcset":"https:\/\/i0.wp.com\/larevistadigital.com.ar\/blog\/wp-content\/uploads\/333162920_1258483558431162_7998417187376837282_n.jpg?fit=843%2C843&ssl=1&resize=350%2C200 1x, https:\/\/i0.wp.com\/larevistadigital.com.ar\/blog\/wp-content\/uploads\/333162920_1258483558431162_7998417187376837282_n.jpg?fit=843%2C843&ssl=1&resize=525%2C300 1.5x, https:\/\/i0.wp.com\/larevistadigital.com.ar\/blog\/wp-content\/uploads\/333162920_1258483558431162_7998417187376837282_n.jpg?fit=843%2C843&ssl=1&resize=700%2C400 2x"},"classes":[]},{"id":32462,"url":"https:\/\/larevistadigital.com.ar\/blog\/chascomus-beatriz-de-leon-mantuvo-una-muy-interesante-reunion-con-el-colegio-de-arquitectos\/","url_meta":{"origin":32554,"position":4},"title":"CHASCOM\u00daS: BEATRIZ DE LE\u00d3N MANTUVO UNA MUY INTERESANTE REUNI\u00d3N CON EL COL\u00c9GIO DE ARQUITECTOS","author":"Alejandro Sosa Ruda","date":"17 julio, 2023","format":false,"excerpt":"La candidata a intendente por el Partido Libres del Sur, dialog\u00f3 con los arquitectos que se sorprendieron por la claridad de sus propuestas. 17 de julio de 2023 CHASCOM\u00daS -\u00a0 El colegio de Arquitectos de Chascom\u00fas, est\u00e1 realizando distintas reuniones con candidatos a Intendente y concejales, a efectos de conocer\u2026","rel":"","context":"En \u00abINTERES GENERAL\u00bb","block_context":{"text":"INTERES GENERAL","link":"https:\/\/larevistadigital.com.ar\/blog\/category\/interes-general\/"},"img":{"alt_text":"","src":"https:\/\/i0.wp.com\/larevistadigital.com.ar\/blog\/wp-content\/uploads\/WhatsApp-Image-2023-07-17-at-13.02.23-1.jpeg?fit=1200%2C675&ssl=1&resize=350%2C200","width":350,"height":200,"srcset":"https:\/\/i0.wp.com\/larevistadigital.com.ar\/blog\/wp-content\/uploads\/WhatsApp-Image-2023-07-17-at-13.02.23-1.jpeg?fit=1200%2C675&ssl=1&resize=350%2C200 1x, https:\/\/i0.wp.com\/larevistadigital.com.ar\/blog\/wp-content\/uploads\/WhatsApp-Image-2023-07-17-at-13.02.23-1.jpeg?fit=1200%2C675&ssl=1&resize=525%2C300 1.5x, https:\/\/i0.wp.com\/larevistadigital.com.ar\/blog\/wp-content\/uploads\/WhatsApp-Image-2023-07-17-at-13.02.23-1.jpeg?fit=1200%2C675&ssl=1&resize=700%2C400 2x, https:\/\/i0.wp.com\/larevistadigital.com.ar\/blog\/wp-content\/uploads\/WhatsApp-Image-2023-07-17-at-13.02.23-1.jpeg?fit=1200%2C675&ssl=1&resize=1050%2C600 3x"},"classes":[]},{"id":31105,"url":"https:\/\/larevistadigital.com.ar\/blog\/silvia-saravia-candidata-a-gobernadora-por-el-partido-libres-del-sur\/","url_meta":{"origin":32554,"position":5},"title":"SILVIA SARAVIA, CANDIDATA A GOBERNADORA POR EL PARTIDO LIBRES DEL SUR","author":"Alejandro Sosa Ruda","date":"19 abril, 2023","format":false,"excerpt":"Es referente nacional e hist\u00f3rica militante de Libres del Sur, cuya postulaci\u00f3n se reafirm\u00f3 en las internas de marzo pasado. 19 de abril de 2023 BUENOS AIRES -\u00a0 La conducci\u00f3n nacional del Movimiento Libres del Sur presentar\u00e1 ma\u00f1ana en Quilmes la precandidatura a gobernadora de la Provincia de la dirigente\u2026","rel":"","context":"En \u00abPOLITICA PROVINCIAL\u00bb","block_context":{"text":"POLITICA PROVINCIAL","link":"https:\/\/larevistadigital.com.ar\/blog\/category\/politica\/politica-provincial\/"},"img":{"alt_text":"","src":"https:\/\/i0.wp.com\/larevistadigital.com.ar\/blog\/wp-content\/uploads\/Captura-de-pantalla-2023-04-19-175103.png?fit=853%2C460&ssl=1&resize=350%2C200","width":350,"height":200,"srcset":"https:\/\/i0.wp.com\/larevistadigital.com.ar\/blog\/wp-content\/uploads\/Captura-de-pantalla-2023-04-19-175103.png?fit=853%2C460&ssl=1&resize=350%2C200 1x, https:\/\/i0.wp.com\/larevistadigital.com.ar\/blog\/wp-content\/uploads\/Captura-de-pantalla-2023-04-19-175103.png?fit=853%2C460&ssl=1&resize=525%2C300 1.5x, https:\/\/i0.wp.com\/larevistadigital.com.ar\/blog\/wp-content\/uploads\/Captura-de-pantalla-2023-04-19-175103.png?fit=853%2C460&ssl=1&resize=700%2C400 2x"},"classes":[]}],"_links":{"self":[{"href":"https:\/\/larevistadigital.com.ar\/blog\/wp-json\/wp\/v2\/posts\/32554","targetHints":{"allow":["GET"]}}],"collection":[{"href":"https:\/\/larevistadigital.com.ar\/blog\/wp-json\/wp\/v2\/posts"}],"about":[{"href":"https:\/\/larevistadigital.com.ar\/blog\/wp-json\/wp\/v2\/types\/post"}],"author":[{"embeddable":true,"href":"https:\/\/larevistadigital.com.ar\/blog\/wp-json\/wp\/v2\/users\/3"}],"replies":[{"embeddable":true,"href":"https:\/\/larevistadigital.com.ar\/blog\/wp-json\/wp\/v2\/comments?post=32554"}],"version-history":[{"count":2,"href":"https:\/\/larevistadigital.com.ar\/blog\/wp-json\/wp\/v2\/posts\/32554\/revisions"}],"predecessor-version":[{"id":32560,"href":"https:\/\/larevistadigital.com.ar\/blog\/wp-json\/wp\/v2\/posts\/32554\/revisions\/32560"}],"wp:featuredmedia":[{"embeddable":true,"href":"https:\/\/larevistadigital.com.ar\/blog\/wp-json\/wp\/v2\/media\/32555"}],"wp:attachment":[{"href":"https:\/\/larevistadigital.com.ar\/blog\/wp-json\/wp\/v2\/media?parent=32554"}],"wp:term":[{"taxonomy":"category","embeddable":true,"href":"https:\/\/larevistadigital.com.ar\/blog\/wp-json\/wp\/v2\/categories?post=32554"},{"taxonomy":"post_tag","embeddable":true,"href":"https:\/\/larevistadigital.com.ar\/blog\/wp-json\/wp\/v2\/tags?post=32554"}],"curies":[{"name":"wp","href":"https:\/\/api.w.org\/{rel}","templated":true}]}}