{"id":32564,"date":"2023-07-24T22:07:48","date_gmt":"2023-07-24T22:07:48","guid":{"rendered":"https:\/\/larevistadigital.com.ar\/blog\/?p=32564"},"modified":"2023-07-24T22:07:48","modified_gmt":"2023-07-24T22:07:48","slug":"dolores-denuncian-una-lista-fantasma-de-cara-a-las-paso","status":"publish","type":"post","link":"https:\/\/larevistadigital.com.ar\/blog\/dolores-denuncian-una-lista-fantasma-de-cara-a-las-paso\/","title":{"rendered":"DOLORES: DENUNCIAN UNA \u00abLISTA FANTASMA\u00bb DE CARA A LAS PASO"},"content":{"rendered":"<h2 class=\"fparrafo ctext fz18 lh25\">S\u00f3lo cuatro personas ten\u00edan domicilio en Dolores y ante la consulta period\u00edstica dos de los dolorenses que figuran en la lista confirmaron que no hab\u00edan prestado su conformidad para integrar esa propuesta.<\/h2>\n<p>24 de julio de 2023<\/p>\n<p class=\"selectionShareable\"><strong>DOLORES &#8211;\u00a0<\/strong> \u00a0La semana pasada la Junta Electoral oficializ\u00f3 las listas para las PASO y apareci\u00f3 en Dolores, adem\u00e1s de las cuatro ya presentadas en sociedad (Juntos por el Cambio, Uni\u00f3n por la Patria, Primero Dolores y La Libertad Avanza), una propuesta del partido Justicia y Dignidad Patri\u00f3tica.<\/p>\n<blockquote>\n<h3 class=\"selectionShareable\">Lo curioso es que Diego Sebasti\u00e1n Guajardo, precandidato a intendente, y la mayor\u00eda de los precandidatos a concejales, encabezados por Mar\u00eda Florencia Fons, no tienen domicilio en la mencionada ciudad y por lo tanto no est\u00e1n habilitados para presentarse.<\/h3>\n<\/blockquote>\n<p class=\"selectionShareable\">Seg\u00fan public\u00f3 el portal Entrelineas, s\u00f3lo cuatro personas ten\u00edan domicilio en Dolores y ante la consulta a dos de los dolorenses que figuran en la lista confirmaron que no hab\u00edan prestado su conformidad para integrar esa propuesta.<\/p>\n<blockquote>\n<h3 class=\"selectionShareable\">Por su parte, el apoderado de Uni\u00f3n por la Patria,\u00a0 Juan M. Porrez, realiz\u00f3 una presentaci\u00f3n ante la Justicia Electoral impugnando la lista por cuanto el candidato a intendente y diez candidatos a concejales no son ni han sido nunca habitantes de Dolores.<\/h3>\n<\/blockquote>\n<p class=\"selectionShareable\">Cabe destacar que la ley indica que para ser candidatos a intendente o concejal se requiere ser <em><strong>\u201cvecino del distrito con antig\u00fcedad de un a\u00f1o de domicilio anterior a la elecci\u00f3n\u201d<\/strong><\/em>.<\/p>\n<p class=\"selectionShareable\">Se presupone que se trata de una lista \u201cfantasma\u201d con el \u00fanico objetivo parece ser hacerse con los fondos que el Estado otorga a los partidos pol\u00edticos de cara a las elecciones Primarias Abiertas Simult\u00e1neas y Obligatorias que se disputaran el pr\u00f3ximo 13 de agosto. (<b>InfoGEI<\/b>) Mg<\/p>\n","protected":false},"excerpt":{"rendered":"<div class=\"mh-excerpt\"><p>S\u00f3lo cuatro personas ten\u00edan domicilio en Dolores y ante la consulta period\u00edstica dos de los dolorenses que figuran en la lista confirmaron que no hab\u00edan prestado su conformidad para integrar esa propuesta. 24 de julio <a class=\"mh-excerpt-more\" href=\"https:\/\/larevistadigital.com.ar\/blog\/dolores-denuncian-una-lista-fantasma-de-cara-a-las-paso\/\" title=\"DOLORES: DENUNCIAN UNA \u00abLISTA FANTASMA\u00bb DE CARA A LAS PASO\">[Leer M\u00e1s]<\/a><\/p>\n<\/div>","protected":false},"author":3,"featured_media":32565,"comment_status":"open","ping_status":"open","sticky":false,"template":"","format":"standard","meta":{"_jetpack_memberships_contains_paid_content":false,"footnotes":"","jetpack_publicize_message":"","jetpack_publicize_feature_enabled":true,"jetpack_social_post_already_shared":true,"jetpack_social_options":{"image_generator_settings":{"template":"highway","default_image_id":0,"font":"","enabled":false},"version":2}},"categories":[43,12,51],"tags":[],"class_list":{"0":"post-32564","1":"post","2":"type-post","3":"status-publish","4":"format-standard","5":"has-post-thumbnail","7":"category-dolores","8":"category-politica","9":"category-regionales"},"jetpack_publicize_connections":[],"jetpack_featured_media_url":"https:\/\/i0.wp.com\/larevistadigital.com.ar\/blog\/wp-content\/uploads\/20230724174844_politica.jpg?fit=880%2C512&ssl=1","jetpack_sharing_enabled":true,"jetpack_shortlink":"https:\/\/wp.me\/p8qtrQ-8te","jetpack-related-posts":[{"id":2799,"url":"https:\/\/larevistadigital.com.ar\/blog\/dolores-detuvieron-a-agresores-del-domicilio-del-intendente-etchevarren\/","url_meta":{"origin":32564,"position":0},"title":"DOLORES: DETUVIERON A AGRESORES DEL DOMICILIO DEL INTENDENTE ETCHEVARREN","author":"Alejandro Sosa Ruda","date":"28 julio, 2017","format":false,"excerpt":"Fueron detenidos en la ciudad de Dolores los individuos que por la madrugada atentaron contra el domicilio del intendente Municipal de la ciudad, Camilo Etchevarren. Los hechos habr\u00edan ocurrido en la madrugada de este jueves, en donde cuatro sujetos patearon la puerta de la casa y arrojaron piedras y botellas\u2026","rel":"","context":"En \u00abDOLORES\u00bb","block_context":{"text":"DOLORES","link":"https:\/\/larevistadigital.com.ar\/blog\/category\/dolores\/"},"img":{"alt_text":"","src":"https:\/\/i0.wp.com\/larevistadigital.com.ar\/blog\/wp-content\/uploads\/2017\/07\/Camilo-E-1243_n-Copy.jpg?fit=1024%2C768&ssl=1&resize=350%2C200","width":350,"height":200,"srcset":"https:\/\/i0.wp.com\/larevistadigital.com.ar\/blog\/wp-content\/uploads\/2017\/07\/Camilo-E-1243_n-Copy.jpg?fit=1024%2C768&ssl=1&resize=350%2C200 1x, https:\/\/i0.wp.com\/larevistadigital.com.ar\/blog\/wp-content\/uploads\/2017\/07\/Camilo-E-1243_n-Copy.jpg?fit=1024%2C768&ssl=1&resize=525%2C300 1.5x, https:\/\/i0.wp.com\/larevistadigital.com.ar\/blog\/wp-content\/uploads\/2017\/07\/Camilo-E-1243_n-Copy.jpg?fit=1024%2C768&ssl=1&resize=700%2C400 2x"},"classes":[]},{"id":10631,"url":"https:\/\/larevistadigital.com.ar\/blog\/dolores-el-intendente-etchevarren-presenta-la-lista-de-candidatos\/","url_meta":{"origin":32564,"position":1},"title":"DOLORES: EL INTENDENTE ETCHEVARREN PRESENTA LA LISTA DE CANDIDATOS","author":"Alejandro Sosa Ruda","date":"15 junio, 2019","format":false,"excerpt":"Ser\u00e1 el viernes 21 de Junio a las 20 hs. El viernes 21 de Junio a las 20 hs. en el local de calles Olavarr\u00eda y Rivadavia el intendente de Dolores Camilo Etchevarren presentar\u00e1 la lista de candidatos a concejales y consejeros escolares que lo acompa\u00f1ar\u00e1n en las pr\u00f3ximas PASO\u2026","rel":"","context":"En \u00abDOLORES\u00bb","block_context":{"text":"DOLORES","link":"https:\/\/larevistadigital.com.ar\/blog\/category\/dolores\/"},"img":{"alt_text":"","src":"https:\/\/i0.wp.com\/larevistadigital.com.ar\/blog\/wp-content\/uploads\/Screenshot_3-1.jpg?fit=865%2C570&ssl=1&resize=350%2C200","width":350,"height":200,"srcset":"https:\/\/i0.wp.com\/larevistadigital.com.ar\/blog\/wp-content\/uploads\/Screenshot_3-1.jpg?fit=865%2C570&ssl=1&resize=350%2C200 1x, https:\/\/i0.wp.com\/larevistadigital.com.ar\/blog\/wp-content\/uploads\/Screenshot_3-1.jpg?fit=865%2C570&ssl=1&resize=525%2C300 1.5x, https:\/\/i0.wp.com\/larevistadigital.com.ar\/blog\/wp-content\/uploads\/Screenshot_3-1.jpg?fit=865%2C570&ssl=1&resize=700%2C400 2x"},"classes":[]},{"id":11817,"url":"https:\/\/larevistadigital.com.ar\/blog\/dolores-etchevarren-se-impuso-en-las-paso\/","url_meta":{"origin":32564,"position":2},"title":"DOLORES: ETCHEVARREN SE IMPUSO EN LAS PASO","author":"Alejandro Sosa Ruda","date":"13 agosto, 2019","format":false,"excerpt":"Finalizado el recuento de votos, el intendente de Dolores, Camilo Etchevarren habl\u00f3 para la gente que se acerc\u00f3 a su local partidario ubicado en calle Olavarr\u00eda y Rivadavia. \"Hemos vuelto a ganar en Dolores\" se\u00f1al\u00f3 el jefe comunal, agregando que \"despu\u00e9s de 12 a\u00f1os de gobierno, plesbicitamos nuestra gesti\u00f3n alcanzando\u2026","rel":"","context":"En \u00abDOLORES\u00bb","block_context":{"text":"DOLORES","link":"https:\/\/larevistadigital.com.ar\/blog\/category\/dolores\/"},"img":{"alt_text":"","src":"","width":0,"height":0},"classes":[]},{"id":29139,"url":"https:\/\/larevistadigital.com.ar\/blog\/dolores-utilizan-el-domicilio-de-una-vecina-para-cometer-estafas\/","url_meta":{"origin":32564,"position":3},"title":"DOLORES: UTILIZAN EL DOMICILIO DE UNA VECINA PARA COMETER ESTAFAS","author":"Alejandro Sosa Ruda","date":"28 noviembre, 2022","format":false,"excerpt":"Lo hacen a trav\u00e9s de una cuenta de Facebook, y ofrecen distintos art\u00edculos. 27 de noviembre de DOLORES -\u00a0\u00a0El portal \"Criterio On line\" dio a conocer que una vecina realiz\u00f3 una denuncia, porque su domicilio es utilizado por un perfil de la red social Facebook, ofreciendo diferentes art\u00edculos entre los\u2026","rel":"","context":"En \u00abDOLORES\u00bb","block_context":{"text":"DOLORES","link":"https:\/\/larevistadigital.com.ar\/blog\/category\/dolores\/"},"img":{"alt_text":"","src":"https:\/\/i0.wp.com\/larevistadigital.com.ar\/blog\/wp-content\/uploads\/estafa-1.jpg?fit=624%2C521&ssl=1&resize=350%2C200","width":350,"height":200,"srcset":"https:\/\/i0.wp.com\/larevistadigital.com.ar\/blog\/wp-content\/uploads\/estafa-1.jpg?fit=624%2C521&ssl=1&resize=350%2C200 1x, https:\/\/i0.wp.com\/larevistadigital.com.ar\/blog\/wp-content\/uploads\/estafa-1.jpg?fit=624%2C521&ssl=1&resize=525%2C300 1.5x"},"classes":[]},{"id":35759,"url":"https:\/\/larevistadigital.com.ar\/blog\/dolores-violento-vuelco-con-cuatro-heridos\/","url_meta":{"origin":32564,"position":4},"title":"DOLORES: VIOLENTO VUELCO CON CUATRO HERIDOS","author":"Alejandro Sosa Ruda","date":"4 abril, 2024","format":false,"excerpt":"As\u00ed lo inform\u00f3 el portal \"entrel\u00edneas\". El siniestro, ocurri\u00f3 en horas de la tarde. Se mont\u00f3 un importante operativo para rescatar a los ocupantes del veh\u00edculo. 4 de abril de 2024 DOLORES -\u00a0 Un impactante accidente de tr\u00e1nsito se produjo este mi\u00e9rcoles por la tarde a la altura del\u00a0kil\u00f3metro 15\u2026","rel":"","context":"En \u00abPOLICIALES\u00bb","block_context":{"text":"POLICIALES","link":"https:\/\/larevistadigital.com.ar\/blog\/category\/policiales\/"},"img":{"alt_text":"","src":"https:\/\/i0.wp.com\/larevistadigital.com.ar\/blog\/wp-content\/uploads\/dc8cb3ef042368cb1cde98bafc7d0374a5347965.jpg?fit=1140%2C854&ssl=1&resize=350%2C200","width":350,"height":200,"srcset":"https:\/\/i0.wp.com\/larevistadigital.com.ar\/blog\/wp-content\/uploads\/dc8cb3ef042368cb1cde98bafc7d0374a5347965.jpg?fit=1140%2C854&ssl=1&resize=350%2C200 1x, https:\/\/i0.wp.com\/larevistadigital.com.ar\/blog\/wp-content\/uploads\/dc8cb3ef042368cb1cde98bafc7d0374a5347965.jpg?fit=1140%2C854&ssl=1&resize=525%2C300 1.5x, https:\/\/i0.wp.com\/larevistadigital.com.ar\/blog\/wp-content\/uploads\/dc8cb3ef042368cb1cde98bafc7d0374a5347965.jpg?fit=1140%2C854&ssl=1&resize=700%2C400 2x, https:\/\/i0.wp.com\/larevistadigital.com.ar\/blog\/wp-content\/uploads\/dc8cb3ef042368cb1cde98bafc7d0374a5347965.jpg?fit=1140%2C854&ssl=1&resize=1050%2C600 3x"},"classes":[]},{"id":25036,"url":"https:\/\/larevistadigital.com.ar\/blog\/dolores-dos-detenidos-tras-un-nuevo-intento-de-cuento-del-tio\/","url_meta":{"origin":32564,"position":5},"title":"DOLORES: DOS DETENIDOS TRAS UN NUEVO INTENTO DE \u00abCUENTO DEL T\u00cdO\u00bb","author":"Alejandro Sosa Ruda","date":"11 abril, 2022","format":false,"excerpt":"Fueron interceptados en la Ruta 2 tras un gran operativo cerrojo. DOLORES -\u00a0 En las \u00faltimas horas, fueron detenidos dos hombres oriundos de Capital Federal, con antecedentes por delitos de estafa. En esta oportunidad,\u00a0 un remisero de Dolores, que hab\u00eda sido v\u00edctima del \"cuento del t\u00edo\", recibi\u00f3 un llamado para\u2026","rel":"","context":"En \u00abDOLORES\u00bb","block_context":{"text":"DOLORES","link":"https:\/\/larevistadigital.com.ar\/blog\/category\/dolores\/"},"img":{"alt_text":"","src":"https:\/\/i0.wp.com\/larevistadigital.com.ar\/blog\/wp-content\/uploads\/88381adc587fa8a1e6a1dc82a6ca4e1b93ba1bbe.jpg?fit=1140%2C757&ssl=1&resize=350%2C200","width":350,"height":200,"srcset":"https:\/\/i0.wp.com\/larevistadigital.com.ar\/blog\/wp-content\/uploads\/88381adc587fa8a1e6a1dc82a6ca4e1b93ba1bbe.jpg?fit=1140%2C757&ssl=1&resize=350%2C200 1x, https:\/\/i0.wp.com\/larevistadigital.com.ar\/blog\/wp-content\/uploads\/88381adc587fa8a1e6a1dc82a6ca4e1b93ba1bbe.jpg?fit=1140%2C757&ssl=1&resize=525%2C300 1.5x, https:\/\/i0.wp.com\/larevistadigital.com.ar\/blog\/wp-content\/uploads\/88381adc587fa8a1e6a1dc82a6ca4e1b93ba1bbe.jpg?fit=1140%2C757&ssl=1&resize=700%2C400 2x, https:\/\/i0.wp.com\/larevistadigital.com.ar\/blog\/wp-content\/uploads\/88381adc587fa8a1e6a1dc82a6ca4e1b93ba1bbe.jpg?fit=1140%2C757&ssl=1&resize=1050%2C600 3x"},"classes":[]}],"_links":{"self":[{"href":"https:\/\/larevistadigital.com.ar\/blog\/wp-json\/wp\/v2\/posts\/32564","targetHints":{"allow":["GET"]}}],"collection":[{"href":"https:\/\/larevistadigital.com.ar\/blog\/wp-json\/wp\/v2\/posts"}],"about":[{"href":"https:\/\/larevistadigital.com.ar\/blog\/wp-json\/wp\/v2\/types\/post"}],"author":[{"embeddable":true,"href":"https:\/\/larevistadigital.com.ar\/blog\/wp-json\/wp\/v2\/users\/3"}],"replies":[{"embeddable":true,"href":"https:\/\/larevistadigital.com.ar\/blog\/wp-json\/wp\/v2\/comments?post=32564"}],"version-history":[{"count":1,"href":"https:\/\/larevistadigital.com.ar\/blog\/wp-json\/wp\/v2\/posts\/32564\/revisions"}],"predecessor-version":[{"id":32566,"href":"https:\/\/larevistadigital.com.ar\/blog\/wp-json\/wp\/v2\/posts\/32564\/revisions\/32566"}],"wp:featuredmedia":[{"embeddable":true,"href":"https:\/\/larevistadigital.com.ar\/blog\/wp-json\/wp\/v2\/media\/32565"}],"wp:attachment":[{"href":"https:\/\/larevistadigital.com.ar\/blog\/wp-json\/wp\/v2\/media?parent=32564"}],"wp:term":[{"taxonomy":"category","embeddable":true,"href":"https:\/\/larevistadigital.com.ar\/blog\/wp-json\/wp\/v2\/categories?post=32564"},{"taxonomy":"post_tag","embeddable":true,"href":"https:\/\/larevistadigital.com.ar\/blog\/wp-json\/wp\/v2\/tags?post=32564"}],"curies":[{"name":"wp","href":"https:\/\/api.w.org\/{rel}","templated":true}]}}