{"id":32766,"date":"2023-08-04T02:55:45","date_gmt":"2023-08-04T02:55:45","guid":{"rendered":"https:\/\/larevistadigital.com.ar\/blog\/?p=32766"},"modified":"2023-08-04T02:55:45","modified_gmt":"2023-08-04T02:55:45","slug":"axel-kicillof-union-por-la-patria-es-un-escudo-contra-la-derecha","status":"publish","type":"post","link":"https:\/\/larevistadigital.com.ar\/blog\/axel-kicillof-union-por-la-patria-es-un-escudo-contra-la-derecha\/","title":{"rendered":"AXEL KICILLOF: \u00abUNI\u00d3N POR LA PATRIA ES UN ESCUDO CONTRA LA DERECHA\u00bb"},"content":{"rendered":"<h2>El gobernador bonaerense y candidato a la reelecci\u00f3n por UxP encabez\u00f3 un acto junto a varios gremios en Ensenada, donde llam\u00f3 <em>\u00aba reventar las urnas el 13 de agosto\u00bb y \u00aba dar\u00a0una demostraci\u00f3n de defensa ante las pol\u00edticas que ya se aplicaron durante el macrismo\u00bb.<\/em><\/h2>\n<p>3 de agosto de 2023<\/p>\n<p><strong>El gobernador bonaerense y candidato a la reelecci\u00f3n por Uni\u00f3n por la Patria (UxP), Axel Kicillof, dijo este jueves que la boleta de la coalici\u00f3n oficialista \u00abes un escudo contra la derecha\u00bb<\/strong>\u00a0que va a defender al pueblo de las pol\u00edticas de ese sector y llam\u00f3 a<em><strong> \u00abreventar las urnas el 13 de agosto\u00bb<\/strong><\/em>, al encabezar un acto junto a gremios en el municipio de Ensenada.<\/p>\n<p><em>\u00abEstamos ante un d\u00eda donde<strong>\u00a0se resuelve qu\u00e9 va a ocurrir en nuestro pa\u00eds en 15, 20 a\u00f1os<\/strong>: nos estamos jugando el futuro de nuestros hijos\u00bb<\/em>, se\u00f1al\u00f3 el gobernador en un polideportivo colmado de militantes, dirigentes sindicales, precandidatos locales y funcionarios.<\/p>\n<p><strong>\u00abEsta elecci\u00f3n es tan decisiva como sencilla<\/strong>\u00ab, dijo, y en esa l\u00ednea indic\u00f3 que \u00abno hay que ir a los libros de historia para ver qu\u00e9 nos tiene reservado la derecha, basta con ir unos a\u00f1os para ver que empezaron a romper la matriz productiva de nuestra provincia, que se perdieron puestos de trabajo\u00bb.<\/p>\n<p><strong>Kicillof<\/strong> llam\u00f3 a \u00abreventar las urnas el 13 de agosto\u00bb e inst\u00f3 a \u00abdar con la boleta de UxP una muestra de unidad,\u00a0<strong>pero tambi\u00e9n una demostraci\u00f3n de defensa ante las pol\u00edticas que ya se aplicaron durante el macrismo\u00bb.<\/strong><\/p>\n<p><strong>\u00abLa boleta de UxP es un escudo\u00a0<\/strong>que va a defender al pueblo de las pol\u00edticas de la derecha, del neoliberalismo, de los oligarcas, de los vende patria, de los especuladores\u00bb, enfatiz\u00f3.<\/p>\n<p>El acto se realiz\u00f3\u00a0<strong>bajo la consigna \u00abEl movimiento obrero con Axel Kicillof\u00bb,<\/strong>\u00a0y cont\u00f3 con la presencia del ministro de Obras P\u00fablicas Gabriel Katopodis; de representantes de la CGT y de las dos CTA, de los intendentes de Ensenada, Mario Secco; de Berisso, Fabi\u00e1n Cagliardi, y de Avellaneda Jorge Ferraresi; de los cinco precandidatos a intendentes por UxP de La Plata y de funcionarios bonaerenses.<\/p>\n<p>Kicillof agradeci\u00f3 a su equipo de ministros\u00a0<strong>y lo compar\u00f3 con el gobierno de Mar\u00eda Eugenia Vidal:\u00a0<\/strong>\u00abEn ese gabinete intentaron armar una Gestapo para perseguir a los trabajadores, y en la actualidad tenemos un gabinete al servicio del movimiento obrero, del pueblo\u00bb.<\/p>\n<p>\u00abS\u00e9 que est\u00e1 de moda escuchar a consultores extranjeros que dicen que hay que hacer actos de redes y que desrecomiendan hacer actos pol\u00edticos masivos\u00bb, dijo el gobernador. Y en medio de aplausos agreg\u00f3:\u00a0<strong>\u00abPueden seguir recomendando lo que quieran, ac\u00e1 est\u00e1 el movimiento obrero, este es el peronismo y la campa\u00f1a que necesitamos\u00bb.<\/strong><\/p>\n","protected":false},"excerpt":{"rendered":"<div class=\"mh-excerpt\"><p>El gobernador bonaerense y candidato a la reelecci\u00f3n por UxP encabez\u00f3 un acto junto a varios gremios en Ensenada, donde llam\u00f3 \u00aba reventar las urnas el 13 de agosto\u00bb y \u00aba dar\u00a0una demostraci\u00f3n de defensa <a class=\"mh-excerpt-more\" href=\"https:\/\/larevistadigital.com.ar\/blog\/axel-kicillof-union-por-la-patria-es-un-escudo-contra-la-derecha\/\" title=\"AXEL KICILLOF: \u00abUNI\u00d3N POR LA PATRIA ES UN ESCUDO CONTRA LA DERECHA\u00bb\">[Leer M\u00e1s]<\/a><\/p>\n<\/div>","protected":false},"author":3,"featured_media":32767,"comment_status":"open","ping_status":"open","sticky":false,"template":"","format":"standard","meta":{"_jetpack_memberships_contains_paid_content":false,"footnotes":"","jetpack_publicize_message":"","jetpack_publicize_feature_enabled":true,"jetpack_social_post_already_shared":true,"jetpack_social_options":{"image_generator_settings":{"template":"highway","default_image_id":0,"font":"","enabled":false},"version":2}},"categories":[12,24,51],"tags":[],"class_list":{"0":"post-32766","1":"post","2":"type-post","3":"status-publish","4":"format-standard","5":"has-post-thumbnail","7":"category-politica","8":"category-politica-provincial","9":"category-regionales"},"jetpack_publicize_connections":[],"jetpack_featured_media_url":"https:\/\/i0.wp.com\/larevistadigital.com.ar\/blog\/wp-content\/uploads\/Captura-de-pantalla-2023-08-03-235331.jpg?fit=830%2C445&ssl=1","jetpack_sharing_enabled":true,"jetpack_shortlink":"https:\/\/wp.me\/p8qtrQ-8wu","jetpack-related-posts":[{"id":34023,"url":"https:\/\/larevistadigital.com.ar\/blog\/kicillof-en-esta-eleccion-es-la-derecha-o-son-los-derechos-de-nuestro-pueblo\/","url_meta":{"origin":32766,"position":0},"title":"KICILLOF: \u00abEN ESTA ELECCI\u00d3N ES LA DERECHA O SON LOS DERECHOS DE NUESTRO PUEBLO!","author":"Alejandro Sosa Ruda","date":"15 octubre, 2023","format":false,"excerpt":"\"Hay que llenar las urnas no de votos, si no de derechos que tenemos que conquistar. No es con menos Estado, es con m\u00e1s Estado presente\" enfatiz\u00f3 el gobernador. 15 de Octubre de 2023 El gobernador de la provincia de Buenos Aires y candidato a la reelecci\u00f3n por Uni\u00f3n por\u2026","rel":"","context":"En \u00abPOLITICA\u00bb","block_context":{"text":"POLITICA","link":"https:\/\/larevistadigital.com.ar\/blog\/category\/politica\/"},"img":{"alt_text":"","src":"https:\/\/i0.wp.com\/larevistadigital.com.ar\/blog\/wp-content\/uploads\/141020232319151.jpg?fit=1200%2C675&ssl=1&resize=350%2C200","width":350,"height":200,"srcset":"https:\/\/i0.wp.com\/larevistadigital.com.ar\/blog\/wp-content\/uploads\/141020232319151.jpg?fit=1200%2C675&ssl=1&resize=350%2C200 1x, https:\/\/i0.wp.com\/larevistadigital.com.ar\/blog\/wp-content\/uploads\/141020232319151.jpg?fit=1200%2C675&ssl=1&resize=525%2C300 1.5x, https:\/\/i0.wp.com\/larevistadigital.com.ar\/blog\/wp-content\/uploads\/141020232319151.jpg?fit=1200%2C675&ssl=1&resize=700%2C400 2x, https:\/\/i0.wp.com\/larevistadigital.com.ar\/blog\/wp-content\/uploads\/141020232319151.jpg?fit=1200%2C675&ssl=1&resize=1050%2C600 3x"},"classes":[]},{"id":34137,"url":"https:\/\/larevistadigital.com.ar\/blog\/axel-kicillof-cerro-la-campana-junto-a-julio-alak-mario-secco-y-fabian-cagliardi\/","url_meta":{"origin":32766,"position":1},"title":"AXEL KICILLOF CERR\u00d3 LA CAMPA\u00d1A JUNTO A JULIO ALAK, MARIO SECCO Y FABI\u00c1N CAGLIARDI","author":"Alejandro Sosa Ruda","date":"19 octubre, 2023","format":false,"excerpt":"El candidato a intendente de La Plata de UxP firm\u00f3 un acta compromiso junto a los intendentes de Berisso y Ensenada para fomentar el desarrollo de la regi\u00f3n. 19 de Octubre de 2023 BUENOS AIRES -\u00a0 El candidato a intendente de\u00a0Uni\u00f3n por la Patria,\u00a0Julio Alak, cerr\u00f3 este jueves su campa\u00f1a\u2026","rel":"","context":"En \u00abDESTACADAS\u00bb","block_context":{"text":"DESTACADAS","link":"https:\/\/larevistadigital.com.ar\/blog\/category\/destacadas\/"},"img":{"alt_text":"","src":"https:\/\/i0.wp.com\/larevistadigital.com.ar\/blog\/wp-content\/uploads\/Captura-de-pantalla-2023-10-19-232941.png?fit=881%2C425&ssl=1&resize=350%2C200","width":350,"height":200,"srcset":"https:\/\/i0.wp.com\/larevistadigital.com.ar\/blog\/wp-content\/uploads\/Captura-de-pantalla-2023-10-19-232941.png?fit=881%2C425&ssl=1&resize=350%2C200 1x, https:\/\/i0.wp.com\/larevistadigital.com.ar\/blog\/wp-content\/uploads\/Captura-de-pantalla-2023-10-19-232941.png?fit=881%2C425&ssl=1&resize=525%2C300 1.5x, https:\/\/i0.wp.com\/larevistadigital.com.ar\/blog\/wp-content\/uploads\/Captura-de-pantalla-2023-10-19-232941.png?fit=881%2C425&ssl=1&resize=700%2C400 2x"},"classes":[]},{"id":33248,"url":"https:\/\/larevistadigital.com.ar\/blog\/kicillof-ni-bullrich-ni-milei-van-a-resolver-un-solo-problema\/","url_meta":{"origin":32766,"position":2},"title":"KICILLOF: \u00abNI BULLRICH NI MILEI VAN A RESOLVER UN SOLO PROBLEMA\u00bb","author":"Alejandro Sosa Ruda","date":"3 septiembre, 2023","format":false,"excerpt":"\"La derecha tiene dos candidatos pero un solo proyecto, que es quitar derechos\", dijo el Gobernador a trav\u00e9s de\u00a0sus redes sociales. 03 de septiembre de 2023 El gobernador bonaerense,\u00a0Axel Kicillof, advirti\u00f3 este domingo que los candidatos presidenciales opositores,\u00a0Patricia Bullrich\u00a0y\u00a0Javier Milei,\u00a0\"no van a resolver un solo problema\", por lo que el\u2026","rel":"","context":"En \u00abPOLITICA PROVINCIAL\u00bb","block_context":{"text":"POLITICA PROVINCIAL","link":"https:\/\/larevistadigital.com.ar\/blog\/category\/politica\/politica-provincial\/"},"img":{"alt_text":"","src":"https:\/\/i0.wp.com\/larevistadigital.com.ar\/blog\/wp-content\/uploads\/1693770149328.jpeg?fit=1200%2C594&ssl=1&resize=350%2C200","width":350,"height":200,"srcset":"https:\/\/i0.wp.com\/larevistadigital.com.ar\/blog\/wp-content\/uploads\/1693770149328.jpeg?fit=1200%2C594&ssl=1&resize=350%2C200 1x, https:\/\/i0.wp.com\/larevistadigital.com.ar\/blog\/wp-content\/uploads\/1693770149328.jpeg?fit=1200%2C594&ssl=1&resize=525%2C300 1.5x, https:\/\/i0.wp.com\/larevistadigital.com.ar\/blog\/wp-content\/uploads\/1693770149328.jpeg?fit=1200%2C594&ssl=1&resize=700%2C400 2x, https:\/\/i0.wp.com\/larevistadigital.com.ar\/blog\/wp-content\/uploads\/1693770149328.jpeg?fit=1200%2C594&ssl=1&resize=1050%2C600 3x"},"classes":[]},{"id":33863,"url":"https:\/\/larevistadigital.com.ar\/blog\/axel-kicillof-encabezara-una-caravana-desde-berisso-hasta-la-matanza\/","url_meta":{"origin":32766,"position":3},"title":"AXEL KICILLOF ENCABEZAR\u00c1 UNA CARAVANA DESDE BERISSO HASTA LA MATANZA","author":"Alejandro Sosa Ruda","date":"5 octubre, 2023","format":false,"excerpt":"La movilizaci\u00f3n partir\u00e1 desde el famoso \"kil\u00f3metro cero del peronismo\". Axel Kicillof dar\u00e1 un discurso junto a Julio Alak y Fabi\u00e1n Cagliardi. 05 de Otubre de 2023 BUENOS AIRES -\u00a0 El gobernador y candidato a la reelecci\u00f3n de la provincia de Buenos Aires por Uni\u00f3n por la Patria (UxP), Axel\u2026","rel":"","context":"En \u00abDESTACADAS\u00bb","block_context":{"text":"DESTACADAS","link":"https:\/\/larevistadigital.com.ar\/blog\/category\/destacadas\/"},"img":{"alt_text":"","src":"https:\/\/i0.wp.com\/larevistadigital.com.ar\/blog\/wp-content\/uploads\/Captura-de-pantalla-2023-10-05-210030.png?fit=887%2C520&ssl=1&resize=350%2C200","width":350,"height":200,"srcset":"https:\/\/i0.wp.com\/larevistadigital.com.ar\/blog\/wp-content\/uploads\/Captura-de-pantalla-2023-10-05-210030.png?fit=887%2C520&ssl=1&resize=350%2C200 1x, https:\/\/i0.wp.com\/larevistadigital.com.ar\/blog\/wp-content\/uploads\/Captura-de-pantalla-2023-10-05-210030.png?fit=887%2C520&ssl=1&resize=525%2C300 1.5x, https:\/\/i0.wp.com\/larevistadigital.com.ar\/blog\/wp-content\/uploads\/Captura-de-pantalla-2023-10-05-210030.png?fit=887%2C520&ssl=1&resize=700%2C400 2x"},"classes":[]},{"id":32698,"url":"https:\/\/larevistadigital.com.ar\/blog\/kicillof-en-escobar-tenemos-que-explotar-las-urnas-con-la-boleta-completa-de-union-por-la-patria\/","url_meta":{"origin":32766,"position":4},"title":"KICILLOF EN ESCOBAR: \u00abTENEMOS QUE EXPLOTAR LAS URNAS CON LA BOLETA COMPLETA DE UNI\u00d3N POR LA PATRIA\u00bb","author":"Alejandro Sosa Ruda","date":"1 agosto, 2023","format":false,"excerpt":"Junto al intendente Ariel Sujarchuk, el gobernador bonaerense supervis\u00f3 la construcci\u00f3n de viviendas y obras en centros educativos, donde destac\u00f3 que \"gobernar es crear trabajo\". 1\u00b0 de agosto de 2023 ESCOBAR -\u00a0 El gobernador bonaerense Axel Kicillof\u00a0dijo este viernes que\u00a0\"no hay octubre sin agosto\"\u00a0y llam\u00f3 a\u00a0\"explotar las urnas con la\u2026","rel":"","context":"En \u00abPOLITICA PROVINCIAL\u00bb","block_context":{"text":"POLITICA PROVINCIAL","link":"https:\/\/larevistadigital.com.ar\/blog\/category\/politica\/politica-provincial\/"},"img":{"alt_text":"","src":"https:\/\/i0.wp.com\/larevistadigital.com.ar\/blog\/wp-content\/uploads\/64c415b92e61a_1200.jpg?fit=1200%2C675&ssl=1&resize=350%2C200","width":350,"height":200,"srcset":"https:\/\/i0.wp.com\/larevistadigital.com.ar\/blog\/wp-content\/uploads\/64c415b92e61a_1200.jpg?fit=1200%2C675&ssl=1&resize=350%2C200 1x, https:\/\/i0.wp.com\/larevistadigital.com.ar\/blog\/wp-content\/uploads\/64c415b92e61a_1200.jpg?fit=1200%2C675&ssl=1&resize=525%2C300 1.5x, https:\/\/i0.wp.com\/larevistadigital.com.ar\/blog\/wp-content\/uploads\/64c415b92e61a_1200.jpg?fit=1200%2C675&ssl=1&resize=700%2C400 2x, https:\/\/i0.wp.com\/larevistadigital.com.ar\/blog\/wp-content\/uploads\/64c415b92e61a_1200.jpg?fit=1200%2C675&ssl=1&resize=1050%2C600 3x"},"classes":[]},{"id":34387,"url":"https:\/\/larevistadigital.com.ar\/blog\/axel-kicillof-a-la-militancia-ni-un-minuto-de-descanso-para-que-sergio-massa-sea-presidente\/","url_meta":{"origin":32766,"position":5},"title":"AXEL KICILLOF A LA MILITANCIA: \u00abNI UN MINUTO DE DESCANSO PARA QUE SERGIO MASSA SEA PRESIDENTE\u00bb","author":"Alejandro Sosa Ruda","date":"6 noviembre, 2023","format":false,"excerpt":"Fue en un acto en Berisso, denominado \"Encuentro por la Patria\". 6 de Nociembre de 2011 BUENOS AIRES -\u00a0 Kicillof encabez\u00f3 un acto pol\u00edtico de respaldo al candidato presidencial de Uni\u00f3n por la Patria (UxP),\u00a0Sergio Massa, denominado\u00a0\"Encuentro por la Patria\", que cont\u00f3 con la participaci\u00f3n de los intendentes de Berisso,\u00a0Fabi\u00e1n\u2026","rel":"","context":"En \u00abDESTACADAS\u00bb","block_context":{"text":"DESTACADAS","link":"https:\/\/larevistadigital.com.ar\/blog\/category\/destacadas\/"},"img":{"alt_text":"","src":"https:\/\/i0.wp.com\/larevistadigital.com.ar\/blog\/wp-content\/uploads\/6549743ff2831_1200.jpg?fit=1200%2C675&ssl=1&resize=350%2C200","width":350,"height":200,"srcset":"https:\/\/i0.wp.com\/larevistadigital.com.ar\/blog\/wp-content\/uploads\/6549743ff2831_1200.jpg?fit=1200%2C675&ssl=1&resize=350%2C200 1x, https:\/\/i0.wp.com\/larevistadigital.com.ar\/blog\/wp-content\/uploads\/6549743ff2831_1200.jpg?fit=1200%2C675&ssl=1&resize=525%2C300 1.5x, https:\/\/i0.wp.com\/larevistadigital.com.ar\/blog\/wp-content\/uploads\/6549743ff2831_1200.jpg?fit=1200%2C675&ssl=1&resize=700%2C400 2x, https:\/\/i0.wp.com\/larevistadigital.com.ar\/blog\/wp-content\/uploads\/6549743ff2831_1200.jpg?fit=1200%2C675&ssl=1&resize=1050%2C600 3x"},"classes":[]}],"_links":{"self":[{"href":"https:\/\/larevistadigital.com.ar\/blog\/wp-json\/wp\/v2\/posts\/32766","targetHints":{"allow":["GET"]}}],"collection":[{"href":"https:\/\/larevistadigital.com.ar\/blog\/wp-json\/wp\/v2\/posts"}],"about":[{"href":"https:\/\/larevistadigital.com.ar\/blog\/wp-json\/wp\/v2\/types\/post"}],"author":[{"embeddable":true,"href":"https:\/\/larevistadigital.com.ar\/blog\/wp-json\/wp\/v2\/users\/3"}],"replies":[{"embeddable":true,"href":"https:\/\/larevistadigital.com.ar\/blog\/wp-json\/wp\/v2\/comments?post=32766"}],"version-history":[{"count":1,"href":"https:\/\/larevistadigital.com.ar\/blog\/wp-json\/wp\/v2\/posts\/32766\/revisions"}],"predecessor-version":[{"id":32768,"href":"https:\/\/larevistadigital.com.ar\/blog\/wp-json\/wp\/v2\/posts\/32766\/revisions\/32768"}],"wp:featuredmedia":[{"embeddable":true,"href":"https:\/\/larevistadigital.com.ar\/blog\/wp-json\/wp\/v2\/media\/32767"}],"wp:attachment":[{"href":"https:\/\/larevistadigital.com.ar\/blog\/wp-json\/wp\/v2\/media?parent=32766"}],"wp:term":[{"taxonomy":"category","embeddable":true,"href":"https:\/\/larevistadigital.com.ar\/blog\/wp-json\/wp\/v2\/categories?post=32766"},{"taxonomy":"post_tag","embeddable":true,"href":"https:\/\/larevistadigital.com.ar\/blog\/wp-json\/wp\/v2\/tags?post=32766"}],"curies":[{"name":"wp","href":"https:\/\/api.w.org\/{rel}","templated":true}]}}