{"id":32769,"date":"2023-08-04T03:07:29","date_gmt":"2023-08-04T03:07:29","guid":{"rendered":"https:\/\/larevistadigital.com.ar\/blog\/?p=32769"},"modified":"2023-08-04T03:07:29","modified_gmt":"2023-08-04T03:07:29","slug":"dolores-encontraron-el-cadaver-de-un-hombre-que-habia-desaparecido-el-miercoles-en-el-canal-9","status":"publish","type":"post","link":"https:\/\/larevistadigital.com.ar\/blog\/dolores-encontraron-el-cadaver-de-un-hombre-que-habia-desaparecido-el-miercoles-en-el-canal-9\/","title":{"rendered":"DOLORES: ENCONTRARON EL CADAVER DE UN HOMBRE QUE HAB\u00cdA DESAPARECIDO EL MIERCOLES EN EL CANAL 9"},"content":{"rendered":"<h2 class=\"nota__hero__summary\">El pescador era intensamente buscado desde el mi\u00e9rcoles. Estaba con su familia y hab\u00eda ingresado al agua a buscar una ca\u00f1a de pescar.<\/h2>\n<p>4 de agosto de 2023<\/p>\n<p><strong>DOLORES &#8211;\u00a0 \u00a0<\/strong>Lamentablemente, el d\u00eda de ayer por la tarde\u00a0 fue\u00a0<strong>encontrado el cadaver del hombre<\/strong>\u00a0que hab\u00eda desaparecido el mi\u00e9rcoles en el agua, cuando se encontraba pescando con su familia en el\u00a0<strong>canal 9 de Dolores<\/strong>.<\/p>\n<blockquote>\n<h3>El hombre fallecido, se encontraba junto a su familia y hab\u00eda ingresado al agua, para recuperar una ca\u00f1a de pescar que se le hab\u00eda escapado.<\/h3>\n<\/blockquote>\n<p>Todo sucedi\u00f3 en la tarde del mi\u00e9rcoles, en la zona del camino a la Escuela de Fruticultura, debajo del llamado puente viejo. Distintas personas que se encontraban en el lugar, afirman que el hombre se meti\u00f3 al agua y luego desapareci\u00f3. Al observar la situaci\u00f3n, <strong>otros pescadores se tiraron al agua con la intenci\u00f3n de rescatarlo<\/strong>, pero no obtuvieron resultados positivos.<\/p>\n<blockquote>\n<h3>Inmediatamente comenzaron a trabajar personal de\u00a0<strong>Bomberos de Dolores y del Comando de Prevenci\u00f3n Rural\u00a0<\/strong>(CPR), como tambi\u00e9n\u00a0<strong>buzos t\u00e1cticos\u00a0<\/strong>provenientes de Mar del Plata.<\/h3>\n<\/blockquote>\n<p>Finalmente, en la tarde de este jueves fue encontrado el cuerpo sin vida del pescador.<\/p>\n<p>fuente entrelineas.info<\/p>\n","protected":false},"excerpt":{"rendered":"<div class=\"mh-excerpt\"><p>El pescador era intensamente buscado desde el mi\u00e9rcoles. Estaba con su familia y hab\u00eda ingresado al agua a buscar una ca\u00f1a de pescar. 4 de agosto de 2023 DOLORES &#8211;\u00a0 \u00a0Lamentablemente, el d\u00eda de ayer <a class=\"mh-excerpt-more\" href=\"https:\/\/larevistadigital.com.ar\/blog\/dolores-encontraron-el-cadaver-de-un-hombre-que-habia-desaparecido-el-miercoles-en-el-canal-9\/\" title=\"DOLORES: ENCONTRARON EL CADAVER DE UN HOMBRE QUE HAB\u00cdA DESAPARECIDO EL MIERCOLES EN EL CANAL 9\">[Leer M\u00e1s]<\/a><\/p>\n<\/div>","protected":false},"author":3,"featured_media":32770,"comment_status":"open","ping_status":"open","sticky":false,"template":"","format":"standard","meta":{"_jetpack_memberships_contains_paid_content":false,"footnotes":"","jetpack_publicize_message":"","jetpack_publicize_feature_enabled":true,"jetpack_social_post_already_shared":true,"jetpack_social_options":{"image_generator_settings":{"template":"highway","default_image_id":0,"font":"","enabled":false},"version":2}},"categories":[43,44,51],"tags":[],"class_list":{"0":"post-32769","1":"post","2":"type-post","3":"status-publish","4":"format-standard","5":"has-post-thumbnail","7":"category-dolores","8":"category-policiales","9":"category-regionales"},"jetpack_publicize_connections":[],"jetpack_featured_media_url":"https:\/\/i0.wp.com\/larevistadigital.com.ar\/blog\/wp-content\/uploads\/00609bf214b518a5c82b5286765b08a02a7ff011.jpeg?fit=1140%2C641&ssl=1","jetpack_sharing_enabled":true,"jetpack_shortlink":"https:\/\/wp.me\/p8qtrQ-8wx","jetpack-related-posts":[{"id":43657,"url":"https:\/\/larevistadigital.com.ar\/blog\/hallaron-sin-vida-a-un-hombre-que-habia-desaparecido-en-el-mar-en-santa-teresita\/","url_meta":{"origin":32769,"position":0},"title":"Hallaron sin vida a un hombre que hab\u00eda desaparecido en el mar en Santa Teresita","author":"Alejandro Sosa Ruda","date":"30 enero, 2026","format":false,"excerpt":"El hombre que era intensamente buscado desde la tarde del mi\u00e9rcoles tras desaparecer en el mar en Santa Teresita fue encontrado sin vida este jueves en una playa de la localidad de Las Toninas, en el Partido de La Costa. 30 de enero de 2026 SANTA TERESITA -\u00a0 \u00a0La v\u00edctima\u2026","rel":"","context":"En \u00abPOLICIALES\u00bb","block_context":{"text":"POLICIALES","link":"https:\/\/larevistadigital.com.ar\/blog\/category\/policiales\/"},"img":{"alt_text":"","src":"https:\/\/i0.wp.com\/larevistadigital.com.ar\/blog\/wp-content\/uploads\/c09b60afb95e6df19167cb378275a30f40bbfe31.png?fit=1140%2C698&ssl=1&resize=350%2C200","width":350,"height":200,"srcset":"https:\/\/i0.wp.com\/larevistadigital.com.ar\/blog\/wp-content\/uploads\/c09b60afb95e6df19167cb378275a30f40bbfe31.png?fit=1140%2C698&ssl=1&resize=350%2C200 1x, https:\/\/i0.wp.com\/larevistadigital.com.ar\/blog\/wp-content\/uploads\/c09b60afb95e6df19167cb378275a30f40bbfe31.png?fit=1140%2C698&ssl=1&resize=525%2C300 1.5x, https:\/\/i0.wp.com\/larevistadigital.com.ar\/blog\/wp-content\/uploads\/c09b60afb95e6df19167cb378275a30f40bbfe31.png?fit=1140%2C698&ssl=1&resize=700%2C400 2x, https:\/\/i0.wp.com\/larevistadigital.com.ar\/blog\/wp-content\/uploads\/c09b60afb95e6df19167cb378275a30f40bbfe31.png?fit=1140%2C698&ssl=1&resize=1050%2C600 3x"},"classes":[]},{"id":7660,"url":"https:\/\/larevistadigital.com.ar\/blog\/dolores-buscan-hombre-desaparecido-hace-varias-horas\/","url_meta":{"origin":32769,"position":1},"title":"DOLORES: BUSCAN HOMBRE DESAPARECIDO HACE VARIAS HORAS","author":"Alejandro Sosa Ruda","date":"7 enero, 2019","format":false,"excerpt":"El portal Infozona, inform\u00f3 que en las \u00faltimas horas se inici\u00f3 la b\u00fasqueda del vecino de la ciudad de Dolores, Hector Duarte de 38 a\u00f1os, quien sali\u00f3 de su casa para asistir a una cena y no regres\u00f3 ni estableci\u00f3 ning\u00fan tipo de comunicaci\u00f3n. La familia realiz\u00f3 la correspondiente denuncia,\u2026","rel":"","context":"En \u00abDOLORES\u00bb","block_context":{"text":"DOLORES","link":"https:\/\/larevistadigital.com.ar\/blog\/category\/dolores\/"},"img":{"alt_text":"","src":"https:\/\/i0.wp.com\/larevistadigital.com.ar\/blog\/wp-content\/uploads\/2019\/01\/hombre-desaparecido-en-dolores.png?fit=900%2C668&ssl=1&resize=350%2C200","width":350,"height":200,"srcset":"https:\/\/i0.wp.com\/larevistadigital.com.ar\/blog\/wp-content\/uploads\/2019\/01\/hombre-desaparecido-en-dolores.png?fit=900%2C668&ssl=1&resize=350%2C200 1x, https:\/\/i0.wp.com\/larevistadigital.com.ar\/blog\/wp-content\/uploads\/2019\/01\/hombre-desaparecido-en-dolores.png?fit=900%2C668&ssl=1&resize=525%2C300 1.5x, https:\/\/i0.wp.com\/larevistadigital.com.ar\/blog\/wp-content\/uploads\/2019\/01\/hombre-desaparecido-en-dolores.png?fit=900%2C668&ssl=1&resize=700%2C400 2x"},"classes":[]},{"id":35249,"url":"https:\/\/larevistadigital.com.ar\/blog\/monte-hermoso-aparecio-el-cuerpo-del-joven-desaparecido-en-el-mar\/","url_meta":{"origin":32769,"position":2},"title":"MONTE HERMOSO: APARECI\u00d3 EL CUERPO DEL JOVEN DESAPARECIDO EN EL MAR","author":"Alejandro Sosa Ruda","date":"14 febrero, 2024","format":false,"excerpt":"Alex Malvar (21), hab\u00eda ingresado al agua durante el amanecer del lunes. Fue hallado en la costa a la altura del Complejo Americano. 14 de febrero de 2024 MONTE HERMOSO -\u00a0 El cuerpo de Alex Malvar, el joven de 21 a\u00f1os que hab\u00eda ingresado al mar en Monte Hermoso durante\u2026","rel":"","context":"En \u00abPOLICIALES\u00bb","block_context":{"text":"POLICIALES","link":"https:\/\/larevistadigital.com.ar\/blog\/category\/policiales\/"},"img":{"alt_text":"","src":"https:\/\/i0.wp.com\/larevistadigital.com.ar\/blog\/wp-content\/uploads\/MONTE-HERMOSO.jpg?fit=800%2C418&ssl=1&resize=350%2C200","width":350,"height":200,"srcset":"https:\/\/i0.wp.com\/larevistadigital.com.ar\/blog\/wp-content\/uploads\/MONTE-HERMOSO.jpg?fit=800%2C418&ssl=1&resize=350%2C200 1x, https:\/\/i0.wp.com\/larevistadigital.com.ar\/blog\/wp-content\/uploads\/MONTE-HERMOSO.jpg?fit=800%2C418&ssl=1&resize=525%2C300 1.5x, https:\/\/i0.wp.com\/larevistadigital.com.ar\/blog\/wp-content\/uploads\/MONTE-HERMOSO.jpg?fit=800%2C418&ssl=1&resize=700%2C400 2x"},"classes":[]},{"id":4008,"url":"https:\/\/larevistadigital.com.ar\/blog\/intendente-dolores-quiere-llevar-agua-ciudad-desde-castelli-traves-acueducto\/","url_meta":{"origin":32769,"position":3},"title":"El intendente de Dolores quiere llevar agua a su ciudad desde Castelli a trav\u00e9s de un acueducto","author":"admin","date":"26 noviembre, 2017","format":false,"excerpt":"Camilo Etchevarren estuvo en el canal provincial QM y dijo que quiere municipalizar el servicio de agua en su localidad porque\u00a0 asegura estar \u201charto de ABSA\u201d pero dijo que el agua que quiere para su distrito la llevar\u00eda mediante un\u00a0 acueducto de Castelli. El jefe comunal del vecino distrito cont\u00f3\u2026","rel":"","context":"En \u00abCASTELLI\u00bb","block_context":{"text":"CASTELLI","link":"https:\/\/larevistadigital.com.ar\/blog\/category\/castelli\/"},"img":{"alt_text":"","src":"","width":0,"height":0},"classes":[]},{"id":22924,"url":"https:\/\/larevistadigital.com.ar\/blog\/las-toninas-se-cayo-de-su-moto-de-agua-se-enredo-en-un-ovillo-de-tanza-y-casi-muere-asfixiado\/","url_meta":{"origin":32769,"position":4},"title":"LAS TONINAS: SE CAY\u00d3 DE SU MOTO DE AGUA, SE ENRED\u00d3 EN UN OVILLO DE TANZA Y CASI MUERE ASFIXIADO","author":"Alejandro Sosa Ruda","date":"8 diciembre, 2021","format":false,"excerpt":"Un guardavidas, que se encontraba en una bajada lejana, acudi\u00f3 en su auxilio de un hombre que se hab\u00eda metido al mar con una moto de agua por un lugar que no es bajada n\u00e1utica y que se estaba asfixiando con una tanza. Un hombre que se hab\u00eda metido al\u2026","rel":"","context":"En \u00abREGIONALES\u00bb","block_context":{"text":"REGIONALES","link":"https:\/\/larevistadigital.com.ar\/blog\/category\/regionales\/"},"img":{"alt_text":"","src":"https:\/\/i0.wp.com\/larevistadigital.com.ar\/blog\/wp-content\/uploads\/20211207155804_toninas.jpg?fit=880%2C512&ssl=1&resize=350%2C200","width":350,"height":200,"srcset":"https:\/\/i0.wp.com\/larevistadigital.com.ar\/blog\/wp-content\/uploads\/20211207155804_toninas.jpg?fit=880%2C512&ssl=1&resize=350%2C200 1x, https:\/\/i0.wp.com\/larevistadigital.com.ar\/blog\/wp-content\/uploads\/20211207155804_toninas.jpg?fit=880%2C512&ssl=1&resize=525%2C300 1.5x, https:\/\/i0.wp.com\/larevistadigital.com.ar\/blog\/wp-content\/uploads\/20211207155804_toninas.jpg?fit=880%2C512&ssl=1&resize=700%2C400 2x"},"classes":[]},{"id":17682,"url":"https:\/\/larevistadigital.com.ar\/blog\/lo-que-faltaba-san-cayetano-hombre-fallece-en-las-puertas-de-su-casa-y-como-no-hay-cientifica-habia-que-esperar-hasta-que-lleguen-de-dolores-sin-mover-el-cuerpo\/","url_meta":{"origin":32769,"position":5},"title":"LO QUE FALTABA&#8230; SAN CAYETANO: HOMBRE FALLECE EN LAS PUERTAS DE SU CASA, Y COMO \u00abNO HAY CIENT\u00cdFICA\u00bb HAB\u00cdA QUE ESPERAR HASTA QUE LLEGUEN DE DOLORES, SIN MOVER EL CUERPO.","author":"Alejandro Sosa Ruda","date":"14 noviembre, 2020","format":false,"excerpt":"Otra vez la burocracia e ineficiencia quedan a la vista. Un hombre falleci\u00f3 en el patio interno, fuera de su casa y qued\u00f3 ah\u00ed durante horas, porque las autoridades no ten\u00edan \"como\" trasladar el cuerpo. Sus hijos sufrieron y nadie se hac\u00eda cargo. Finalmente una vecina consigui\u00f3 que una funeraria\u2026","rel":"","context":"En \u00abINTERES GENERAL\u00bb","block_context":{"text":"INTERES GENERAL","link":"https:\/\/larevistadigital.com.ar\/blog\/category\/interes-general\/"},"img":{"alt_text":"","src":"https:\/\/i0.wp.com\/larevistadigital.com.ar\/blog\/wp-content\/uploads\/WhatsApp-Image-2020-11-14-at-13.22.53.jpeg?fit=1032%2C581&ssl=1&resize=350%2C200","width":350,"height":200,"srcset":"https:\/\/i0.wp.com\/larevistadigital.com.ar\/blog\/wp-content\/uploads\/WhatsApp-Image-2020-11-14-at-13.22.53.jpeg?fit=1032%2C581&ssl=1&resize=350%2C200 1x, https:\/\/i0.wp.com\/larevistadigital.com.ar\/blog\/wp-content\/uploads\/WhatsApp-Image-2020-11-14-at-13.22.53.jpeg?fit=1032%2C581&ssl=1&resize=525%2C300 1.5x, https:\/\/i0.wp.com\/larevistadigital.com.ar\/blog\/wp-content\/uploads\/WhatsApp-Image-2020-11-14-at-13.22.53.jpeg?fit=1032%2C581&ssl=1&resize=700%2C400 2x"},"classes":[]}],"_links":{"self":[{"href":"https:\/\/larevistadigital.com.ar\/blog\/wp-json\/wp\/v2\/posts\/32769","targetHints":{"allow":["GET"]}}],"collection":[{"href":"https:\/\/larevistadigital.com.ar\/blog\/wp-json\/wp\/v2\/posts"}],"about":[{"href":"https:\/\/larevistadigital.com.ar\/blog\/wp-json\/wp\/v2\/types\/post"}],"author":[{"embeddable":true,"href":"https:\/\/larevistadigital.com.ar\/blog\/wp-json\/wp\/v2\/users\/3"}],"replies":[{"embeddable":true,"href":"https:\/\/larevistadigital.com.ar\/blog\/wp-json\/wp\/v2\/comments?post=32769"}],"version-history":[{"count":1,"href":"https:\/\/larevistadigital.com.ar\/blog\/wp-json\/wp\/v2\/posts\/32769\/revisions"}],"predecessor-version":[{"id":32771,"href":"https:\/\/larevistadigital.com.ar\/blog\/wp-json\/wp\/v2\/posts\/32769\/revisions\/32771"}],"wp:featuredmedia":[{"embeddable":true,"href":"https:\/\/larevistadigital.com.ar\/blog\/wp-json\/wp\/v2\/media\/32770"}],"wp:attachment":[{"href":"https:\/\/larevistadigital.com.ar\/blog\/wp-json\/wp\/v2\/media?parent=32769"}],"wp:term":[{"taxonomy":"category","embeddable":true,"href":"https:\/\/larevistadigital.com.ar\/blog\/wp-json\/wp\/v2\/categories?post=32769"},{"taxonomy":"post_tag","embeddable":true,"href":"https:\/\/larevistadigital.com.ar\/blog\/wp-json\/wp\/v2\/tags?post=32769"}],"curies":[{"name":"wp","href":"https:\/\/api.w.org\/{rel}","templated":true}]}}