{"id":32774,"date":"2023-08-04T23:24:22","date_gmt":"2023-08-04T23:24:22","guid":{"rendered":"https:\/\/larevistadigital.com.ar\/blog\/?p=32774"},"modified":"2023-08-04T23:24:22","modified_gmt":"2023-08-04T23:24:22","slug":"chascomus-detuvieron-a-un-hombre-por-no-cumplir-con-una-cautelar","status":"publish","type":"post","link":"https:\/\/larevistadigital.com.ar\/blog\/chascomus-detuvieron-a-un-hombre-por-no-cumplir-con-una-cautelar\/","title":{"rendered":"CHASCOM\u00daS: DETUVIERON A UN HOMBRE POR NO CUMPLIR CON UNA CAUTELAR."},"content":{"rendered":"<h2>Sucedi\u00f3 en el Barrio San Luis y el hombre qued\u00f3 detenido y alojado en el sector de calabozos de la Estaci\u00f3n de Polic\u00eda Comunal.<\/h2>\n<p>4 de agosto de 2023<\/p>\n<p><strong>CHASCOM\u00daS &#8211;\u00a0<\/strong> El d\u00eda mi\u00e9rcoles pasado (2-8-23), personal de la polic\u00eda comunal procedi\u00f3 a la aprehensi\u00f3n de una persona mayor de edad masculina en el barrio San Luis, en momentos en que el sujeto no daba cumplimiento a medidas cautelares vigentes con prohibici\u00f3n de acercamiento al domicilio en el cual se encontraba.<\/p>\n<blockquote>\n<h3>Inmediatamente fue trasladado a la Estaci\u00f3n de Polic\u00eda Comunal Chascom\u00fas Primera, poniendo el mismo a disposici\u00f3n de la justicia.<\/h3>\n<\/blockquote>\n<p>El Juzgado de Garant\u00edas N 5 a cargo del Juez <strong>Christian Gasquet<\/strong> quien dispuso convertir en detenci\u00f3n la aprehensi\u00f3n que ven\u00eda sufriendo el sujeto, por requerimiento de la UFID N 9 de Chascom\u00fas a cargo de la dra. <strong>Daniela Bartoletti<\/strong>, quedando el mismo alojado en el sector de calabozos de la Estaci\u00f3n de Polic\u00eda Comunal.<\/p>\n","protected":false},"excerpt":{"rendered":"<div class=\"mh-excerpt\"><p>Sucedi\u00f3 en el Barrio San Luis y el hombre qued\u00f3 detenido y alojado en el sector de calabozos de la Estaci\u00f3n de Polic\u00eda Comunal. 4 de agosto de 2023 CHASCOM\u00daS &#8211;\u00a0 El d\u00eda mi\u00e9rcoles pasado <a class=\"mh-excerpt-more\" href=\"https:\/\/larevistadigital.com.ar\/blog\/chascomus-detuvieron-a-un-hombre-por-no-cumplir-con-una-cautelar\/\" title=\"CHASCOM\u00daS: DETUVIERON A UN HOMBRE POR NO CUMPLIR CON UNA CAUTELAR.\">[Leer M\u00e1s]<\/a><\/p>\n<\/div>","protected":false},"author":3,"featured_media":21025,"comment_status":"open","ping_status":"open","sticky":false,"template":"","format":"standard","meta":{"_jetpack_memberships_contains_paid_content":false,"footnotes":"","jetpack_publicize_message":"","jetpack_publicize_feature_enabled":true,"jetpack_social_post_already_shared":true,"jetpack_social_options":{"image_generator_settings":{"template":"highway","default_image_id":0,"font":"","enabled":false},"version":2}},"categories":[50,44],"tags":[],"class_list":{"0":"post-32774","1":"post","2":"type-post","3":"status-publish","4":"format-standard","5":"has-post-thumbnail","7":"category-interes-general","8":"category-policiales"},"jetpack_publicize_connections":[],"jetpack_featured_media_url":"https:\/\/i0.wp.com\/larevistadigital.com.ar\/blog\/wp-content\/uploads\/Patrullero-La-Plata-Berisso-Policia.jpg?fit=882%2C492&ssl=1","jetpack_sharing_enabled":true,"jetpack_shortlink":"https:\/\/wp.me\/p8qtrQ-8wC","jetpack-related-posts":[{"id":27999,"url":"https:\/\/larevistadigital.com.ar\/blog\/chascomus-sujeto-agrede-a-policia-vial-trata-de-huir-y-fue-aprehendido-con-colaboracion-de-los-vecinos\/","url_meta":{"origin":32774,"position":0},"title":"CHASCOM\u00daS: SUJETO AGREDE A POLIC\u00cdA VIAL, TRATA DE HUIR Y FUE APREHENDIDO CON COLABORACI\u00d3N DE LOS VECINOS","author":"Alejandro Sosa Ruda","date":"22 septiembre, 2022","format":false,"excerpt":"La polic\u00eda Vial estaba hablando con una persona que circulaba por la ruta, para que no corriera peligro, cuando un individuo apareci\u00f3 de golpe, insultando y agredi\u00f3 a un efectivo. Se pidi\u00f3 apoyo a la Polic\u00eda Comunal que lo detuvo en el Barrio San Cayetano. 22 de septiembre de 2022\u2026","rel":"","context":"En \u00abDESTACADAS\u00bb","block_context":{"text":"DESTACADAS","link":"https:\/\/larevistadigital.com.ar\/blog\/category\/destacadas\/"},"img":{"alt_text":"","src":"https:\/\/i0.wp.com\/larevistadigital.com.ar\/blog\/wp-content\/uploads\/2019\/05\/esposado.jpg?fit=1200%2C748&ssl=1&resize=350%2C200","width":350,"height":200,"srcset":"https:\/\/i0.wp.com\/larevistadigital.com.ar\/blog\/wp-content\/uploads\/2019\/05\/esposado.jpg?fit=1200%2C748&ssl=1&resize=350%2C200 1x, https:\/\/i0.wp.com\/larevistadigital.com.ar\/blog\/wp-content\/uploads\/2019\/05\/esposado.jpg?fit=1200%2C748&ssl=1&resize=525%2C300 1.5x, https:\/\/i0.wp.com\/larevistadigital.com.ar\/blog\/wp-content\/uploads\/2019\/05\/esposado.jpg?fit=1200%2C748&ssl=1&resize=700%2C400 2x, https:\/\/i0.wp.com\/larevistadigital.com.ar\/blog\/wp-content\/uploads\/2019\/05\/esposado.jpg?fit=1200%2C748&ssl=1&resize=1050%2C600 3x"},"classes":[]},{"id":9009,"url":"https:\/\/larevistadigital.com.ar\/blog\/chascomus-policia-comunal-detiene-a-un-individuo-que-asolaba-el-barrio-parque\/","url_meta":{"origin":32774,"position":1},"title":"CHASCOM\u00daS: POLIC\u00cdA COMUNAL DETIENE A UN INDIVIDUO QUE ASOLABA EL BARRIO PARQUE","author":"Alejandro Sosa Ruda","date":"11 marzo, 2019","format":false,"excerpt":"Finalmente se hizo justicia luego del reclamo de distintos vecinos en las redes, por el accionar delictivo de un sujeto que mantuvo asolado el barrio en el que vive. Luego de mucho trabajo, se detuvo el sujeto en cuesti\u00f3n, llevando de esta manera un poco de tranquilidad a los preocupados\u2026","rel":"","context":"En \u00abCHASCOM\u00daS\u00bb","block_context":{"text":"CHASCOM\u00daS","link":"https:\/\/larevistadigital.com.ar\/blog\/category\/chascomus\/"},"img":{"alt_text":"Im\u00e1gen ilustrativa","src":"https:\/\/i0.wp.com\/larevistadigital.com.ar\/blog\/wp-content\/uploads\/2019\/03\/esposado.jpg?fit=750%2C400&ssl=1&resize=350%2C200","width":350,"height":200,"srcset":"https:\/\/i0.wp.com\/larevistadigital.com.ar\/blog\/wp-content\/uploads\/2019\/03\/esposado.jpg?fit=750%2C400&ssl=1&resize=350%2C200 1x, https:\/\/i0.wp.com\/larevistadigital.com.ar\/blog\/wp-content\/uploads\/2019\/03\/esposado.jpg?fit=750%2C400&ssl=1&resize=525%2C300 1.5x, https:\/\/i0.wp.com\/larevistadigital.com.ar\/blog\/wp-content\/uploads\/2019\/03\/esposado.jpg?fit=750%2C400&ssl=1&resize=700%2C400 2x"},"classes":[]},{"id":32823,"url":"https:\/\/larevistadigital.com.ar\/blog\/chascomus-detienen-y-trasladan-a-un-sujeto-con-frondosos-antecedentes-cuando-intentaba-robar-un-auto\/","url_meta":{"origin":32774,"position":2},"title":"CHASCOM\u00daS: DETIENEN Y TRASLADAN A UN SUJETO CON FRONDOSOS ANTECEDENTES CUANDO INTENTABA ROBAR UN AUTO","author":"Alejandro Sosa Ruda","date":"10 agosto, 2023","format":false,"excerpt":"10 de agosto de 2023 CHASCOM\u00daS -\u00a0 Durante la madrugada de hoy, personal policial de la Estaci\u00f3n de Polic\u00eda Comunal Chascomus Primera aprehendi\u00f3 a una persona de sexo masculino, cuando se fugaba del lugar en donde hab\u00eda roto la cerradura de la puerta de un veh\u00edculo de calle Tandil para\u2026","rel":"","context":"En \u00abINTERES GENERAL\u00bb","block_context":{"text":"INTERES GENERAL","link":"https:\/\/larevistadigital.com.ar\/blog\/category\/interes-general\/"},"img":{"alt_text":"","src":"https:\/\/i0.wp.com\/larevistadigital.com.ar\/blog\/wp-content\/uploads\/WhatsApp-Image-2023-08-09-at-19.13.34.jpeg?fit=772%2C1200&ssl=1&resize=350%2C200","width":350,"height":200,"srcset":"https:\/\/i0.wp.com\/larevistadigital.com.ar\/blog\/wp-content\/uploads\/WhatsApp-Image-2023-08-09-at-19.13.34.jpeg?fit=772%2C1200&ssl=1&resize=350%2C200 1x, https:\/\/i0.wp.com\/larevistadigital.com.ar\/blog\/wp-content\/uploads\/WhatsApp-Image-2023-08-09-at-19.13.34.jpeg?fit=772%2C1200&ssl=1&resize=525%2C300 1.5x, https:\/\/i0.wp.com\/larevistadigital.com.ar\/blog\/wp-content\/uploads\/WhatsApp-Image-2023-08-09-at-19.13.34.jpeg?fit=772%2C1200&ssl=1&resize=700%2C400 2x"},"classes":[]},{"id":30784,"url":"https:\/\/larevistadigital.com.ar\/blog\/chascomus-la-policia-comunal-logro-atrapar-a-un-sujeto-que-era-intensamente-buscado\/","url_meta":{"origin":32774,"position":3},"title":"CHASCOM\u00daS: LA POLIC\u00cdA COMUNAL LOGR\u00d3 ATRAPAR A UN SUJETO QUE ERA INTENSAMENTE BUSCADO","author":"Alejandro Sosa Ruda","date":"29 marzo, 2023","format":false,"excerpt":"EL detenido fue encontrado luego de ocho meses de b\u00fasqueda, investigaciones y tareas de inteligencia, y es considerado muy peligroso. Hab\u00eda participado en el enfrentamiento armado con el Jefe Comunal hace meses en La Matanza. 29 de marzo de 2023 CHASCOM\u00daS -\u00a0 Luego de arduas tareas de inteligencia la Polic\u00eda\u2026","rel":"","context":"En \u00abINTERES GENERAL\u00bb","block_context":{"text":"INTERES GENERAL","link":"https:\/\/larevistadigital.com.ar\/blog\/category\/interes-general\/"},"img":{"alt_text":"","src":"https:\/\/i0.wp.com\/larevistadigital.com.ar\/blog\/wp-content\/uploads\/detenido.jpg?fit=700%2C490&ssl=1&resize=350%2C200","width":350,"height":200,"srcset":"https:\/\/i0.wp.com\/larevistadigital.com.ar\/blog\/wp-content\/uploads\/detenido.jpg?fit=700%2C490&ssl=1&resize=350%2C200 1x, https:\/\/i0.wp.com\/larevistadigital.com.ar\/blog\/wp-content\/uploads\/detenido.jpg?fit=700%2C490&ssl=1&resize=525%2C300 1.5x, https:\/\/i0.wp.com\/larevistadigital.com.ar\/blog\/wp-content\/uploads\/detenido.jpg?fit=700%2C490&ssl=1&resize=700%2C400 2x"},"classes":[]},{"id":35256,"url":"https:\/\/larevistadigital.com.ar\/blog\/chascomus-la-policia-comunal-aprehendio-a-un-sujeto-que-intentaba-robar-un-auto\/","url_meta":{"origin":32774,"position":4},"title":"CHASCOM\u00daS: LA POLIC\u00cdA COMUNAL APREHENDI\u00d3 A UN SUJETO QUE INTENTABA ROBAR UN AUTO","author":"Alejandro Sosa Ruda","date":"14 febrero, 2024","format":false,"excerpt":"La aprehensi\u00f3n se transform\u00f3 en detenci\u00f3n y el sujeto est\u00e1 alojado en la comisar\u00eda primera. CHASCOM\u00daS -\u00a0 En el dia de ayer en horas de la ma\u00f1ana, personal policial de E.P.C. Chascomus 1ra. procedi\u00f3 a aprehender a una persona mayor de esta localidad, en momentos en que el mismo intentaba\u2026","rel":"","context":"En \u00abDESTACADAS\u00bb","block_context":{"text":"DESTACADAS","link":"https:\/\/larevistadigital.com.ar\/blog\/category\/destacadas\/"},"img":{"alt_text":"","src":"https:\/\/i0.wp.com\/larevistadigital.com.ar\/blog\/wp-content\/uploads\/WhatsApp-Image-2024-02-14-at-20.12.05-e1707953058506.jpeg?fit=874%2C512&ssl=1&resize=350%2C200","width":350,"height":200,"srcset":"https:\/\/i0.wp.com\/larevistadigital.com.ar\/blog\/wp-content\/uploads\/WhatsApp-Image-2024-02-14-at-20.12.05-e1707953058506.jpeg?fit=874%2C512&ssl=1&resize=350%2C200 1x, https:\/\/i0.wp.com\/larevistadigital.com.ar\/blog\/wp-content\/uploads\/WhatsApp-Image-2024-02-14-at-20.12.05-e1707953058506.jpeg?fit=874%2C512&ssl=1&resize=525%2C300 1.5x, https:\/\/i0.wp.com\/larevistadigital.com.ar\/blog\/wp-content\/uploads\/WhatsApp-Image-2024-02-14-at-20.12.05-e1707953058506.jpeg?fit=874%2C512&ssl=1&resize=700%2C400 2x"},"classes":[]},{"id":8108,"url":"https:\/\/larevistadigital.com.ar\/blog\/chascomus-la-policia-comunal-recupero-un-auto-y-una-moto-robadas\/","url_meta":{"origin":32774,"position":5},"title":"CHASCOM\u00daS: LA POLIC\u00cdA COMUNAL RECUPER\u00d3 UN AUTO Y UNA MOTO ROBADAS","author":"Alejandro Sosa Ruda","date":"1 febrero, 2019","format":false,"excerpt":"Anoche a las 22:00 hs personal del Grupo Prevenci\u00f3n Motorizada GPM perteneciente a la Estaci\u00f3n de Polic\u00eda comunal Chascom\u00fas en calle Machado entre Uruguay y Paraguay interceptan VW Gol color rojo conducido por un ciudadano mayor de edad residente de esta ciudad. Consultada red inform\u00e1tica de esta Polic\u00eda se informa\u2026","rel":"","context":"En \u00abPOLICIALES\u00bb","block_context":{"text":"POLICIALES","link":"https:\/\/larevistadigital.com.ar\/blog\/category\/policiales\/"},"img":{"alt_text":"","src":"https:\/\/i0.wp.com\/larevistadigital.com.ar\/blog\/wp-content\/uploads\/2019\/01\/bbx_755050019_comisaria_chasco_01.jpg?fit=800%2C579&ssl=1&resize=350%2C200","width":350,"height":200,"srcset":"https:\/\/i0.wp.com\/larevistadigital.com.ar\/blog\/wp-content\/uploads\/2019\/01\/bbx_755050019_comisaria_chasco_01.jpg?fit=800%2C579&ssl=1&resize=350%2C200 1x, https:\/\/i0.wp.com\/larevistadigital.com.ar\/blog\/wp-content\/uploads\/2019\/01\/bbx_755050019_comisaria_chasco_01.jpg?fit=800%2C579&ssl=1&resize=525%2C300 1.5x, https:\/\/i0.wp.com\/larevistadigital.com.ar\/blog\/wp-content\/uploads\/2019\/01\/bbx_755050019_comisaria_chasco_01.jpg?fit=800%2C579&ssl=1&resize=700%2C400 2x"},"classes":[]}],"_links":{"self":[{"href":"https:\/\/larevistadigital.com.ar\/blog\/wp-json\/wp\/v2\/posts\/32774","targetHints":{"allow":["GET"]}}],"collection":[{"href":"https:\/\/larevistadigital.com.ar\/blog\/wp-json\/wp\/v2\/posts"}],"about":[{"href":"https:\/\/larevistadigital.com.ar\/blog\/wp-json\/wp\/v2\/types\/post"}],"author":[{"embeddable":true,"href":"https:\/\/larevistadigital.com.ar\/blog\/wp-json\/wp\/v2\/users\/3"}],"replies":[{"embeddable":true,"href":"https:\/\/larevistadigital.com.ar\/blog\/wp-json\/wp\/v2\/comments?post=32774"}],"version-history":[{"count":1,"href":"https:\/\/larevistadigital.com.ar\/blog\/wp-json\/wp\/v2\/posts\/32774\/revisions"}],"predecessor-version":[{"id":32775,"href":"https:\/\/larevistadigital.com.ar\/blog\/wp-json\/wp\/v2\/posts\/32774\/revisions\/32775"}],"wp:featuredmedia":[{"embeddable":true,"href":"https:\/\/larevistadigital.com.ar\/blog\/wp-json\/wp\/v2\/media\/21025"}],"wp:attachment":[{"href":"https:\/\/larevistadigital.com.ar\/blog\/wp-json\/wp\/v2\/media?parent=32774"}],"wp:term":[{"taxonomy":"category","embeddable":true,"href":"https:\/\/larevistadigital.com.ar\/blog\/wp-json\/wp\/v2\/categories?post=32774"},{"taxonomy":"post_tag","embeddable":true,"href":"https:\/\/larevistadigital.com.ar\/blog\/wp-json\/wp\/v2\/tags?post=32774"}],"curies":[{"name":"wp","href":"https:\/\/api.w.org\/{rel}","templated":true}]}}