{"id":32776,"date":"2023-08-05T00:46:03","date_gmt":"2023-08-05T00:46:03","guid":{"rendered":"https:\/\/larevistadigital.com.ar\/blog\/?p=32776"},"modified":"2023-08-05T00:46:03","modified_gmt":"2023-08-05T00:46:03","slug":"allanamiento-en-el-barrio-30-de-mayo-con-un-aprehendido-por-robo-agravado-por-el-uso-de-arma-blanca","status":"publish","type":"post","link":"https:\/\/larevistadigital.com.ar\/blog\/allanamiento-en-el-barrio-30-de-mayo-con-un-aprehendido-por-robo-agravado-por-el-uso-de-arma-blanca\/","title":{"rendered":"ALLANAMIENTO EN EL BARRIO 30 DE MAYO CON UN APREHENDIDO POR \u00abROBO AGRAVADO POR EL USO DE ARMA BLANCA\u00bb"},"content":{"rendered":"<p>4 de agosto de 20232<\/p>\n<p><strong>CHASCOM\u00daS &#8211;\u00a0<\/strong> el d\u00eda mi\u00e9rcoles 2 de agosto personal policial procedi\u00f3 a realizar un allanamiento en el barrio 30 de mayo de esta localidad luego de dar con pruebas suficientes para establecer que en el domicilio se encontraba el autor de un hecho delictivo ocurrido en el barrio obrero.<\/p>\n<p>En el lugar se hallaron elementos de prueba lo cuales est\u00e1n a disposici\u00f3n de la justicia. El imputado solo fue notificado de la formaci\u00f3n de la causa por el delito de Robo Agravado por el Uso de Arma Blanca.<\/p>\n","protected":false},"excerpt":{"rendered":"<div class=\"mh-excerpt\"><p>4 de agosto de 20232 CHASCOM\u00daS &#8211;\u00a0 el d\u00eda mi\u00e9rcoles 2 de agosto personal policial procedi\u00f3 a realizar un allanamiento en el barrio 30 de mayo de esta localidad luego de dar con pruebas suficientes <a class=\"mh-excerpt-more\" href=\"https:\/\/larevistadigital.com.ar\/blog\/allanamiento-en-el-barrio-30-de-mayo-con-un-aprehendido-por-robo-agravado-por-el-uso-de-arma-blanca\/\" title=\"ALLANAMIENTO EN EL BARRIO 30 DE MAYO CON UN APREHENDIDO POR \u00abROBO AGRAVADO POR EL USO DE ARMA BLANCA\u00bb\">[Leer M\u00e1s]<\/a><\/p>\n<\/div>","protected":false},"author":3,"featured_media":6708,"comment_status":"open","ping_status":"open","sticky":false,"template":"","format":"standard","meta":{"_jetpack_memberships_contains_paid_content":false,"footnotes":"","jetpack_publicize_message":"","jetpack_publicize_feature_enabled":true,"jetpack_social_post_already_shared":true,"jetpack_social_options":{"image_generator_settings":{"template":"highway","default_image_id":0,"font":"","enabled":false},"version":2}},"categories":[50,44],"tags":[],"class_list":{"0":"post-32776","1":"post","2":"type-post","3":"status-publish","4":"format-standard","5":"has-post-thumbnail","7":"category-interes-general","8":"category-policiales"},"jetpack_publicize_connections":[],"jetpack_featured_media_url":"https:\/\/i0.wp.com\/larevistadigital.com.ar\/blog\/wp-content\/uploads\/2018\/10\/COMISARIA-de-CHASCOMUS_02-05-2015.jpg?fit=800%2C600&ssl=1","jetpack_sharing_enabled":true,"jetpack_shortlink":"https:\/\/wp.me\/p8qtrQ-8wE","jetpack-related-posts":[{"id":42431,"url":"https:\/\/larevistadigital.com.ar\/blog\/allanamiento-en-el-barrio-30-de-mayo-por-el-robo-a-un-comercio-de-chascomus\/","url_meta":{"origin":32776,"position":0},"title":"Allanamiento en el barrio 30 de Mayo por el robo a un comercio de Chascom\u00fas","author":"Alejandro Sosa Ruda","date":"8 noviembre, 2025","format":false,"excerpt":"El detenido hab\u00eda recuperado su libertad hace un poco m\u00e1s de un mes. 08 de Noviembre de 2025 CHASCOM\u00daS -\u00a0 \u00a0Autoridades policiales informaron que, tras una denuncia realizada el mi\u00e9rcoles 5 de noviembre por el robo de dinero en efectivo y una notebook en un comercio local, personal del Gabinete\u2026","rel":"","context":"En \u00abINTERES GENERAL\u00bb","block_context":{"text":"INTERES GENERAL","link":"https:\/\/larevistadigital.com.ar\/blog\/category\/interes-general\/"},"img":{"alt_text":"","src":"https:\/\/i0.wp.com\/larevistadigital.com.ar\/blog\/wp-content\/uploads\/2019\/03\/detenido-esposado.jpg?fit=1024%2C683&ssl=1&resize=350%2C200","width":350,"height":200,"srcset":"https:\/\/i0.wp.com\/larevistadigital.com.ar\/blog\/wp-content\/uploads\/2019\/03\/detenido-esposado.jpg?fit=1024%2C683&ssl=1&resize=350%2C200 1x, https:\/\/i0.wp.com\/larevistadigital.com.ar\/blog\/wp-content\/uploads\/2019\/03\/detenido-esposado.jpg?fit=1024%2C683&ssl=1&resize=525%2C300 1.5x, https:\/\/i0.wp.com\/larevistadigital.com.ar\/blog\/wp-content\/uploads\/2019\/03\/detenido-esposado.jpg?fit=1024%2C683&ssl=1&resize=700%2C400 2x"},"classes":[]},{"id":27822,"url":"https:\/\/larevistadigital.com.ar\/blog\/chascomus-detienen-a-un-individuo-por-robo-agravado-por-el-uso-de-arma-de-fuego\/","url_meta":{"origin":32776,"position":1},"title":"CHASCOM\u00daS: DETIENEN A UN INDIVIDUO POR ROBO AGRAVADO POR EL USO DE ARMA DE FUEGO","author":"Alejandro Sosa Ruda","date":"17 septiembre, 2022","format":false,"excerpt":"CHASCOM\u00daS -\u00a0 Inform\u00f3 la Polic\u00eda Comunal, que durante la jornada de hoy se cumpliment\u00f3 una orden de allanamiento y detenci\u00f3n emanada del Juzgado de Garant\u00edas n\u00b0 5, en relaci\u00f3n a un hecho que fuera denunciado ante la UFI N\u00b0 9 de Chascom\u00fas. El mismo se llev\u00f3 a cabo en calles\u2026","rel":"","context":"En \u00abDESTACADAS\u00bb","block_context":{"text":"DESTACADAS","link":"https:\/\/larevistadigital.com.ar\/blog\/category\/destacadas\/"},"img":{"alt_text":"","src":"https:\/\/i0.wp.com\/larevistadigital.com.ar\/blog\/wp-content\/uploads\/WhatsApp-Image-2022-09-16-at-20.24.19.jpeg?fit=539%2C1200&ssl=1&resize=350%2C200","width":350,"height":200,"srcset":"https:\/\/i0.wp.com\/larevistadigital.com.ar\/blog\/wp-content\/uploads\/WhatsApp-Image-2022-09-16-at-20.24.19.jpeg?fit=539%2C1200&ssl=1&resize=350%2C200 1x, https:\/\/i0.wp.com\/larevistadigital.com.ar\/blog\/wp-content\/uploads\/WhatsApp-Image-2022-09-16-at-20.24.19.jpeg?fit=539%2C1200&ssl=1&resize=525%2C300 1.5x"},"classes":[]},{"id":16990,"url":"https:\/\/larevistadigital.com.ar\/blog\/robo-con-arma-blanca-era-menor-fue-trasladado-a-doloresla\/","url_meta":{"origin":32776,"position":2},"title":"ROB\u00d3 CON ARMA BLANCA. ERA MENOR. FUE TRASLADADO A DOLORES","author":"Alejandro Sosa Ruda","date":"14 octubre, 2020","format":false,"excerpt":"La Estaci\u00f3n de Polic\u00eda Comunal de Chascom\u00fas, inform\u00f3 acerca de un hecho ocurrido durante la noche del domingo a las 21.15hs aproximadamente en calles Avenida Costanera Espa\u00f1a y Santa Fe. Un joven de 17 a\u00f1os, circulaba en bicicleta y durante el trayecto otro masculino de la misma edad, quien andaba\u2026","rel":"","context":"En \u00abINTERES GENERAL\u00bb","block_context":{"text":"INTERES GENERAL","link":"https:\/\/larevistadigital.com.ar\/blog\/category\/interes-general\/"},"img":{"alt_text":"","src":"https:\/\/i0.wp.com\/larevistadigital.com.ar\/blog\/wp-content\/uploads\/2019\/01\/bbx_755050019_comisaria_chasco_01.jpg?fit=800%2C579&ssl=1&resize=350%2C200","width":350,"height":200,"srcset":"https:\/\/i0.wp.com\/larevistadigital.com.ar\/blog\/wp-content\/uploads\/2019\/01\/bbx_755050019_comisaria_chasco_01.jpg?fit=800%2C579&ssl=1&resize=350%2C200 1x, https:\/\/i0.wp.com\/larevistadigital.com.ar\/blog\/wp-content\/uploads\/2019\/01\/bbx_755050019_comisaria_chasco_01.jpg?fit=800%2C579&ssl=1&resize=525%2C300 1.5x, https:\/\/i0.wp.com\/larevistadigital.com.ar\/blog\/wp-content\/uploads\/2019\/01\/bbx_755050019_comisaria_chasco_01.jpg?fit=800%2C579&ssl=1&resize=700%2C400 2x"},"classes":[]},{"id":40653,"url":"https:\/\/larevistadigital.com.ar\/blog\/chascomus-allanamiento-y-detencion-de-una-pareja-por-robo\/","url_meta":{"origin":32776,"position":3},"title":"Chascom\u00fas: Allanamiento y detenci\u00f3n de una pareja por robo","author":"Alejandro Sosa Ruda","date":"29 julio, 2025","format":false,"excerpt":"Tras una r\u00e1pida investigaci\u00f3n, lograron recuperar una moto, garrafas y televisores. La Justicia ya los tiene bajo su control. 29 de Julio de 2025 CHASCOM\u00daS\u00a0 -\u00a0 \u00a0Una pareja fue detenida en las \u00faltimas horas tras una serie de procedimientos encabezados por personal policial de Chascom\u00fas, que permitieron esclarecer un robo\u2026","rel":"","context":"En \u00abDESTACADAS\u00bb","block_context":{"text":"DESTACADAS","link":"https:\/\/larevistadigital.com.ar\/blog\/category\/destacadas\/"},"img":{"alt_text":"","src":"https:\/\/i0.wp.com\/larevistadigital.com.ar\/blog\/wp-content\/uploads\/POLICIA.png?fit=1002%2C658&ssl=1&resize=350%2C200","width":350,"height":200,"srcset":"https:\/\/i0.wp.com\/larevistadigital.com.ar\/blog\/wp-content\/uploads\/POLICIA.png?fit=1002%2C658&ssl=1&resize=350%2C200 1x, https:\/\/i0.wp.com\/larevistadigital.com.ar\/blog\/wp-content\/uploads\/POLICIA.png?fit=1002%2C658&ssl=1&resize=525%2C300 1.5x, https:\/\/i0.wp.com\/larevistadigital.com.ar\/blog\/wp-content\/uploads\/POLICIA.png?fit=1002%2C658&ssl=1&resize=700%2C400 2x"},"classes":[]},{"id":42405,"url":"https:\/\/larevistadigital.com.ar\/blog\/chascomus-allanamiento-en-el-barrio-escribano-tras-el-robo-de-dos-bicicletas\/","url_meta":{"origin":32776,"position":4},"title":"Chascom\u00fas: Allanamiento en el Barrio Escribano, tras el robo de dos bicicletas","author":"Alejandro Sosa Ruda","date":"5 noviembre, 2025","format":false,"excerpt":"La Polic\u00eda de Chascom\u00fas realiz\u00f3 un allanamiento en una vivienda de calle Estrada y notific\u00f3 al presunto autor del robo de dos bicicletas sustra\u00eddas del patio de una casa del barrio Escribano. 05 de Noviembre de 2025 CHASCOM\u00daS -\u00a0 \u00a0Autoridades policiales informaron que, a ra\u00edz de una denuncia radicada el\u2026","rel":"","context":"En \u00abINTERES GENERAL\u00bb","block_context":{"text":"INTERES GENERAL","link":"https:\/\/larevistadigital.com.ar\/blog\/category\/interes-general\/"},"img":{"alt_text":"","src":"https:\/\/i0.wp.com\/larevistadigital.com.ar\/blog\/wp-content\/uploads\/Patrullero-La-Plata-Berisso-Policia.jpg?fit=882%2C492&ssl=1&resize=350%2C200","width":350,"height":200,"srcset":"https:\/\/i0.wp.com\/larevistadigital.com.ar\/blog\/wp-content\/uploads\/Patrullero-La-Plata-Berisso-Policia.jpg?fit=882%2C492&ssl=1&resize=350%2C200 1x, https:\/\/i0.wp.com\/larevistadigital.com.ar\/blog\/wp-content\/uploads\/Patrullero-La-Plata-Berisso-Policia.jpg?fit=882%2C492&ssl=1&resize=525%2C300 1.5x, https:\/\/i0.wp.com\/larevistadigital.com.ar\/blog\/wp-content\/uploads\/Patrullero-La-Plata-Berisso-Policia.jpg?fit=882%2C492&ssl=1&resize=700%2C400 2x"},"classes":[]},{"id":30931,"url":"https:\/\/larevistadigital.com.ar\/blog\/chascomus-la-policia-comunal-logro-detener-a-un-individuo-buscado-desde-febrero\/","url_meta":{"origin":32776,"position":5},"title":"CHASCOM\u00daS: LA POLIC\u00cdA COMUNAL LOGR\u00d3 DETENER A UN INDIVIDUO BUSCADO DESDE FEBRERO","author":"Alejandro Sosa Ruda","date":"6 abril, 2023","format":false,"excerpt":"Hab\u00eda cometido un delito en febrero y pesaba sobre el un pedido de detenci\u00f3n. 6 de abril de 2023 CHASCOM\u00daS -\u00a0\u00a0Aproximadamente a las 18 horas, la polic\u00eda logr\u00f3 detener a un individuo que se encontraba en calidad de pr\u00f3fugo y con pedido de detenci\u00f3n por un hecho caratulado como ROBO\u2026","rel":"","context":"En \u00abINTERES GENERAL\u00bb","block_context":{"text":"INTERES GENERAL","link":"https:\/\/larevistadigital.com.ar\/blog\/category\/interes-general\/"},"img":{"alt_text":"","src":"https:\/\/i0.wp.com\/larevistadigital.com.ar\/blog\/wp-content\/uploads\/WhatsApp-Image-2023-04-06-at-18.23.32-e1680818315129.jpeg?fit=818%2C656&ssl=1&resize=350%2C200","width":350,"height":200,"srcset":"https:\/\/i0.wp.com\/larevistadigital.com.ar\/blog\/wp-content\/uploads\/WhatsApp-Image-2023-04-06-at-18.23.32-e1680818315129.jpeg?fit=818%2C656&ssl=1&resize=350%2C200 1x, https:\/\/i0.wp.com\/larevistadigital.com.ar\/blog\/wp-content\/uploads\/WhatsApp-Image-2023-04-06-at-18.23.32-e1680818315129.jpeg?fit=818%2C656&ssl=1&resize=525%2C300 1.5x, https:\/\/i0.wp.com\/larevistadigital.com.ar\/blog\/wp-content\/uploads\/WhatsApp-Image-2023-04-06-at-18.23.32-e1680818315129.jpeg?fit=818%2C656&ssl=1&resize=700%2C400 2x"},"classes":[]}],"_links":{"self":[{"href":"https:\/\/larevistadigital.com.ar\/blog\/wp-json\/wp\/v2\/posts\/32776","targetHints":{"allow":["GET"]}}],"collection":[{"href":"https:\/\/larevistadigital.com.ar\/blog\/wp-json\/wp\/v2\/posts"}],"about":[{"href":"https:\/\/larevistadigital.com.ar\/blog\/wp-json\/wp\/v2\/types\/post"}],"author":[{"embeddable":true,"href":"https:\/\/larevistadigital.com.ar\/blog\/wp-json\/wp\/v2\/users\/3"}],"replies":[{"embeddable":true,"href":"https:\/\/larevistadigital.com.ar\/blog\/wp-json\/wp\/v2\/comments?post=32776"}],"version-history":[{"count":1,"href":"https:\/\/larevistadigital.com.ar\/blog\/wp-json\/wp\/v2\/posts\/32776\/revisions"}],"predecessor-version":[{"id":32777,"href":"https:\/\/larevistadigital.com.ar\/blog\/wp-json\/wp\/v2\/posts\/32776\/revisions\/32777"}],"wp:featuredmedia":[{"embeddable":true,"href":"https:\/\/larevistadigital.com.ar\/blog\/wp-json\/wp\/v2\/media\/6708"}],"wp:attachment":[{"href":"https:\/\/larevistadigital.com.ar\/blog\/wp-json\/wp\/v2\/media?parent=32776"}],"wp:term":[{"taxonomy":"category","embeddable":true,"href":"https:\/\/larevistadigital.com.ar\/blog\/wp-json\/wp\/v2\/categories?post=32776"},{"taxonomy":"post_tag","embeddable":true,"href":"https:\/\/larevistadigital.com.ar\/blog\/wp-json\/wp\/v2\/tags?post=32776"}],"curies":[{"name":"wp","href":"https:\/\/api.w.org\/{rel}","templated":true}]}}