{"id":32778,"date":"2023-08-05T01:09:45","date_gmt":"2023-08-05T01:09:45","guid":{"rendered":"https:\/\/larevistadigital.com.ar\/blog\/?p=32778"},"modified":"2023-08-05T01:09:45","modified_gmt":"2023-08-05T01:09:45","slug":"la-policia-logro-atrapar-a-un-sujeto-con-frondosos-antecedentes-y-que-era-intensamente-buscado","status":"publish","type":"post","link":"https:\/\/larevistadigital.com.ar\/blog\/la-policia-logro-atrapar-a-un-sujeto-con-frondosos-antecedentes-y-que-era-intensamente-buscado\/","title":{"rendered":"LA POLIC\u00cdA LOGR\u00d3 ATRAPAR A UN SUJETO CON FRONDOSOS ANTECEDENTES Y QUE ERA INTENSAMENTE BUSCADO"},"content":{"rendered":"<h2>Con un excelente trabajo conjunto entre investigaciones, inteligencia y de campo, la polic\u00eda identific\u00f3 y captur\u00f3 a un individuo intensamente buscado.<\/h2>\n<p>4 de agosto de 2023<\/p>\n<p><strong>CHASCOM\u00daS &#8211;<\/strong>\u00a0 El mi\u00e9rcoles pasado, la polic\u00eda comunal\u00a0 realiz\u00f3 un allanamiento en una vivienda de calle M\u00e9xico, donde habita una persona de sexo masculino investigado c\u00f3mo autor en muchos hechos delictivos ocurridos en esta localidad.<\/p>\n<p>El allanamiento, arroj\u00f3 resultado positivo, y luego reunir elementos suficientes en su contra el Juzgado de Garant\u00edas n 5 el mismo d\u00eda 2 dispuso su detenci\u00f3n por requerimiento de la UFID N 10 a cargo del Dr. <strong>Jonathan Robert.<\/strong><\/p>\n<blockquote>\n<h3>La orden de detenci\u00f3n, no se pudo efectivizar en el momento del allanamiento dado a qu\u00e9 no se encontraba en el lugar. Por ese motivo, inmediatamente comenz\u00f3 una b\u00fasqueda intensa en todos los barrios de este medio.<\/h3>\n<\/blockquote>\n<p>Personal de Gabinete T\u00e9cnico Operativo de la Polic\u00eda Comunal de\u00a0 Chascom\u00fas luego de realzar tareas investigativas y de manera encubiertas, establecieron que el sujeto a sabiendas que era intensamente buscado planeaba irse de la localidad.<\/p>\n<p>No obstante ello y divididos en diferentes puntos de la ciudad y con ayuda de las c\u00e1maras de seguridad, lograron en el d\u00eda de ayer a alrededor de las 21:00 hs establecer que el mismo se estaba movilizando en el barrio 139 Viviendas de Chascom\u00fas.<\/p>\n<p>Personal policial logr\u00f3 ponerse a la par del sujeto en calle Prolongaci\u00f3n Las Acacias y Machado mientras se movilizaba en una bicicleta para darle la voz de alto polic\u00eda, identific\u00e1ndose como tal, pero el sujeto se arrojo de su bicicleta, se descarto de una mochila y empez\u00f3 a darse a la fuga a pie, perseguido por los efectivos policiales, luego de saltar un pared\u00f3n de dos metros de altura e ingresar al predio de la Escuela de Educaci\u00f3n Secundaria Agraria el mismo logro ser detenido.<\/p>\n<blockquote>\n<h3>Se logr\u00f3 incautar su tel\u00e9fono celular y la mochila la cual en su interior ten\u00eda mucha vestimenta masculina, estableciendo as\u00ed que el mismo en verdad planeaba fugarse del distrito tal como se ven\u00eda investigando.<\/h3>\n<\/blockquote>\n<p>El sujeto se encuentra detenido el sector de calabozos de EPC CHASCOMUS PRIMERA, imputado por el delito de Hecho 1: ROBO &#8211; Hecho 2: EN CONCURSO REAL CON ROBO, hechos <strong>los cuales fueron cometidos en dos comercios gastron\u00f3micos existentes en la Avenida Costanera, durante el \u00faltimo fin de semana<\/strong>.<\/p>\n<p>El detenido ahora deber\u00e1 afrontar el proceso de todos los delitos cometidos y de los cuales se encuentra imputado, no siendo menos de cinco a parte de los cuales por los que se encuentra detenido.<\/p>\n","protected":false},"excerpt":{"rendered":"<div class=\"mh-excerpt\"><p>Con un excelente trabajo conjunto entre investigaciones, inteligencia y de campo, la polic\u00eda identific\u00f3 y captur\u00f3 a un individuo intensamente buscado. 4 de agosto de 2023 CHASCOM\u00daS &#8211;\u00a0 El mi\u00e9rcoles pasado, la polic\u00eda comunal\u00a0 realiz\u00f3 <a class=\"mh-excerpt-more\" href=\"https:\/\/larevistadigital.com.ar\/blog\/la-policia-logro-atrapar-a-un-sujeto-con-frondosos-antecedentes-y-que-era-intensamente-buscado\/\" title=\"LA POLIC\u00cdA LOGR\u00d3 ATRAPAR A UN SUJETO CON FRONDOSOS ANTECEDENTES Y QUE ERA INTENSAMENTE BUSCADO\">[Leer M\u00e1s]<\/a><\/p>\n<\/div>","protected":false},"author":3,"featured_media":14492,"comment_status":"open","ping_status":"open","sticky":false,"template":"","format":"standard","meta":{"_jetpack_memberships_contains_paid_content":false,"footnotes":"","jetpack_publicize_message":"","jetpack_publicize_feature_enabled":true,"jetpack_social_post_already_shared":true,"jetpack_social_options":{"image_generator_settings":{"template":"highway","default_image_id":0,"font":"","enabled":false},"version":2}},"categories":[41,44],"tags":[],"class_list":{"0":"post-32778","1":"post","2":"type-post","3":"status-publish","4":"format-standard","5":"has-post-thumbnail","7":"category-destacadas","8":"category-policiales"},"jetpack_publicize_connections":[],"jetpack_featured_media_url":"https:\/\/i0.wp.com\/larevistadigital.com.ar\/blog\/wp-content\/uploads\/Polic%C3%ADa-Bonaerense-Patrulleros-3.jpg?fit=772%2C434&ssl=1","jetpack_sharing_enabled":true,"jetpack_shortlink":"https:\/\/wp.me\/p8qtrQ-8wG","jetpack-related-posts":[{"id":30784,"url":"https:\/\/larevistadigital.com.ar\/blog\/chascomus-la-policia-comunal-logro-atrapar-a-un-sujeto-que-era-intensamente-buscado\/","url_meta":{"origin":32778,"position":0},"title":"CHASCOM\u00daS: LA POLIC\u00cdA COMUNAL LOGR\u00d3 ATRAPAR A UN SUJETO QUE ERA INTENSAMENTE BUSCADO","author":"Alejandro Sosa Ruda","date":"29 marzo, 2023","format":false,"excerpt":"EL detenido fue encontrado luego de ocho meses de b\u00fasqueda, investigaciones y tareas de inteligencia, y es considerado muy peligroso. Hab\u00eda participado en el enfrentamiento armado con el Jefe Comunal hace meses en La Matanza. 29 de marzo de 2023 CHASCOM\u00daS -\u00a0 Luego de arduas tareas de inteligencia la Polic\u00eda\u2026","rel":"","context":"En \u00abINTERES GENERAL\u00bb","block_context":{"text":"INTERES GENERAL","link":"https:\/\/larevistadigital.com.ar\/blog\/category\/interes-general\/"},"img":{"alt_text":"","src":"https:\/\/i0.wp.com\/larevistadigital.com.ar\/blog\/wp-content\/uploads\/detenido.jpg?fit=700%2C490&ssl=1&resize=350%2C200","width":350,"height":200,"srcset":"https:\/\/i0.wp.com\/larevistadigital.com.ar\/blog\/wp-content\/uploads\/detenido.jpg?fit=700%2C490&ssl=1&resize=350%2C200 1x, https:\/\/i0.wp.com\/larevistadigital.com.ar\/blog\/wp-content\/uploads\/detenido.jpg?fit=700%2C490&ssl=1&resize=525%2C300 1.5x, https:\/\/i0.wp.com\/larevistadigital.com.ar\/blog\/wp-content\/uploads\/detenido.jpg?fit=700%2C490&ssl=1&resize=700%2C400 2x"},"classes":[]},{"id":31428,"url":"https:\/\/larevistadigital.com.ar\/blog\/chascomus-la-policia-comunal-encontro-un-hombre-que-era-intensamente-buscado-por-su-familia-y-tenia-pendiente-una-averiguacion-de-paradero\/","url_meta":{"origin":32778,"position":1},"title":"CHASCOM\u00daS: LA POLIC\u00cdA COMUNAL ENCONTR\u00d3 UN HOMBRE QUE ERA INTENSAMENTE BUSCADO POR SU FAMILIA Y TEN\u00cdA PENDIENTE UNA \u00abAVERIGUACI\u00d3N DE PARADERO\u00bb","author":"Alejandro Sosa Ruda","date":"7 mayo, 2023","format":false,"excerpt":"CHASCOM\u00daS -\u00a0 \u00a0Durante la jornada de ayer, mientras la Polic\u00eda Comunal realizaba tareas de prevenci\u00f3n, descubre una persona de sexo masculino la que al ser identificada como Javier Omar Nu\u00f1ez, de 35 a\u00f1os de edad, y una vez cursada la consulta por sistema inform\u00e1tico, se logr\u00f3 constatar que pesaba sobre\u2026","rel":"","context":"En \u00abPOLICIALES\u00bb","block_context":{"text":"POLICIALES","link":"https:\/\/larevistadigital.com.ar\/blog\/category\/policiales\/"},"img":{"alt_text":"","src":"https:\/\/i0.wp.com\/larevistadigital.com.ar\/blog\/wp-content\/uploads\/2019\/01\/bbx_755050019_comisaria_chasco_01.jpg?fit=800%2C579&ssl=1&resize=350%2C200","width":350,"height":200,"srcset":"https:\/\/i0.wp.com\/larevistadigital.com.ar\/blog\/wp-content\/uploads\/2019\/01\/bbx_755050019_comisaria_chasco_01.jpg?fit=800%2C579&ssl=1&resize=350%2C200 1x, https:\/\/i0.wp.com\/larevistadigital.com.ar\/blog\/wp-content\/uploads\/2019\/01\/bbx_755050019_comisaria_chasco_01.jpg?fit=800%2C579&ssl=1&resize=525%2C300 1.5x, https:\/\/i0.wp.com\/larevistadigital.com.ar\/blog\/wp-content\/uploads\/2019\/01\/bbx_755050019_comisaria_chasco_01.jpg?fit=800%2C579&ssl=1&resize=700%2C400 2x"},"classes":[]},{"id":20153,"url":"https:\/\/larevistadigital.com.ar\/blog\/monte-allanamiento-y-un-detenido-por-robo\/","url_meta":{"origin":32778,"position":2},"title":"MONTE: ALLANAMIENTO Y UN DETENIDO POR ROBO","author":"Alejandro Sosa Ruda","date":"7 mayo, 2021","format":false,"excerpt":"MONTE - En las \u00faltimas horas tras un allanamiento, efectivos de la polic\u00eda comunal de San Miguel del Monte lograron la detenci\u00f3n de un delincuente acusado de robar en una vivienda de la ciudad. \"El 14 de abril recibimos una denuncia por el robo de objetos varios y electrodom\u00e9sticos. Frente\u2026","rel":"","context":"En \u00abPOLICIALES\u00bb","block_context":{"text":"POLICIALES","link":"https:\/\/larevistadigital.com.ar\/blog\/category\/policiales\/"},"img":{"alt_text":"","src":"https:\/\/i0.wp.com\/larevistadigital.com.ar\/blog\/wp-content\/uploads\/1620349807974_wm.jpg?fit=1200%2C674&ssl=1&resize=350%2C200","width":350,"height":200,"srcset":"https:\/\/i0.wp.com\/larevistadigital.com.ar\/blog\/wp-content\/uploads\/1620349807974_wm.jpg?fit=1200%2C674&ssl=1&resize=350%2C200 1x, https:\/\/i0.wp.com\/larevistadigital.com.ar\/blog\/wp-content\/uploads\/1620349807974_wm.jpg?fit=1200%2C674&ssl=1&resize=525%2C300 1.5x, https:\/\/i0.wp.com\/larevistadigital.com.ar\/blog\/wp-content\/uploads\/1620349807974_wm.jpg?fit=1200%2C674&ssl=1&resize=700%2C400 2x, https:\/\/i0.wp.com\/larevistadigital.com.ar\/blog\/wp-content\/uploads\/1620349807974_wm.jpg?fit=1200%2C674&ssl=1&resize=1050%2C600 3x"},"classes":[]},{"id":12076,"url":"https:\/\/larevistadigital.com.ar\/blog\/brandsen-cae-delincuente-buscado-por-robo\/","url_meta":{"origin":32778,"position":3},"title":"BRANDSEN: CAE DELINCUENTE BUSCADO POR ROBO","author":"Alejandro Sosa Ruda","date":"15 septiembre, 2019","format":false,"excerpt":"En la tarde de este s\u00e1bado 14 de septiembre, tras reunir material f\u00edlmico, testimonios y dem\u00e1s, la polic\u00eda de la ciudad de Brandsen\u00a0allan\u00f3 y detuvo al acusado de robar una casa en calle Saavedra esquina Pueyrredon. \"Dando inicio de la presente investigaci\u00f3n con fecha 03 de Septiembre, tras haberse recepcionado\u2026","rel":"","context":"En \u00abREGIONALES\u00bb","block_context":{"text":"REGIONALES","link":"https:\/\/larevistadigital.com.ar\/blog\/category\/regionales\/"},"img":{"alt_text":"","src":"https:\/\/i0.wp.com\/larevistadigital.com.ar\/blog\/wp-content\/uploads\/detenido-esposado.jpg?fit=1024%2C683&ssl=1&resize=350%2C200","width":350,"height":200,"srcset":"https:\/\/i0.wp.com\/larevistadigital.com.ar\/blog\/wp-content\/uploads\/detenido-esposado.jpg?fit=1024%2C683&ssl=1&resize=350%2C200 1x, https:\/\/i0.wp.com\/larevistadigital.com.ar\/blog\/wp-content\/uploads\/detenido-esposado.jpg?fit=1024%2C683&ssl=1&resize=525%2C300 1.5x, https:\/\/i0.wp.com\/larevistadigital.com.ar\/blog\/wp-content\/uploads\/detenido-esposado.jpg?fit=1024%2C683&ssl=1&resize=700%2C400 2x"},"classes":[]},{"id":34228,"url":"https:\/\/larevistadigital.com.ar\/blog\/chascomus-le-robaron-el-celular-amenazandolo-con-un-destornillador-hizo-la-denuncia-y-la-policia-comunal-descubrio-y-detuvo-al-culpable\/","url_meta":{"origin":32778,"position":4},"title":"CHASCOM\u00daS: LE ROBARON EL CELULAR AMENAZ\u00c1NDOLO CON UN DESTORNILLADOR. HIZO LA DENUNCIA Y LA POLIC\u00cdA COMUNAL DESCUBRI\u00d3 Y DETUVO AL CULPABLE","author":"Alejandro Sosa Ruda","date":"27 octubre, 2023","format":false,"excerpt":"La polic\u00eda logr\u00f3 r\u00e1pidamente dar con el responsable y recolectar las pruebas necesarias para conseguir el allanamiento y detenci\u00f3n. 27 de Octubre de 2023 CHASCOM\u00daS -\u00a0 El d\u00eda domingo en horas de la madrugada un joven que caminaba por calle Lastra desde la costanera hacia el centro de ciudad, fue\u2026","rel":"","context":"En \u00abDESTACADAS\u00bb","block_context":{"text":"DESTACADAS","link":"https:\/\/larevistadigital.com.ar\/blog\/category\/destacadas\/"},"img":{"alt_text":"","src":"https:\/\/i0.wp.com\/larevistadigital.com.ar\/blog\/wp-content\/uploads\/WhatsApp-Image-2023-10-26-at-23.11.54-e1698417009606.jpeg?fit=898%2C794&ssl=1&resize=350%2C200","width":350,"height":200,"srcset":"https:\/\/i0.wp.com\/larevistadigital.com.ar\/blog\/wp-content\/uploads\/WhatsApp-Image-2023-10-26-at-23.11.54-e1698417009606.jpeg?fit=898%2C794&ssl=1&resize=350%2C200 1x, https:\/\/i0.wp.com\/larevistadigital.com.ar\/blog\/wp-content\/uploads\/WhatsApp-Image-2023-10-26-at-23.11.54-e1698417009606.jpeg?fit=898%2C794&ssl=1&resize=525%2C300 1.5x, https:\/\/i0.wp.com\/larevistadigital.com.ar\/blog\/wp-content\/uploads\/WhatsApp-Image-2023-10-26-at-23.11.54-e1698417009606.jpeg?fit=898%2C794&ssl=1&resize=700%2C400 2x"},"classes":[]},{"id":37089,"url":"https:\/\/larevistadigital.com.ar\/blog\/encontraron-y-detuvieron-en-corrientes-a-german-kiczka-el-diputado-acusado-de-pedofilia\/","url_meta":{"origin":32778,"position":5},"title":"ENCONTRARON Y DETUVIERON EN CORRIENTES A GERM\u00c1N KICZKA, EL DIPUTADO ACUSADO DE PEDOFILIA","author":"Alejandro Sosa Ruda","date":"28 agosto, 2024","format":false,"excerpt":"Era intensamente buscado. Estaba pr\u00f3fugo por tenencia y distribuci\u00f3n de material ped\u00f3filo hallado en su computadora. Interpol hab\u00eda emitido una alerta roja sobre su persona. 28 de Agosto de 2024 CORRIENTES -\u00a0 \u00a0El diputado Germ\u00e1n Kiczka fue arrestado este mi\u00e9rcoles en la localidad de Loreto, provincia de Corrientes, luego de\u2026","rel":"","context":"En \u00abINTERES GENERAL\u00bb","block_context":{"text":"INTERES GENERAL","link":"https:\/\/larevistadigital.com.ar\/blog\/category\/interes-general\/"},"img":{"alt_text":"","src":"https:\/\/i0.wp.com\/larevistadigital.com.ar\/blog\/wp-content\/uploads\/Captura-de-pantalla-2024-08-28-231533.png?fit=737%2C419&ssl=1&resize=350%2C200","width":350,"height":200,"srcset":"https:\/\/i0.wp.com\/larevistadigital.com.ar\/blog\/wp-content\/uploads\/Captura-de-pantalla-2024-08-28-231533.png?fit=737%2C419&ssl=1&resize=350%2C200 1x, https:\/\/i0.wp.com\/larevistadigital.com.ar\/blog\/wp-content\/uploads\/Captura-de-pantalla-2024-08-28-231533.png?fit=737%2C419&ssl=1&resize=525%2C300 1.5x, https:\/\/i0.wp.com\/larevistadigital.com.ar\/blog\/wp-content\/uploads\/Captura-de-pantalla-2024-08-28-231533.png?fit=737%2C419&ssl=1&resize=700%2C400 2x"},"classes":[]}],"_links":{"self":[{"href":"https:\/\/larevistadigital.com.ar\/blog\/wp-json\/wp\/v2\/posts\/32778","targetHints":{"allow":["GET"]}}],"collection":[{"href":"https:\/\/larevistadigital.com.ar\/blog\/wp-json\/wp\/v2\/posts"}],"about":[{"href":"https:\/\/larevistadigital.com.ar\/blog\/wp-json\/wp\/v2\/types\/post"}],"author":[{"embeddable":true,"href":"https:\/\/larevistadigital.com.ar\/blog\/wp-json\/wp\/v2\/users\/3"}],"replies":[{"embeddable":true,"href":"https:\/\/larevistadigital.com.ar\/blog\/wp-json\/wp\/v2\/comments?post=32778"}],"version-history":[{"count":1,"href":"https:\/\/larevistadigital.com.ar\/blog\/wp-json\/wp\/v2\/posts\/32778\/revisions"}],"predecessor-version":[{"id":32779,"href":"https:\/\/larevistadigital.com.ar\/blog\/wp-json\/wp\/v2\/posts\/32778\/revisions\/32779"}],"wp:featuredmedia":[{"embeddable":true,"href":"https:\/\/larevistadigital.com.ar\/blog\/wp-json\/wp\/v2\/media\/14492"}],"wp:attachment":[{"href":"https:\/\/larevistadigital.com.ar\/blog\/wp-json\/wp\/v2\/media?parent=32778"}],"wp:term":[{"taxonomy":"category","embeddable":true,"href":"https:\/\/larevistadigital.com.ar\/blog\/wp-json\/wp\/v2\/categories?post=32778"},{"taxonomy":"post_tag","embeddable":true,"href":"https:\/\/larevistadigital.com.ar\/blog\/wp-json\/wp\/v2\/tags?post=32778"}],"curies":[{"name":"wp","href":"https:\/\/api.w.org\/{rel}","templated":true}]}}