{"id":32781,"date":"2023-08-05T17:16:22","date_gmt":"2023-08-05T17:16:22","guid":{"rendered":"https:\/\/larevistadigital.com.ar\/blog\/?p=32781"},"modified":"2023-08-05T17:16:22","modified_gmt":"2023-08-05T17:16:22","slug":"la-policia-comunal-recupero-algunos-elementos-robados-en-una-obra-y-busca-al-autor-que-tienen-identificado","status":"publish","type":"post","link":"https:\/\/larevistadigital.com.ar\/blog\/la-policia-comunal-recupero-algunos-elementos-robados-en-una-obra-y-busca-al-autor-que-tienen-identificado\/","title":{"rendered":"LA POLIC\u00cdA COMUNAL RECUPER\u00d3 ALGUNOS ELEMENTOS ROBADOS EN UNA OBRA Y BUSCA AL AUTOR, QUE TIENEN IDENTIFICADO."},"content":{"rendered":"<h2>Lo destacable, es que tambi\u00e9n van por quienes compraron elementos de procedencia il\u00edcita.<\/h2>\n<p>5 de agosto de 2023<\/p>\n<p><strong>CHASCOM\u00daS &#8211;<\/strong>\u00a0 \u00a0En horas de la noche del d\u00eda jueves, una persona realiz\u00f3 una denuncia en la Estaci\u00f3n de Polic\u00eda Comunal, manifestando que se hab\u00edan sustra\u00eddo materiales y chapas de una obra en construcci\u00f3n en el barrio San Cayetano.<\/p>\n<blockquote>\n<h3>Iniciada la investigaci\u00f3n se logr\u00f3 establecer el lugar donde el autor del hecho hab\u00eda vendido cuatro bolsas de cemento, por lo que la polic\u00eda se hizo presente en el lugar y logr\u00f3 recuperar lo ya mencionado.<\/h3>\n<\/blockquote>\n<p>No obstante ello, se requirieron medidas judiciales para distintos domicilios con el fin de dar con el autor del hecho el cual est\u00e1 correctamente identificado y los dem\u00e1s elementos sustra\u00eddos que al momento no se pudieron recuperar como as\u00ed tambi\u00e9n para dar con las personas quienes adquirieron elementos de procedencia il\u00edcita.<\/p>\n","protected":false},"excerpt":{"rendered":"<div class=\"mh-excerpt\"><p>Lo destacable, es que tambi\u00e9n van por quienes compraron elementos de procedencia il\u00edcita. 5 de agosto de 2023 CHASCOM\u00daS &#8211;\u00a0 \u00a0En horas de la noche del d\u00eda jueves, una persona realiz\u00f3 una denuncia en la <a class=\"mh-excerpt-more\" href=\"https:\/\/larevistadigital.com.ar\/blog\/la-policia-comunal-recupero-algunos-elementos-robados-en-una-obra-y-busca-al-autor-que-tienen-identificado\/\" title=\"LA POLIC\u00cdA COMUNAL RECUPER\u00d3 ALGUNOS ELEMENTOS ROBADOS EN UNA OBRA Y BUSCA AL AUTOR, QUE TIENEN IDENTIFICADO.\">[Leer M\u00e1s]<\/a><\/p>\n<\/div>","protected":false},"author":3,"featured_media":20770,"comment_status":"open","ping_status":"open","sticky":false,"template":"","format":"standard","meta":{"_jetpack_memberships_contains_paid_content":false,"footnotes":"","jetpack_publicize_message":"","jetpack_publicize_feature_enabled":true,"jetpack_social_post_already_shared":true,"jetpack_social_options":{"image_generator_settings":{"template":"highway","default_image_id":0,"font":"","enabled":false},"version":2}},"categories":[6,44],"tags":[],"class_list":{"0":"post-32781","1":"post","2":"type-post","3":"status-publish","4":"format-standard","5":"has-post-thumbnail","7":"category-chascomus","8":"category-policiales"},"jetpack_publicize_connections":[],"jetpack_featured_media_url":"https:\/\/i0.wp.com\/larevistadigital.com.ar\/blog\/wp-content\/uploads\/1620734311775.jpg?fit=1500%2C971&ssl=1","jetpack_sharing_enabled":true,"jetpack_shortlink":"https:\/\/wp.me\/p8qtrQ-8wJ","jetpack-related-posts":[{"id":8439,"url":"https:\/\/larevistadigital.com.ar\/blog\/chascomus-luego-de-procedimiento-de-la-policia-comunal-se-detuvo-al-autor-de-un-robo\/","url_meta":{"origin":32781,"position":0},"title":"CHASCOM\u00daS: LUEGO DE PROCEDIMIENTO DE LA POLIC\u00cdA COMUNAL, SE DETUVO AL AUTOR DE UN ROBO","author":"Alejandro Sosa Ruda","date":"14 febrero, 2019","format":false,"excerpt":"En referencia al allanamiento positivo en el cual se secuestr\u00f3 un ventilador,\u00a0 en la fecha, y gracias a los elementos de prueba reunidos en dicha causa, el Juzgado de Garant\u00edas 5 a cargo del Dr Christian Gasquet libr\u00f3 orden de detenci\u00f3n para el autor del mentado Robo el cual fue\u2026","rel":"","context":"En \u00abPOLICIALES\u00bb","block_context":{"text":"POLICIALES","link":"https:\/\/larevistadigital.com.ar\/blog\/category\/policiales\/"},"img":{"alt_text":"","src":"https:\/\/i0.wp.com\/larevistadigital.com.ar\/blog\/wp-content\/uploads\/2019\/01\/bbx_755050019_comisaria_chasco_01.jpg?fit=800%2C579&ssl=1&resize=350%2C200","width":350,"height":200,"srcset":"https:\/\/i0.wp.com\/larevistadigital.com.ar\/blog\/wp-content\/uploads\/2019\/01\/bbx_755050019_comisaria_chasco_01.jpg?fit=800%2C579&ssl=1&resize=350%2C200 1x, https:\/\/i0.wp.com\/larevistadigital.com.ar\/blog\/wp-content\/uploads\/2019\/01\/bbx_755050019_comisaria_chasco_01.jpg?fit=800%2C579&ssl=1&resize=525%2C300 1.5x, https:\/\/i0.wp.com\/larevistadigital.com.ar\/blog\/wp-content\/uploads\/2019\/01\/bbx_755050019_comisaria_chasco_01.jpg?fit=800%2C579&ssl=1&resize=700%2C400 2x"},"classes":[]},{"id":31922,"url":"https:\/\/larevistadigital.com.ar\/blog\/chascomus-denuncian-un-robo-y-la-policia-recupera-lo-robado-en-pocas-horas\/","url_meta":{"origin":32781,"position":1},"title":"CHASCOM\u00daS: DENUNCIAN UN ROBO Y LA POLIC\u00cdA RECUPERA LO ROBADO EN POCAS HORAS","author":"Alejandro Sosa Ruda","date":"11 junio, 2023","format":false,"excerpt":"Luego de la denuncia, se investig\u00f3 y trabaj\u00f3 con celeridad, pudiendo recuperarse elementos robados. 11 de junio de 2023 CHASCOM\u00daS -\u00a0 El d\u00eda de ayer, en horas de la ma\u00f1ana se tom\u00f3 una denuncia en la Polic\u00eda Comunal, dando cuenta que durante la madrugada lograron sustraer varias herramientas del interior\u2026","rel":"","context":"En \u00abDESTACADAS\u00bb","block_context":{"text":"DESTACADAS","link":"https:\/\/larevistadigital.com.ar\/blog\/category\/destacadas\/"},"img":{"alt_text":"","src":"https:\/\/i0.wp.com\/larevistadigital.com.ar\/blog\/wp-content\/uploads\/WhatsApp-Image-2023-06-10-at-21.08.50-1.jpeg?fit=794%2C1200&ssl=1&resize=350%2C200","width":350,"height":200,"srcset":"https:\/\/i0.wp.com\/larevistadigital.com.ar\/blog\/wp-content\/uploads\/WhatsApp-Image-2023-06-10-at-21.08.50-1.jpeg?fit=794%2C1200&ssl=1&resize=350%2C200 1x, https:\/\/i0.wp.com\/larevistadigital.com.ar\/blog\/wp-content\/uploads\/WhatsApp-Image-2023-06-10-at-21.08.50-1.jpeg?fit=794%2C1200&ssl=1&resize=525%2C300 1.5x, https:\/\/i0.wp.com\/larevistadigital.com.ar\/blog\/wp-content\/uploads\/WhatsApp-Image-2023-06-10-at-21.08.50-1.jpeg?fit=794%2C1200&ssl=1&resize=700%2C400 2x"},"classes":[]},{"id":33617,"url":"https:\/\/larevistadigital.com.ar\/blog\/chascomus-la-policia-comunal-logro-detener-in-fraganti-a-un-sujeto-con-antecedentes\/","url_meta":{"origin":32781,"position":2},"title":"CHASCOM\u00daS: LA POLIC\u00cdA COMUNAL LOGR\u00d3 DETENER \u00abIN FRAGANTI\u00bb A UN SUJETO CON ANTECEDENTES","author":"Alejandro Sosa Ruda","date":"25 septiembre, 2023","format":false,"excerpt":"Todo fue gracias a un llamado de vecinos alertando un robo en proceso, y el r\u00e1pido accionar de la Polic\u00eda. 25 de Septiembre de 2023 CHASCOM\u00daS -\u00a0 Durante la noche del d\u00eda de ayer, personal policial acudi\u00f3 a un domicilio de calle 26 de Julio, ya que en el lugar\u2026","rel":"","context":"En \u00abDESTACADAS\u00bb","block_context":{"text":"DESTACADAS","link":"https:\/\/larevistadigital.com.ar\/blog\/category\/destacadas\/"},"img":{"alt_text":"","src":"https:\/\/i0.wp.com\/larevistadigital.com.ar\/blog\/wp-content\/uploads\/WhatsApp-Image-2023-09-25-at-20.22.41-e1695689977104.jpeg?fit=911%2C742&ssl=1&resize=350%2C200","width":350,"height":200,"srcset":"https:\/\/i0.wp.com\/larevistadigital.com.ar\/blog\/wp-content\/uploads\/WhatsApp-Image-2023-09-25-at-20.22.41-e1695689977104.jpeg?fit=911%2C742&ssl=1&resize=350%2C200 1x, https:\/\/i0.wp.com\/larevistadigital.com.ar\/blog\/wp-content\/uploads\/WhatsApp-Image-2023-09-25-at-20.22.41-e1695689977104.jpeg?fit=911%2C742&ssl=1&resize=525%2C300 1.5x, https:\/\/i0.wp.com\/larevistadigital.com.ar\/blog\/wp-content\/uploads\/WhatsApp-Image-2023-09-25-at-20.22.41-e1695689977104.jpeg?fit=911%2C742&ssl=1&resize=700%2C400 2x"},"classes":[]},{"id":34677,"url":"https:\/\/larevistadigital.com.ar\/blog\/chascomus-roban-garrafas-de-una-planta-de-gas-y-la-policia-logro-descubrir-al-autor-y-recuperar-lo-robado\/","url_meta":{"origin":32781,"position":3},"title":"CHASCOM\u00daS: ROBAN GARRAFAS DE UNA PLANTA DE GAS Y LA POLIC\u00cdA LOGR\u00d3 DESCUBRIR AL AUTOR Y RECUPERAR LO ROBADO","author":"Alejandro Sosa Ruda","date":"28 noviembre, 2023","format":false,"excerpt":"Luego de una r\u00e1pida investigaci\u00f3n se consigui\u00f3 el resultado buscado. 28 de Noviembre de 2023 CHASCOM\u00daS -\u00a0 El d\u00eda 23 de Noviembre pasado, se recibi\u00f3 en la Estaci\u00f3n de Polic\u00eda Comunal Chascom\u00fas 1era., la denuncia de un robo ocurrido en la planta de gas ubicada en calle Soldado Carrasco y\u2026","rel":"","context":"En \u00abCHASCOM\u00daS\u00bb","block_context":{"text":"CHASCOM\u00daS","link":"https:\/\/larevistadigital.com.ar\/blog\/category\/chascomus\/"},"img":{"alt_text":"","src":"https:\/\/i0.wp.com\/larevistadigital.com.ar\/blog\/wp-content\/uploads\/WhatsApp-Image-2023-11-28-at-19.05.57-e1701212416510.jpeg?fit=792%2C876&ssl=1&resize=350%2C200","width":350,"height":200,"srcset":"https:\/\/i0.wp.com\/larevistadigital.com.ar\/blog\/wp-content\/uploads\/WhatsApp-Image-2023-11-28-at-19.05.57-e1701212416510.jpeg?fit=792%2C876&ssl=1&resize=350%2C200 1x, https:\/\/i0.wp.com\/larevistadigital.com.ar\/blog\/wp-content\/uploads\/WhatsApp-Image-2023-11-28-at-19.05.57-e1701212416510.jpeg?fit=792%2C876&ssl=1&resize=525%2C300 1.5x, https:\/\/i0.wp.com\/larevistadigital.com.ar\/blog\/wp-content\/uploads\/WhatsApp-Image-2023-11-28-at-19.05.57-e1701212416510.jpeg?fit=792%2C876&ssl=1&resize=700%2C400 2x"},"classes":[]},{"id":8664,"url":"https:\/\/larevistadigital.com.ar\/blog\/chascomus-policia-comunal-recupera-moto-robada-y-detiene-al-autor-del-hecho\/","url_meta":{"origin":32781,"position":4},"title":"CHASCOM\u00daS: POLIC\u00cdA COMUNAL RECUPERA MOTO ROBADA Y DETIENE AL AUTOR DEL HECHO","author":"Alejandro Sosa Ruda","date":"23 febrero, 2019","format":false,"excerpt":"El pasado 18\/02\/19 denunci\u00f3 Juan Manuel Castresana que del estacionamiento del supermercado D\u00eda % le sustraen un moto Gilera de 110 cc inici\u00e1ndose actuaciones caratuladas Robo de Motovehiculo con intervenci\u00f3n de la UFID 10 a\/c del Dr Jonatan Robert. De inmediato personal del GTO de la Estaci\u00f3n de Polic\u00eda comunal\u2026","rel":"","context":"En \u00abPOLICIALES\u00bb","block_context":{"text":"POLICIALES","link":"https:\/\/larevistadigital.com.ar\/blog\/category\/policiales\/"},"img":{"alt_text":"","src":"https:\/\/i0.wp.com\/larevistadigital.com.ar\/blog\/wp-content\/uploads\/2019\/02\/WhatsApp-Image-2019-02-22-at-23.25.06.jpeg?fit=1200%2C900&ssl=1&resize=350%2C200","width":350,"height":200,"srcset":"https:\/\/i0.wp.com\/larevistadigital.com.ar\/blog\/wp-content\/uploads\/2019\/02\/WhatsApp-Image-2019-02-22-at-23.25.06.jpeg?fit=1200%2C900&ssl=1&resize=350%2C200 1x, https:\/\/i0.wp.com\/larevistadigital.com.ar\/blog\/wp-content\/uploads\/2019\/02\/WhatsApp-Image-2019-02-22-at-23.25.06.jpeg?fit=1200%2C900&ssl=1&resize=525%2C300 1.5x, https:\/\/i0.wp.com\/larevistadigital.com.ar\/blog\/wp-content\/uploads\/2019\/02\/WhatsApp-Image-2019-02-22-at-23.25.06.jpeg?fit=1200%2C900&ssl=1&resize=700%2C400 2x, https:\/\/i0.wp.com\/larevistadigital.com.ar\/blog\/wp-content\/uploads\/2019\/02\/WhatsApp-Image-2019-02-22-at-23.25.06.jpeg?fit=1200%2C900&ssl=1&resize=1050%2C600 3x"},"classes":[]},{"id":8185,"url":"https:\/\/larevistadigital.com.ar\/blog\/chascomus-la-policia-comunal-detiene-otro-motochorro\/","url_meta":{"origin":32781,"position":5},"title":"CHASCOM\u00daS: LA POLIC\u00cdA COMUNAL IDENTIFICA OTRO MOTOCHORRO","author":"Alejandro Sosa Ruda","date":"6 febrero, 2019","format":false,"excerpt":"A ra\u00edz de un hecho de Hurto en modalidad arrebato acaecido el d\u00eda 04\/02\/19 en perjuicio de una mujer que circulaba en la fecha aludida alrededor de las 17:00 horas en Av. Presidente Alfons\u00edn y Bah\u00eda Blanca donde dos sujetos a bordo de una moto le sustraen una cartera con\u2026","rel":"","context":"En \u00abCHASCOM\u00daS\u00bb","block_context":{"text":"CHASCOM\u00daS","link":"https:\/\/larevistadigital.com.ar\/blog\/category\/chascomus\/"},"img":{"alt_text":"","src":"https:\/\/i0.wp.com\/larevistadigital.com.ar\/blog\/wp-content\/uploads\/2019\/02\/5322.jpg?fit=1200%2C667&ssl=1&resize=350%2C200","width":350,"height":200,"srcset":"https:\/\/i0.wp.com\/larevistadigital.com.ar\/blog\/wp-content\/uploads\/2019\/02\/5322.jpg?fit=1200%2C667&ssl=1&resize=350%2C200 1x, https:\/\/i0.wp.com\/larevistadigital.com.ar\/blog\/wp-content\/uploads\/2019\/02\/5322.jpg?fit=1200%2C667&ssl=1&resize=525%2C300 1.5x, https:\/\/i0.wp.com\/larevistadigital.com.ar\/blog\/wp-content\/uploads\/2019\/02\/5322.jpg?fit=1200%2C667&ssl=1&resize=700%2C400 2x, https:\/\/i0.wp.com\/larevistadigital.com.ar\/blog\/wp-content\/uploads\/2019\/02\/5322.jpg?fit=1200%2C667&ssl=1&resize=1050%2C600 3x"},"classes":[]}],"_links":{"self":[{"href":"https:\/\/larevistadigital.com.ar\/blog\/wp-json\/wp\/v2\/posts\/32781","targetHints":{"allow":["GET"]}}],"collection":[{"href":"https:\/\/larevistadigital.com.ar\/blog\/wp-json\/wp\/v2\/posts"}],"about":[{"href":"https:\/\/larevistadigital.com.ar\/blog\/wp-json\/wp\/v2\/types\/post"}],"author":[{"embeddable":true,"href":"https:\/\/larevistadigital.com.ar\/blog\/wp-json\/wp\/v2\/users\/3"}],"replies":[{"embeddable":true,"href":"https:\/\/larevistadigital.com.ar\/blog\/wp-json\/wp\/v2\/comments?post=32781"}],"version-history":[{"count":1,"href":"https:\/\/larevistadigital.com.ar\/blog\/wp-json\/wp\/v2\/posts\/32781\/revisions"}],"predecessor-version":[{"id":32782,"href":"https:\/\/larevistadigital.com.ar\/blog\/wp-json\/wp\/v2\/posts\/32781\/revisions\/32782"}],"wp:featuredmedia":[{"embeddable":true,"href":"https:\/\/larevistadigital.com.ar\/blog\/wp-json\/wp\/v2\/media\/20770"}],"wp:attachment":[{"href":"https:\/\/larevistadigital.com.ar\/blog\/wp-json\/wp\/v2\/media?parent=32781"}],"wp:term":[{"taxonomy":"category","embeddable":true,"href":"https:\/\/larevistadigital.com.ar\/blog\/wp-json\/wp\/v2\/categories?post=32781"},{"taxonomy":"post_tag","embeddable":true,"href":"https:\/\/larevistadigital.com.ar\/blog\/wp-json\/wp\/v2\/tags?post=32781"}],"curies":[{"name":"wp","href":"https:\/\/api.w.org\/{rel}","templated":true}]}}