{"id":32783,"date":"2023-08-05T17:30:31","date_gmt":"2023-08-05T17:30:31","guid":{"rendered":"https:\/\/larevistadigital.com.ar\/blog\/?p=32783"},"modified":"2023-08-05T17:30:31","modified_gmt":"2023-08-05T17:30:31","slug":"chascomus-esta-detenido-el-inspector-que-habria-provocado-la-caida-de-un-joven-motociclista-durante-un-operativo","status":"publish","type":"post","link":"https:\/\/larevistadigital.com.ar\/blog\/chascomus-esta-detenido-el-inspector-que-habria-provocado-la-caida-de-un-joven-motociclista-durante-un-operativo\/","title":{"rendered":"CHASCOM\u00daS: EST\u00c1 DETENIDO EL INSPECTOR QUE HABR\u00cdA PROVOCADO LA CA\u00cdDA DE UN JOVEN MOTOCICLISTA DURANTE UN OPERATIVO"},"content":{"rendered":"<p><strong>CHASCOM\u00daS &#8211;\u00a0<\/strong> El d\u00eda de ayer, al mediod\u00eda personal de la Polic\u00eda Comunal, procedi\u00f3 a efectivizar la detenci\u00f3n de una persona de sexo masculino mayor de edad en el barrio San Cayetano, por orden emanada por el Juzgado de Garant\u00edas n 5 de Chascom\u00fas a cargo del Juez <strong>Christian Gasquet<\/strong> tras requerimiento de la Unidad Funcional de Instrucci\u00f3n N 10 a cargo del Dr.<strong> Jonathan Robert<\/strong>.<\/p>\n<blockquote>\n<h3>La persona en cuesti\u00f3n, es un inspector municipal, que protagoniz\u00f3 un grave incidente el pasado fin de semana cuando habr\u00eda arrojado uno de los \u00abconos\u00bb a un joven que pasaba en su moto, junto con otros, provoc\u00e1ndole la ca\u00edda del motoveh\u00edculo y heridas de gravedad, ya que el muchacho no ten\u00eda casco de protecci\u00f3n. Todo esto sucedi\u00f3 durante un operativo policial en la laguna.<\/h3>\n<\/blockquote>\n<p>El detenido fue notificado tras disposici\u00f3n del ministerio p\u00fablico fiscal de los delitos de <strong>LESIONES GRAVES &#8211; TENTATIVA DE HOMICIDIO<\/strong>. El mismo <strong>se encuentra alojado en el sector de calabozos de EPC Chascomus Primera hasta nueva disposici\u00f3n judicial.<\/strong><\/p>\n","protected":false},"excerpt":{"rendered":"<div class=\"mh-excerpt\"><p>CHASCOM\u00daS &#8211;\u00a0 El d\u00eda de ayer, al mediod\u00eda personal de la Polic\u00eda Comunal, procedi\u00f3 a efectivizar la detenci\u00f3n de una persona de sexo masculino mayor de edad en el barrio San Cayetano, por orden emanada <a class=\"mh-excerpt-more\" href=\"https:\/\/larevistadigital.com.ar\/blog\/chascomus-esta-detenido-el-inspector-que-habria-provocado-la-caida-de-un-joven-motociclista-durante-un-operativo\/\" title=\"CHASCOM\u00daS: EST\u00c1 DETENIDO EL INSPECTOR QUE HABR\u00cdA PROVOCADO LA CA\u00cdDA DE UN JOVEN MOTOCICLISTA DURANTE UN OPERATIVO\">[Leer M\u00e1s]<\/a><\/p>\n<\/div>","protected":false},"author":3,"featured_media":32784,"comment_status":"open","ping_status":"open","sticky":false,"template":"","format":"standard","meta":{"_jetpack_memberships_contains_paid_content":false,"footnotes":"","jetpack_publicize_message":"","jetpack_publicize_feature_enabled":true,"jetpack_social_post_already_shared":true,"jetpack_social_options":{"image_generator_settings":{"template":"highway","default_image_id":0,"font":"","enabled":false},"version":2}},"categories":[41,44],"tags":[],"class_list":{"0":"post-32783","1":"post","2":"type-post","3":"status-publish","4":"format-standard","5":"has-post-thumbnail","7":"category-destacadas","8":"category-policiales"},"jetpack_publicize_connections":[],"jetpack_featured_media_url":"https:\/\/i0.wp.com\/larevistadigital.com.ar\/blog\/wp-content\/uploads\/WhatsApp-Image-2023-08-04-at-16.45.03-e1691256242778.jpeg?fit=697%2C560&ssl=1","jetpack_sharing_enabled":true,"jetpack_shortlink":"https:\/\/wp.me\/p8qtrQ-8wL","jetpack-related-posts":[{"id":42951,"url":"https:\/\/larevistadigital.com.ar\/blog\/chascomus-amenazo-con-apunalar-a-una-inspectora-termino-detenido\/","url_meta":{"origin":32783,"position":0},"title":"Chascom\u00fas: Amenaz\u00f3 con apu\u00f1alar a una inspectora. Termin\u00f3 detenido.","author":"Alejandro Sosa Ruda","date":"17 diciembre, 2025","format":false,"excerpt":"El hecho ocurri\u00f3 durante un operativo vial en la zona de Costanera Espa\u00f1a y Mu\u00f1iz. El joven fue aprehendido tras darse a la fuga y qued\u00f3 a disposici\u00f3n de la Justicia. La informaci\u00f3n surge de una publicaci\u00f3n del diario El Fuerte. 17 de diciembre de 2025 CHASCOM\u00daS -\u00a0 \u00a0Un joven\u2026","rel":"","context":"En \u00abINTERES GENERAL\u00bb","block_context":{"text":"INTERES GENERAL","link":"https:\/\/larevistadigital.com.ar\/blog\/category\/interes-general\/"},"img":{"alt_text":"","src":"https:\/\/i0.wp.com\/larevistadigital.com.ar\/blog\/wp-content\/uploads\/Captura-de-pantalla-2025-12-17-202400.jpg?fit=837%2C465&ssl=1&resize=350%2C200","width":350,"height":200,"srcset":"https:\/\/i0.wp.com\/larevistadigital.com.ar\/blog\/wp-content\/uploads\/Captura-de-pantalla-2025-12-17-202400.jpg?fit=837%2C465&ssl=1&resize=350%2C200 1x, https:\/\/i0.wp.com\/larevistadigital.com.ar\/blog\/wp-content\/uploads\/Captura-de-pantalla-2025-12-17-202400.jpg?fit=837%2C465&ssl=1&resize=525%2C300 1.5x, https:\/\/i0.wp.com\/larevistadigital.com.ar\/blog\/wp-content\/uploads\/Captura-de-pantalla-2025-12-17-202400.jpg?fit=837%2C465&ssl=1&resize=700%2C400 2x"},"classes":[]},{"id":33081,"url":"https:\/\/larevistadigital.com.ar\/blog\/chascomus-recuperan-otra-moto-durante-un-operativo-conjunto-de-polic\/","url_meta":{"origin":32783,"position":1},"title":"CHASCOM\u00daS: RECUPERAN OTRA MOTO DURANTE UN OPERATIVO CONJUNTO DE POLIC+","author":"Alejandro Sosa Ruda","date":"28 agosto, 2023","format":false,"excerpt":"Los operativos siguen arrojando resultados, y las autoridades aseguran que las \u00f3rdenes de la conducci\u00f3n es\u00a0 continuar e intensificarlos. 28 de agosto de 2023 CHASCOM\u00daS -\u00a0 Durante la tarde de hoy, la Polic\u00eda Comunal continu\u00f3 con las tareas de\u00a0 \"saturaci\u00f3n de imagen policial\" en distintos puntos y en operativos donde\u2026","rel":"","context":"En \u00abCHASCOM\u00daS\u00bb","block_context":{"text":"CHASCOM\u00daS","link":"https:\/\/larevistadigital.com.ar\/blog\/category\/chascomus\/"},"img":{"alt_text":"","src":"https:\/\/i0.wp.com\/larevistadigital.com.ar\/blog\/wp-content\/uploads\/WhatsApp-Image-2023-08-28-at-14.55.14.jpeg?fit=900%2C1160&ssl=1&resize=350%2C200","width":350,"height":200,"srcset":"https:\/\/i0.wp.com\/larevistadigital.com.ar\/blog\/wp-content\/uploads\/WhatsApp-Image-2023-08-28-at-14.55.14.jpeg?fit=900%2C1160&ssl=1&resize=350%2C200 1x, https:\/\/i0.wp.com\/larevistadigital.com.ar\/blog\/wp-content\/uploads\/WhatsApp-Image-2023-08-28-at-14.55.14.jpeg?fit=900%2C1160&ssl=1&resize=525%2C300 1.5x, https:\/\/i0.wp.com\/larevistadigital.com.ar\/blog\/wp-content\/uploads\/WhatsApp-Image-2023-08-28-at-14.55.14.jpeg?fit=900%2C1160&ssl=1&resize=700%2C400 2x"},"classes":[]},{"id":37456,"url":"https:\/\/larevistadigital.com.ar\/blog\/chascomus-los-bomberos-lograron-evitar-que-un-joven-se-arroje-al-vacio-desde-un-edificio\/","url_meta":{"origin":32783,"position":2},"title":"CHASCOM\u00daS: Los Bomberos lograron evitar que un joven se arroje al vac\u00edo desde un edificio","author":"Alejandro Sosa Ruda","date":"7 octubre, 2024","format":false,"excerpt":"Ocurri\u00f3 por la tarde, apenas pasadas las 17hs. Los Bomberos lograron ayudar al muchacho. 07 de Octubre de 2024 CHASCOM\u00daS -\u00a0\u00a0Afortunadamente el trabajo de contenci\u00f3n de los bomberos voluntarios de Chascom\u00fas rindi\u00f3 sus frutos, y pudieron evitar que un j\u00f3ven tome una dr\u00e1stica decisi\u00f3n que sin dudas le habr\u00eda costado\u2026","rel":"","context":"En \u00abINTERES GENERAL\u00bb","block_context":{"text":"INTERES GENERAL","link":"https:\/\/larevistadigital.com.ar\/blog\/category\/interes-general\/"},"img":{"alt_text":"","src":"https:\/\/i0.wp.com\/larevistadigital.com.ar\/blog\/wp-content\/uploads\/WhatsApp-Image-2024-10-07-at-18.36.37.jpeg?fit=1200%2C719&ssl=1&resize=350%2C200","width":350,"height":200,"srcset":"https:\/\/i0.wp.com\/larevistadigital.com.ar\/blog\/wp-content\/uploads\/WhatsApp-Image-2024-10-07-at-18.36.37.jpeg?fit=1200%2C719&ssl=1&resize=350%2C200 1x, https:\/\/i0.wp.com\/larevistadigital.com.ar\/blog\/wp-content\/uploads\/WhatsApp-Image-2024-10-07-at-18.36.37.jpeg?fit=1200%2C719&ssl=1&resize=525%2C300 1.5x, https:\/\/i0.wp.com\/larevistadigital.com.ar\/blog\/wp-content\/uploads\/WhatsApp-Image-2024-10-07-at-18.36.37.jpeg?fit=1200%2C719&ssl=1&resize=700%2C400 2x, https:\/\/i0.wp.com\/larevistadigital.com.ar\/blog\/wp-content\/uploads\/WhatsApp-Image-2024-10-07-at-18.36.37.jpeg?fit=1200%2C719&ssl=1&resize=1050%2C600 3x"},"classes":[]},{"id":15575,"url":"https:\/\/larevistadigital.com.ar\/blog\/se-quito-la-vida-un-joven-en-chascomus\/","url_meta":{"origin":32783,"position":3},"title":"SE QUIT\u00d3 LA VIDA UN J\u00d3VEN EN CHASCOM\u00daS","author":"Alejandro Sosa Ruda","date":"9 junio, 2020","format":false,"excerpt":"La informaci\u00f3n ses que se tratar\u00eda de un joven de 24 a\u00f1os de edad, que se domiciliar\u00eda en el Barrio F\u00e1tima. El muchacho habr\u00eda tomado la triste decisi\u00f3n en su hogar. Lamentablemente habr\u00eda sido encontrado por su peque\u00f1a hija. La investigaci\u00f3n est\u00e1 a cargo del Fiscal Roberts NOTICIA EN DESARROLLO","rel":"","context":"En \u00abDESTACADAS\u00bb","block_context":{"text":"DESTACADAS","link":"https:\/\/larevistadigital.com.ar\/blog\/category\/destacadas\/"},"img":{"alt_text":"","src":"https:\/\/i0.wp.com\/larevistadigital.com.ar\/blog\/wp-content\/uploads\/2017\/10\/CRESP%C3%93N-NEGRO.jpg?fit=900%2C900&ssl=1&resize=350%2C200","width":350,"height":200,"srcset":"https:\/\/i0.wp.com\/larevistadigital.com.ar\/blog\/wp-content\/uploads\/2017\/10\/CRESP%C3%93N-NEGRO.jpg?fit=900%2C900&ssl=1&resize=350%2C200 1x, https:\/\/i0.wp.com\/larevistadigital.com.ar\/blog\/wp-content\/uploads\/2017\/10\/CRESP%C3%93N-NEGRO.jpg?fit=900%2C900&ssl=1&resize=525%2C300 1.5x, https:\/\/i0.wp.com\/larevistadigital.com.ar\/blog\/wp-content\/uploads\/2017\/10\/CRESP%C3%93N-NEGRO.jpg?fit=900%2C900&ssl=1&resize=700%2C400 2x"},"classes":[]},{"id":13381,"url":"https:\/\/larevistadigital.com.ar\/blog\/un-detenido-por-robo-a-cabanas-en-barrio-parque-de-chascomus\/","url_meta":{"origin":32783,"position":4},"title":"UN DETENIDO POR ROBO A CABA\u00d1AS EN BARRIO PARQUE DE CHASCOM\u00daS","author":"Alejandro Sosa Ruda","date":"29 noviembre, 2019","format":false,"excerpt":"Se inform\u00f3 desde la Estaci\u00f3n de Polic\u00eda Comunal que el martes a la noche fue detenido un joven por dos hechos de robo en caba\u00f1as de la zona de Barrio Parque Chascom\u00fas del pasado 6 de noviembre. La orden de allanamiento y detenci\u00f3n fue dictada por el Juzgado de Garant\u00edas\u2026","rel":"","context":"En \u00abINTERES GENERAL\u00bb","block_context":{"text":"INTERES GENERAL","link":"https:\/\/larevistadigital.com.ar\/blog\/category\/interes-general\/"},"img":{"alt_text":"","src":"https:\/\/i0.wp.com\/larevistadigital.com.ar\/blog\/wp-content\/uploads\/joven_28denoviembrede2019_elfuerte.jpg?fit=737%2C415&ssl=1&resize=350%2C200","width":350,"height":200,"srcset":"https:\/\/i0.wp.com\/larevistadigital.com.ar\/blog\/wp-content\/uploads\/joven_28denoviembrede2019_elfuerte.jpg?fit=737%2C415&ssl=1&resize=350%2C200 1x, https:\/\/i0.wp.com\/larevistadigital.com.ar\/blog\/wp-content\/uploads\/joven_28denoviembrede2019_elfuerte.jpg?fit=737%2C415&ssl=1&resize=525%2C300 1.5x, https:\/\/i0.wp.com\/larevistadigital.com.ar\/blog\/wp-content\/uploads\/joven_28denoviembrede2019_elfuerte.jpg?fit=737%2C415&ssl=1&resize=700%2C400 2x"},"classes":[]},{"id":25445,"url":"https:\/\/larevistadigital.com.ar\/blog\/chascomus-fuerte-operativo-en-calle-julian-quintana-entre-salta-y-san-lorenzo\/","url_meta":{"origin":32783,"position":5},"title":"CHASCOM\u00daS: FUERTE OPERATIVO EN CALLE JULIAN QUINTANA ENTRE SALTA Y SAN LORENZO","author":"Alejandro Sosa Ruda","date":"27 mayo, 2022","format":false,"excerpt":"CHASCOM\u00daS -\u00a0 En la tarde-noche de hoy, se produjo un importante procedimiento en calle Juli\u00e1n Quintana entre San Lorenzo y Salta del barrio Jard\u00edn. Seg\u00fan pudimos averiguar, habr\u00eda una persona detenida por temas de narcotr\u00e1fico, que adem\u00e1s ser\u00eda alguien vinculado a robos y distintos hechos delictivos. Esto, seg\u00fan nos narraron,\u2026","rel":"","context":"En \u00abDESTACADAS\u00bb","block_context":{"text":"DESTACADAS","link":"https:\/\/larevistadigital.com.ar\/blog\/category\/destacadas\/"},"img":{"alt_text":"","src":"https:\/\/i0.wp.com\/larevistadigital.com.ar\/blog\/wp-content\/uploads\/OPERATIVO-JULIAN-QUINTANA-Y-SALTA.jpg?fit=960%2C878&ssl=1&resize=350%2C200","width":350,"height":200,"srcset":"https:\/\/i0.wp.com\/larevistadigital.com.ar\/blog\/wp-content\/uploads\/OPERATIVO-JULIAN-QUINTANA-Y-SALTA.jpg?fit=960%2C878&ssl=1&resize=350%2C200 1x, https:\/\/i0.wp.com\/larevistadigital.com.ar\/blog\/wp-content\/uploads\/OPERATIVO-JULIAN-QUINTANA-Y-SALTA.jpg?fit=960%2C878&ssl=1&resize=525%2C300 1.5x, https:\/\/i0.wp.com\/larevistadigital.com.ar\/blog\/wp-content\/uploads\/OPERATIVO-JULIAN-QUINTANA-Y-SALTA.jpg?fit=960%2C878&ssl=1&resize=700%2C400 2x"},"classes":[]}],"_links":{"self":[{"href":"https:\/\/larevistadigital.com.ar\/blog\/wp-json\/wp\/v2\/posts\/32783","targetHints":{"allow":["GET"]}}],"collection":[{"href":"https:\/\/larevistadigital.com.ar\/blog\/wp-json\/wp\/v2\/posts"}],"about":[{"href":"https:\/\/larevistadigital.com.ar\/blog\/wp-json\/wp\/v2\/types\/post"}],"author":[{"embeddable":true,"href":"https:\/\/larevistadigital.com.ar\/blog\/wp-json\/wp\/v2\/users\/3"}],"replies":[{"embeddable":true,"href":"https:\/\/larevistadigital.com.ar\/blog\/wp-json\/wp\/v2\/comments?post=32783"}],"version-history":[{"count":2,"href":"https:\/\/larevistadigital.com.ar\/blog\/wp-json\/wp\/v2\/posts\/32783\/revisions"}],"predecessor-version":[{"id":32786,"href":"https:\/\/larevistadigital.com.ar\/blog\/wp-json\/wp\/v2\/posts\/32783\/revisions\/32786"}],"wp:featuredmedia":[{"embeddable":true,"href":"https:\/\/larevistadigital.com.ar\/blog\/wp-json\/wp\/v2\/media\/32784"}],"wp:attachment":[{"href":"https:\/\/larevistadigital.com.ar\/blog\/wp-json\/wp\/v2\/media?parent=32783"}],"wp:term":[{"taxonomy":"category","embeddable":true,"href":"https:\/\/larevistadigital.com.ar\/blog\/wp-json\/wp\/v2\/categories?post=32783"},{"taxonomy":"post_tag","embeddable":true,"href":"https:\/\/larevistadigital.com.ar\/blog\/wp-json\/wp\/v2\/tags?post=32783"}],"curies":[{"name":"wp","href":"https:\/\/api.w.org\/{rel}","templated":true}]}}