{"id":32794,"date":"2023-08-08T15:26:19","date_gmt":"2023-08-08T15:26:19","guid":{"rendered":"https:\/\/larevistadigital.com.ar\/blog\/?p=32794"},"modified":"2023-08-08T15:26:19","modified_gmt":"2023-08-08T15:26:19","slug":"la-corte-suprema-de-justicia-bonaerense-ratifico-un-fallo-a-favor-de-cicop","status":"publish","type":"post","link":"https:\/\/larevistadigital.com.ar\/blog\/la-corte-suprema-de-justicia-bonaerense-ratifico-un-fallo-a-favor-de-cicop\/","title":{"rendered":"LA CORTE SUPREMA DE JUSTICIA BONAERENSE RATIFIC\u00d3 UN FALLO A FAVOR DE CICOP"},"content":{"rendered":"<h2><em>La Corte Suprema de Justicia bonaerense fall\u00f3 contra el intendente Yeza de Pinamar y a favor del gremio de los profesionales de la salud p\u00fablica CICOP, y el Municipio deber\u00e1 permitir cobrar la cuota sindical.<\/em><\/h2>\n<p>8 de agosto de 2023<\/p>\n<p>La Asociaci\u00f3n Sindical de Profesionales de la Salud de la Provincia de Buenos Aires (CICOP) recibi\u00f3 un fallo judicial favorable de \u00faltima instancia, por parte de la Corte Suprema de Justicia bonaerense, en este caso contra el municipio de Pinamar, y le orden\u00f3 al intendente de Juntos por el Cambio, Mart\u00edn Yeza, que detenga su pol\u00edtica antisindical que negaba a retener la cuota sindical de las y los afiliados al gremio.<\/p>\n<blockquote>\n<h3>En marzo, los jueces del Tribunal del Trabajo Nro. 1 de Dolores, por unanimidad, hab\u00edan dispuesto al intendente Mart\u00edn Yeza <em>\u201cque respete la Ley de Asociaciones Profesionales y retenga la cuota sindical de las y los afiliados a la seccional Pinamar del sindicato, tal como \u00e9ste lo ven\u00eda reclamando desde hace dos a\u00f1os\u201d.<\/em><\/h3>\n<\/blockquote>\n<p>Contra dicha decisi\u00f3n, el Municipio interpuso un recurso extraordinario de nulidad ante la Suprema Corte de Justicia bonaerense y el m\u00e1ximo tribunal judicial notific\u00f3 hoy que resolvi\u00f3 rechazar el pedido de impugnaci\u00f3n presentado por las autoridades comunales.<\/p>\n<blockquote>\n<h3>La resoluci\u00f3n judicial ratificada se\u00f1alaba adem\u00e1s que la Municipalidad de Pinamar hab\u00eda actuado <em>\u00aben violaci\u00f3n a sus deberes de lealtad sindical al desconocer las leg\u00edtimas peticiones que le formulara el sindicato, indicando que a partir del presente deber\u00e1 retener del salario de cada afiliada y afiliado la cuota de aporte correspondiente a la entidad gremial\u00bb.<\/em><\/h3>\n<\/blockquote>\n<p><strong><em>\u00abEste importante triunfo judicial de CICOP sienta un precedente y limita el accionar de distintos espacios pol\u00edticos que han tenido manifestaciones abiertamente antisindicales, al mismo tiempo que ratifica el derecho que tenemos los trabajadores de la salud de\u00a0 organizarnos sindicalmente para luchar por nuestros salarios y condiciones laborales\u00bb<\/em><\/strong>, expres\u00f3 al respecto el presidente de CICOP, <strong>Pablo Maciel<\/strong>.<\/p>\n","protected":false},"excerpt":{"rendered":"<div class=\"mh-excerpt\"><p>La Corte Suprema de Justicia bonaerense fall\u00f3 contra el intendente Yeza de Pinamar y a favor del gremio de los profesionales de la salud p\u00fablica CICOP, y el Municipio deber\u00e1 permitir cobrar la cuota sindical. <a class=\"mh-excerpt-more\" href=\"https:\/\/larevistadigital.com.ar\/blog\/la-corte-suprema-de-justicia-bonaerense-ratifico-un-fallo-a-favor-de-cicop\/\" title=\"LA CORTE SUPREMA DE JUSTICIA BONAERENSE RATIFIC\u00d3 UN FALLO A FAVOR DE CICOP\">[Leer M\u00e1s]<\/a><\/p>\n<\/div>","protected":false},"author":3,"featured_media":32795,"comment_status":"open","ping_status":"open","sticky":false,"template":"","format":"standard","meta":{"_jetpack_memberships_contains_paid_content":false,"footnotes":"","jetpack_publicize_message":"","jetpack_publicize_feature_enabled":true,"jetpack_social_post_already_shared":true,"jetpack_social_options":{"image_generator_settings":{"template":"highway","default_image_id":0,"font":"","enabled":false},"version":2}},"categories":[1],"tags":[],"class_list":{"0":"post-32794","1":"post","2":"type-post","3":"status-publish","4":"format-standard","5":"has-post-thumbnail","7":"category-sin-categoria"},"jetpack_publicize_connections":[],"jetpack_featured_media_url":"https:\/\/i0.wp.com\/larevistadigital.com.ar\/blog\/wp-content\/uploads\/mail-6.jpg?fit=791%2C572&ssl=1","jetpack_sharing_enabled":true,"jetpack_shortlink":"https:\/\/wp.me\/p8qtrQ-8wW","jetpack-related-posts":[{"id":19966,"url":"https:\/\/larevistadigital.com.ar\/blog\/cicop-los-trabajadores-de-la-salud-acamparon-frente-a-la-municipalidad-de-pinamar\/","url_meta":{"origin":32794,"position":0},"title":"CICOP: LOS TRABAJADORES DE LA SALUD ACAMPARON FRENTE A LA MUNICIPALIDAD DE PINAMAR","author":"Alejandro Sosa Ruda","date":"30 abril, 2021","format":false,"excerpt":"Fue para rechazar la oferta salarial del ejecutivo local. Desde CICOP Seccional Pinamar advirtieron que\u00a0\u201cestamos dando la pelea en el peor momento de la pandemia y el intendente Yeza se nos r\u00ede en la cara con una magra propuesta de aumento de apenas 17,5% para el primer trimestre del 2021\u201d.\u2026","rel":"","context":"En \u00abGREMIALES\u00bb","block_context":{"text":"GREMIALES","link":"https:\/\/larevistadigital.com.ar\/blog\/category\/gremiales\/"},"img":{"alt_text":"","src":"https:\/\/i0.wp.com\/larevistadigital.com.ar\/blog\/wp-content\/uploads\/CICOP.png?fit=1200%2C797&ssl=1&resize=350%2C200","width":350,"height":200,"srcset":"https:\/\/i0.wp.com\/larevistadigital.com.ar\/blog\/wp-content\/uploads\/CICOP.png?fit=1200%2C797&ssl=1&resize=350%2C200 1x, https:\/\/i0.wp.com\/larevistadigital.com.ar\/blog\/wp-content\/uploads\/CICOP.png?fit=1200%2C797&ssl=1&resize=525%2C300 1.5x, https:\/\/i0.wp.com\/larevistadigital.com.ar\/blog\/wp-content\/uploads\/CICOP.png?fit=1200%2C797&ssl=1&resize=700%2C400 2x, https:\/\/i0.wp.com\/larevistadigital.com.ar\/blog\/wp-content\/uploads\/CICOP.png?fit=1200%2C797&ssl=1&resize=1050%2C600 3x"},"classes":[]},{"id":29446,"url":"https:\/\/larevistadigital.com.ar\/blog\/mar-del-plata-la-justicia-condeno-al-municipio\/","url_meta":{"origin":32794,"position":1},"title":"MAR DEL PLATA: LA JUSTICIA CONDEN\u00d3 AL MUNICIPIO","author":"Alejandro Sosa Ruda","date":"13 diciembre, 2022","format":false,"excerpt":"Es por pr\u00e1cticas antisindicales contra los trabajadores de la salud de CICOP. 13 de diciembre de 2022 MAR DEL PLATA -\u00a0 La Asociaci\u00f3n Sindical de Profesionales de la Salud de la Provincia de Buenos Aires (CICOP) celebr\u00f3 hoy el fallo del Tribunal del Trabajo Nro. 2 de Mar del Plata\u2026","rel":"","context":"En \u00abGREMIALES\u00bb","block_context":{"text":"GREMIALES","link":"https:\/\/larevistadigital.com.ar\/blog\/category\/gremiales\/"},"img":{"alt_text":"","src":"https:\/\/i0.wp.com\/larevistadigital.com.ar\/blog\/wp-content\/uploads\/cicop-e1664475102144.jpg?fit=1199%2C677&ssl=1&resize=350%2C200","width":350,"height":200,"srcset":"https:\/\/i0.wp.com\/larevistadigital.com.ar\/blog\/wp-content\/uploads\/cicop-e1664475102144.jpg?fit=1199%2C677&ssl=1&resize=350%2C200 1x, https:\/\/i0.wp.com\/larevistadigital.com.ar\/blog\/wp-content\/uploads\/cicop-e1664475102144.jpg?fit=1199%2C677&ssl=1&resize=525%2C300 1.5x, https:\/\/i0.wp.com\/larevistadigital.com.ar\/blog\/wp-content\/uploads\/cicop-e1664475102144.jpg?fit=1199%2C677&ssl=1&resize=700%2C400 2x, https:\/\/i0.wp.com\/larevistadigital.com.ar\/blog\/wp-content\/uploads\/cicop-e1664475102144.jpg?fit=1199%2C677&ssl=1&resize=1050%2C600 3x"},"classes":[]},{"id":35304,"url":"https:\/\/larevistadigital.com.ar\/blog\/tandil-segun-los-profesionales-de-cicop-la-salud-publica-esta-al-borde-del-colapso\/","url_meta":{"origin":32794,"position":2},"title":"TANDIL: SEG\u00daN LOS PROFESIONALES DE CICOP, LA SALUD P\u00daBLICA EST\u00c1 AL BORDE DEL COLAPSO","author":"Alejandro Sosa Ruda","date":"22 febrero, 2024","format":false,"excerpt":"La reciente renuncia de los tres \u00fanicos onc\u00f3logos del Hospital Santamarina de Tandil puso al descubierto los bajos salarios, la precarizaci\u00f3n laboral y el destrato que padecen los profesionales de la salud del distrito. El gremio que nuclea a los profesionales de la salud p\u00fablica (CICOP) manifest\u00f3 su preocupaci\u00f3n por\u2026","rel":"","context":"En \u00abREGIONALES\u00bb","block_context":{"text":"REGIONALES","link":"https:\/\/larevistadigital.com.ar\/blog\/category\/regionales\/"},"img":{"alt_text":"","src":"https:\/\/i0.wp.com\/larevistadigital.com.ar\/blog\/wp-content\/uploads\/hospital-santamarina-tandil.jpg?fit=700%2C392&ssl=1&resize=350%2C200","width":350,"height":200,"srcset":"https:\/\/i0.wp.com\/larevistadigital.com.ar\/blog\/wp-content\/uploads\/hospital-santamarina-tandil.jpg?fit=700%2C392&ssl=1&resize=350%2C200 1x, https:\/\/i0.wp.com\/larevistadigital.com.ar\/blog\/wp-content\/uploads\/hospital-santamarina-tandil.jpg?fit=700%2C392&ssl=1&resize=525%2C300 1.5x, https:\/\/i0.wp.com\/larevistadigital.com.ar\/blog\/wp-content\/uploads\/hospital-santamarina-tandil.jpg?fit=700%2C392&ssl=1&resize=700%2C400 2x"},"classes":[]},{"id":41342,"url":"https:\/\/larevistadigital.com.ar\/blog\/amparo-de-cicop-la-justicia-freno-el-examen-de-idoneidad-impulsado-por-sturzenegger-en-el-hospital-posadas\/","url_meta":{"origin":32794,"position":3},"title":"Amparo de CICOP: La Justicia fren\u00f3 el examen de idoneidad impulsado por Sturzenegger en el Hospital Posadas","author":"Alejandro Sosa Ruda","date":"8 septiembre, 2025","format":false,"excerpt":"La jueza federal Martina Forns suspendi\u00f3 por seis meses la aplicaci\u00f3n del Sistema de Evaluaci\u00f3n P\u00fablica (SEP) en el Hospital Nacional Profesor Alejandro Posadas, una medida impulsada por el ministro de Desregulaci\u00f3n y Transformaci\u00f3n del Estado, Federico Sturzenegger. 08 de septiembre de 2025 BUENOS AIRES -\u00a0 La resoluci\u00f3n judicial respondi\u00f3\u2026","rel":"","context":"En \u00abINTERES GENERAL\u00bb","block_context":{"text":"INTERES GENERAL","link":"https:\/\/larevistadigital.com.ar\/blog\/category\/interes-general\/"},"img":{"alt_text":"","src":"https:\/\/i0.wp.com\/larevistadigital.com.ar\/blog\/wp-content\/uploads\/20250908152420_justicia-suspendio-examen-idoneidad-estatales.jpg?fit=880%2C512&ssl=1&resize=350%2C200","width":350,"height":200,"srcset":"https:\/\/i0.wp.com\/larevistadigital.com.ar\/blog\/wp-content\/uploads\/20250908152420_justicia-suspendio-examen-idoneidad-estatales.jpg?fit=880%2C512&ssl=1&resize=350%2C200 1x, https:\/\/i0.wp.com\/larevistadigital.com.ar\/blog\/wp-content\/uploads\/20250908152420_justicia-suspendio-examen-idoneidad-estatales.jpg?fit=880%2C512&ssl=1&resize=525%2C300 1.5x, https:\/\/i0.wp.com\/larevistadigital.com.ar\/blog\/wp-content\/uploads\/20250908152420_justicia-suspendio-examen-idoneidad-estatales.jpg?fit=880%2C512&ssl=1&resize=700%2C400 2x"},"classes":[]},{"id":34861,"url":"https:\/\/larevistadigital.com.ar\/blog\/mar-del-plata-el-municipio-fue-ordenado-judicialmente-a-conceder-la-licencia-gremial-a-un-dirigente-de-la-cicop\/","url_meta":{"origin":32794,"position":4},"title":"MAR DEL PLATA: EL MUNICIPIO FUE ORDENADO JUDICIALMENTE A CONCEDER LA LICENCIA GREMIAL A UN DIRIGENTE DE LA CICOP","author":"Alejandro Sosa Ruda","date":"18 diciembre, 2023","format":false,"excerpt":"\u201cSe trata de un importante triunfo judicial del gremio de los profesionales de la salud p\u00fablica, que ha vencido una arbitrariedad patronal m\u00e1s y lidera el reclamo de respeto y garant\u00eda de la libertad sindical\u201d, sostuvieron desde CICOP. 18 de diciembre de 2023 MAR DEL PLATA -\u00a0 \u00a0El Tribunal del\u2026","rel":"","context":"En \u00abREGIONALES\u00bb","block_context":{"text":"REGIONALES","link":"https:\/\/larevistadigital.com.ar\/blog\/category\/regionales\/"},"img":{"alt_text":"","src":"https:\/\/i0.wp.com\/larevistadigital.com.ar\/blog\/wp-content\/uploads\/mail-8.jpg?fit=1200%2C705&ssl=1&resize=350%2C200","width":350,"height":200,"srcset":"https:\/\/i0.wp.com\/larevistadigital.com.ar\/blog\/wp-content\/uploads\/mail-8.jpg?fit=1200%2C705&ssl=1&resize=350%2C200 1x, https:\/\/i0.wp.com\/larevistadigital.com.ar\/blog\/wp-content\/uploads\/mail-8.jpg?fit=1200%2C705&ssl=1&resize=525%2C300 1.5x, https:\/\/i0.wp.com\/larevistadigital.com.ar\/blog\/wp-content\/uploads\/mail-8.jpg?fit=1200%2C705&ssl=1&resize=700%2C400 2x, https:\/\/i0.wp.com\/larevistadigital.com.ar\/blog\/wp-content\/uploads\/mail-8.jpg?fit=1200%2C705&ssl=1&resize=1050%2C600 3x"},"classes":[]},{"id":29148,"url":"https:\/\/larevistadigital.com.ar\/blog\/cicop-para-los-dias-1-y-7-de-diciembre\/","url_meta":{"origin":32794,"position":5},"title":"CICOP PARA A LOS PROFESIONALES DE LA SALUD, LOS D\u00cdAS 1\u00b0 Y 7 DE DICIEMBRE","author":"Alejandro Sosa Ruda","date":"29 noviembre, 2022","format":false,"excerpt":"El gremio de profesionales de la salud p\u00fablica bonaerense comienza diciembre con dos paros \"por recomposici\u00f3n salarial en salud, aprobaci\u00f3n del proyecto de pase de Ley 10.430 a 10.471, por pase a planta de todos los becarios y becarias, contra el Impuesto a las Ganancias, por la extensi\u00f3n del Desgaste\u2026","rel":"","context":"En \u00abGREMIALES\u00bb","block_context":{"text":"GREMIALES","link":"https:\/\/larevistadigital.com.ar\/blog\/category\/gremiales\/"},"img":{"alt_text":"","src":"https:\/\/i0.wp.com\/larevistadigital.com.ar\/blog\/wp-content\/uploads\/mail-1.png?fit=1200%2C1199&ssl=1&resize=350%2C200","width":350,"height":200,"srcset":"https:\/\/i0.wp.com\/larevistadigital.com.ar\/blog\/wp-content\/uploads\/mail-1.png?fit=1200%2C1199&ssl=1&resize=350%2C200 1x, https:\/\/i0.wp.com\/larevistadigital.com.ar\/blog\/wp-content\/uploads\/mail-1.png?fit=1200%2C1199&ssl=1&resize=525%2C300 1.5x, https:\/\/i0.wp.com\/larevistadigital.com.ar\/blog\/wp-content\/uploads\/mail-1.png?fit=1200%2C1199&ssl=1&resize=700%2C400 2x, https:\/\/i0.wp.com\/larevistadigital.com.ar\/blog\/wp-content\/uploads\/mail-1.png?fit=1200%2C1199&ssl=1&resize=1050%2C600 3x"},"classes":[]}],"_links":{"self":[{"href":"https:\/\/larevistadigital.com.ar\/blog\/wp-json\/wp\/v2\/posts\/32794","targetHints":{"allow":["GET"]}}],"collection":[{"href":"https:\/\/larevistadigital.com.ar\/blog\/wp-json\/wp\/v2\/posts"}],"about":[{"href":"https:\/\/larevistadigital.com.ar\/blog\/wp-json\/wp\/v2\/types\/post"}],"author":[{"embeddable":true,"href":"https:\/\/larevistadigital.com.ar\/blog\/wp-json\/wp\/v2\/users\/3"}],"replies":[{"embeddable":true,"href":"https:\/\/larevistadigital.com.ar\/blog\/wp-json\/wp\/v2\/comments?post=32794"}],"version-history":[{"count":1,"href":"https:\/\/larevistadigital.com.ar\/blog\/wp-json\/wp\/v2\/posts\/32794\/revisions"}],"predecessor-version":[{"id":32796,"href":"https:\/\/larevistadigital.com.ar\/blog\/wp-json\/wp\/v2\/posts\/32794\/revisions\/32796"}],"wp:featuredmedia":[{"embeddable":true,"href":"https:\/\/larevistadigital.com.ar\/blog\/wp-json\/wp\/v2\/media\/32795"}],"wp:attachment":[{"href":"https:\/\/larevistadigital.com.ar\/blog\/wp-json\/wp\/v2\/media?parent=32794"}],"wp:term":[{"taxonomy":"category","embeddable":true,"href":"https:\/\/larevistadigital.com.ar\/blog\/wp-json\/wp\/v2\/categories?post=32794"},{"taxonomy":"post_tag","embeddable":true,"href":"https:\/\/larevistadigital.com.ar\/blog\/wp-json\/wp\/v2\/tags?post=32794"}],"curies":[{"name":"wp","href":"https:\/\/api.w.org\/{rel}","templated":true}]}}