{"id":32797,"date":"2023-08-08T15:34:11","date_gmt":"2023-08-08T15:34:11","guid":{"rendered":"https:\/\/larevistadigital.com.ar\/blog\/?p=32797"},"modified":"2023-08-08T15:34:11","modified_gmt":"2023-08-08T15:34:11","slug":"cafiero-remarco-la-importancia-de-la-capacitacion-obligatoria-en-la-cuestion-malvinas-para-el-sector-publico","status":"publish","type":"post","link":"https:\/\/larevistadigital.com.ar\/blog\/cafiero-remarco-la-importancia-de-la-capacitacion-obligatoria-en-la-cuestion-malvinas-para-el-sector-publico\/","title":{"rendered":"CAFIERO REMARC\u00d3 LA IMPORTANCIA DE LA CAPACITACI\u00d3N OBLIGATORIA EN LA CUESTI\u00d3N MALVINAS PARA EL SECTOR P\u00daBLICO"},"content":{"rendered":"<p>El canciller\u00a0<strong>Santiago Cafiero\u00a0<\/strong>particip\u00f3 hoy en el Palacio San Mart\u00edn de la jornada de intercambio de la Secretar\u00eda de Malvinas, Ant\u00e1rtida y Atl\u00e1ntico Sur, que depende de la Canciller\u00eda argentina, con\u00a0<strong>organizaciones cient\u00edficas, acad\u00e9micas y de la sociedad civil especializadas en tem\u00e1ticas de soberan\u00eda<\/strong>, quienes dialogaron sobre los\u00a0<strong>alcances y expectativas acerca de la Ley 27.671 de capacitaci\u00f3n obligatoria, peri\u00f3dica y permanente en la &#8216;Cuesti\u00f3n de las Islas Malvinas&#8217; para todas las personas que se desempe\u00f1en en los tres poderes del Estado.<\/strong><\/p>\n<p>Durante el encuentro,\u00a0<strong>Guillermo Carmona<\/strong>, titular de la Secretar\u00eda de Malvinas, Ant\u00e1rtida y Atl\u00e1ntico Sur, -autoridad de aplicaci\u00f3n de la ley-, ofreci\u00f3 informaci\u00f3n detallada sobre los\u00a0<strong>avances en el proceso de implementaci\u00f3n y la confecci\u00f3n de los lineamientos generales<\/strong>\u00a0destinados a elaborar los contenidos de la capacitaci\u00f3n.<\/p>\n<p>Durante el encuentro,\u00a0<strong>Cafiero\u00a0<\/strong>destac\u00f3 que\u00a0<strong>\u201cla discusi\u00f3n de la soberan\u00eda debe tener lugar permanentemente en todo el entramado social de la Argentina\u201d,\u00a0<\/strong>por lo que<strong>\u00a0\u201ccuando hablamos de la Cuesti\u00f3n Malvinas estamos hablando de la necesidad de discutir la soberan\u00eda plena de nuestro territorio, pero tambi\u00e9n y por sobre todas las cosas, la defensa del inter\u00e9s nacional<\/strong>\u201d.<\/p>\n<p>\u201c<strong>La Cuesti\u00f3n Malvinas es uno de los pilares de pol\u00edtica exterior de la Argentina<\/strong>\u201d, asever\u00f3, y luego subray\u00f3: \u201c<strong>No podemos permitir que se banalice el tema, pero tampoco podemos permitir que se naturalice un discurso mon\u00f3tono que no termine de prender en la sociedad, donde no sea parte de una discusi\u00f3n o tema de conversaci\u00f3n<\/strong>\u201d.<\/p>\n<p>Sobre la mencionada ley que impulsa la capacitaci\u00f3n en el tema, el titular del Palacio San Mart\u00edn afirm\u00f3: \u201cHay que<strong>\u00a0escuchar todas las voces, todos tienen algo para aportar, todos tenemos cosas para corregir. Y desde ah\u00ed, de modo participativo, con distintas universidades, centros de investigaci\u00f3n y de desarrollo que sostienen la causa Malvinas, all\u00ed en lo m\u00e1s profundo del debate acad\u00e9mico, ver c\u00f3mo lo expandimos como tema de conversaci\u00f3n social a toda la Argentina<\/strong>\u201d.<\/p>\n<p>\u201cSepan que cuentan con nosotros para\u00a0<strong>el despliegue de todas las herramientas que sean necesarias<\/strong>\u00a0y queremos contar con el inicio de las capacitaciones este a\u00f1o con un gran desarrollo y despliegue, pero sobre todo con la comprensi\u00f3n de que estamos todos incluidos, de que nadie qued\u00f3 afuera\u201d.<strong>\u00a0<\/strong>Y agreg\u00f3: \u201c<strong>La defensa de la soberan\u00eda, de los intereses nacionales, no le corresponde ni a un gobierno ni a un funcionario, sino a todos los argentinos y argentinas<\/strong>\u201d.<\/p>\n<p>Luego de su aprobaci\u00f3n en ambas c\u00e1maras el 6 de julio de 2022, la Ley 27.671 contempl\u00f3 una hoja de ruta con diferentes instancias que desembocar\u00e1 el d\u00eda 30 de agosto en el anuncio oficial para dar comienzo a la implementaci\u00f3n a trav\u00e9s de un curso elaborado en conjunto con el\u00a0<strong>Instituto Nacional de la Administraci\u00f3n P\u00fablica (INAP)<\/strong>.<\/p>\n<p>Seg\u00fan lo estipulado en la normativa, dicha capacitaci\u00f3n deber\u00e1 \u201ccontemplar, como m\u00ednimo, informaci\u00f3n referida a los argumentos hist\u00f3ricos, geogr\u00e1ficos, ambientales, jur\u00eddicos y pol\u00edticos que esgrime la Naci\u00f3n Argentina, en relaci\u00f3n con la Cuesti\u00f3n de las Islas Malvinas, as\u00ed como tambi\u00e9n deber\u00e1n contemplar informaci\u00f3n relativa a la normativa nacional e internacional vigente\u201d.<\/p>\n<p>El secretario Carmona por su parte repas\u00f3 el proceso de conformaci\u00f3n de los lineamientos de la Ley N\u00b0 27.671 desde su aprobaci\u00f3n en julio de 2022 hasta la actualidad, cuando tuvo lugar este encuentro con funcionarios y acad\u00e9micos en el Palacio San Mart\u00edn. En este sentido, Carmona resalt\u00f3 la importancia de contar con pluralidad de voces y aportes al momento de la implementaci\u00f3n de la capacitaci\u00f3n:\u00a0<strong>\u201cEs esencial que haya un involucramiento del Consejo Malvinas e instituciones acad\u00e9micas relacionadas a la tem\u00e1tica\u201d.<\/strong><\/p>\n<p>Asimismo, el titular de la Secretar\u00eda de Malvinas, Ant\u00e1rtida y Atl\u00e1ntico Sur se\u00f1al\u00f3 que el objetivo es mantener la permanencia en el tiempo de la capacitaci\u00f3n para funcionarios p\u00fablicos de los tres poderes del Estado, destacando la importancia de la federalizaci\u00f3n de los contenidos a partir de la participaci\u00f3n de los gobiernos de las provincias de todo el pa\u00eds.<\/p>\n<p>La implementaci\u00f3n de la ley forma parte de la pol\u00edtica de Estado llevada a cabo por el gobierno nacional en cumplimiento de la disposici\u00f3n transitoria primera de la Constituci\u00f3n. La propuesta de lineamientos para la Ley de Capacitaci\u00f3n se lleva a cabo tambi\u00e9n para trabajar en relaci\u00f3n a la Cuesti\u00f3n Malvinas de manera transversal desde todos los poderes del Estado.<\/p>\n","protected":false},"excerpt":{"rendered":"<div class=\"mh-excerpt\"><p>El canciller\u00a0Santiago Cafiero\u00a0particip\u00f3 hoy en el Palacio San Mart\u00edn de la jornada de intercambio de la Secretar\u00eda de Malvinas, Ant\u00e1rtida y Atl\u00e1ntico Sur, que depende de la Canciller\u00eda argentina, con\u00a0organizaciones cient\u00edficas, acad\u00e9micas y de la <a class=\"mh-excerpt-more\" href=\"https:\/\/larevistadigital.com.ar\/blog\/cafiero-remarco-la-importancia-de-la-capacitacion-obligatoria-en-la-cuestion-malvinas-para-el-sector-publico\/\" title=\"CAFIERO REMARC\u00d3 LA IMPORTANCIA DE LA CAPACITACI\u00d3N OBLIGATORIA EN LA CUESTI\u00d3N MALVINAS PARA EL SECTOR P\u00daBLICO\">[Leer M\u00e1s]<\/a><\/p>\n<\/div>","protected":false},"author":3,"featured_media":32798,"comment_status":"open","ping_status":"open","sticky":false,"template":"","format":"standard","meta":{"_jetpack_memberships_contains_paid_content":false,"footnotes":"","jetpack_publicize_message":"","jetpack_publicize_feature_enabled":true,"jetpack_social_post_already_shared":true,"jetpack_social_options":{"image_generator_settings":{"template":"highway","default_image_id":0,"font":"","enabled":false},"version":2}},"categories":[50,12],"tags":[],"class_list":{"0":"post-32797","1":"post","2":"type-post","3":"status-publish","4":"format-standard","5":"has-post-thumbnail","7":"category-interes-general","8":"category-politica"},"jetpack_publicize_connections":[],"jetpack_featured_media_url":"https:\/\/i0.wp.com\/larevistadigital.com.ar\/blog\/wp-content\/uploads\/whatsapp_image_2023-08-07_at_17.54.54.jpeg?fit=1600%2C1066&ssl=1","jetpack_sharing_enabled":true,"jetpack_shortlink":"https:\/\/wp.me\/p8qtrQ-8wZ","jetpack-related-posts":[{"id":32681,"url":"https:\/\/larevistadigital.com.ar\/blog\/cafiero-cuando-hablamos-de-malvinas-estamos-reivindicando-los-intereses-argentinos-en-el-mar\/","url_meta":{"origin":32797,"position":0},"title":"CAFIERO: \u201cCUANDO HABLAMOS DE MALVINAS ESTAMOS REIVINDICANDO LOS INTERESES ARGENTINOS EN EL MAR\u201d","author":"Alejandro Sosa Ruda","date":"31 julio, 2023","format":false,"excerpt":"El canciller\u00a0Santiago Cafiero\u00a0encabez\u00f3 hoy en el puerto de la ciudad de La Plata la apertura de la jornada especial \u201cLa Importancia Estrat\u00e9gica de los Recursos Marinos\u201d en el marco del\u00a0Mes de los Intereses Argentinos en el Mar. 31 de julio de 2023 En 2003, el Congreso Nacional sancion\u00f3 la Ley\u2026","rel":"","context":"En \u00abINTERES GENERAL\u00bb","block_context":{"text":"INTERES GENERAL","link":"https:\/\/larevistadigital.com.ar\/blog\/category\/interes-general\/"},"img":{"alt_text":"","src":"https:\/\/i0.wp.com\/larevistadigital.com.ar\/blog\/wp-content\/uploads\/puero_de_la_plata.jpg?fit=1200%2C800&ssl=1&resize=350%2C200","width":350,"height":200,"srcset":"https:\/\/i0.wp.com\/larevistadigital.com.ar\/blog\/wp-content\/uploads\/puero_de_la_plata.jpg?fit=1200%2C800&ssl=1&resize=350%2C200 1x, https:\/\/i0.wp.com\/larevistadigital.com.ar\/blog\/wp-content\/uploads\/puero_de_la_plata.jpg?fit=1200%2C800&ssl=1&resize=525%2C300 1.5x, https:\/\/i0.wp.com\/larevistadigital.com.ar\/blog\/wp-content\/uploads\/puero_de_la_plata.jpg?fit=1200%2C800&ssl=1&resize=700%2C400 2x, https:\/\/i0.wp.com\/larevistadigital.com.ar\/blog\/wp-content\/uploads\/puero_de_la_plata.jpg?fit=1200%2C800&ssl=1&resize=1050%2C600 3x"},"classes":[]},{"id":35288,"url":"https:\/\/larevistadigital.com.ar\/blog\/el-gobernador-kicillof-repudio-la-presencia-de-david-cameron-en-las-malvinas\/","url_meta":{"origin":32797,"position":1},"title":"EL GOBERNADOR KICILLOF REPUDI\u00d3 LA PRESENCIA DE DAVID C\u00c1MERON EN LAS MALVINAS","author":"Alejandro Sosa Ruda","date":"21 febrero, 2024","format":false,"excerpt":"Mediate un comunicado, el gobernador bonaerense, Axel Kicillof, repudi\u00f3 la \u201cprovocadora\u201d presencia del canciller brit\u00e1nico David Cameron en las Islas Malvinas, al tiempo que hizo suyas las palabras del gobernador de la provincia de Tierra del Fuego, Ant\u00e1rtida e Islas del Atl\u00e1ntico Sur, Gustavo Melella, denunciando \u201cel intento de menoscabo\u2026","rel":"","context":"En \u00abINTERES GENERAL\u00bb","block_context":{"text":"INTERES GENERAL","link":"https:\/\/larevistadigital.com.ar\/blog\/category\/interes-general\/"},"img":{"alt_text":"","src":"https:\/\/i0.wp.com\/larevistadigital.com.ar\/blog\/wp-content\/uploads\/20240220132730_kicillof-cameron-islas-malvinas.jpg?fit=880%2C512&ssl=1&resize=350%2C200","width":350,"height":200,"srcset":"https:\/\/i0.wp.com\/larevistadigital.com.ar\/blog\/wp-content\/uploads\/20240220132730_kicillof-cameron-islas-malvinas.jpg?fit=880%2C512&ssl=1&resize=350%2C200 1x, https:\/\/i0.wp.com\/larevistadigital.com.ar\/blog\/wp-content\/uploads\/20240220132730_kicillof-cameron-islas-malvinas.jpg?fit=880%2C512&ssl=1&resize=525%2C300 1.5x, https:\/\/i0.wp.com\/larevistadigital.com.ar\/blog\/wp-content\/uploads\/20240220132730_kicillof-cameron-islas-malvinas.jpg?fit=880%2C512&ssl=1&resize=700%2C400 2x"},"classes":[]},{"id":30201,"url":"https:\/\/larevistadigital.com.ar\/blog\/alerta-un-tempano-gigante-se-desprendio-del-continente-antartico-y-se-dirige-hacia-las-islas-malvinas\/","url_meta":{"origin":32797,"position":2},"title":"ALERTA: UN T\u00c9MPANO GIGANTE SE DESPRENDI\u00d3 DEL CONTINENTE ANT\u00c1RTICO Y SE DIRIGE HACIA LAS ISLAS MALVINAS","author":"Alejandro Sosa Ruda","date":"22 febrero, 2023","format":false,"excerpt":"El gigantesco t\u00e9mpano, visto cronol\u00f3gicamente desde el espacio con el sat\u00e9lite argentino SAOCOM, se desprendi\u00f3 en mayo de 2021 de la barrera de hielo Ronne y recorri\u00f3 unos 2000 km hacia el norte. Actualmente se ubica a 920 kil\u00f3metros de las Islas Malvinas. Tiene unos 3100 km2, o sea 15\u2026","rel":"","context":"En \u00abINTERES GENERAL\u00bb","block_context":{"text":"INTERES GENERAL","link":"https:\/\/larevistadigital.com.ar\/blog\/category\/interes-general\/"},"img":{"alt_text":"","src":"https:\/\/i0.wp.com\/larevistadigital.com.ar\/blog\/wp-content\/uploads\/20230221094250_tempano-gigante-en-la-antartida.jpg?fit=880%2C512&ssl=1&resize=350%2C200","width":350,"height":200,"srcset":"https:\/\/i0.wp.com\/larevistadigital.com.ar\/blog\/wp-content\/uploads\/20230221094250_tempano-gigante-en-la-antartida.jpg?fit=880%2C512&ssl=1&resize=350%2C200 1x, https:\/\/i0.wp.com\/larevistadigital.com.ar\/blog\/wp-content\/uploads\/20230221094250_tempano-gigante-en-la-antartida.jpg?fit=880%2C512&ssl=1&resize=525%2C300 1.5x, https:\/\/i0.wp.com\/larevistadigital.com.ar\/blog\/wp-content\/uploads\/20230221094250_tempano-gigante-en-la-antartida.jpg?fit=880%2C512&ssl=1&resize=700%2C400 2x"},"classes":[]},{"id":25639,"url":"https:\/\/larevistadigital.com.ar\/blog\/tandil-tendra-un-concierto-de-canciones-de-rock-nacional-inspiradas-en-malvinas\/","url_meta":{"origin":32797,"position":3},"title":"TANDIL TENDR\u00c1 UN CONCIERTO DE CANCIONES DE ROCK NACIONAL INSPIRADAS EN MALVINAS","author":"Alejandro Sosa Ruda","date":"6 junio, 2022","format":false,"excerpt":"Daniela Herrero interpretar\u00e1 canciones nacionales relacionadas con Malvinas. El concierto ser\u00e1 el 10 y contar\u00e1 con artistas invitados como Ignacio Osa y Roc\u00edo Sosa. El acceso ser\u00e1 libre y gratuito. TANDIL -\u00a0 En el marco del 40\u00b0 Aniversario de la Guerra de Malvinas se llevar\u00e1 a cabo en Tandil el\u2026","rel":"","context":"En \u00abREGIONALES\u00bb","block_context":{"text":"REGIONALES","link":"https:\/\/larevistadigital.com.ar\/blog\/category\/regionales\/"},"img":{"alt_text":"","src":"https:\/\/i0.wp.com\/larevistadigital.com.ar\/blog\/wp-content\/uploads\/1654369703.jpeg?fit=848%2C477&ssl=1&resize=350%2C200","width":350,"height":200,"srcset":"https:\/\/i0.wp.com\/larevistadigital.com.ar\/blog\/wp-content\/uploads\/1654369703.jpeg?fit=848%2C477&ssl=1&resize=350%2C200 1x, https:\/\/i0.wp.com\/larevistadigital.com.ar\/blog\/wp-content\/uploads\/1654369703.jpeg?fit=848%2C477&ssl=1&resize=525%2C300 1.5x, https:\/\/i0.wp.com\/larevistadigital.com.ar\/blog\/wp-content\/uploads\/1654369703.jpeg?fit=848%2C477&ssl=1&resize=700%2C400 2x"},"classes":[]},{"id":28502,"url":"https:\/\/larevistadigital.com.ar\/blog\/inedito-mas-de-300-operativos-de-control-contra-las-carreras-de-motos-en-pilar-malvinas-argentinas-y-escobar\/","url_meta":{"origin":32797,"position":4},"title":"IN\u00c9DITO: M\u00c1S DE 300 OPERATIVOS DE CONTROL CONTRA LAS CARRERAS DE MOTOS EN PILAR, MALVINAS ARGENTINAS Y ESCOBAR","author":"Alejandro Sosa Ruda","date":"18 octubre, 2022","format":false,"excerpt":"A menos de un mes de conformar una mesa de trabajo para combatir las carreras ilegales en la provincia de Buenos Aires, el Ministerio de Transporte lanz\u00f3 un operativo sin precedentes. 18 de octubre de 2022 El\u00a0In\u00e9dito operativo de la Direcci\u00f3n provincial de Fiscalizaci\u00f3n, Control de Tr\u00e1nsito y la Seguridad\u2026","rel":"","context":"En \u00abINTERES GENERAL\u00bb","block_context":{"text":"INTERES GENERAL","link":"https:\/\/larevistadigital.com.ar\/blog\/category\/interes-general\/"},"img":{"alt_text":"","src":"https:\/\/i0.wp.com\/larevistadigital.com.ar\/blog\/wp-content\/uploads\/20221018100926_transporte-control-picadas.jpg?fit=880%2C512&ssl=1&resize=350%2C200","width":350,"height":200,"srcset":"https:\/\/i0.wp.com\/larevistadigital.com.ar\/blog\/wp-content\/uploads\/20221018100926_transporte-control-picadas.jpg?fit=880%2C512&ssl=1&resize=350%2C200 1x, https:\/\/i0.wp.com\/larevistadigital.com.ar\/blog\/wp-content\/uploads\/20221018100926_transporte-control-picadas.jpg?fit=880%2C512&ssl=1&resize=525%2C300 1.5x, https:\/\/i0.wp.com\/larevistadigital.com.ar\/blog\/wp-content\/uploads\/20221018100926_transporte-control-picadas.jpg?fit=880%2C512&ssl=1&resize=700%2C400 2x"},"classes":[]},{"id":39231,"url":"https:\/\/larevistadigital.com.ar\/blog\/este-miercoles-se-realizara-el-acto-en-homenaje-a-los-veteranos-y-caidos-en-malvinas\/","url_meta":{"origin":32797,"position":5},"title":"Este mi\u00e9rcoles se realizar\u00e1 el acto en homenaje a los Veteranos y Ca\u00eddos en Malvinas","author":"Alejandro Sosa Ruda","date":"31 marzo, 2025","format":false,"excerpt":"En la jornada de este 2 de abril, habr\u00e1 de renovarse el homenaje a los Veteranos y los Ca\u00eddos en la Guerra de Malvinas, en su d\u00eda 31 de Marzo de 2025 CHASCOM\u00daS -\u00a0 El acto oficial por el \u201cD\u00eda del Veterano y Ca\u00eddos en la Guerra de Malvinas\u201d, encabezado\u2026","rel":"","context":"En \u00abCHASCOM\u00daS\u00bb","block_context":{"text":"CHASCOM\u00daS","link":"https:\/\/larevistadigital.com.ar\/blog\/category\/chascomus\/"},"img":{"alt_text":"","src":"https:\/\/i0.wp.com\/larevistadigital.com.ar\/blog\/wp-content\/uploads\/67ead6202ef88.png?fit=668%2C445&ssl=1&resize=350%2C200","width":350,"height":200,"srcset":"https:\/\/i0.wp.com\/larevistadigital.com.ar\/blog\/wp-content\/uploads\/67ead6202ef88.png?fit=668%2C445&ssl=1&resize=350%2C200 1x, https:\/\/i0.wp.com\/larevistadigital.com.ar\/blog\/wp-content\/uploads\/67ead6202ef88.png?fit=668%2C445&ssl=1&resize=525%2C300 1.5x"},"classes":[]}],"_links":{"self":[{"href":"https:\/\/larevistadigital.com.ar\/blog\/wp-json\/wp\/v2\/posts\/32797","targetHints":{"allow":["GET"]}}],"collection":[{"href":"https:\/\/larevistadigital.com.ar\/blog\/wp-json\/wp\/v2\/posts"}],"about":[{"href":"https:\/\/larevistadigital.com.ar\/blog\/wp-json\/wp\/v2\/types\/post"}],"author":[{"embeddable":true,"href":"https:\/\/larevistadigital.com.ar\/blog\/wp-json\/wp\/v2\/users\/3"}],"replies":[{"embeddable":true,"href":"https:\/\/larevistadigital.com.ar\/blog\/wp-json\/wp\/v2\/comments?post=32797"}],"version-history":[{"count":1,"href":"https:\/\/larevistadigital.com.ar\/blog\/wp-json\/wp\/v2\/posts\/32797\/revisions"}],"predecessor-version":[{"id":32799,"href":"https:\/\/larevistadigital.com.ar\/blog\/wp-json\/wp\/v2\/posts\/32797\/revisions\/32799"}],"wp:featuredmedia":[{"embeddable":true,"href":"https:\/\/larevistadigital.com.ar\/blog\/wp-json\/wp\/v2\/media\/32798"}],"wp:attachment":[{"href":"https:\/\/larevistadigital.com.ar\/blog\/wp-json\/wp\/v2\/media?parent=32797"}],"wp:term":[{"taxonomy":"category","embeddable":true,"href":"https:\/\/larevistadigital.com.ar\/blog\/wp-json\/wp\/v2\/categories?post=32797"},{"taxonomy":"post_tag","embeddable":true,"href":"https:\/\/larevistadigital.com.ar\/blog\/wp-json\/wp\/v2\/tags?post=32797"}],"curies":[{"name":"wp","href":"https:\/\/api.w.org\/{rel}","templated":true}]}}