{"id":32800,"date":"2023-08-08T15:59:52","date_gmt":"2023-08-08T15:59:52","guid":{"rendered":"https:\/\/larevistadigital.com.ar\/blog\/?p=32800"},"modified":"2023-08-08T16:02:01","modified_gmt":"2023-08-08T16:02:01","slug":"32800-2","status":"publish","type":"post","link":"https:\/\/larevistadigital.com.ar\/blog\/32800-2\/","title":{"rendered":"9 DE JULIO: PRESENTAN UN TAMBO ROBOTIZADO DE 400 VACAS QUE SE MANEJA DESDE UN CELULAR"},"content":{"rendered":"<h2 class=\"fparrafo ctext fz18 lh25\">Con un celular hoy se puede manejar un tambo con 400 vacas en orde\u00f1e. Eso es real y est\u00e1 en Nueve de Julio donde unas 40 personas entre productores, empresas, estudiantes e ingenieros agr\u00f3nomos que participaron de la tercera visita del Proyecto Conector que impulsa Sociedad Rural de ese distrito, pudieron comprobar.<\/h2>\n<p>8 de agosto de 2023<\/p>\n<p><strong>9 DE JULIO &#8211;\u00a0 <\/strong>Unas 40 personas participaron el jueves pasado en el Establecimiento Las Chicas, en cercan\u00edas de Estaci\u00f3n Mulcahy, en el partido de Nueve de Julio, que se dedica a la producci\u00f3n de leche, de la presentaci\u00f3n de Conector, un sistema de orde\u00f1e por robot.<\/p>\n<blockquote>\n<h3 class=\"selectionShareable\">Seg\u00fan consigna el semanario Extra, Estancia Las Chicas es un establecimiento con una historia productiva de 150 a\u00f1os y son 500 hect\u00e1reas m\u00e1s otro tanto alquilado, todo para la producci\u00f3n de leche. Cuenta con tres tambos, dos de los cuales ya tienen instalado seis robots cada uno, y hoy la fosa de orde\u00f1e ya es un olvido.<\/h3>\n<\/blockquote>\n<p class=\"selectionShareable\">El secreto del orde\u00f1e por robot es que las vacas se convierten en voluntarias y tienen la libertad de cuando quieren pasar por el robot para ser orde\u00f1adas. El sistema entrega un collar que lo lleva la vaca y al pasar por el robot, detecta si el animal est\u00e1 en celo, expresa alg\u00fan s\u00edntoma en su salud. Una vez finalizado el orde\u00f1e, el robot la env\u00eda a una parcela distinta (A, B o C), seg\u00fan explicaron en la empresa.<\/p>\n<blockquote>\n<h3 class=\"selectionShareable\">El robot trabaja las 24 hs. se maneja desde una sala de control donde se re\u00fane toda la informaci\u00f3n de las 400 vacas que tienen en este tambo. En caso de una alarma, los operarios pueden advertir la situaci\u00f3n desde el propio celular y accionar, a su vez observar el desempe\u00f1o del tambo.<\/h3>\n<\/blockquote>\n<p class=\"selectionShareable\">La capacitaci\u00f3n al operario es otro elemento muy importante que aporta el sistema, uno de los empleados, Franco que tiene hermanos que trabajan en tambos, comento que nunca iba a trabajar en un tambo, sin embargo, esto es muy distinto, me siento muy a gusto, expreso.<\/p>\n<h3 class=\"selectionShareable\"><span style=\"color: #ff0000\"><b>Los pr\u00f3ximos 10 a\u00f1os<\/b><\/span><\/h3>\n<p class=\"selectionShareable\"><strong>Alejandro Mulcahy<\/strong> que impulsa el trabajo en Las Chicas junto a su esposa Silvina, quien es medica veterinaria y se ocupa de la sanidad en el rodeo, puntualiz\u00f3 que en el mundo hoy los tambos que principalmente son chicos a medianos, tienen dos robots por empresa, en Argentina, est\u00e1 en 4,5 robot, y no son mega tambos. En nuestro caso es considerado mediano.<\/p>\n<p class=\"selectionShareable\">Sobre la inserci\u00f3n de esta tecnolog\u00eda en los tambos, <strong>Mulcahy<\/strong> consider\u00f3 que a partir de la rutina diaria de orde\u00f1e en los tambos convencionales, es una peque\u00f1a crisis que se est\u00e1 generando y dif\u00edcil que la gente quiera trabajar en este tipo de trabajo, y esto no hay rutina, si hay que pensar e interpretar informaci\u00f3n. (<b>InfoGEI<\/b>)Ac<\/p>\n","protected":false},"excerpt":{"rendered":"<div class=\"mh-excerpt\"><p>Con un celular hoy se puede manejar un tambo con 400 vacas en orde\u00f1e. Eso es real y est\u00e1 en Nueve de Julio donde unas 40 personas entre productores, empresas, estudiantes e ingenieros agr\u00f3nomos que <a class=\"mh-excerpt-more\" href=\"https:\/\/larevistadigital.com.ar\/blog\/32800-2\/\" title=\"9 DE JULIO: PRESENTAN UN TAMBO ROBOTIZADO DE 400 VACAS QUE SE MANEJA DESDE UN CELULAR\">[Leer M\u00e1s]<\/a><\/p>\n<\/div>","protected":false},"author":3,"featured_media":32801,"comment_status":"open","ping_status":"open","sticky":false,"template":"","format":"standard","meta":{"_jetpack_memberships_contains_paid_content":false,"footnotes":"","jetpack_publicize_message":"","jetpack_publicize_feature_enabled":true,"jetpack_social_post_already_shared":true,"jetpack_social_options":{"image_generator_settings":{"template":"highway","default_image_id":0,"font":"","enabled":false},"version":2}},"categories":[50,51],"tags":[],"class_list":{"0":"post-32800","1":"post","2":"type-post","3":"status-publish","4":"format-standard","5":"has-post-thumbnail","7":"category-interes-general","8":"category-regionales"},"jetpack_publicize_connections":[],"jetpack_featured_media_url":"https:\/\/i0.wp.com\/larevistadigital.com.ar\/blog\/wp-content\/uploads\/20230807170547_tambo-robotizado-proyecto-conector-estancia-la-chicass.jpg?fit=880%2C512&ssl=1","jetpack_sharing_enabled":true,"jetpack_shortlink":"https:\/\/wp.me\/p8qtrQ-8x2","jetpack-related-posts":[{"id":28434,"url":"https:\/\/larevistadigital.com.ar\/blog\/tandil-tiene-el-primer-tambo-robotizado-y-sustentable\/","url_meta":{"origin":32800,"position":0},"title":"TANDIL TIENE EL PRIMER TAMBO ROBOTIZADO Y SUSTENTABLE","author":"Alejandro Sosa Ruda","date":"14 octubre, 2022","format":false,"excerpt":"Con cuatro robots que tienen capacidad de orde\u00f1ar 280 vacas, el establecimiento opera en base a un sistema automatizado basado en el tr\u00e1fico libre del animal. 13 de octubre de 2022 TANDIL -\u00a0 Tras una inversi\u00f3n de 1.300.000 d\u00f3lares, ya opera en el establecimiento \u201cLa Colorada\u201d el primer tambo robotizado.\u2026","rel":"","context":"En \u00abREGIONALES\u00bb","block_context":{"text":"REGIONALES","link":"https:\/\/larevistadigital.com.ar\/blog\/category\/regionales\/"},"img":{"alt_text":"","src":"https:\/\/i0.wp.com\/larevistadigital.com.ar\/blog\/wp-content\/uploads\/20221012142020_vacas-holando-corriendo.jpg?fit=880%2C512&ssl=1&resize=350%2C200","width":350,"height":200,"srcset":"https:\/\/i0.wp.com\/larevistadigital.com.ar\/blog\/wp-content\/uploads\/20221012142020_vacas-holando-corriendo.jpg?fit=880%2C512&ssl=1&resize=350%2C200 1x, https:\/\/i0.wp.com\/larevistadigital.com.ar\/blog\/wp-content\/uploads\/20221012142020_vacas-holando-corriendo.jpg?fit=880%2C512&ssl=1&resize=525%2C300 1.5x, https:\/\/i0.wp.com\/larevistadigital.com.ar\/blog\/wp-content\/uploads\/20221012142020_vacas-holando-corriendo.jpg?fit=880%2C512&ssl=1&resize=700%2C400 2x"},"classes":[]},{"id":5993,"url":"https:\/\/larevistadigital.com.ar\/blog\/9-de-julio-dia-de-la-independencia\/","url_meta":{"origin":32800,"position":1},"title":"9 DE JULIO: D\u00cdA DE LA INDEPENDENCIA","author":"admin","date":"10 julio, 2018","format":false,"excerpt":"Este 9 de Julio por la ma\u00f1ana se realiz\u00f3 la Misa por la Patria en la Parroquia Santa Rosa de Lima con la participaci\u00f3n de autoridades pol\u00edticas, religiosas, educativas, instituciones de la ciudad y abanderados de todos los jardines de infantes y escuelas del distrito. M\u00e1s tarde, se conmemor\u00f3 con\u2026","rel":"","context":"En \u00abCASTELLI\u00bb","block_context":{"text":"CASTELLI","link":"https:\/\/larevistadigital.com.ar\/blog\/category\/castelli\/"},"img":{"alt_text":"","src":"https:\/\/i0.wp.com\/larevistadigital.com.ar\/blog\/wp-content\/uploads\/2018\/07\/WhatsApp-Image-2018-07-09-at-12.08.09-664x335.jpeg?fit=664%2C335&ssl=1&resize=350%2C200","width":350,"height":200,"srcset":"https:\/\/i0.wp.com\/larevistadigital.com.ar\/blog\/wp-content\/uploads\/2018\/07\/WhatsApp-Image-2018-07-09-at-12.08.09-664x335.jpeg?fit=664%2C335&ssl=1&resize=350%2C200 1x, https:\/\/i0.wp.com\/larevistadigital.com.ar\/blog\/wp-content\/uploads\/2018\/07\/WhatsApp-Image-2018-07-09-at-12.08.09-664x335.jpeg?fit=664%2C335&ssl=1&resize=525%2C300 1.5x"},"classes":[]},{"id":34937,"url":"https:\/\/larevistadigital.com.ar\/blog\/firman-convenio-energetico-que-beneficiara-a-370-000-bonaerenses\/","url_meta":{"origin":32800,"position":2},"title":"FIRMAN CONVENIO ENERG\u00c9TICO QUE BENEFICIAR\u00c1 A 370.000 BONAERENSES","author":"Alejandro Sosa Ruda","date":"27 diciembre, 2023","format":false,"excerpt":"El Ministerio de Infraestructura y Servicios P\u00fablicos, a trav\u00e9s de la Subsecretar\u00eda de Energ\u00eda, inici\u00f3 el proceso para la licitaci\u00f3n de la construcci\u00f3n de una L\u00ednea de Alta Tensi\u00f3n (LAT) que reforzar\u00e1 el abastecimiento de energ\u00eda y evitar\u00e1 las restricciones de demanda en las distintas localidades de los municipios 9\u2026","rel":"","context":"En \u00abREGIONALES\u00bb","block_context":{"text":"REGIONALES","link":"https:\/\/larevistadigital.com.ar\/blog\/category\/regionales\/"},"img":{"alt_text":"","src":"https:\/\/i0.wp.com\/larevistadigital.com.ar\/blog\/wp-content\/uploads\/20231227144512_energia-licitacion-construccion-linea-alta-tension.jpg?fit=880%2C512&ssl=1&resize=350%2C200","width":350,"height":200,"srcset":"https:\/\/i0.wp.com\/larevistadigital.com.ar\/blog\/wp-content\/uploads\/20231227144512_energia-licitacion-construccion-linea-alta-tension.jpg?fit=880%2C512&ssl=1&resize=350%2C200 1x, https:\/\/i0.wp.com\/larevistadigital.com.ar\/blog\/wp-content\/uploads\/20231227144512_energia-licitacion-construccion-linea-alta-tension.jpg?fit=880%2C512&ssl=1&resize=525%2C300 1.5x, https:\/\/i0.wp.com\/larevistadigital.com.ar\/blog\/wp-content\/uploads\/20231227144512_energia-licitacion-construccion-linea-alta-tension.jpg?fit=880%2C512&ssl=1&resize=700%2C400 2x"},"classes":[]},{"id":10989,"url":"https:\/\/larevistadigital.com.ar\/blog\/chascomus-el-proximo-12-de-julio-se-realizara-un-torneo-de-truco-en-tiro-federal\/","url_meta":{"origin":32800,"position":3},"title":"CHASCOM\u00daS: EL PR\u00d3XIMO 12 DE JULIO SE REALIZAR\u00c1 UN TORNEO DE TRUCO EN TIRO FEDERAL","author":"Alejandro Sosa Ruda","date":"2 julio, 2019","format":false,"excerpt":"El viernes 12 de julio El pr\u00f3ximo viernes 12 de julio se realizar\u00e1 un nuevo torneo de truco en la sede del club Tiro Federal.\u2008El mismo est\u00e1 anunciado para las nueve de la noche.\u2008El costo de inscripci\u00f3n ser\u00e1 de cuatrocientos pesos por pareja; el ochenta por ciento de lo que\u2026","rel":"","context":"En \u00abCHASCOM\u00daS\u00bb","block_context":{"text":"CHASCOM\u00daS","link":"https:\/\/larevistadigital.com.ar\/blog\/category\/chascomus\/"},"img":{"alt_text":"","src":"https:\/\/i0.wp.com\/larevistadigital.com.ar\/blog\/wp-content\/uploads\/torneo-de-truco.jpg?fit=648%2C432&ssl=1&resize=350%2C200","width":350,"height":200,"srcset":"https:\/\/i0.wp.com\/larevistadigital.com.ar\/blog\/wp-content\/uploads\/torneo-de-truco.jpg?fit=648%2C432&ssl=1&resize=350%2C200 1x, https:\/\/i0.wp.com\/larevistadigital.com.ar\/blog\/wp-content\/uploads\/torneo-de-truco.jpg?fit=648%2C432&ssl=1&resize=525%2C300 1.5x"},"classes":[]},{"id":11345,"url":"https:\/\/larevistadigital.com.ar\/blog\/lobos-un-nino-de-6-anos-perdio-la-vida-en-tragico-accidente\/","url_meta":{"origin":32800,"position":4},"title":"LOBOS: UN NI\u00d1O DE 6 A\u00d1OS PERDI\u00d3 LA VIDA EN TR\u00c1GICO ACCIDENTE","author":"Alejandro Sosa Ruda","date":"17 julio, 2019","format":false,"excerpt":"Ayer por la tarde, un accidente\u00a0 en un establecimiento de tambo, ubicado a la vera de la Ruta Provincial 41, desencaden\u00f3 en la peor de las tragedias. En el lugar, que se encuentra a dos kil\u00f3metros de la bajada de La Espada\u00f1a,\u00a0Hern\u00e1n Monzon, de 30 a\u00f1os, manejaba un tractor junto\u2026","rel":"","context":"En \u00abREGIONALES\u00bb","block_context":{"text":"REGIONALES","link":"https:\/\/larevistadigital.com.ar\/blog\/category\/regionales\/"},"img":{"alt_text":"","src":"https:\/\/i0.wp.com\/larevistadigital.com.ar\/blog\/wp-content\/uploads\/20190717_003246-1.jpg?fit=882%2C597&ssl=1&resize=350%2C200","width":350,"height":200,"srcset":"https:\/\/i0.wp.com\/larevistadigital.com.ar\/blog\/wp-content\/uploads\/20190717_003246-1.jpg?fit=882%2C597&ssl=1&resize=350%2C200 1x, https:\/\/i0.wp.com\/larevistadigital.com.ar\/blog\/wp-content\/uploads\/20190717_003246-1.jpg?fit=882%2C597&ssl=1&resize=525%2C300 1.5x, https:\/\/i0.wp.com\/larevistadigital.com.ar\/blog\/wp-content\/uploads\/20190717_003246-1.jpg?fit=882%2C597&ssl=1&resize=700%2C400 2x"},"classes":[]},{"id":32753,"url":"https:\/\/larevistadigital.com.ar\/blog\/volco-un-camion-en-la-ruta-7-y-vecinos-faenaron-vacas-en-las-banquinas\/","url_meta":{"origin":32800,"position":5},"title":"VOLC\u00d3 UN CAMI\u00d3N EN LA RUTA 7 Y VECINOS FAENARON VACAS EN LAS BANQUINAS","author":"Alejandro Sosa Ruda","date":"4 agosto, 2023","format":false,"excerpt":"Tras el vuelco, varias de las vacas sufrieron heridas o perdieron la vida. Algunos vecinos y automovilistas vieron la oportunidad de aprovechar la situaci\u00f3n y saquearon la carga del cami\u00f3n. 3 de agosto de 2023 JUNIN -\u00a0 Un cami\u00f3n jaula que transportaba m\u00e1s de una decena de vacas volc\u00f3 en\u2026","rel":"","context":"En \u00abPOLICIALES\u00bb","block_context":{"text":"POLICIALES","link":"https:\/\/larevistadigital.com.ar\/blog\/category\/policiales\/"},"img":{"alt_text":"","src":"https:\/\/i0.wp.com\/larevistadigital.com.ar\/blog\/wp-content\/uploads\/20230803173637_vacas-camion-ruta-7.jpg?fit=880%2C512&ssl=1&resize=350%2C200","width":350,"height":200,"srcset":"https:\/\/i0.wp.com\/larevistadigital.com.ar\/blog\/wp-content\/uploads\/20230803173637_vacas-camion-ruta-7.jpg?fit=880%2C512&ssl=1&resize=350%2C200 1x, https:\/\/i0.wp.com\/larevistadigital.com.ar\/blog\/wp-content\/uploads\/20230803173637_vacas-camion-ruta-7.jpg?fit=880%2C512&ssl=1&resize=525%2C300 1.5x, https:\/\/i0.wp.com\/larevistadigital.com.ar\/blog\/wp-content\/uploads\/20230803173637_vacas-camion-ruta-7.jpg?fit=880%2C512&ssl=1&resize=700%2C400 2x"},"classes":[]}],"_links":{"self":[{"href":"https:\/\/larevistadigital.com.ar\/blog\/wp-json\/wp\/v2\/posts\/32800","targetHints":{"allow":["GET"]}}],"collection":[{"href":"https:\/\/larevistadigital.com.ar\/blog\/wp-json\/wp\/v2\/posts"}],"about":[{"href":"https:\/\/larevistadigital.com.ar\/blog\/wp-json\/wp\/v2\/types\/post"}],"author":[{"embeddable":true,"href":"https:\/\/larevistadigital.com.ar\/blog\/wp-json\/wp\/v2\/users\/3"}],"replies":[{"embeddable":true,"href":"https:\/\/larevistadigital.com.ar\/blog\/wp-json\/wp\/v2\/comments?post=32800"}],"version-history":[{"count":2,"href":"https:\/\/larevistadigital.com.ar\/blog\/wp-json\/wp\/v2\/posts\/32800\/revisions"}],"predecessor-version":[{"id":32803,"href":"https:\/\/larevistadigital.com.ar\/blog\/wp-json\/wp\/v2\/posts\/32800\/revisions\/32803"}],"wp:featuredmedia":[{"embeddable":true,"href":"https:\/\/larevistadigital.com.ar\/blog\/wp-json\/wp\/v2\/media\/32801"}],"wp:attachment":[{"href":"https:\/\/larevistadigital.com.ar\/blog\/wp-json\/wp\/v2\/media?parent=32800"}],"wp:term":[{"taxonomy":"category","embeddable":true,"href":"https:\/\/larevistadigital.com.ar\/blog\/wp-json\/wp\/v2\/categories?post=32800"},{"taxonomy":"post_tag","embeddable":true,"href":"https:\/\/larevistadigital.com.ar\/blog\/wp-json\/wp\/v2\/tags?post=32800"}],"curies":[{"name":"wp","href":"https:\/\/api.w.org\/{rel}","templated":true}]}}