{"id":32804,"date":"2023-08-08T16:06:15","date_gmt":"2023-08-08T16:06:15","guid":{"rendered":"https:\/\/larevistadigital.com.ar\/blog\/?p=32804"},"modified":"2023-08-08T16:06:15","modified_gmt":"2023-08-08T16:06:15","slug":"con-una-estafa-telefonica-se-hicieron-de-200-000","status":"publish","type":"post","link":"https:\/\/larevistadigital.com.ar\/blog\/con-una-estafa-telefonica-se-hicieron-de-200-000\/","title":{"rendered":"CON UNA ESTAFA TELEF\u00d3NICA SE HICIERON DE $200.000.-"},"content":{"rendered":"<h2 class=\"fparrafo ctext fz18 lh25\">Tanto las entidades bancarias, como al menos tambi\u00e9n en nuestra ciudad, la Secretar\u00eda de Seguridad y la Polic\u00eda Comunal, vienen alertando reiteradamente sobre las medidas de prevenci\u00f3n que se deben adoptar para evitar ser v\u00edctima de ciertos delitos, entre ellos los conocidos como \u00abcuento del t\u00edo\u00bb y \u00abciberdelitos\u00bb.<\/h2>\n<p>8 de agosto de 2023<\/p>\n<p><strong>SALTO &#8211;\u00a0 <\/strong>No obstante este jueves, en la Estaci\u00f3n de la Polic\u00eda Comunal Salto, una mujer de 50 a\u00f1os, denunci\u00f3 que cerca del mediod\u00eda recibi\u00f3 un llamado telef\u00f3nico desde el abonado Nro. 1153463224, quien dijo ser personal bancario.<\/p>\n<blockquote>\n<h3 class=\"selectionShareable\">Seg\u00fan el medio local Los Principios, el supuesto empleado, a trav\u00e9s de enga\u00f1os le pide n\u00famero de token de cuenta bancaria realiz\u00e1ndole movimientos no deseados sustrayendo de dicha cuenta la suma de $200.000 a trav\u00e9s de cuatro transferencias enviadas a cuenta destino.<\/h3>\n<\/blockquote>\n<p class=\"selectionShareable\">Se inici\u00f3 una causa por Estafa, en la que Interviene la Fiscal\u00eda Nro. 6 del Departamento judicial de Mercedes. (<b>InfoGEI<\/b>)Ac<\/p>\n","protected":false},"excerpt":{"rendered":"<div class=\"mh-excerpt\"><p>Tanto las entidades bancarias, como al menos tambi\u00e9n en nuestra ciudad, la Secretar\u00eda de Seguridad y la Polic\u00eda Comunal, vienen alertando reiteradamente sobre las medidas de prevenci\u00f3n que se deben adoptar para evitar ser v\u00edctima <a class=\"mh-excerpt-more\" href=\"https:\/\/larevistadigital.com.ar\/blog\/con-una-estafa-telefonica-se-hicieron-de-200-000\/\" title=\"CON UNA ESTAFA TELEF\u00d3NICA SE HICIERON DE $200.000.-\">[Leer M\u00e1s]<\/a><\/p>\n<\/div>","protected":false},"author":3,"featured_media":32805,"comment_status":"open","ping_status":"open","sticky":false,"template":"","format":"standard","meta":{"_jetpack_memberships_contains_paid_content":false,"footnotes":"","jetpack_publicize_message":"","jetpack_publicize_feature_enabled":true,"jetpack_social_post_already_shared":true,"jetpack_social_options":{"image_generator_settings":{"template":"highway","default_image_id":0,"font":"","enabled":false},"version":2}},"categories":[44,51],"tags":[],"class_list":{"0":"post-32804","1":"post","2":"type-post","3":"status-publish","4":"format-standard","5":"has-post-thumbnail","7":"category-policiales","8":"category-regionales"},"jetpack_publicize_connections":[],"jetpack_featured_media_url":"https:\/\/i0.wp.com\/larevistadigital.com.ar\/blog\/wp-content\/uploads\/20230807142601_comisaria-salto.jpg?fit=880%2C512&ssl=1","jetpack_sharing_enabled":true,"jetpack_shortlink":"https:\/\/wp.me\/p8qtrQ-8x6","jetpack-related-posts":[{"id":27562,"url":"https:\/\/larevistadigital.com.ar\/blog\/chascomus-recomendaciones-de-la-policia-comunal-para-evitar-ser-victimas-de-cuentos-del-tio\/","url_meta":{"origin":32804,"position":0},"title":"CHASCOM\u00daS: RECOMENDACIONES DE LA POLIC\u00cdA COMUNAL PARA EVITAR SER V\u00cdCTIMAS DE \u00abCUENTOS DEL T\u00cdO\u00bb","author":"Alejandro Sosa Ruda","date":"4 septiembre, 2022","format":false,"excerpt":"Son consejos para tratar de evitar caer en las redes de estafadores inescrupulosos que a diario tratan de robarnos. CHASCOM\u00daS -\u00a0 Desde la EPC (Estaci\u00f3n de Polic\u00eda Comunal) nos hacen llegar informaci\u00f3n donde se alerta a la poblaci\u00f3n de distintas maneras de \"cuento del t\u00edo\" que utilizan los delincuentes para\u2026","rel":"","context":"En \u00abINTERES GENERAL\u00bb","block_context":{"text":"INTERES GENERAL","link":"https:\/\/larevistadigital.com.ar\/blog\/category\/interes-general\/"},"img":{"alt_text":"","src":"https:\/\/i0.wp.com\/larevistadigital.com.ar\/blog\/wp-content\/uploads\/cuento-del-tio.jpg?fit=720%2C601&ssl=1&resize=350%2C200","width":350,"height":200,"srcset":"https:\/\/i0.wp.com\/larevistadigital.com.ar\/blog\/wp-content\/uploads\/cuento-del-tio.jpg?fit=720%2C601&ssl=1&resize=350%2C200 1x, https:\/\/i0.wp.com\/larevistadigital.com.ar\/blog\/wp-content\/uploads\/cuento-del-tio.jpg?fit=720%2C601&ssl=1&resize=525%2C300 1.5x, https:\/\/i0.wp.com\/larevistadigital.com.ar\/blog\/wp-content\/uploads\/cuento-del-tio.jpg?fit=720%2C601&ssl=1&resize=700%2C400 2x"},"classes":[]},{"id":26412,"url":"https:\/\/larevistadigital.com.ar\/blog\/chascomus-la-secretaria-de-seguridad-y-la-estacion-de-policia-comunal-alertan-por-llamados-extorsivos\/","url_meta":{"origin":32804,"position":1},"title":"CHASCOM\u00daS: LA SECRETAR\u00cdA DE SEGURIDAD Y LA ESTACI\u00d3N DE POLIC\u00cdA COMUNAL ALERTAN POR LLAMADOS EXTORSIVOS","author":"Alejandro Sosa Ruda","date":"7 julio, 2022","format":false,"excerpt":"Desde la Secretar\u00eda de Seguridad y la Estaci\u00f3n de Polic\u00eda Comunal, se hace un llamado de alerta a la poblaci\u00f3n, por la proliferaci\u00f3n de este tipo de delito que se est\u00e1 produciendo con asiduidad. C\u00f3mo prevenir y c\u00f3mo actuar. CHASCOM\u00daS -\u00a0 Se difundi\u00f3 desde la Secretar\u00eda de Seguridad de Chascom\u00fas,\u2026","rel":"","context":"En \u00abCHASCOM\u00daS\u00bb","block_context":{"text":"CHASCOM\u00daS","link":"https:\/\/larevistadigital.com.ar\/blog\/category\/chascomus\/"},"img":{"alt_text":"","src":"https:\/\/i0.wp.com\/larevistadigital.com.ar\/blog\/wp-content\/uploads\/1542081283589.jpg?fit=800%2C459&ssl=1&resize=350%2C200","width":350,"height":200,"srcset":"https:\/\/i0.wp.com\/larevistadigital.com.ar\/blog\/wp-content\/uploads\/1542081283589.jpg?fit=800%2C459&ssl=1&resize=350%2C200 1x, https:\/\/i0.wp.com\/larevistadigital.com.ar\/blog\/wp-content\/uploads\/1542081283589.jpg?fit=800%2C459&ssl=1&resize=525%2C300 1.5x, https:\/\/i0.wp.com\/larevistadigital.com.ar\/blog\/wp-content\/uploads\/1542081283589.jpg?fit=800%2C459&ssl=1&resize=700%2C400 2x"},"classes":[]},{"id":32925,"url":"https:\/\/larevistadigital.com.ar\/blog\/chascomus-3\/","url_meta":{"origin":32804,"position":2},"title":"CHASCOM\u00daS: LA POLIC\u00cdA COMUNAL EMITI\u00d3 UN COMUNICADO POR LAS EST\u00c1FAS TELEF\u00d3NICAS","author":"Alejandro Sosa Ruda","date":"20 agosto, 2023","format":false,"excerpt":"Es muy importante, realizar autom\u00e1ticamente la denuncia, para no ser estafados por estos indeseables delincuentes. 20 de agosto de 2023 CHASCOM\u00daS -\u00a0\u00a0Desde la jefatura de la Estaci\u00f3n de Polic\u00eda Comunal de Chascom\u00fas, se emiti\u00f3 un comunicado a la poblaci\u00f3n y el distrito en general, a raiz de las distintas situaciones\u2026","rel":"","context":"En \u00abCHASCOM\u00daS\u00bb","block_context":{"text":"CHASCOM\u00daS","link":"https:\/\/larevistadigital.com.ar\/blog\/category\/chascomus\/"},"img":{"alt_text":"","src":"https:\/\/i0.wp.com\/larevistadigital.com.ar\/blog\/wp-content\/uploads\/2017\/08\/GEO_COMISARIA_1_CHASCOMUS-e1705762962297.jpg?fit=1200%2C548&ssl=1&resize=350%2C200","width":350,"height":200,"srcset":"https:\/\/i0.wp.com\/larevistadigital.com.ar\/blog\/wp-content\/uploads\/2017\/08\/GEO_COMISARIA_1_CHASCOMUS-e1705762962297.jpg?fit=1200%2C548&ssl=1&resize=350%2C200 1x, https:\/\/i0.wp.com\/larevistadigital.com.ar\/blog\/wp-content\/uploads\/2017\/08\/GEO_COMISARIA_1_CHASCOMUS-e1705762962297.jpg?fit=1200%2C548&ssl=1&resize=525%2C300 1.5x, https:\/\/i0.wp.com\/larevistadigital.com.ar\/blog\/wp-content\/uploads\/2017\/08\/GEO_COMISARIA_1_CHASCOMUS-e1705762962297.jpg?fit=1200%2C548&ssl=1&resize=700%2C400 2x, https:\/\/i0.wp.com\/larevistadigital.com.ar\/blog\/wp-content\/uploads\/2017\/08\/GEO_COMISARIA_1_CHASCOMUS-e1705762962297.jpg?fit=1200%2C548&ssl=1&resize=1050%2C600 3x"},"classes":[]},{"id":40753,"url":"https:\/\/larevistadigital.com.ar\/blog\/chascomus-la-nueva-titular-de-la-estacion-de-policia-comunal-fue-recibida-por-el-intendente-javier-gaston\/","url_meta":{"origin":32804,"position":3},"title":"Chascom\u00fas: La nueva titular de la Estaci\u00f3n de Polic\u00eda Comunal fue recibida por el intendente Javier Gast\u00f3n","author":"Alejandro Sosa Ruda","date":"5 agosto, 2025","format":false,"excerpt":"Marisa Islas asumir\u00e1 la conducci\u00f3n de la EPC y se acord\u00f3 fortalecer el trabajo conjunto en materia de seguridad. 05 de Agosto de 2025 CHASCOM\u00daS\u00a0 -\u00a0 Javier Gast\u00f3n recibi\u00f3 a la nueva titular de la Estaci\u00f3n de Polic\u00eda Comunal Marisa Islas asumir\u00e1 la conducci\u00f3n de la EPC y se acord\u00f3\u2026","rel":"","context":"En \u00abDESTACADAS\u00bb","block_context":{"text":"DESTACADAS","link":"https:\/\/larevistadigital.com.ar\/blog\/category\/destacadas\/"},"img":{"alt_text":"","src":"https:\/\/i0.wp.com\/larevistadigital.com.ar\/blog\/wp-content\/uploads\/68923689f253f.png?fit=668%2C445&ssl=1&resize=350%2C200","width":350,"height":200,"srcset":"https:\/\/i0.wp.com\/larevistadigital.com.ar\/blog\/wp-content\/uploads\/68923689f253f.png?fit=668%2C445&ssl=1&resize=350%2C200 1x, https:\/\/i0.wp.com\/larevistadigital.com.ar\/blog\/wp-content\/uploads\/68923689f253f.png?fit=668%2C445&ssl=1&resize=525%2C300 1.5x"},"classes":[]},{"id":32913,"url":"https:\/\/larevistadigital.com.ar\/blog\/chascomus-lograron-estafar-a-un-vecino-con-un-falso-secuestro-de-su-hijo-y-le-robaron\/","url_meta":{"origin":32804,"position":4},"title":"CHASCOM\u00daS: LOGRARON ESTAFAR A UN VECINO CON UN \u00abFALSO SECUESTRO\u00bb DE SU HIJO Y LE ROBARON","author":"Alejandro Sosa Ruda","date":"17 agosto, 2023","format":false,"excerpt":"CHASCOM\u00daS -\u00a0 En la fecha y finalizando la horas de la madrugada dos vecinos de esta localidad fueron v\u00edctimas de enga\u00f1os telef\u00f3nicos requiriendo suma de dinero ante una situaci\u00f3n no real. Uno de los vecinos logro ser enga\u00f1ado y fue v\u00edctima de los sujetos quienes se apoderaron de dinero que\u2026","rel":"","context":"En \u00abSin categor\u00eda\u00bb","block_context":{"text":"Sin categor\u00eda","link":"https:\/\/larevistadigital.com.ar\/blog\/category\/sin-categoria\/"},"img":{"alt_text":"","src":"https:\/\/i0.wp.com\/larevistadigital.com.ar\/blog\/wp-content\/uploads\/20220121184129_cuentodeltiojpg.jpg?fit=880%2C512&ssl=1&resize=350%2C200","width":350,"height":200,"srcset":"https:\/\/i0.wp.com\/larevistadigital.com.ar\/blog\/wp-content\/uploads\/20220121184129_cuentodeltiojpg.jpg?fit=880%2C512&ssl=1&resize=350%2C200 1x, https:\/\/i0.wp.com\/larevistadigital.com.ar\/blog\/wp-content\/uploads\/20220121184129_cuentodeltiojpg.jpg?fit=880%2C512&ssl=1&resize=525%2C300 1.5x, https:\/\/i0.wp.com\/larevistadigital.com.ar\/blog\/wp-content\/uploads\/20220121184129_cuentodeltiojpg.jpg?fit=880%2C512&ssl=1&resize=700%2C400 2x"},"classes":[]},{"id":8185,"url":"https:\/\/larevistadigital.com.ar\/blog\/chascomus-la-policia-comunal-detiene-otro-motochorro\/","url_meta":{"origin":32804,"position":5},"title":"CHASCOM\u00daS: LA POLIC\u00cdA COMUNAL IDENTIFICA OTRO MOTOCHORRO","author":"Alejandro Sosa Ruda","date":"6 febrero, 2019","format":false,"excerpt":"A ra\u00edz de un hecho de Hurto en modalidad arrebato acaecido el d\u00eda 04\/02\/19 en perjuicio de una mujer que circulaba en la fecha aludida alrededor de las 17:00 horas en Av. Presidente Alfons\u00edn y Bah\u00eda Blanca donde dos sujetos a bordo de una moto le sustraen una cartera con\u2026","rel":"","context":"En \u00abCHASCOM\u00daS\u00bb","block_context":{"text":"CHASCOM\u00daS","link":"https:\/\/larevistadigital.com.ar\/blog\/category\/chascomus\/"},"img":{"alt_text":"","src":"https:\/\/i0.wp.com\/larevistadigital.com.ar\/blog\/wp-content\/uploads\/2019\/02\/5322.jpg?fit=1200%2C667&ssl=1&resize=350%2C200","width":350,"height":200,"srcset":"https:\/\/i0.wp.com\/larevistadigital.com.ar\/blog\/wp-content\/uploads\/2019\/02\/5322.jpg?fit=1200%2C667&ssl=1&resize=350%2C200 1x, https:\/\/i0.wp.com\/larevistadigital.com.ar\/blog\/wp-content\/uploads\/2019\/02\/5322.jpg?fit=1200%2C667&ssl=1&resize=525%2C300 1.5x, https:\/\/i0.wp.com\/larevistadigital.com.ar\/blog\/wp-content\/uploads\/2019\/02\/5322.jpg?fit=1200%2C667&ssl=1&resize=700%2C400 2x, https:\/\/i0.wp.com\/larevistadigital.com.ar\/blog\/wp-content\/uploads\/2019\/02\/5322.jpg?fit=1200%2C667&ssl=1&resize=1050%2C600 3x"},"classes":[]}],"_links":{"self":[{"href":"https:\/\/larevistadigital.com.ar\/blog\/wp-json\/wp\/v2\/posts\/32804","targetHints":{"allow":["GET"]}}],"collection":[{"href":"https:\/\/larevistadigital.com.ar\/blog\/wp-json\/wp\/v2\/posts"}],"about":[{"href":"https:\/\/larevistadigital.com.ar\/blog\/wp-json\/wp\/v2\/types\/post"}],"author":[{"embeddable":true,"href":"https:\/\/larevistadigital.com.ar\/blog\/wp-json\/wp\/v2\/users\/3"}],"replies":[{"embeddable":true,"href":"https:\/\/larevistadigital.com.ar\/blog\/wp-json\/wp\/v2\/comments?post=32804"}],"version-history":[{"count":1,"href":"https:\/\/larevistadigital.com.ar\/blog\/wp-json\/wp\/v2\/posts\/32804\/revisions"}],"predecessor-version":[{"id":32806,"href":"https:\/\/larevistadigital.com.ar\/blog\/wp-json\/wp\/v2\/posts\/32804\/revisions\/32806"}],"wp:featuredmedia":[{"embeddable":true,"href":"https:\/\/larevistadigital.com.ar\/blog\/wp-json\/wp\/v2\/media\/32805"}],"wp:attachment":[{"href":"https:\/\/larevistadigital.com.ar\/blog\/wp-json\/wp\/v2\/media?parent=32804"}],"wp:term":[{"taxonomy":"category","embeddable":true,"href":"https:\/\/larevistadigital.com.ar\/blog\/wp-json\/wp\/v2\/categories?post=32804"},{"taxonomy":"post_tag","embeddable":true,"href":"https:\/\/larevistadigital.com.ar\/blog\/wp-json\/wp\/v2\/tags?post=32804"}],"curies":[{"name":"wp","href":"https:\/\/api.w.org\/{rel}","templated":true}]}}