{"id":32807,"date":"2023-08-08T16:27:28","date_gmt":"2023-08-08T16:27:28","guid":{"rendered":"https:\/\/larevistadigital.com.ar\/blog\/?p=32807"},"modified":"2023-08-08T16:27:28","modified_gmt":"2023-08-08T16:27:28","slug":"laprida-buscan-a-un-muchacho-que-desaparecio-en-brasil","status":"publish","type":"post","link":"https:\/\/larevistadigital.com.ar\/blog\/laprida-buscan-a-un-muchacho-que-desaparecio-en-brasil\/","title":{"rendered":"LAPRIDA: BUSCAN A UN MUCHACHO QUE DESAPARECI\u00d3 EN BRASIL"},"content":{"rendered":"<h2 class=\"fparrafo ctext fz18 lh25\">Hace tres semanas que no hay noticias de Guillermo Landi de 30 a\u00f1os que es buscado intensamente por su familia. El joven parti\u00f3 de Laprida a Brasil el pasado mes de enero, pero desde hace tres semanas no se sabe nada sobre su paradero.<\/h2>\n<p>8 de agosto de 2023<\/p>\n<p><strong>LAPRIDA &#8211;\u00a0 <\/strong>Familiares y allegados del lapridense\u00a0Guillermo Emmanuel Landi\u00a0de 30 a\u00f1os lanzaron este mi\u00e9rcoles una b\u00fasqueda para poder dar con el paradero del joven.<\/p>\n<blockquote>\n<h3 class=\"selectionShareable\">Seg\u00fan se difundi\u00f3 en las redes sociales, el lapridense se fue hace meses a Brasil pero hace unas semanas se perdi\u00f3 contacto y no sabe m\u00e1s de \u00e9l.<\/h3>\n<\/blockquote>\n<p class=\"selectionShareable\"><strong>Juliana Karina Ben\u00edtez<\/strong>, pareja del padre de <strong>Guillermo<\/strong>, fue quien radic\u00f3 la denuncia policial y cont\u00f3 a Oh Laprida que <strong><em>\u201chace 3 semanas no hay noticias de \u00e9l\u201d<\/em><\/strong>. El joven parti\u00f3 de Laprida a Brasil el pasado mes de enero.<\/p>\n<blockquote>\n<h3 class=\"selectionShareable\">Tampoco se conoce donde estar\u00eda dado que en Bombinhas donde estaba trabajando quienes le hab\u00edan dado empleo tampoco saben nada de Guillermo Emanuel.<\/h3>\n<\/blockquote>\n<p class=\"selectionShareable\">Por el caso ya se hicieron las denuncias correspondientes de averiguaci\u00f3n de paradero y se pide cualquier tipo de colaboraci\u00f3n para poder encontrarlo. (<b>InfoGEI<\/b>)Ac<\/p>\n","protected":false},"excerpt":{"rendered":"<div class=\"mh-excerpt\"><p>Hace tres semanas que no hay noticias de Guillermo Landi de 30 a\u00f1os que es buscado intensamente por su familia. El joven parti\u00f3 de Laprida a Brasil el pasado mes de enero, pero desde hace <a class=\"mh-excerpt-more\" href=\"https:\/\/larevistadigital.com.ar\/blog\/laprida-buscan-a-un-muchacho-que-desaparecio-en-brasil\/\" title=\"LAPRIDA: BUSCAN A UN MUCHACHO QUE DESAPARECI\u00d3 EN BRASIL\">[Leer M\u00e1s]<\/a><\/p>\n<\/div>","protected":false},"author":3,"featured_media":32808,"comment_status":"open","ping_status":"open","sticky":false,"template":"","format":"standard","meta":{"_jetpack_memberships_contains_paid_content":false,"footnotes":"","jetpack_publicize_message":"","jetpack_publicize_feature_enabled":true,"jetpack_social_post_already_shared":true,"jetpack_social_options":{"image_generator_settings":{"template":"highway","default_image_id":0,"font":"","enabled":false},"version":2}},"categories":[44,51],"tags":[],"class_list":{"0":"post-32807","1":"post","2":"type-post","3":"status-publish","4":"format-standard","5":"has-post-thumbnail","7":"category-policiales","8":"category-regionales"},"jetpack_publicize_connections":[],"jetpack_featured_media_url":"https:\/\/i0.wp.com\/larevistadigital.com.ar\/blog\/wp-content\/uploads\/20230807141920_guillermo-landi-laprida-desaparecido-brasil.jpg?fit=880%2C512&ssl=1","jetpack_sharing_enabled":true,"jetpack_shortlink":"https:\/\/wp.me\/p8qtrQ-8x9","jetpack-related-posts":[{"id":27297,"url":"https:\/\/larevistadigital.com.ar\/blog\/caso-daiana-abregu-laprida-dividida-por-la-muerte-en-la-comisaria\/","url_meta":{"origin":32807,"position":0},"title":"CASO DAIANA ABREG\u00da: LAPRIDA DIVIDIDA POR LA MUERTE EN LA COMISAR\u00cdA","author":"Alejandro Sosa Ruda","date":"25 agosto, 2022","format":false,"excerpt":"Hubo marchas y contramarchas. Represi\u00f3n y festejos. Todo en torno al caso de una joven que muri\u00f3 mientras se encontraba detenida. LAPRIDA -\u00a0 En la jornada del martes, la ciudad de Laprida se vio dividida ante las \u00faltimas novedades en el caso Daiana Abreg\u00fa, la joven que falleci\u00f3 en la\u2026","rel":"","context":"En \u00abPOLICIALES\u00bb","block_context":{"text":"POLICIALES","link":"https:\/\/larevistadigital.com.ar\/blog\/category\/policiales\/"},"img":{"alt_text":"","src":"https:\/\/i0.wp.com\/larevistadigital.com.ar\/blog\/wp-content\/uploads\/20220824160802_justicia-por-daiana-980x653-1.jpg?fit=880%2C512&ssl=1&resize=350%2C200","width":350,"height":200,"srcset":"https:\/\/i0.wp.com\/larevistadigital.com.ar\/blog\/wp-content\/uploads\/20220824160802_justicia-por-daiana-980x653-1.jpg?fit=880%2C512&ssl=1&resize=350%2C200 1x, https:\/\/i0.wp.com\/larevistadigital.com.ar\/blog\/wp-content\/uploads\/20220824160802_justicia-por-daiana-980x653-1.jpg?fit=880%2C512&ssl=1&resize=525%2C300 1.5x, https:\/\/i0.wp.com\/larevistadigital.com.ar\/blog\/wp-content\/uploads\/20220824160802_justicia-por-daiana-980x653-1.jpg?fit=880%2C512&ssl=1&resize=700%2C400 2x"},"classes":[]},{"id":25711,"url":"https:\/\/larevistadigital.com.ar\/blog\/la-encontraron-ahorcada-investigan-la-responsabilidad-policial-en-una-comisaria-de-laprida\/","url_meta":{"origin":32807,"position":1},"title":"LA ENCONTRARON AHORCADA: INVESTIGAN LA RESPONSABILIDAD POLICIAL EN UNA COMISAR\u00cdA DE LAPRIDA","author":"Alejandro Sosa Ruda","date":"9 junio, 2022","format":false,"excerpt":"Una joven de 25 a\u00f1os fue hallada ahorcada en el interior de una celda de una comisar\u00eda de la ciudad bonaerense de Laprida, y si bien las primeras pericias indican que se trat\u00f3 de un suicidio, su familia descree la versi\u00f3n policial. La Polic\u00eda bonaerense investigan la responsabilidad de cuatro\u2026","rel":"","context":"En \u00abINTERES GENERAL\u00bb","block_context":{"text":"INTERES GENERAL","link":"https:\/\/larevistadigital.com.ar\/blog\/category\/interes-general\/"},"img":{"alt_text":"","src":"https:\/\/i0.wp.com\/larevistadigital.com.ar\/blog\/wp-content\/uploads\/20220608160239_daiana-soledad-abregut.jpg?fit=880%2C512&ssl=1&resize=350%2C200","width":350,"height":200,"srcset":"https:\/\/i0.wp.com\/larevistadigital.com.ar\/blog\/wp-content\/uploads\/20220608160239_daiana-soledad-abregut.jpg?fit=880%2C512&ssl=1&resize=350%2C200 1x, https:\/\/i0.wp.com\/larevistadigital.com.ar\/blog\/wp-content\/uploads\/20220608160239_daiana-soledad-abregut.jpg?fit=880%2C512&ssl=1&resize=525%2C300 1.5x, https:\/\/i0.wp.com\/larevistadigital.com.ar\/blog\/wp-content\/uploads\/20220608160239_daiana-soledad-abregut.jpg?fit=880%2C512&ssl=1&resize=700%2C400 2x"},"classes":[]},{"id":19901,"url":"https:\/\/larevistadigital.com.ar\/blog\/buscan-joven-que-se-fue-con-su-novio-hace-4-dias-y-desaparecio\/","url_meta":{"origin":32807,"position":2},"title":"BUSCAN JOVEN QUE SE FUE CON SU NOVIO HACE 4 D\u00cdAS Y DESAPARECI\u00d3","author":"Alejandro Sosa Ruda","date":"28 abril, 2021","format":false,"excerpt":"Jennifer Blanco desapareci\u00f3 de su casa el s\u00e1bado pasado y todav\u00eda no hay detalles de su paradero. Su familia la busca desesperadamente. Horas de gran preocupaci\u00f3n se viven en Melchor Romero por la desaparici\u00f3n de\u00a0Jennifer Blanco, de 17 a\u00f1os, quien se fue de su casa el pasado s\u00e1bado y nada\u2026","rel":"","context":"En \u00abDESTACADAS\u00bb","block_context":{"text":"DESTACADAS","link":"https:\/\/larevistadigital.com.ar\/blog\/category\/destacadas\/"},"img":{"alt_text":"","src":"https:\/\/i0.wp.com\/larevistadigital.com.ar\/blog\/wp-content\/uploads\/CORTA.jpg?fit=900%2C892&ssl=1&resize=350%2C200","width":350,"height":200,"srcset":"https:\/\/i0.wp.com\/larevistadigital.com.ar\/blog\/wp-content\/uploads\/CORTA.jpg?fit=900%2C892&ssl=1&resize=350%2C200 1x, https:\/\/i0.wp.com\/larevistadigital.com.ar\/blog\/wp-content\/uploads\/CORTA.jpg?fit=900%2C892&ssl=1&resize=525%2C300 1.5x, https:\/\/i0.wp.com\/larevistadigital.com.ar\/blog\/wp-content\/uploads\/CORTA.jpg?fit=900%2C892&ssl=1&resize=700%2C400 2x"},"classes":[]},{"id":26129,"url":"https:\/\/larevistadigital.com.ar\/blog\/muerte-en-comisaria-de-laprida\/","url_meta":{"origin":32807,"position":3},"title":"MUERTE EN COMISAR\u00cdA DE LAPRIDA:","author":"Alejandro Sosa Ruda","date":"26 junio, 2022","format":false,"excerpt":"La Comisi\u00f3n Provincial por la Memoria (CPM) solicit\u00f3 a la jueza de garant\u00edas Fabiana San Rom\u00e1n, que ordene la reautopsia sobre el cuerpo de Daiana Abreg\u00fa, la joven que muri\u00f3 en un calabozo de la comisar\u00eda de Laprida. LAPRIDA -\u00a0 A pesar de esto y de otras pruebas en el\u2026","rel":"","context":"En \u00abINTERES GENERAL\u00bb","block_context":{"text":"INTERES GENERAL","link":"https:\/\/larevistadigital.com.ar\/blog\/category\/interes-general\/"},"img":{"alt_text":"","src":"https:\/\/i0.wp.com\/larevistadigital.com.ar\/blog\/wp-content\/uploads\/20220626163541_fiscalia-azul-daiana-autopsia.jpg?fit=880%2C512&ssl=1&resize=350%2C200","width":350,"height":200,"srcset":"https:\/\/i0.wp.com\/larevistadigital.com.ar\/blog\/wp-content\/uploads\/20220626163541_fiscalia-azul-daiana-autopsia.jpg?fit=880%2C512&ssl=1&resize=350%2C200 1x, https:\/\/i0.wp.com\/larevistadigital.com.ar\/blog\/wp-content\/uploads\/20220626163541_fiscalia-azul-daiana-autopsia.jpg?fit=880%2C512&ssl=1&resize=525%2C300 1.5x, https:\/\/i0.wp.com\/larevistadigital.com.ar\/blog\/wp-content\/uploads\/20220626163541_fiscalia-azul-daiana-autopsia.jpg?fit=880%2C512&ssl=1&resize=700%2C400 2x"},"classes":[]},{"id":30758,"url":"https:\/\/larevistadigital.com.ar\/blog\/se-busca-con-desesperacion-a-una-platense-desaparecida-en-italia\/","url_meta":{"origin":32807,"position":4},"title":"SE BUSCA CON DESESPERACI\u00d3N A UNA PLATENSE DESAPARECIDA EN ITALIA","author":"Alejandro Sosa Ruda","date":"28 marzo, 2023","format":false,"excerpt":"Hace una semana que no la encuentran. La comunidad de argentinos en Roma difunde su desaparici\u00f3n por las redes pero todav\u00eda no hay novedades sobre su paradero. 28 de marzo de 2023 Melisa Dinardo, una joven platense de 29 a\u00f1os,\u00a0est\u00e1 desaparecida desde hace una semana en Italia. Parti\u00f3 desde Citanova\u2026","rel":"","context":"En \u00abINTERES GENERAL\u00bb","block_context":{"text":"INTERES GENERAL","link":"https:\/\/larevistadigital.com.ar\/blog\/category\/interes-general\/"},"img":{"alt_text":"","src":"https:\/\/i0.wp.com\/larevistadigital.com.ar\/blog\/wp-content\/uploads\/1680018502183.jpg?fit=768%2C532&ssl=1&resize=350%2C200","width":350,"height":200,"srcset":"https:\/\/i0.wp.com\/larevistadigital.com.ar\/blog\/wp-content\/uploads\/1680018502183.jpg?fit=768%2C532&ssl=1&resize=350%2C200 1x, https:\/\/i0.wp.com\/larevistadigital.com.ar\/blog\/wp-content\/uploads\/1680018502183.jpg?fit=768%2C532&ssl=1&resize=525%2C300 1.5x, https:\/\/i0.wp.com\/larevistadigital.com.ar\/blog\/wp-content\/uploads\/1680018502183.jpg?fit=768%2C532&ssl=1&resize=700%2C400 2x"},"classes":[]},{"id":22273,"url":"https:\/\/larevistadigital.com.ar\/blog\/hicieron-un-asado-en-una-carpinteria-apagaron-mal-el-fuego-y-se-incendio-todo\/","url_meta":{"origin":32807,"position":5},"title":"HICIERON UN ASADO EN UNA CARPINTER\u00cdA, APAGARON MAL EL FUEGO Y SE INCENDI\u00d3 TODO","author":"Alejandro Sosa Ruda","date":"7 octubre, 2021","format":false,"excerpt":"El hecho ocurri\u00f3 en Laprida al 5100, este mi\u00e9rcoles a la madrugada. A pesar de la gravedad de lo ocurrido, no se registraron v\u00edctimas ni heridos pero los da\u00f1os fueron de consideraci\u00f3n. MAR DEL LATA - Una vivienda ubicada en Laprida al 5100 en la que adem\u00e1s funciona una carpinter\u00eda\u2026","rel":"","context":"En \u00abREGIONALES\u00bb","block_context":{"text":"REGIONALES","link":"https:\/\/larevistadigital.com.ar\/blog\/category\/regionales\/"},"img":{"alt_text":"","src":"https:\/\/i0.wp.com\/larevistadigital.com.ar\/blog\/wp-content\/uploads\/Captura-de-pantalla-2021-10-07-074209.jpg?fit=1012%2C532&ssl=1&resize=350%2C200","width":350,"height":200,"srcset":"https:\/\/i0.wp.com\/larevistadigital.com.ar\/blog\/wp-content\/uploads\/Captura-de-pantalla-2021-10-07-074209.jpg?fit=1012%2C532&ssl=1&resize=350%2C200 1x, https:\/\/i0.wp.com\/larevistadigital.com.ar\/blog\/wp-content\/uploads\/Captura-de-pantalla-2021-10-07-074209.jpg?fit=1012%2C532&ssl=1&resize=525%2C300 1.5x, https:\/\/i0.wp.com\/larevistadigital.com.ar\/blog\/wp-content\/uploads\/Captura-de-pantalla-2021-10-07-074209.jpg?fit=1012%2C532&ssl=1&resize=700%2C400 2x"},"classes":[]}],"_links":{"self":[{"href":"https:\/\/larevistadigital.com.ar\/blog\/wp-json\/wp\/v2\/posts\/32807","targetHints":{"allow":["GET"]}}],"collection":[{"href":"https:\/\/larevistadigital.com.ar\/blog\/wp-json\/wp\/v2\/posts"}],"about":[{"href":"https:\/\/larevistadigital.com.ar\/blog\/wp-json\/wp\/v2\/types\/post"}],"author":[{"embeddable":true,"href":"https:\/\/larevistadigital.com.ar\/blog\/wp-json\/wp\/v2\/users\/3"}],"replies":[{"embeddable":true,"href":"https:\/\/larevistadigital.com.ar\/blog\/wp-json\/wp\/v2\/comments?post=32807"}],"version-history":[{"count":1,"href":"https:\/\/larevistadigital.com.ar\/blog\/wp-json\/wp\/v2\/posts\/32807\/revisions"}],"predecessor-version":[{"id":32809,"href":"https:\/\/larevistadigital.com.ar\/blog\/wp-json\/wp\/v2\/posts\/32807\/revisions\/32809"}],"wp:featuredmedia":[{"embeddable":true,"href":"https:\/\/larevistadigital.com.ar\/blog\/wp-json\/wp\/v2\/media\/32808"}],"wp:attachment":[{"href":"https:\/\/larevistadigital.com.ar\/blog\/wp-json\/wp\/v2\/media?parent=32807"}],"wp:term":[{"taxonomy":"category","embeddable":true,"href":"https:\/\/larevistadigital.com.ar\/blog\/wp-json\/wp\/v2\/categories?post=32807"},{"taxonomy":"post_tag","embeddable":true,"href":"https:\/\/larevistadigital.com.ar\/blog\/wp-json\/wp\/v2\/tags?post=32807"}],"curies":[{"name":"wp","href":"https:\/\/api.w.org\/{rel}","templated":true}]}}