{"id":32810,"date":"2023-08-08T16:34:30","date_gmt":"2023-08-08T16:34:30","guid":{"rendered":"https:\/\/larevistadigital.com.ar\/blog\/?p=32810"},"modified":"2023-08-08T16:34:30","modified_gmt":"2023-08-08T16:34:30","slug":"kicillof-cerro-con-una-mateada-la-campana-del-peronismo-platense","status":"publish","type":"post","link":"https:\/\/larevistadigital.com.ar\/blog\/kicillof-cerro-con-una-mateada-la-campana-del-peronismo-platense\/","title":{"rendered":"KICILLOF CERR\u00d3 CON UNA MATEADA LA CAMPA\u00d1A DEL PERONISMO PLATENSE"},"content":{"rendered":"<h2 class=\"fparrafo ctext fz18 lh25\"><em>\u201cLa capital de la provincia de Buenos Aires est\u00e1 siendo gobernada por una fuerza que no cree en su destino de producci\u00f3n, trabajo, salud y educaci\u00f3n: para dejar atr\u00e1s esa etapa, la \u00fanica boleta que vale es la boleta completa de Uni\u00f3n por la Patria\u201d<\/em>, expres\u00f3 este domingo el gobernador Axel Kicillof al participar de una mateada en la plaza Islas Malvinas, junto a los precandidatos a intendente de La Plata, Julio Alak; a senadores bonaerenses, Florencia Saintout y Pedro Borgini; y a concejal platense, Pablo El\u00edas.<\/h2>\n<p><strong>LA PLATA &#8211;\u00a0 <\/strong>En ese marco, <strong>Kicillof<\/strong> se\u00f1al\u00f3 que <em><strong>\u201cno podemos permitir que contin\u00fae este nivel de abandono en La Plata, una ciudad en la que hay much\u00edsima potencialidad inexplotada porque faltan parques industriales, inclusi\u00f3n en los barrios y un proyecto productivo\u201d. \u201cGracias a la unidad, a la experiencia y al trabajo en conjunto de nuestra militancia, vamos a hacer que nuestra capital sea de nuevo un orgullo para todos y todas las bonaerenses\u201d<\/strong><\/em>, a\u00f1adi\u00f3.<\/p>\n<blockquote>\n<h3 class=\"selectionShareable\"><em><strong>\u201cEstamos ac\u00e1 porque queremos dejar atr\u00e1s este modelo de municipio de puertas cerradas: vamos a abrirles las puertas a los trabajadores, los clubes de barrio, la cultura y las instituciones de nuestro pueblo\u201d<\/strong><\/em>, se\u00f1al\u00f3 <strong>Alak<\/strong> y sostuvo:<strong><em> \u201cNecesitamos un gobierno local que se haga cargo de resolver los problemas reales y trabaje junto a la Provincia y la Naci\u00f3n para construir una regi\u00f3n productiva\u201d<\/em><\/strong>.<\/h3>\n<\/blockquote>\n<p class=\"selectionShareable\">Adem\u00e1s, <strong>Alak<\/strong> subray\u00f3: <strong><em>\u201cQuiero ser intendente de La Plata para que vuelva a ser una gran capital, para integrar los barrios de los que no tienen voz y para urbanizar 7 mil cuadras de tierra\u201d. \u201cDebemos dejar atr\u00e1s la decadencia a la que nos llev\u00f3 un gobierno municipal ausente y lo vamos a hacer junto a Axel Kicillof, los trabajadores y una militancia que trabaja todo el a\u00f1o para transformar la ciudad\u201d<\/em><\/strong>, dijo.<\/p>\n<blockquote>\n<h3 class=\"selectionShareable\">En tanto, Saintout destac\u00f3 que<em> \u201cestamos aqu\u00ed quienes hemos encontrado una cultura com\u00fan en base al \u00fanico compromiso de hacer mejor la vida de todos y todas las platenses\u201d. \u201cEn esta elecci\u00f3n vamos a honrar la memoria de una ciudad hecha por ladrilleros, alba\u00f1iles, inmigrantes y trabajadores que so\u00f1aron un futuro mejor para ellos y para sus hijos\u201d<\/em>, agreg\u00f3.<\/h3>\n<\/blockquote>\n<p class=\"selectionShareable\">Por \u00faltimo, <strong>Kicillof<\/strong> indic\u00f3 que <strong><em>\u201cen el cuarto oscuro habr\u00e1 dos proyectos de pa\u00eds: esta semana no podemos descansar ni un minuto hasta que todos y todas las bonaerenses sepan que la boleta de Uni\u00f3n por la Patria es un escudo que los protege del ajuste y de los planes de la derecha\u201d. \u201cEs tambi\u00e9n la boleta que nos impulsa para defender todo lo que hemos logrado y continuar avanzando con la recuperaci\u00f3n salarial y una mejor distribuci\u00f3n del ingreso\u201d<\/em><\/strong>, concluy\u00f3.<\/p>\n<p class=\"selectionShareable\">Seg\u00fan consigna Provincia BA, estuvieron presentes integrantes del gabinete provincial, legisladores y legisladoras, integrantes de la Lista 2 de Uni\u00f3n por la Patria en la regi\u00f3n, vecinos y vecinas de la ciudad de La Plata. (<b>InfoGEI<\/b>)Ac<\/p>\n","protected":false},"excerpt":{"rendered":"<div class=\"mh-excerpt\"><p>\u201cLa capital de la provincia de Buenos Aires est\u00e1 siendo gobernada por una fuerza que no cree en su destino de producci\u00f3n, trabajo, salud y educaci\u00f3n: para dejar atr\u00e1s esa etapa, la \u00fanica boleta que <a class=\"mh-excerpt-more\" href=\"https:\/\/larevistadigital.com.ar\/blog\/kicillof-cerro-con-una-mateada-la-campana-del-peronismo-platense\/\" title=\"KICILLOF CERR\u00d3 CON UNA MATEADA LA CAMPA\u00d1A DEL PERONISMO PLATENSE\">[Leer M\u00e1s]<\/a><\/p>\n<\/div>","protected":false},"author":3,"featured_media":32811,"comment_status":"open","ping_status":"open","sticky":false,"template":"","format":"standard","meta":{"_jetpack_memberships_contains_paid_content":false,"footnotes":"","jetpack_publicize_message":"","jetpack_publicize_feature_enabled":true,"jetpack_social_post_already_shared":true,"jetpack_social_options":{"image_generator_settings":{"template":"highway","default_image_id":0,"font":"","enabled":false},"version":2}},"categories":[41,12,24],"tags":[],"class_list":{"0":"post-32810","1":"post","2":"type-post","3":"status-publish","4":"format-standard","5":"has-post-thumbnail","7":"category-destacadas","8":"category-politica","9":"category-politica-provincial"},"jetpack_publicize_connections":[],"jetpack_featured_media_url":"https:\/\/i0.wp.com\/larevistadigital.com.ar\/blog\/wp-content\/uploads\/20230807124529_kicillof-campana-peronismo-platense.jpg?fit=880%2C512&ssl=1","jetpack_sharing_enabled":true,"jetpack_shortlink":"https:\/\/wp.me\/p8qtrQ-8xc","jetpack-related-posts":[{"id":12711,"url":"https:\/\/larevistadigital.com.ar\/blog\/la-plata-partido-justicialista-denuncio-a-garro-aqui-los-detalles\/","url_meta":{"origin":32810,"position":0},"title":"LA PLATA: PARTIDO JUSTICIALISTA DENUNCI\u00d3 A GARRO. AQU\u00cd LOS DETALLES","author":"Alejandro Sosa Ruda","date":"18 octubre, 2019","format":false,"excerpt":"La aparici\u00f3n de afiches promoviendo el corte de boleta contra la candidata del Frente de Todos, Florencia Saintout, y a favor del actual mandatario, Julio Garro, llevaron al PJ local a denunciar este hecho ante la justicia electoral. Dentro del Justicialismo hay sectores que apoyan la candidatura del jefe comunal\u2026","rel":"","context":"En \u00abPOLITICA PROVINCIAL\u00bb","block_context":{"text":"POLITICA PROVINCIAL","link":"https:\/\/larevistadigital.com.ar\/blog\/category\/politica\/politica-provincial\/"},"img":{"alt_text":"","src":"https:\/\/i0.wp.com\/larevistadigital.com.ar\/blog\/wp-content\/uploads\/EHAlKr3WwAASEvv.jpg?fit=900%2C506&ssl=1&resize=350%2C200","width":350,"height":200,"srcset":"https:\/\/i0.wp.com\/larevistadigital.com.ar\/blog\/wp-content\/uploads\/EHAlKr3WwAASEvv.jpg?fit=900%2C506&ssl=1&resize=350%2C200 1x, https:\/\/i0.wp.com\/larevistadigital.com.ar\/blog\/wp-content\/uploads\/EHAlKr3WwAASEvv.jpg?fit=900%2C506&ssl=1&resize=525%2C300 1.5x, https:\/\/i0.wp.com\/larevistadigital.com.ar\/blog\/wp-content\/uploads\/EHAlKr3WwAASEvv.jpg?fit=900%2C506&ssl=1&resize=700%2C400 2x"},"classes":[]},{"id":38375,"url":"https:\/\/larevistadigital.com.ar\/blog\/kicillof-tengo-la-obligacion-de-ponerme-al-hombro-la-construccion-de-una-alternativa-para-el-futuro\/","url_meta":{"origin":32810,"position":1},"title":"Kicillof: \u201cTengo la obligaci\u00f3n de ponerme al hombro la construcci\u00f3n de una alternativa para el futuro\u201d","author":"Alejandro Sosa Ruda","date":"21 diciembre, 2024","format":false,"excerpt":"A tan solo cinco meses del cierre de listas de candidatos a legisladores nacionales y provinciales, el gobernador bonaerense, Axel Kicillof, parece estar decidido a desafiar al gobierno nacional, pero que, solapadamente encubre una disputa interna con el kirchnerismo puro, intencionalidad que ya no se oculta en el sector del\u2026","rel":"","context":"En \u00abPOLITICA PROVINCIAL\u00bb","block_context":{"text":"POLITICA PROVINCIAL","link":"https:\/\/larevistadigital.com.ar\/blog\/category\/politica\/politica-provincial\/"},"img":{"alt_text":"","src":"https:\/\/i0.wp.com\/larevistadigital.com.ar\/blog\/wp-content\/uploads\/20241221105027_kicillof-plaza-malvinas-mateada.jpg?fit=880%2C512&ssl=1&resize=350%2C200","width":350,"height":200,"srcset":"https:\/\/i0.wp.com\/larevistadigital.com.ar\/blog\/wp-content\/uploads\/20241221105027_kicillof-plaza-malvinas-mateada.jpg?fit=880%2C512&ssl=1&resize=350%2C200 1x, https:\/\/i0.wp.com\/larevistadigital.com.ar\/blog\/wp-content\/uploads\/20241221105027_kicillof-plaza-malvinas-mateada.jpg?fit=880%2C512&ssl=1&resize=525%2C300 1.5x, https:\/\/i0.wp.com\/larevistadigital.com.ar\/blog\/wp-content\/uploads\/20241221105027_kicillof-plaza-malvinas-mateada.jpg?fit=880%2C512&ssl=1&resize=700%2C400 2x"},"classes":[]},{"id":37939,"url":"https:\/\/larevistadigital.com.ar\/blog\/kicillof-asistio-al-gran-premio-internacional-dardo-rocha-en-el-hipodromo-de-la-plata\/","url_meta":{"origin":32810,"position":2},"title":"Kicillof asisti\u00f3 al Gran Premio Internacional Dardo Rocha en el Hip\u00f3dromo de La Plata","author":"Alejandro Sosa Ruda","date":"21 noviembre, 2024","format":false,"excerpt":"El Gobernador encabez\u00f3 el acto frente al monumento Batalla Vuelta de Obligado, junto a la vicegobernadora Ver\u00f3nica Magario y el intendente Cecilio Salazar. 21 de Noviembre de 2024 LA PLATA -\u00a0 El gobernador de la provincia de Buenos Aires, Axel Kicillof, asisti\u00f3 este martes a la tradicional carrera de caballos\u2026","rel":"","context":"En \u00abINTERES GENERAL\u00bb","block_context":{"text":"INTERES GENERAL","link":"https:\/\/larevistadigital.com.ar\/blog\/category\/interes-general\/"},"img":{"alt_text":"","src":"https:\/\/i0.wp.com\/larevistadigital.com.ar\/blog\/wp-content\/uploads\/77A60042ed.jpg?fit=743%2C530&ssl=1&resize=350%2C200","width":350,"height":200,"srcset":"https:\/\/i0.wp.com\/larevistadigital.com.ar\/blog\/wp-content\/uploads\/77A60042ed.jpg?fit=743%2C530&ssl=1&resize=350%2C200 1x, https:\/\/i0.wp.com\/larevistadigital.com.ar\/blog\/wp-content\/uploads\/77A60042ed.jpg?fit=743%2C530&ssl=1&resize=525%2C300 1.5x, https:\/\/i0.wp.com\/larevistadigital.com.ar\/blog\/wp-content\/uploads\/77A60042ed.jpg?fit=743%2C530&ssl=1&resize=700%2C400 2x"},"classes":[]},{"id":32766,"url":"https:\/\/larevistadigital.com.ar\/blog\/axel-kicillof-union-por-la-patria-es-un-escudo-contra-la-derecha\/","url_meta":{"origin":32810,"position":3},"title":"AXEL KICILLOF: \u00abUNI\u00d3N POR LA PATRIA ES UN ESCUDO CONTRA LA DERECHA\u00bb","author":"Alejandro Sosa Ruda","date":"4 agosto, 2023","format":false,"excerpt":"El gobernador bonaerense y candidato a la reelecci\u00f3n por UxP encabez\u00f3 un acto junto a varios gremios en Ensenada, donde llam\u00f3 \"a reventar las urnas el 13 de agosto\" y \"a dar\u00a0una demostraci\u00f3n de defensa ante las pol\u00edticas que ya se aplicaron durante el macrismo\". 3 de agosto de 2023\u2026","rel":"","context":"En \u00abPOLITICA\u00bb","block_context":{"text":"POLITICA","link":"https:\/\/larevistadigital.com.ar\/blog\/category\/politica\/"},"img":{"alt_text":"","src":"https:\/\/i0.wp.com\/larevistadigital.com.ar\/blog\/wp-content\/uploads\/Captura-de-pantalla-2023-08-03-235331.jpg?fit=830%2C445&ssl=1&resize=350%2C200","width":350,"height":200,"srcset":"https:\/\/i0.wp.com\/larevistadigital.com.ar\/blog\/wp-content\/uploads\/Captura-de-pantalla-2023-08-03-235331.jpg?fit=830%2C445&ssl=1&resize=350%2C200 1x, https:\/\/i0.wp.com\/larevistadigital.com.ar\/blog\/wp-content\/uploads\/Captura-de-pantalla-2023-08-03-235331.jpg?fit=830%2C445&ssl=1&resize=525%2C300 1.5x, https:\/\/i0.wp.com\/larevistadigital.com.ar\/blog\/wp-content\/uploads\/Captura-de-pantalla-2023-08-03-235331.jpg?fit=830%2C445&ssl=1&resize=700%2C400 2x"},"classes":[]},{"id":37631,"url":"https:\/\/larevistadigital.com.ar\/blog\/mar-del-plata-kicillof-estara-para-la-apertura-de-los-juegos-bonaerenses\/","url_meta":{"origin":32810,"position":4},"title":"Mar del Plata: Kicillof estar\u00e1 para la apertura de los juegos bonaerenses","author":"Alejandro Sosa Ruda","date":"27 octubre, 2024","format":false,"excerpt":"Ser\u00e1 este lunes en un escenario que se mont\u00f3 en La Rambla. Se espera la participaci\u00f3n de dos grandes artistas en la fiesta de apertura. 27 de Octubre de 2024 MAR DEL PLATA -\u00a0 \u00a0Axel Kicillof, Gobernador de la Provincia de Buenos Aires. arribar\u00e1 este lunes a la ciudad de\u2026","rel":"","context":"En \u00abPOLITICA\u00bb","block_context":{"text":"POLITICA","link":"https:\/\/larevistadigital.com.ar\/blog\/category\/politica\/"},"img":{"alt_text":"","src":"https:\/\/i0.wp.com\/larevistadigital.com.ar\/blog\/wp-content\/uploads\/Captura-de-pantalla-2024-10-27-232506.png?fit=819%2C428&ssl=1&resize=350%2C200","width":350,"height":200,"srcset":"https:\/\/i0.wp.com\/larevistadigital.com.ar\/blog\/wp-content\/uploads\/Captura-de-pantalla-2024-10-27-232506.png?fit=819%2C428&ssl=1&resize=350%2C200 1x, https:\/\/i0.wp.com\/larevistadigital.com.ar\/blog\/wp-content\/uploads\/Captura-de-pantalla-2024-10-27-232506.png?fit=819%2C428&ssl=1&resize=525%2C300 1.5x, https:\/\/i0.wp.com\/larevistadigital.com.ar\/blog\/wp-content\/uploads\/Captura-de-pantalla-2024-10-27-232506.png?fit=819%2C428&ssl=1&resize=700%2C400 2x"},"classes":[]},{"id":39281,"url":"https:\/\/larevistadigital.com.ar\/blog\/kicillof-volvio-a-llamar-a-la-unidad-para-frenar-las-politicas-de-milei-y-defender-la-provincia\/","url_meta":{"origin":32810,"position":5},"title":"Kicillof volvi\u00f3 a llamar a la unidad para frenar las pol\u00edticas de Milei y defender la Provincia","author":"Alejandro Sosa Ruda","date":"4 abril, 2025","format":false,"excerpt":"El gobernador de la provincia de Buenos Aires, Axel Kicillof, encabez\u00f3 este jueves el cierre del ciclo de charlas \u201cDebate del Futuro\u201d en el Teatro Argentino de La Plata. Lo acompa\u00f1aron el ministro de Gobierno, Carlos Bianco; el subsecretario de Econom\u00eda Popular, Daniel Men\u00e9ndez; y el intendente platense, Julio Alak.\u2026","rel":"","context":"En \u00abINTERES GENERAL\u00bb","block_context":{"text":"INTERES GENERAL","link":"https:\/\/larevistadigital.com.ar\/blog\/category\/interes-general\/"},"img":{"alt_text":"","src":"https:\/\/i0.wp.com\/larevistadigital.com.ar\/blog\/wp-content\/uploads\/20250403195806_kicillof-acto-contra-milei-provincia.jpg?fit=880%2C512&ssl=1&resize=350%2C200","width":350,"height":200,"srcset":"https:\/\/i0.wp.com\/larevistadigital.com.ar\/blog\/wp-content\/uploads\/20250403195806_kicillof-acto-contra-milei-provincia.jpg?fit=880%2C512&ssl=1&resize=350%2C200 1x, https:\/\/i0.wp.com\/larevistadigital.com.ar\/blog\/wp-content\/uploads\/20250403195806_kicillof-acto-contra-milei-provincia.jpg?fit=880%2C512&ssl=1&resize=525%2C300 1.5x, https:\/\/i0.wp.com\/larevistadigital.com.ar\/blog\/wp-content\/uploads\/20250403195806_kicillof-acto-contra-milei-provincia.jpg?fit=880%2C512&ssl=1&resize=700%2C400 2x"},"classes":[]}],"_links":{"self":[{"href":"https:\/\/larevistadigital.com.ar\/blog\/wp-json\/wp\/v2\/posts\/32810","targetHints":{"allow":["GET"]}}],"collection":[{"href":"https:\/\/larevistadigital.com.ar\/blog\/wp-json\/wp\/v2\/posts"}],"about":[{"href":"https:\/\/larevistadigital.com.ar\/blog\/wp-json\/wp\/v2\/types\/post"}],"author":[{"embeddable":true,"href":"https:\/\/larevistadigital.com.ar\/blog\/wp-json\/wp\/v2\/users\/3"}],"replies":[{"embeddable":true,"href":"https:\/\/larevistadigital.com.ar\/blog\/wp-json\/wp\/v2\/comments?post=32810"}],"version-history":[{"count":1,"href":"https:\/\/larevistadigital.com.ar\/blog\/wp-json\/wp\/v2\/posts\/32810\/revisions"}],"predecessor-version":[{"id":32812,"href":"https:\/\/larevistadigital.com.ar\/blog\/wp-json\/wp\/v2\/posts\/32810\/revisions\/32812"}],"wp:featuredmedia":[{"embeddable":true,"href":"https:\/\/larevistadigital.com.ar\/blog\/wp-json\/wp\/v2\/media\/32811"}],"wp:attachment":[{"href":"https:\/\/larevistadigital.com.ar\/blog\/wp-json\/wp\/v2\/media?parent=32810"}],"wp:term":[{"taxonomy":"category","embeddable":true,"href":"https:\/\/larevistadigital.com.ar\/blog\/wp-json\/wp\/v2\/categories?post=32810"},{"taxonomy":"post_tag","embeddable":true,"href":"https:\/\/larevistadigital.com.ar\/blog\/wp-json\/wp\/v2\/tags?post=32810"}],"curies":[{"name":"wp","href":"https:\/\/api.w.org\/{rel}","templated":true}]}}