{"id":32813,"date":"2023-08-08T16:53:07","date_gmt":"2023-08-08T16:53:07","guid":{"rendered":"https:\/\/larevistadigital.com.ar\/blog\/?p=32813"},"modified":"2023-08-08T16:53:07","modified_gmt":"2023-08-08T16:53:07","slug":"atropellaron-a-un-hombre-que-caminaba-por-la-ruta-2-esta-en-grave-estado","status":"publish","type":"post","link":"https:\/\/larevistadigital.com.ar\/blog\/atropellaron-a-un-hombre-que-caminaba-por-la-ruta-2-esta-en-grave-estado\/","title":{"rendered":"ATROPELLARON A UN HOMBRE QUE CAMINABA POR LA RUTA 2. EST\u00c1 EN GRAVE ESTADO"},"content":{"rendered":"<h2>Sucedi\u00f3 mientras la persona hac\u00eda ejercicios, durante la ma\u00f1ana de ayer.<\/h2>\n<p>8 de agosto de 2023<\/p>\n<p><strong>MAR CHIQUITA &#8211;\u00a0 <\/strong>Una persona de sexo masculino de <strong>58 a\u00f1os<\/strong> de edad,\u00a0 fue atropellado en la ruta 2, en jurisdicci\u00f3n del partido de <strong>Mar Chiquita, y se encuentra en grave estado.<\/strong><\/p>\n<blockquote>\n<h3>El lamentable siniestro ocurri\u00f3 durante la ma\u00f1ana de ayer,\u00a0a la altura del kil\u00f3metro 339\u00a0en el carril externo de circulaci\u00f3n en sentido a Mar del Plata, en cercan\u00edas de la localidad de\u00a0<strong>Coronel Vidal<\/strong>.<\/h3>\n<\/blockquote>\n<p>La v\u00edctima fue atropellada mientras se hallaba caminando con el objetivo de realizar ejercicio f\u00edsico, algo que practicaba con habitualidad, seg\u00fan informa el portal 0223.com.ar.<\/p>\n<blockquote>\n<h3>Ante la delicada situaci\u00f3n del hombre, oriundo de Coronel Vidal, se determin\u00f3 su<strong>\u00a0urgente traslado al hospital interzonal de Mar del Plata<\/strong>, donde permanece internado.<\/h3>\n<\/blockquote>\n<p>La zona en donde ocurri\u00f3 el hecho qued\u00f3 liberada finalmente dos horas despu\u00e9s, minutos antes de las 12.00 del mediod\u00eda.<\/p>\n<p>&nbsp;<\/p>\n","protected":false},"excerpt":{"rendered":"<div class=\"mh-excerpt\"><p>Sucedi\u00f3 mientras la persona hac\u00eda ejercicios, durante la ma\u00f1ana de ayer. 8 de agosto de 2023 MAR CHIQUITA &#8211;\u00a0 Una persona de sexo masculino de 58 a\u00f1os de edad,\u00a0 fue atropellado en la ruta 2, <a class=\"mh-excerpt-more\" href=\"https:\/\/larevistadigital.com.ar\/blog\/atropellaron-a-un-hombre-que-caminaba-por-la-ruta-2-esta-en-grave-estado\/\" title=\"ATROPELLARON A UN HOMBRE QUE CAMINABA POR LA RUTA 2. EST\u00c1 EN GRAVE ESTADO\">[Leer M\u00e1s]<\/a><\/p>\n<\/div>","protected":false},"author":3,"featured_media":8706,"comment_status":"open","ping_status":"open","sticky":false,"template":"","format":"standard","meta":{"_jetpack_memberships_contains_paid_content":false,"footnotes":"","jetpack_publicize_message":"","jetpack_publicize_feature_enabled":true,"jetpack_social_post_already_shared":true,"jetpack_social_options":{"image_generator_settings":{"template":"highway","default_image_id":0,"font":"","enabled":false},"version":2}},"categories":[44,51],"tags":[],"class_list":{"0":"post-32813","1":"post","2":"type-post","3":"status-publish","4":"format-standard","5":"has-post-thumbnail","7":"category-policiales","8":"category-regionales"},"jetpack_publicize_connections":[],"jetpack_featured_media_url":"https:\/\/i0.wp.com\/larevistadigital.com.ar\/blog\/wp-content\/uploads\/2019\/02\/ambulancia.jpg?fit=800%2C454&ssl=1","jetpack_sharing_enabled":true,"jetpack_shortlink":"https:\/\/wp.me\/p8qtrQ-8xf","jetpack-related-posts":[{"id":41458,"url":"https:\/\/larevistadigital.com.ar\/blog\/tragedia-en-coronel-vidal-un-motociclista-murio-y-otro-resulto-gravemente-herido-tras-chocar-contra-la-barrera-del-tren\/","url_meta":{"origin":32813,"position":0},"title":"Tragedia en Coronel Vidal: un motociclista muri\u00f3 y otro result\u00f3 gravemente herido tras chocar contra la barrera del tren","author":"Alejandro Sosa Ruda","date":"15 septiembre, 2025","format":false,"excerpt":"El siniestro ocurri\u00f3 en la madrugada del domingo en el cruce de la Ruta 55 y el ingreso a Coronel Vidal. Uno de los conductores falleci\u00f3 en el acto y otro permanece internado en grave estado. 15 de septiembre de 2025 CORONEL VIDAL -\u00a0 \u00a0Un tr\u00e1gico accidente se produjo este\u2026","rel":"","context":"En \u00abPOLICIALES\u00bb","block_context":{"text":"POLICIALES","link":"https:\/\/larevistadigital.com.ar\/blog\/category\/policiales\/"},"img":{"alt_text":"","src":"https:\/\/i0.wp.com\/larevistadigital.com.ar\/blog\/wp-content\/uploads\/e554f2555198221fa41688bde2a8ab59e2797d3e.jpg?fit=1140%2C724&ssl=1&resize=350%2C200","width":350,"height":200,"srcset":"https:\/\/i0.wp.com\/larevistadigital.com.ar\/blog\/wp-content\/uploads\/e554f2555198221fa41688bde2a8ab59e2797d3e.jpg?fit=1140%2C724&ssl=1&resize=350%2C200 1x, https:\/\/i0.wp.com\/larevistadigital.com.ar\/blog\/wp-content\/uploads\/e554f2555198221fa41688bde2a8ab59e2797d3e.jpg?fit=1140%2C724&ssl=1&resize=525%2C300 1.5x, https:\/\/i0.wp.com\/larevistadigital.com.ar\/blog\/wp-content\/uploads\/e554f2555198221fa41688bde2a8ab59e2797d3e.jpg?fit=1140%2C724&ssl=1&resize=700%2C400 2x, https:\/\/i0.wp.com\/larevistadigital.com.ar\/blog\/wp-content\/uploads\/e554f2555198221fa41688bde2a8ab59e2797d3e.jpg?fit=1140%2C724&ssl=1&resize=1050%2C600 3x"},"classes":[]},{"id":30622,"url":"https:\/\/larevistadigital.com.ar\/blog\/mar-chiquita-imputan-a-una-mujer-por-arengar-a-pelear-a-su-hija-mientras-la-filmaba\/","url_meta":{"origin":32813,"position":1},"title":"MAR CHIQUITA: IMPUTAN A UNA MUJER POR ARENGAR A PELEAR A SU HIJA, MIENTRAS LA FILMABA","author":"Alejandro Sosa Ruda","date":"16 marzo, 2023","format":false,"excerpt":"La causa se origin\u00f3 cuando un hombre de Coronel Vidal denunci\u00f3 una agresi\u00f3n contra su hija de 13 a\u00f1os por parte de una compa\u00f1era. 15 de marzo de 2023 CORONEL VIDAL -\u00a0 Una mujer de 28 a\u00f1os con residencia en Coronel Vidal, partido de\u00a0Mar Chiquita, qued\u00f3 imputada en una causa\u2026","rel":"","context":"En \u00abPOLICIALES\u00bb","block_context":{"text":"POLICIALES","link":"https:\/\/larevistadigital.com.ar\/blog\/category\/policiales\/"},"img":{"alt_text":"","src":"https:\/\/i0.wp.com\/larevistadigital.com.ar\/blog\/wp-content\/uploads\/0aa3c8799850ce245e5c7feb8e0950b686fb78c4.jpg?fit=1140%2C716&ssl=1&resize=350%2C200","width":350,"height":200,"srcset":"https:\/\/i0.wp.com\/larevistadigital.com.ar\/blog\/wp-content\/uploads\/0aa3c8799850ce245e5c7feb8e0950b686fb78c4.jpg?fit=1140%2C716&ssl=1&resize=350%2C200 1x, https:\/\/i0.wp.com\/larevistadigital.com.ar\/blog\/wp-content\/uploads\/0aa3c8799850ce245e5c7feb8e0950b686fb78c4.jpg?fit=1140%2C716&ssl=1&resize=525%2C300 1.5x, https:\/\/i0.wp.com\/larevistadigital.com.ar\/blog\/wp-content\/uploads\/0aa3c8799850ce245e5c7feb8e0950b686fb78c4.jpg?fit=1140%2C716&ssl=1&resize=700%2C400 2x, https:\/\/i0.wp.com\/larevistadigital.com.ar\/blog\/wp-content\/uploads\/0aa3c8799850ce245e5c7feb8e0950b686fb78c4.jpg?fit=1140%2C716&ssl=1&resize=1050%2C600 3x"},"classes":[]},{"id":28207,"url":"https:\/\/larevistadigital.com.ar\/blog\/cnel-vidal-un-muerto-tras-choque-en-la-ruta-55\/","url_meta":{"origin":32813,"position":2},"title":"CNEL. VIDAL: UN MUERTO TRAS CHOQUE EN LA RUTA 55","author":"Alejandro Sosa Ruda","date":"2 octubre, 2022","format":false,"excerpt":"Fue entre una camioneta y un cami\u00f3n. Pudo ser como consecuencia de la gran niebla. 02 de Octubre de 2022 CORONEL VIDAL -\u00a0 El accidente sucedi\u00f3 durante la ma\u00f1ana de ayer, a la altura de Coronel Vidal en la\u00a0 ruta 55, donde un hombre de 65 a\u00f1os de edad, result\u00f3\u2026","rel":"","context":"En \u00abPOLICIALES\u00bb","block_context":{"text":"POLICIALES","link":"https:\/\/larevistadigital.com.ar\/blog\/category\/policiales\/"},"img":{"alt_text":"","src":"https:\/\/i0.wp.com\/larevistadigital.com.ar\/blog\/wp-content\/uploads\/f837c0c7427de0636a5e002abf5c8a555fa2a72a.jpg?fit=1140%2C641&ssl=1&resize=350%2C200","width":350,"height":200,"srcset":"https:\/\/i0.wp.com\/larevistadigital.com.ar\/blog\/wp-content\/uploads\/f837c0c7427de0636a5e002abf5c8a555fa2a72a.jpg?fit=1140%2C641&ssl=1&resize=350%2C200 1x, https:\/\/i0.wp.com\/larevistadigital.com.ar\/blog\/wp-content\/uploads\/f837c0c7427de0636a5e002abf5c8a555fa2a72a.jpg?fit=1140%2C641&ssl=1&resize=525%2C300 1.5x, https:\/\/i0.wp.com\/larevistadigital.com.ar\/blog\/wp-content\/uploads\/f837c0c7427de0636a5e002abf5c8a555fa2a72a.jpg?fit=1140%2C641&ssl=1&resize=700%2C400 2x, https:\/\/i0.wp.com\/larevistadigital.com.ar\/blog\/wp-content\/uploads\/f837c0c7427de0636a5e002abf5c8a555fa2a72a.jpg?fit=1140%2C641&ssl=1&resize=1050%2C600 3x"},"classes":[]},{"id":44183,"url":"https:\/\/larevistadigital.com.ar\/blog\/hallan-el-cuerpo-de-un-hombre-desnudo-en-la-playa\/","url_meta":{"origin":32813,"position":3},"title":"Hallan el cuerpo de un hombre desnudo en la playa","author":"Alejandro Sosa Ruda","date":"27 febrero, 2026","format":false,"excerpt":"Fue encontrado esta ma\u00f1ana por una persona que caminaba por la costa. Interviene la fiscal\u00eda descentralizada de Mar Chiquita y trabajan peritos en el lugar. 27 De febrero de 2026 MAR CHIQUITA -\u00a0 \u00a0El cuerpo de un hombre desnudo fue hallado este martes por la ma\u00f1ana en la zona de\u2026","rel":"","context":"En \u00abPOLICIALES\u00bb","block_context":{"text":"POLICIALES","link":"https:\/\/larevistadigital.com.ar\/blog\/category\/policiales\/"},"img":{"alt_text":"","src":"https:\/\/i0.wp.com\/larevistadigital.com.ar\/blog\/wp-content\/uploads\/Captura-de-pantalla-2026-02-27-121945.jpg?fit=813%2C409&ssl=1&resize=350%2C200","width":350,"height":200,"srcset":"https:\/\/i0.wp.com\/larevistadigital.com.ar\/blog\/wp-content\/uploads\/Captura-de-pantalla-2026-02-27-121945.jpg?fit=813%2C409&ssl=1&resize=350%2C200 1x, https:\/\/i0.wp.com\/larevistadigital.com.ar\/blog\/wp-content\/uploads\/Captura-de-pantalla-2026-02-27-121945.jpg?fit=813%2C409&ssl=1&resize=525%2C300 1.5x, https:\/\/i0.wp.com\/larevistadigital.com.ar\/blog\/wp-content\/uploads\/Captura-de-pantalla-2026-02-27-121945.jpg?fit=813%2C409&ssl=1&resize=700%2C400 2x"},"classes":[]},{"id":36445,"url":"https:\/\/larevistadigital.com.ar\/blog\/choque-en-la-ruta-11-con-el-saldo-de-un-muerto-y-tres-heridos\/","url_meta":{"origin":32813,"position":4},"title":"CHOQUE EN LA RUTA 11 CON EL SALDO DE UN MUERTO Y TRES HERIDOS","author":"Alejandro Sosa Ruda","date":"26 junio, 2024","format":false,"excerpt":"Ocurri\u00f3 en Mar Chiquita donde dos veh\u00edculos chocaron de frente. 26 de Junio de 2024 MAR CHIQUITA -\u00a0 \u00a0Un violento siniestro ocurri\u00f3 en la ruta 11 a la altura del kil\u00f3metro 480, en cercan\u00eda a Mar Chiquita, cuando un autom\u00f3vil Renault Kangoo y un Fiat Qubo chocaron de manera frontal,\u2026","rel":"","context":"En \u00abPOLICIALES\u00bb","block_context":{"text":"POLICIALES","link":"https:\/\/larevistadigital.com.ar\/blog\/category\/policiales\/"},"img":{"alt_text":"","src":"https:\/\/i0.wp.com\/larevistadigital.com.ar\/blog\/wp-content\/uploads\/2dc5e1f1e708c3dc97a8da97fcce3082102b1a71.png?fit=1140%2C708&ssl=1&resize=350%2C200","width":350,"height":200,"srcset":"https:\/\/i0.wp.com\/larevistadigital.com.ar\/blog\/wp-content\/uploads\/2dc5e1f1e708c3dc97a8da97fcce3082102b1a71.png?fit=1140%2C708&ssl=1&resize=350%2C200 1x, https:\/\/i0.wp.com\/larevistadigital.com.ar\/blog\/wp-content\/uploads\/2dc5e1f1e708c3dc97a8da97fcce3082102b1a71.png?fit=1140%2C708&ssl=1&resize=525%2C300 1.5x, https:\/\/i0.wp.com\/larevistadigital.com.ar\/blog\/wp-content\/uploads\/2dc5e1f1e708c3dc97a8da97fcce3082102b1a71.png?fit=1140%2C708&ssl=1&resize=700%2C400 2x, https:\/\/i0.wp.com\/larevistadigital.com.ar\/blog\/wp-content\/uploads\/2dc5e1f1e708c3dc97a8da97fcce3082102b1a71.png?fit=1140%2C708&ssl=1&resize=1050%2C600 3x"},"classes":[]},{"id":19431,"url":"https:\/\/larevistadigital.com.ar\/blog\/policia-del-cuerpo-motorizado-se-encuentra-grave-luego-de-accidentarse-en-la-ruta-11\/","url_meta":{"origin":32813,"position":5},"title":"POLIC\u00cdA DEL CUERPO MOTORIZADO SE ENCUENTRA GRAVE LUEGO DE ACCIDENTARSE EN LA RUTA 11","author":"Alejandro Sosa Ruda","date":"25 marzo, 2021","format":false,"excerpt":"El efectivo perdi\u00f3 el control del rodado y sufri\u00f3 serias lesiones. El accidente tuvo lugar a la altura de Mar Chiquita. MAR DEL PLATA - Un efectivo policial perteneciente al cuerpo motorizado vial se encuentra internado en grave estado tras haber sufrido un accidente en la ruta 11, a la\u2026","rel":"","context":"En \u00abREGIONALES\u00bb","block_context":{"text":"REGIONALES","link":"https:\/\/larevistadigital.com.ar\/blog\/category\/regionales\/"},"img":{"alt_text":"","src":"https:\/\/i0.wp.com\/larevistadigital.com.ar\/blog\/wp-content\/uploads\/a016bea37d404e98f3ac52ff26ae9dac861279a2.jpg?fit=1140%2C758&ssl=1&resize=350%2C200","width":350,"height":200,"srcset":"https:\/\/i0.wp.com\/larevistadigital.com.ar\/blog\/wp-content\/uploads\/a016bea37d404e98f3ac52ff26ae9dac861279a2.jpg?fit=1140%2C758&ssl=1&resize=350%2C200 1x, https:\/\/i0.wp.com\/larevistadigital.com.ar\/blog\/wp-content\/uploads\/a016bea37d404e98f3ac52ff26ae9dac861279a2.jpg?fit=1140%2C758&ssl=1&resize=525%2C300 1.5x, https:\/\/i0.wp.com\/larevistadigital.com.ar\/blog\/wp-content\/uploads\/a016bea37d404e98f3ac52ff26ae9dac861279a2.jpg?fit=1140%2C758&ssl=1&resize=700%2C400 2x, https:\/\/i0.wp.com\/larevistadigital.com.ar\/blog\/wp-content\/uploads\/a016bea37d404e98f3ac52ff26ae9dac861279a2.jpg?fit=1140%2C758&ssl=1&resize=1050%2C600 3x"},"classes":[]}],"_links":{"self":[{"href":"https:\/\/larevistadigital.com.ar\/blog\/wp-json\/wp\/v2\/posts\/32813","targetHints":{"allow":["GET"]}}],"collection":[{"href":"https:\/\/larevistadigital.com.ar\/blog\/wp-json\/wp\/v2\/posts"}],"about":[{"href":"https:\/\/larevistadigital.com.ar\/blog\/wp-json\/wp\/v2\/types\/post"}],"author":[{"embeddable":true,"href":"https:\/\/larevistadigital.com.ar\/blog\/wp-json\/wp\/v2\/users\/3"}],"replies":[{"embeddable":true,"href":"https:\/\/larevistadigital.com.ar\/blog\/wp-json\/wp\/v2\/comments?post=32813"}],"version-history":[{"count":1,"href":"https:\/\/larevistadigital.com.ar\/blog\/wp-json\/wp\/v2\/posts\/32813\/revisions"}],"predecessor-version":[{"id":32814,"href":"https:\/\/larevistadigital.com.ar\/blog\/wp-json\/wp\/v2\/posts\/32813\/revisions\/32814"}],"wp:featuredmedia":[{"embeddable":true,"href":"https:\/\/larevistadigital.com.ar\/blog\/wp-json\/wp\/v2\/media\/8706"}],"wp:attachment":[{"href":"https:\/\/larevistadigital.com.ar\/blog\/wp-json\/wp\/v2\/media?parent=32813"}],"wp:term":[{"taxonomy":"category","embeddable":true,"href":"https:\/\/larevistadigital.com.ar\/blog\/wp-json\/wp\/v2\/categories?post=32813"},{"taxonomy":"post_tag","embeddable":true,"href":"https:\/\/larevistadigital.com.ar\/blog\/wp-json\/wp\/v2\/tags?post=32813"}],"curies":[{"name":"wp","href":"https:\/\/api.w.org\/{rel}","templated":true}]}}