{"id":32816,"date":"2023-08-08T17:10:08","date_gmt":"2023-08-08T17:10:08","guid":{"rendered":"https:\/\/larevistadigital.com.ar\/blog\/?p=32816"},"modified":"2023-08-08T17:10:08","modified_gmt":"2023-08-08T17:10:08","slug":"la-plata-tragedia-en-un-incendio-en-una-casa-donde-un-hombre-quedo-encerrado-y-murio","status":"publish","type":"post","link":"https:\/\/larevistadigital.com.ar\/blog\/la-plata-tragedia-en-un-incendio-en-una-casa-donde-un-hombre-quedo-encerrado-y-murio\/","title":{"rendered":"LA PLATA: TRAGEDIA EN UN INCENDIO EN UNA CASA DONDE UN HOMBRE QUED\u00d3 ENCERRADO Y MURI\u00d3"},"content":{"rendered":"<h2 class=\"negrita\">La v\u00edctima viv\u00eda en una precaria casilla y qued\u00f3 atrapada en el voraz incendio que la consumi\u00f3 por completo. Los investigadores analizan qu\u00e9 inici\u00f3 el fuego.<\/h2>\n<p class=\"fecha\">08 de agosto de 2023<\/p>\n<div class=\"texto\">\n<p><strong>LA PLATA &#8211;\u00a0 Un hombre muri\u00f3 este martes por la ma\u00f1ana producto de un incendio desatado en San Carlos.<\/strong>\u00a0De acuerdo con las primeras precisiones del caso, la v\u00edctima qued\u00f3 qued\u00f3 atrapada en el interior de su vivienda, que comenz\u00f3 arder r\u00e1pidamente, y falleci\u00f3 antes de que pudiera ser asistido por los bomberos.<\/p>\n<blockquote>\n<h3>El fuego se desat\u00f3 en una casilla ubicada en 147 y 521 y la v\u00edctima fue identificada como\u00a0<strong>Crist\u00f3bal Cisto Sanabria<\/strong>, de 71 a\u00f1os. El personal de la subcomisar\u00eda La Uni\u00f3n se acerc\u00f3 al lugar tras un llamado al 911 y minutos m\u00e1s tarde lo hizo una dotaci\u00f3n de bomberos voluntarios, que apag\u00f3 r\u00e1pidamente las llamas pero nada pudo hacer para salvar al hombre.<\/h3>\n<\/blockquote>\n<p><a class=\"link\" href=\"https:\/\/i0.wp.com\/pxb.cdn.0221.com.ar\/0221\/082023\/1691502848463.jpeg?ssl=1\" target=\"_blank\" rel=\"noopener\"><img data-recalc-dims=\"1\" decoding=\"async\" src=\"https:\/\/i0.wp.com\/pxb.cdn.0221.com.ar\/0221\/082023\/1691502848463.jpeg?ssl=1\" alt=\"\" \/><\/a><\/p>\n<div class=\"contenedor__publicidad\">\n<div class=\"publicidad P10 desktop\">\n<blockquote>\n<h3 id=\"Inline\">El personal del Servicio de Atenci\u00f3n M\u00e9dica de Emergencias (SAME) constat\u00f3 finalmente el fallecimiento de Sanabria, quien no pudo escapar del fuego. Hasta el momento se desconoce el origen del incendio, pero la Unidad Funcional de Instrucci\u00f3n y Juicio N\u00b0 8 de La Plata orden\u00f3 la realizaci\u00f3n de las pericias correspondientes para intentar determinar qu\u00e9 fue lo que sucedi\u00f3.<\/h3>\n<\/blockquote>\n<\/div>\n<\/div>\n<p><a class=\"link\" href=\"https:\/\/i0.wp.com\/pxb.cdn.0221.com.ar\/0221\/082023\/1691502850134.jpeg?ssl=1\" target=\"_blank\" rel=\"noopener\"><img data-recalc-dims=\"1\" decoding=\"async\" src=\"https:\/\/i0.wp.com\/pxb.cdn.0221.com.ar\/0221\/082023\/1691502850134.jpeg?ssl=1\" alt=\"\" \/><\/a><\/p>\n<p>El cuerpo de la v\u00edctima, por su parte, fue trasladado a la morguera judicial, donde se le realizar\u00e1 una autopsia para confirmar cu\u00e1les fueron las causas de su deceso.<\/p>\n<\/div>\n","protected":false},"excerpt":{"rendered":"<div class=\"mh-excerpt\"><p>La v\u00edctima viv\u00eda en una precaria casilla y qued\u00f3 atrapada en el voraz incendio que la consumi\u00f3 por completo. Los investigadores analizan qu\u00e9 inici\u00f3 el fuego. 08 de agosto de 2023 LA PLATA &#8211;\u00a0 Un <a class=\"mh-excerpt-more\" href=\"https:\/\/larevistadigital.com.ar\/blog\/la-plata-tragedia-en-un-incendio-en-una-casa-donde-un-hombre-quedo-encerrado-y-murio\/\" title=\"LA PLATA: TRAGEDIA EN UN INCENDIO EN UNA CASA DONDE UN HOMBRE QUED\u00d3 ENCERRADO Y MURI\u00d3\">[Leer M\u00e1s]<\/a><\/p>\n<\/div>","protected":false},"author":3,"featured_media":32817,"comment_status":"open","ping_status":"open","sticky":false,"template":"","format":"standard","meta":{"_jetpack_memberships_contains_paid_content":false,"footnotes":"","jetpack_publicize_message":"","jetpack_publicize_feature_enabled":true,"jetpack_social_post_already_shared":true,"jetpack_social_options":{"image_generator_settings":{"template":"highway","default_image_id":0,"font":"","enabled":false},"version":2}},"categories":[44,51],"tags":[],"class_list":{"0":"post-32816","1":"post","2":"type-post","3":"status-publish","4":"format-standard","5":"has-post-thumbnail","7":"category-policiales","8":"category-regionales"},"jetpack_publicize_connections":[],"jetpack_featured_media_url":"https:\/\/i0.wp.com\/larevistadigital.com.ar\/blog\/wp-content\/uploads\/1691502850914.jpeg?fit=1920%2C950&ssl=1","jetpack_sharing_enabled":true,"jetpack_shortlink":"https:\/\/wp.me\/p8qtrQ-8xi","jetpack-related-posts":[{"id":20323,"url":"https:\/\/larevistadigital.com.ar\/blog\/la-plata-murio-un-hombre-que-quedo-atrapado-en-un-incendi\/","url_meta":{"origin":32816,"position":0},"title":"LA PLATA: MURI\u00d3 UN HOMBRE QUE QUED\u00d3 ATRAPADO EN UN INCENDIO","author":"Alejandro Sosa Ruda","date":"18 mayo, 2021","format":false,"excerpt":"La v\u00edctima ten\u00eda 73 a\u00f1os y se habr\u00eda quedado dormido con un cigarrillo prendido, que desat\u00f3 las llamas que consumieron su casa. Los vecinos apagaron el fuego. La tragedia sacude a la localidad platense de Arturo Segu\u00ed, donde\u00a0un hombre de 73 a\u00f1os muri\u00f3 al quedar atrapado en un feroz incendio\u00a0que\u2026","rel":"","context":"En \u00abPOLICIALES\u00bb","block_context":{"text":"POLICIALES","link":"https:\/\/larevistadigital.com.ar\/blog\/category\/policiales\/"},"img":{"alt_text":"","src":"https:\/\/i0.wp.com\/larevistadigital.com.ar\/blog\/wp-content\/uploads\/1620734310362.jpg?fit=1200%2C798&ssl=1&resize=350%2C200","width":350,"height":200,"srcset":"https:\/\/i0.wp.com\/larevistadigital.com.ar\/blog\/wp-content\/uploads\/1620734310362.jpg?fit=1200%2C798&ssl=1&resize=350%2C200 1x, https:\/\/i0.wp.com\/larevistadigital.com.ar\/blog\/wp-content\/uploads\/1620734310362.jpg?fit=1200%2C798&ssl=1&resize=525%2C300 1.5x, https:\/\/i0.wp.com\/larevistadigital.com.ar\/blog\/wp-content\/uploads\/1620734310362.jpg?fit=1200%2C798&ssl=1&resize=700%2C400 2x, https:\/\/i0.wp.com\/larevistadigital.com.ar\/blog\/wp-content\/uploads\/1620734310362.jpg?fit=1200%2C798&ssl=1&resize=1050%2C600 3x"},"classes":[]},{"id":41663,"url":"https:\/\/larevistadigital.com.ar\/blog\/tragedia-en-batan-un-hombre-murio-tras-volcar-su-camioneta-en-el-camino-san-francisco\/","url_meta":{"origin":32816,"position":1},"title":"Tragedia en Bat\u00e1n: un hombre muri\u00f3 tras volcar su camioneta en el Camino San Francisco","author":"Alejandro Sosa Ruda","date":"27 septiembre, 2025","format":false,"excerpt":"El siniestro ocurri\u00f3 durante la madrugada del s\u00e1bado, bajo condiciones clim\u00e1ticas adversas. La v\u00edctima, un hombre de nacionalidad boliviana, qued\u00f3 atrapada dentro del veh\u00edculo. 27 de Septiembre de 2025 BATAN -\u00a0 Un accidente fatal conmocion\u00f3 a la localidad de Bat\u00e1n en las primeras horas de este s\u00e1bado, cuando una camioneta\u2026","rel":"","context":"En \u00abSin categor\u00eda\u00bb","block_context":{"text":"Sin categor\u00eda","link":"https:\/\/larevistadigital.com.ar\/blog\/category\/sin-categoria\/"},"img":{"alt_text":"","src":"https:\/\/i0.wp.com\/larevistadigital.com.ar\/blog\/wp-content\/uploads\/Captura-de-pantalla-2025-09-27-153521.jpg?fit=780%2C406&ssl=1&resize=350%2C200","width":350,"height":200,"srcset":"https:\/\/i0.wp.com\/larevistadigital.com.ar\/blog\/wp-content\/uploads\/Captura-de-pantalla-2025-09-27-153521.jpg?fit=780%2C406&ssl=1&resize=350%2C200 1x, https:\/\/i0.wp.com\/larevistadigital.com.ar\/blog\/wp-content\/uploads\/Captura-de-pantalla-2025-09-27-153521.jpg?fit=780%2C406&ssl=1&resize=525%2C300 1.5x, https:\/\/i0.wp.com\/larevistadigital.com.ar\/blog\/wp-content\/uploads\/Captura-de-pantalla-2025-09-27-153521.jpg?fit=780%2C406&ssl=1&resize=700%2C400 2x"},"classes":[]},{"id":30376,"url":"https:\/\/larevistadigital.com.ar\/blog\/mar-del-plata-muere-en-un-incendio-en-su-casa-pero-se-descubrio-que-fue-intencional-hay-un-detenido\/","url_meta":{"origin":32816,"position":2},"title":"MAR DEL PLATA: MUERE EN UN INCENDIO EN SU CASA, PERO SE DESCUBRIO QUE FUE INTENCIONAL. HAY UN DETENIDO","author":"Alejandro Sosa Ruda","date":"4 marzo, 2023","format":false,"excerpt":"El hecho ocurri\u00f3 hace una semana en el barrio Don Emilio. La v\u00edctima hab\u00eda sido amenazada horas antes. Im\u00e1genes de c\u00e1maras de seguridad captaron al supuesto autor del incendio. 4 de marzo de 2023 La investigaci\u00f3n por la muerte de un hombre tras incendio en su casa en el Barrio\u2026","rel":"","context":"En \u00abPOLICIALES\u00bb","block_context":{"text":"POLICIALES","link":"https:\/\/larevistadigital.com.ar\/blog\/category\/policiales\/"},"img":{"alt_text":"","src":"https:\/\/i0.wp.com\/larevistadigital.com.ar\/blog\/wp-content\/uploads\/Captura-de-pantalla-2023-03-03-231827.png?fit=803%2C441&ssl=1&resize=350%2C200","width":350,"height":200,"srcset":"https:\/\/i0.wp.com\/larevistadigital.com.ar\/blog\/wp-content\/uploads\/Captura-de-pantalla-2023-03-03-231827.png?fit=803%2C441&ssl=1&resize=350%2C200 1x, https:\/\/i0.wp.com\/larevistadigital.com.ar\/blog\/wp-content\/uploads\/Captura-de-pantalla-2023-03-03-231827.png?fit=803%2C441&ssl=1&resize=525%2C300 1.5x, https:\/\/i0.wp.com\/larevistadigital.com.ar\/blog\/wp-content\/uploads\/Captura-de-pantalla-2023-03-03-231827.png?fit=803%2C441&ssl=1&resize=700%2C400 2x"},"classes":[]},{"id":36844,"url":"https:\/\/larevistadigital.com.ar\/blog\/mar-del-plata-dos-muertos-en-el-incendio-de-una-vivienda\/","url_meta":{"origin":32816,"position":3},"title":"MAR DEL PLATA: DOS MUERTOS EN EL INCENDIO DE UNA VIVIENDA","author":"Alejandro Sosa Ruda","date":"30 julio, 2024","format":false,"excerpt":"Personal de bomberos de los cuarteles Monolito y Caisamar sofoc\u00f3 un incendio en una casa de Mugaburu al 7500. Hay dos hombres muertos confirmados. 30 de Julio de 2024 MAR DEL PLATA -\u00a0 Esta tarde, un tr\u00e1gico incendio en el barrio Aeroparque dej\u00f3 un saldo de dos hombres fallecidos, seg\u00fan\u2026","rel":"","context":"En \u00abPOLICIALES\u00bb","block_context":{"text":"POLICIALES","link":"https:\/\/larevistadigital.com.ar\/blog\/category\/policiales\/"},"img":{"alt_text":"","src":"https:\/\/i0.wp.com\/larevistadigital.com.ar\/blog\/wp-content\/uploads\/Captura-de-pantalla-2024-07-30-220952.png?fit=803%2C453&ssl=1&resize=350%2C200","width":350,"height":200,"srcset":"https:\/\/i0.wp.com\/larevistadigital.com.ar\/blog\/wp-content\/uploads\/Captura-de-pantalla-2024-07-30-220952.png?fit=803%2C453&ssl=1&resize=350%2C200 1x, https:\/\/i0.wp.com\/larevistadigital.com.ar\/blog\/wp-content\/uploads\/Captura-de-pantalla-2024-07-30-220952.png?fit=803%2C453&ssl=1&resize=525%2C300 1.5x, https:\/\/i0.wp.com\/larevistadigital.com.ar\/blog\/wp-content\/uploads\/Captura-de-pantalla-2024-07-30-220952.png?fit=803%2C453&ssl=1&resize=700%2C400 2x"},"classes":[]},{"id":31855,"url":"https:\/\/larevistadigital.com.ar\/blog\/mar-del-plata-un-hombre-murio-al-caer-por-el-hueco-de-un-ascensor-cuando-intentaba-ayudar-a-una-mujer-atrapada\/","url_meta":{"origin":32816,"position":4},"title":"MAR DEL PLATA: UN HOMBRE MURI\u00d3 AL CAER POR EL HUECO DE UN ASCENSOR, CUANDO INTENTABA AYUDAR A UNA MUJER ATRAPADA.","author":"Alejandro Sosa Ruda","date":"4 junio, 2023","format":false,"excerpt":"Sucedi\u00f3 en Puerto Norte.\u00a0Seg\u00fan informes preliminares, el incidente ocurri\u00f3 cuando el hombre intentaba ayudar a una mujer que se encontraba atrapada en el ascensor. 4 de Junio de 2023 CHASCOM\u00daS -\u00a0 El suceso, que tuvo lugar alrededor de las 16:30 horas, gener\u00f3 conmoci\u00f3n en la zona, y r\u00e1pidamente acudieron al\u2026","rel":"","context":"En \u00abPOLICIALES\u00bb","block_context":{"text":"POLICIALES","link":"https:\/\/larevistadigital.com.ar\/blog\/category\/policiales\/"},"img":{"alt_text":"","src":"https:\/\/i0.wp.com\/larevistadigital.com.ar\/blog\/wp-content\/uploads\/puerto-norte.jpg?fit=712%2C406&ssl=1&resize=350%2C200","width":350,"height":200,"srcset":"https:\/\/i0.wp.com\/larevistadigital.com.ar\/blog\/wp-content\/uploads\/puerto-norte.jpg?fit=712%2C406&ssl=1&resize=350%2C200 1x, https:\/\/i0.wp.com\/larevistadigital.com.ar\/blog\/wp-content\/uploads\/puerto-norte.jpg?fit=712%2C406&ssl=1&resize=525%2C300 1.5x, https:\/\/i0.wp.com\/larevistadigital.com.ar\/blog\/wp-content\/uploads\/puerto-norte.jpg?fit=712%2C406&ssl=1&resize=700%2C400 2x"},"classes":[]},{"id":17809,"url":"https:\/\/larevistadigital.com.ar\/blog\/mar-del-plata-se-incendio-casa-en-el-bosque-y-quedo-reducida-a-cenizas\/","url_meta":{"origin":32816,"position":5},"title":"MAR DEL PLATA: SE INCENDI\u00d3 CASA EN EL BOSQUE Y QUEDO REDUCIDA A CENIZAS","author":"Alejandro Sosa Ruda","date":"24 noviembre, 2020","format":false,"excerpt":"Sucedi\u00f3 esta madrugada en una vivienda de Los Cha\u00f1ares al 1500. La moradora de la casa result\u00f3 ilesa. Un voraz incendio se desat\u00f3 este martes a la madrugada sobre una vivienda del\u00a0Bosque de Peralta Ramos, que qued\u00f3 reducida a cenizas. Fuentes consultadas por\u00a00223, indicaron que el hecho sucedi\u00f3 alrededor de\u2026","rel":"","context":"En \u00abREGIONALES\u00bb","block_context":{"text":"REGIONALES","link":"https:\/\/larevistadigital.com.ar\/blog\/category\/regionales\/"},"img":{"alt_text":"","src":"https:\/\/i0.wp.com\/larevistadigital.com.ar\/blog\/wp-content\/uploads\/Screenshot_3-61.jpg?fit=1001%2C559&ssl=1&resize=350%2C200","width":350,"height":200,"srcset":"https:\/\/i0.wp.com\/larevistadigital.com.ar\/blog\/wp-content\/uploads\/Screenshot_3-61.jpg?fit=1001%2C559&ssl=1&resize=350%2C200 1x, https:\/\/i0.wp.com\/larevistadigital.com.ar\/blog\/wp-content\/uploads\/Screenshot_3-61.jpg?fit=1001%2C559&ssl=1&resize=525%2C300 1.5x, https:\/\/i0.wp.com\/larevistadigital.com.ar\/blog\/wp-content\/uploads\/Screenshot_3-61.jpg?fit=1001%2C559&ssl=1&resize=700%2C400 2x"},"classes":[]}],"_links":{"self":[{"href":"https:\/\/larevistadigital.com.ar\/blog\/wp-json\/wp\/v2\/posts\/32816","targetHints":{"allow":["GET"]}}],"collection":[{"href":"https:\/\/larevistadigital.com.ar\/blog\/wp-json\/wp\/v2\/posts"}],"about":[{"href":"https:\/\/larevistadigital.com.ar\/blog\/wp-json\/wp\/v2\/types\/post"}],"author":[{"embeddable":true,"href":"https:\/\/larevistadigital.com.ar\/blog\/wp-json\/wp\/v2\/users\/3"}],"replies":[{"embeddable":true,"href":"https:\/\/larevistadigital.com.ar\/blog\/wp-json\/wp\/v2\/comments?post=32816"}],"version-history":[{"count":1,"href":"https:\/\/larevistadigital.com.ar\/blog\/wp-json\/wp\/v2\/posts\/32816\/revisions"}],"predecessor-version":[{"id":32818,"href":"https:\/\/larevistadigital.com.ar\/blog\/wp-json\/wp\/v2\/posts\/32816\/revisions\/32818"}],"wp:featuredmedia":[{"embeddable":true,"href":"https:\/\/larevistadigital.com.ar\/blog\/wp-json\/wp\/v2\/media\/32817"}],"wp:attachment":[{"href":"https:\/\/larevistadigital.com.ar\/blog\/wp-json\/wp\/v2\/media?parent=32816"}],"wp:term":[{"taxonomy":"category","embeddable":true,"href":"https:\/\/larevistadigital.com.ar\/blog\/wp-json\/wp\/v2\/categories?post=32816"},{"taxonomy":"post_tag","embeddable":true,"href":"https:\/\/larevistadigital.com.ar\/blog\/wp-json\/wp\/v2\/tags?post=32816"}],"curies":[{"name":"wp","href":"https:\/\/api.w.org\/{rel}","templated":true}]}}