{"id":32820,"date":"2023-08-10T13:21:32","date_gmt":"2023-08-10T13:21:32","guid":{"rendered":"https:\/\/larevistadigital.com.ar\/blog\/?p=32820"},"modified":"2023-08-10T13:21:32","modified_gmt":"2023-08-10T13:21:32","slug":"chascomus-aprehenden-a-una-mujer-por-comercializacion-de-estupefacientes-y-a-un-hombre-con-pedido-de-captura","status":"publish","type":"post","link":"https:\/\/larevistadigital.com.ar\/blog\/chascomus-aprehenden-a-una-mujer-por-comercializacion-de-estupefacientes-y-a-un-hombre-con-pedido-de-captura\/","title":{"rendered":"CHASCOM\u00daS: APREHENDEN A UNA MUJER POR COMERCIALIZACI\u00d3N DE ESTUPEFACIENTES, Y A UN HOMBRE CON PEDIDO DE CAPTURA"},"content":{"rendered":"<h2>Todo comienza con sospechas de la delegaci\u00f3n de Drogas il\u00edcitas y se confirma luego de investigaciones que derivaron en un allanamiento con resultado positivo.<\/h2>\n<p>10 de agosto<\/p>\n<p><strong>CHASCOM\u00daS &#8211;<\/strong>\u00a0 Drogas il\u00edcitas de Chascom\u00fas, tom\u00f3 conocimiento que una persona del sexo femenino se estar\u00eda dedicando a la comercializaci\u00f3n de sustancias estupefacientes en una vivienda ubicada en la calle 12 de Octubre entre las calles Colombia y Bolivia de la ciudad.<\/p>\n<blockquote>\n<h3>Por tal motivo, la fiscal\u00eda 3 descentralizada a cargo del Dr. Jorge Larrarte autoriz\u00f3 las tareas de investigaci\u00f3n, que derivaron en que el Juzgado de Garant\u00edas Nro. 5 a cargo de S.Sa. Dr. Cristian Gasquet otorgara la correspondiente orden de allanamiento.<\/h3>\n<\/blockquote>\n<p>El allanamiento, se hizo efectivo en horas de la tarde, durante la v\u00edspera, contando con la colaboraci\u00f3n de la Estaci\u00f3n de Seguridad Comunal, consiguiendo en el mismo un resultado positivo.<\/p>\n<blockquote>\n<h3>Como resultado del allanamiento, se procedi\u00f3 al secuestro de clorhidrato de coca\u00edna en forma de bochitas, tambi\u00e9n en forma de piedra, recortes de nylon, tel\u00e9fonos celulares y una importando suma de dinero en billetes de distinta denominaci\u00f3n, y moneda extranjera.<\/h3>\n<\/blockquote>\n<p>Tambi\u00e9n se aprehendi\u00f3 a la mujer, por el delito de Tenencia de Estupefacientes con fines de Comercializaci\u00f3n, siendo trasladada a la dependencia y esperando que se la lleve a la sede Tribunalicia.<\/p>\n<p>Por otra parte, en la vivienda allanada se identific\u00f3 a una persona que pose\u00eda un pedido de Captura activo a requerimiento del Juzgado Correccional Nro. 5 de Departamento Judicial La Plata por infracci\u00f3n a la ley 23.737, quien tambi\u00e9n fue trasladado a la dependencia, para cumplir con la captura solicitada.<\/p>\n<p>&nbsp;<\/p>\n","protected":false},"excerpt":{"rendered":"<div class=\"mh-excerpt\"><p>Todo comienza con sospechas de la delegaci\u00f3n de Drogas il\u00edcitas y se confirma luego de investigaciones que derivaron en un allanamiento con resultado positivo. 10 de agosto CHASCOM\u00daS &#8211;\u00a0 Drogas il\u00edcitas de Chascom\u00fas, tom\u00f3 conocimiento <a class=\"mh-excerpt-more\" href=\"https:\/\/larevistadigital.com.ar\/blog\/chascomus-aprehenden-a-una-mujer-por-comercializacion-de-estupefacientes-y-a-un-hombre-con-pedido-de-captura\/\" title=\"CHASCOM\u00daS: APREHENDEN A UNA MUJER POR COMERCIALIZACI\u00d3N DE ESTUPEFACIENTES, Y A UN HOMBRE CON PEDIDO DE CAPTURA\">[Leer M\u00e1s]<\/a><\/p>\n<\/div>","protected":false},"author":3,"featured_media":32821,"comment_status":"open","ping_status":"open","sticky":false,"template":"","format":"standard","meta":{"_jetpack_memberships_contains_paid_content":false,"footnotes":"","jetpack_publicize_message":"","jetpack_publicize_feature_enabled":true,"jetpack_social_post_already_shared":true,"jetpack_social_options":{"image_generator_settings":{"template":"highway","default_image_id":0,"font":"","enabled":false},"version":2}},"categories":[41,44],"tags":[],"class_list":{"0":"post-32820","1":"post","2":"type-post","3":"status-publish","4":"format-standard","5":"has-post-thumbnail","7":"category-destacadas","8":"category-policiales"},"jetpack_publicize_connections":[],"jetpack_featured_media_url":"https:\/\/i0.wp.com\/larevistadigital.com.ar\/blog\/wp-content\/uploads\/WhatsApp-Image-2023-08-10-at-03.36.32.jpeg?fit=1359%2C1296&ssl=1","jetpack_sharing_enabled":true,"jetpack_shortlink":"https:\/\/wp.me\/p8qtrQ-8xm","jetpack-related-posts":[{"id":41404,"url":"https:\/\/larevistadigital.com.ar\/blog\/allanamiento-en-chascomus-detienen-a-un-hombre-acusado-de-venta-de-drogas\/","url_meta":{"origin":32820,"position":0},"title":"Allanamiento en Chascom\u00fas: detienen a un hombre acusado de venta de drogas","author":"Alejandro Sosa Ruda","date":"11 septiembre, 2025","format":false,"excerpt":"La Polic\u00eda secuestr\u00f3 estupefacientes fraccionados para la venta y una moto con pedido de secuestro activo. 11 de Septiembre de 2025 CHASCOM\u00daS\u00a0 -\u00a0 \u00a0Un operativo policial llevado a cabo en Chascom\u00fas termin\u00f3 con la detenci\u00f3n de un hombre acusado de comercializar drogas al menudeo en un barrio de la ciudad.\u2026","rel":"","context":"En \u00abDESTACADAS\u00bb","block_context":{"text":"DESTACADAS","link":"https:\/\/larevistadigital.com.ar\/blog\/category\/destacadas\/"},"img":{"alt_text":"","src":"https:\/\/i0.wp.com\/larevistadigital.com.ar\/blog\/wp-content\/uploads\/WhatsApp-Image-2025-09-11-at-09.20.11.jpeg?fit=1200%2C675&ssl=1&resize=350%2C200","width":350,"height":200,"srcset":"https:\/\/i0.wp.com\/larevistadigital.com.ar\/blog\/wp-content\/uploads\/WhatsApp-Image-2025-09-11-at-09.20.11.jpeg?fit=1200%2C675&ssl=1&resize=350%2C200 1x, https:\/\/i0.wp.com\/larevistadigital.com.ar\/blog\/wp-content\/uploads\/WhatsApp-Image-2025-09-11-at-09.20.11.jpeg?fit=1200%2C675&ssl=1&resize=525%2C300 1.5x, https:\/\/i0.wp.com\/larevistadigital.com.ar\/blog\/wp-content\/uploads\/WhatsApp-Image-2025-09-11-at-09.20.11.jpeg?fit=1200%2C675&ssl=1&resize=700%2C400 2x, https:\/\/i0.wp.com\/larevistadigital.com.ar\/blog\/wp-content\/uploads\/WhatsApp-Image-2025-09-11-at-09.20.11.jpeg?fit=1200%2C675&ssl=1&resize=1050%2C600 3x"},"classes":[]},{"id":39270,"url":"https:\/\/larevistadigital.com.ar\/blog\/chascomus-se-secuestraron-estupefacientes-y-se-detuvo-a-un-individuo\/","url_meta":{"origin":32820,"position":1},"title":"Chascom\u00fas: Se secuestraron estupefacientes, y se detuvo a un individuo","author":"Alejandro Sosa Ruda","date":"3 abril, 2025","format":false,"excerpt":"Fue el corolario de una investigaci\u00f3n que demand\u00f3 unos meses. 03 de Abril de 2025 CHASCOM\u00daS -\u00a0\u00a0 Luego de meses de investigar el delito de Comercializaci\u00f3n de estupefacientes, la Subdelegaci\u00f3n de Narcotr\u00e1fico de Chascom\u00fas con intervenci\u00f3n de la U.F.I.J. 3 de Dolores y la Ayudant\u00eda Fiscal de Estupefacientes de chascom\u00fas\u2026","rel":"","context":"En \u00abDESTACADAS\u00bb","block_context":{"text":"DESTACADAS","link":"https:\/\/larevistadigital.com.ar\/blog\/category\/destacadas\/"},"img":{"alt_text":"","src":"https:\/\/i0.wp.com\/larevistadigital.com.ar\/blog\/wp-content\/uploads\/WhatsApp-Image-2025-04-03-at-16.01.44-1.jpeg?fit=900%2C1200&ssl=1&resize=350%2C200","width":350,"height":200,"srcset":"https:\/\/i0.wp.com\/larevistadigital.com.ar\/blog\/wp-content\/uploads\/WhatsApp-Image-2025-04-03-at-16.01.44-1.jpeg?fit=900%2C1200&ssl=1&resize=350%2C200 1x, https:\/\/i0.wp.com\/larevistadigital.com.ar\/blog\/wp-content\/uploads\/WhatsApp-Image-2025-04-03-at-16.01.44-1.jpeg?fit=900%2C1200&ssl=1&resize=525%2C300 1.5x, https:\/\/i0.wp.com\/larevistadigital.com.ar\/blog\/wp-content\/uploads\/WhatsApp-Image-2025-04-03-at-16.01.44-1.jpeg?fit=900%2C1200&ssl=1&resize=700%2C400 2x"},"classes":[]},{"id":28639,"url":"https:\/\/larevistadigital.com.ar\/blog\/chascomus-tras-ocho-meses-de-investigacion-se-desbarato-una-cueva-donde-se-comercializaban-estupefacientes-secuestraron-elementos-y-se-aprehendio-a-un-hombre\/","url_meta":{"origin":32820,"position":2},"title":"CHASCOM\u00daS: TRAS OCHO MESES DE INVESTIGACI\u00d3N, SE DESBARAT\u00d3 UNA \u00abCUEVA\u00bb DONDE SE COMERCIALIZABAN ESTUPEFACIENTES. SECUESTRARON ELEMENTOS Y SE APREHENDI\u00d3 A UN HOMBRE.","author":"Alejandro Sosa Ruda","date":"27 octubre, 2022","format":false,"excerpt":"Se investig\u00f3 durante ocho meses y se obtuvieron resultados que permitieron allanar y secuestrar drogas, aprehendiendo al morador de la vivienda. 27 de Octubre de 2022 CHASCOM\u00daS -\u00a0\u00a0A ra\u00edz de investigaciones llevadas a cabo, la subdelegaci\u00f3n de Investigaciones del tr\u00e1fico de drogas il\u00edcitas tom\u00f3 conocimiento de la presunta comercializaci\u00f3n de\u2026","rel":"","context":"En \u00abDESTACADAS\u00bb","block_context":{"text":"DESTACADAS","link":"https:\/\/larevistadigital.com.ar\/blog\/category\/destacadas\/"},"img":{"alt_text":"","src":"https:\/\/i0.wp.com\/larevistadigital.com.ar\/blog\/wp-content\/uploads\/WhatsApp-Image-2022-10-27-at-06.41.33.jpeg?fit=1200%2C900&ssl=1&resize=350%2C200","width":350,"height":200,"srcset":"https:\/\/i0.wp.com\/larevistadigital.com.ar\/blog\/wp-content\/uploads\/WhatsApp-Image-2022-10-27-at-06.41.33.jpeg?fit=1200%2C900&ssl=1&resize=350%2C200 1x, https:\/\/i0.wp.com\/larevistadigital.com.ar\/blog\/wp-content\/uploads\/WhatsApp-Image-2022-10-27-at-06.41.33.jpeg?fit=1200%2C900&ssl=1&resize=525%2C300 1.5x, https:\/\/i0.wp.com\/larevistadigital.com.ar\/blog\/wp-content\/uploads\/WhatsApp-Image-2022-10-27-at-06.41.33.jpeg?fit=1200%2C900&ssl=1&resize=700%2C400 2x, https:\/\/i0.wp.com\/larevistadigital.com.ar\/blog\/wp-content\/uploads\/WhatsApp-Image-2022-10-27-at-06.41.33.jpeg?fit=1200%2C900&ssl=1&resize=1050%2C600 3x"},"classes":[]},{"id":26403,"url":"https:\/\/larevistadigital.com.ar\/blog\/chascomus-tres-allanamientos-con-resultado-positivo-dos-aprehendidos-y-secuestro-de-marihuana-y-cocaina\/","url_meta":{"origin":32820,"position":3},"title":"CHASCOM\u00daS: TRES ALLANAMIENTOS CON RESULTADO POSITIVO, DOS APREHENDIDOS Y SECUESTRO DE MARIHUANA Y COCA\u00cdNA","author":"Alejandro Sosa Ruda","date":"7 julio, 2022","format":false,"excerpt":"CHASCOM\u00daS -\u00a0 Durante el d\u00eda de ayer, 6 de julio, se llevaron a cabo tres allanamientos por infracci\u00f3n a la ley 23.737 (estupefacientes), luego de que se tom\u00f3 conocimiento de que en tres lugares se estar\u00edan comercializando drogas. De esta manera se dio conocimiento a la UFI 3 a cargo\u2026","rel":"","context":"En \u00abDESTACADAS\u00bb","block_context":{"text":"DESTACADAS","link":"https:\/\/larevistadigital.com.ar\/blog\/category\/destacadas\/"},"img":{"alt_text":"","src":"https:\/\/i0.wp.com\/larevistadigital.com.ar\/blog\/wp-content\/uploads\/WhatsApp-Image-2022-07-06-at-11.11.42-PM-1.jpeg?fit=850%2C813&ssl=1&resize=350%2C200","width":350,"height":200,"srcset":"https:\/\/i0.wp.com\/larevistadigital.com.ar\/blog\/wp-content\/uploads\/WhatsApp-Image-2022-07-06-at-11.11.42-PM-1.jpeg?fit=850%2C813&ssl=1&resize=350%2C200 1x, https:\/\/i0.wp.com\/larevistadigital.com.ar\/blog\/wp-content\/uploads\/WhatsApp-Image-2022-07-06-at-11.11.42-PM-1.jpeg?fit=850%2C813&ssl=1&resize=525%2C300 1.5x, https:\/\/i0.wp.com\/larevistadigital.com.ar\/blog\/wp-content\/uploads\/WhatsApp-Image-2022-07-06-at-11.11.42-PM-1.jpeg?fit=850%2C813&ssl=1&resize=700%2C400 2x"},"classes":[]},{"id":44302,"url":"https:\/\/larevistadigital.com.ar\/blog\/allanamiento-por-drogas-en-calle-garay-una-mujer-detenida\/","url_meta":{"origin":32820,"position":4},"title":"Allanamiento por drogas en calle Garay: una mujer detenida","author":"Alejandro Sosa Ruda","date":"5 marzo, 2026","format":false,"excerpt":"El procedimiento se realiz\u00f3 en una vivienda ubicada en calle Garay. Interviene la Fiscal\u00eda de Estupefacientes a cargo del Dr. Jorge Larrarte. Un allanamiento por presunta comercializaci\u00f3n de estupefacientes se llev\u00f3 a cabo en las \u00faltimas horas en un domicilio de la calle Garay al 200, donde el personal policial\u2026","rel":"","context":"En \u00abDESTACADAS\u00bb","block_context":{"text":"DESTACADAS","link":"https:\/\/larevistadigital.com.ar\/blog\/category\/destacadas\/"},"img":{"alt_text":"","src":"https:\/\/i0.wp.com\/larevistadigital.com.ar\/blog\/wp-content\/uploads\/allanamiento-Garay.jpg?fit=1200%2C510&ssl=1&resize=350%2C200","width":350,"height":200,"srcset":"https:\/\/i0.wp.com\/larevistadigital.com.ar\/blog\/wp-content\/uploads\/allanamiento-Garay.jpg?fit=1200%2C510&ssl=1&resize=350%2C200 1x, https:\/\/i0.wp.com\/larevistadigital.com.ar\/blog\/wp-content\/uploads\/allanamiento-Garay.jpg?fit=1200%2C510&ssl=1&resize=525%2C300 1.5x, https:\/\/i0.wp.com\/larevistadigital.com.ar\/blog\/wp-content\/uploads\/allanamiento-Garay.jpg?fit=1200%2C510&ssl=1&resize=700%2C400 2x, https:\/\/i0.wp.com\/larevistadigital.com.ar\/blog\/wp-content\/uploads\/allanamiento-Garay.jpg?fit=1200%2C510&ssl=1&resize=1050%2C600 3x"},"classes":[]},{"id":25409,"url":"https:\/\/larevistadigital.com.ar\/blog\/chascomus-tercer-procedimiento-importante-de-drogas-en-los-ultimos-tres-meses\/","url_meta":{"origin":32820,"position":5},"title":"CHASCOM\u00daS: TERCER PROCEDIMIENTO IMPORTANTE DE DROGAS EN LOS \u00daLTIMOS TRES MESES","author":"Alejandro Sosa Ruda","date":"26 mayo, 2022","format":false,"excerpt":"Se logr\u00f3 resultado positivo, en distintos allanamientos y se detuvo una persona por comercializaci\u00f3n de estupefacientes, consiguiendo otro buen resultado en la materia. La subdelegaci\u00f3n departamental de investigaciones del tr\u00e1fico de drogas il\u00edcitas de Chascom\u00fas, inform\u00f3 que se llevaron a cabo tres allanamientos por infracci\u00f3n a la ley 23.737. Tras\u2026","rel":"","context":"En \u00abDESTACADAS\u00bb","block_context":{"text":"DESTACADAS","link":"https:\/\/larevistadigital.com.ar\/blog\/category\/destacadas\/"},"img":{"alt_text":"","src":"https:\/\/i0.wp.com\/larevistadigital.com.ar\/blog\/wp-content\/uploads\/WhatsApp-Image-2022-05-26-at-8.02.24-AM-1.jpeg?fit=1200%2C900&ssl=1&resize=350%2C200","width":350,"height":200,"srcset":"https:\/\/i0.wp.com\/larevistadigital.com.ar\/blog\/wp-content\/uploads\/WhatsApp-Image-2022-05-26-at-8.02.24-AM-1.jpeg?fit=1200%2C900&ssl=1&resize=350%2C200 1x, https:\/\/i0.wp.com\/larevistadigital.com.ar\/blog\/wp-content\/uploads\/WhatsApp-Image-2022-05-26-at-8.02.24-AM-1.jpeg?fit=1200%2C900&ssl=1&resize=525%2C300 1.5x, https:\/\/i0.wp.com\/larevistadigital.com.ar\/blog\/wp-content\/uploads\/WhatsApp-Image-2022-05-26-at-8.02.24-AM-1.jpeg?fit=1200%2C900&ssl=1&resize=700%2C400 2x, https:\/\/i0.wp.com\/larevistadigital.com.ar\/blog\/wp-content\/uploads\/WhatsApp-Image-2022-05-26-at-8.02.24-AM-1.jpeg?fit=1200%2C900&ssl=1&resize=1050%2C600 3x"},"classes":[]}],"_links":{"self":[{"href":"https:\/\/larevistadigital.com.ar\/blog\/wp-json\/wp\/v2\/posts\/32820","targetHints":{"allow":["GET"]}}],"collection":[{"href":"https:\/\/larevistadigital.com.ar\/blog\/wp-json\/wp\/v2\/posts"}],"about":[{"href":"https:\/\/larevistadigital.com.ar\/blog\/wp-json\/wp\/v2\/types\/post"}],"author":[{"embeddable":true,"href":"https:\/\/larevistadigital.com.ar\/blog\/wp-json\/wp\/v2\/users\/3"}],"replies":[{"embeddable":true,"href":"https:\/\/larevistadigital.com.ar\/blog\/wp-json\/wp\/v2\/comments?post=32820"}],"version-history":[{"count":1,"href":"https:\/\/larevistadigital.com.ar\/blog\/wp-json\/wp\/v2\/posts\/32820\/revisions"}],"predecessor-version":[{"id":32822,"href":"https:\/\/larevistadigital.com.ar\/blog\/wp-json\/wp\/v2\/posts\/32820\/revisions\/32822"}],"wp:featuredmedia":[{"embeddable":true,"href":"https:\/\/larevistadigital.com.ar\/blog\/wp-json\/wp\/v2\/media\/32821"}],"wp:attachment":[{"href":"https:\/\/larevistadigital.com.ar\/blog\/wp-json\/wp\/v2\/media?parent=32820"}],"wp:term":[{"taxonomy":"category","embeddable":true,"href":"https:\/\/larevistadigital.com.ar\/blog\/wp-json\/wp\/v2\/categories?post=32820"},{"taxonomy":"post_tag","embeddable":true,"href":"https:\/\/larevistadigital.com.ar\/blog\/wp-json\/wp\/v2\/tags?post=32820"}],"curies":[{"name":"wp","href":"https:\/\/api.w.org\/{rel}","templated":true}]}}