{"id":32823,"date":"2023-08-10T16:54:52","date_gmt":"2023-08-10T16:54:52","guid":{"rendered":"https:\/\/larevistadigital.com.ar\/blog\/?p=32823"},"modified":"2023-08-10T16:55:17","modified_gmt":"2023-08-10T16:55:17","slug":"chascomus-detienen-y-trasladan-a-un-sujeto-con-frondosos-antecedentes-cuando-intentaba-robar-un-auto","status":"publish","type":"post","link":"https:\/\/larevistadigital.com.ar\/blog\/chascomus-detienen-y-trasladan-a-un-sujeto-con-frondosos-antecedentes-cuando-intentaba-robar-un-auto\/","title":{"rendered":"CHASCOM\u00daS: DETIENEN Y TRASLADAN A UN SUJETO CON FRONDOSOS ANTECEDENTES CUANDO INTENTABA ROBAR UN AUTO"},"content":{"rendered":"<p>10 de agosto de 2023<\/p>\n<p><strong>CHASCOM\u00daS &#8211;\u00a0<\/strong> Durante la madrugada de hoy, personal policial de la Estaci\u00f3n de Polic\u00eda Comunal Chascomus Primera aprehendi\u00f3 a una persona de sexo masculino, cuando se fugaba del lugar en donde hab\u00eda roto la cerradura de la puerta de un veh\u00edculo de calle Tandil para sustraer elementos de su interior.<\/p>\n<blockquote>\n<h3>Al momentos de su aprehensi\u00f3n se logr\u00f3 recuperar los elementos sustra\u00eddos los cuales fueron reconocidos por la v\u00edctima.<\/h3>\n<\/blockquote>\n<p>El aprehendido ya con antecedentes delictivos oriundo de este medio y el cual hab\u00eda recuperado su libertad hace aproximadamente un mes a la fecha, fue trasladado a la Estaci\u00f3n de Polic\u00eda Comunal de Maip\u00fa ya en calidad de <strong>DETENIDO<\/strong> en Investigaci\u00f3n Penal Preparatoria caratulada ROBO, de tr\u00e1mite por ante la U.F.I.D. N 9 a cargo de la Dra. <strong>Daniela Bertoletti<\/strong>.<\/p>\n","protected":false},"excerpt":{"rendered":"<div class=\"mh-excerpt\"><p>10 de agosto de 2023 CHASCOM\u00daS &#8211;\u00a0 Durante la madrugada de hoy, personal policial de la Estaci\u00f3n de Polic\u00eda Comunal Chascomus Primera aprehendi\u00f3 a una persona de sexo masculino, cuando se fugaba del lugar en <a class=\"mh-excerpt-more\" href=\"https:\/\/larevistadigital.com.ar\/blog\/chascomus-detienen-y-trasladan-a-un-sujeto-con-frondosos-antecedentes-cuando-intentaba-robar-un-auto\/\" title=\"CHASCOM\u00daS: DETIENEN Y TRASLADAN A UN SUJETO CON FRONDOSOS ANTECEDENTES CUANDO INTENTABA ROBAR UN AUTO\">[Leer M\u00e1s]<\/a><\/p>\n<\/div>","protected":false},"author":3,"featured_media":32824,"comment_status":"open","ping_status":"open","sticky":false,"template":"","format":"standard","meta":{"_jetpack_memberships_contains_paid_content":false,"footnotes":"","jetpack_publicize_message":"","jetpack_publicize_feature_enabled":true,"jetpack_social_post_already_shared":true,"jetpack_social_options":{"image_generator_settings":{"template":"highway","default_image_id":0,"font":"","enabled":false},"version":2}},"categories":[50,44],"tags":[],"class_list":{"0":"post-32823","1":"post","2":"type-post","3":"status-publish","4":"format-standard","5":"has-post-thumbnail","7":"category-interes-general","8":"category-policiales"},"jetpack_publicize_connections":[],"jetpack_featured_media_url":"https:\/\/i0.wp.com\/larevistadigital.com.ar\/blog\/wp-content\/uploads\/WhatsApp-Image-2023-08-09-at-19.13.34.jpeg?fit=823%2C1280&ssl=1","jetpack_sharing_enabled":true,"jetpack_shortlink":"https:\/\/wp.me\/p8qtrQ-8xp","jetpack-related-posts":[{"id":8188,"url":"https:\/\/larevistadigital.com.ar\/blog\/chascomus-la-policia-comunal-recupera-elemento-robado\/","url_meta":{"origin":32823,"position":0},"title":"CHASCOM\u00daS: LA POLIC\u00cdA COMUNAL RECUPERA ELEMENTO ROBADO","author":"Alejandro Sosa Ruda","date":"6 febrero, 2019","format":false,"excerpt":"C\u00f3mo consecuencia de una denuncia efectuada por Pablo Crist\u00f3bal sobre la sustracci\u00f3n de una motoguada\u00f1a de su propiedad en calle Am\u00e9rica, personal del GTO de la Estaci\u00f3n de Polic\u00eda comunal Chascom\u00fas inici\u00f3 una investigaci\u00f3n logrando establecer que no ser\u00eda ajeno a la participaci\u00f3n un menor con varios antecedentes por delitos.\u2026","rel":"","context":"En \u00abCHASCOM\u00daS\u00bb","block_context":{"text":"CHASCOM\u00daS","link":"https:\/\/larevistadigital.com.ar\/blog\/category\/chascomus\/"},"img":{"alt_text":"","src":"https:\/\/i0.wp.com\/larevistadigital.com.ar\/blog\/wp-content\/uploads\/2019\/02\/WhatsApp-Image-2019-02-05-at-23.11.43.jpeg?fit=1032%2C581&ssl=1&resize=350%2C200","width":350,"height":200,"srcset":"https:\/\/i0.wp.com\/larevistadigital.com.ar\/blog\/wp-content\/uploads\/2019\/02\/WhatsApp-Image-2019-02-05-at-23.11.43.jpeg?fit=1032%2C581&ssl=1&resize=350%2C200 1x, https:\/\/i0.wp.com\/larevistadigital.com.ar\/blog\/wp-content\/uploads\/2019\/02\/WhatsApp-Image-2019-02-05-at-23.11.43.jpeg?fit=1032%2C581&ssl=1&resize=525%2C300 1.5x, https:\/\/i0.wp.com\/larevistadigital.com.ar\/blog\/wp-content\/uploads\/2019\/02\/WhatsApp-Image-2019-02-05-at-23.11.43.jpeg?fit=1032%2C581&ssl=1&resize=700%2C400 2x"},"classes":[]},{"id":35122,"url":"https:\/\/larevistadigital.com.ar\/blog\/chascomus-detienen-a-un-sujeto-con-frondosos-antecedentes\/","url_meta":{"origin":32823,"position":1},"title":"CHASCOM\u00daS: DETIENEN A UN SUJETO CON FRONDOSOS ANTECEDENTES.","author":"Alejandro Sosa Ruda","date":"26 enero, 2024","format":false,"excerpt":"La polic\u00eda lo detuvo y dever\u00e1 ser derivado a otra comisar\u00eda, por no haber lugar en la Estaci\u00f3n 1ra. de Polic\u00eda Comunal. 26 de enero de 2023 CHASCOM\u00daS -\u00a0 En el d\u00eda de ayer se recibi\u00f3 orden de Allanamiento y Detenci\u00f3n para una persona de sexo masculino con frondosos antecedentes\u2026","rel":"","context":"En \u00abINTERES GENERAL\u00bb","block_context":{"text":"INTERES GENERAL","link":"https:\/\/larevistadigital.com.ar\/blog\/category\/interes-general\/"},"img":{"alt_text":"","src":"https:\/\/i0.wp.com\/larevistadigital.com.ar\/blog\/wp-content\/uploads\/Captura-de-pantalla-2024-01-26-141311.png?fit=700%2C641&ssl=1&resize=350%2C200","width":350,"height":200,"srcset":"https:\/\/i0.wp.com\/larevistadigital.com.ar\/blog\/wp-content\/uploads\/Captura-de-pantalla-2024-01-26-141311.png?fit=700%2C641&ssl=1&resize=350%2C200 1x, https:\/\/i0.wp.com\/larevistadigital.com.ar\/blog\/wp-content\/uploads\/Captura-de-pantalla-2024-01-26-141311.png?fit=700%2C641&ssl=1&resize=525%2C300 1.5x, https:\/\/i0.wp.com\/larevistadigital.com.ar\/blog\/wp-content\/uploads\/Captura-de-pantalla-2024-01-26-141311.png?fit=700%2C641&ssl=1&resize=700%2C400 2x"},"classes":[]},{"id":33617,"url":"https:\/\/larevistadigital.com.ar\/blog\/chascomus-la-policia-comunal-logro-detener-in-fraganti-a-un-sujeto-con-antecedentes\/","url_meta":{"origin":32823,"position":2},"title":"CHASCOM\u00daS: LA POLIC\u00cdA COMUNAL LOGR\u00d3 DETENER \u00abIN FRAGANTI\u00bb A UN SUJETO CON ANTECEDENTES","author":"Alejandro Sosa Ruda","date":"25 septiembre, 2023","format":false,"excerpt":"Todo fue gracias a un llamado de vecinos alertando un robo en proceso, y el r\u00e1pido accionar de la Polic\u00eda. 25 de Septiembre de 2023 CHASCOM\u00daS -\u00a0 Durante la noche del d\u00eda de ayer, personal policial acudi\u00f3 a un domicilio de calle 26 de Julio, ya que en el lugar\u2026","rel":"","context":"En \u00abDESTACADAS\u00bb","block_context":{"text":"DESTACADAS","link":"https:\/\/larevistadigital.com.ar\/blog\/category\/destacadas\/"},"img":{"alt_text":"","src":"https:\/\/i0.wp.com\/larevistadigital.com.ar\/blog\/wp-content\/uploads\/WhatsApp-Image-2023-09-25-at-20.22.41-e1695689977104.jpeg?fit=911%2C742&ssl=1&resize=350%2C200","width":350,"height":200,"srcset":"https:\/\/i0.wp.com\/larevistadigital.com.ar\/blog\/wp-content\/uploads\/WhatsApp-Image-2023-09-25-at-20.22.41-e1695689977104.jpeg?fit=911%2C742&ssl=1&resize=350%2C200 1x, https:\/\/i0.wp.com\/larevistadigital.com.ar\/blog\/wp-content\/uploads\/WhatsApp-Image-2023-09-25-at-20.22.41-e1695689977104.jpeg?fit=911%2C742&ssl=1&resize=525%2C300 1.5x, https:\/\/i0.wp.com\/larevistadigital.com.ar\/blog\/wp-content\/uploads\/WhatsApp-Image-2023-09-25-at-20.22.41-e1695689977104.jpeg?fit=911%2C742&ssl=1&resize=700%2C400 2x"},"classes":[]},{"id":8245,"url":"https:\/\/larevistadigital.com.ar\/blog\/chascomus-la-policia-comunal-recupero-celular-robado\/","url_meta":{"origin":32823,"position":3},"title":"CHASCOM\u00daS: LA POLIC\u00cdA COMUNAL RECUPER\u00d3 CELULAR ROBADO","author":"Alejandro Sosa Ruda","date":"9 febrero, 2019","format":false,"excerpt":"A ra\u00edz de una denuncia radicada por Luis Ariel Lecca donde hace referencia a que le hab\u00edan sustra\u00eddo un tel\u00e9fono celular marca Samsung modelo J7 se inici\u00f3 la investigaci\u00f3n por parte del GTO de la Estaci\u00f3n de Polic\u00eda comunal Chascom\u00fas logrando establecer que un ciudadano mayor de edad con antecedentes\u2026","rel":"","context":"En \u00abPOLICIALES\u00bb","block_context":{"text":"POLICIALES","link":"https:\/\/larevistadigital.com.ar\/blog\/category\/policiales\/"},"img":{"alt_text":"","src":"https:\/\/i0.wp.com\/larevistadigital.com.ar\/blog\/wp-content\/uploads\/2019\/02\/WhatsApp-Image-2019-02-08-at-22.34.49.jpeg?fit=774%2C1032&ssl=1&resize=350%2C200","width":350,"height":200,"srcset":"https:\/\/i0.wp.com\/larevistadigital.com.ar\/blog\/wp-content\/uploads\/2019\/02\/WhatsApp-Image-2019-02-08-at-22.34.49.jpeg?fit=774%2C1032&ssl=1&resize=350%2C200 1x, https:\/\/i0.wp.com\/larevistadigital.com.ar\/blog\/wp-content\/uploads\/2019\/02\/WhatsApp-Image-2019-02-08-at-22.34.49.jpeg?fit=774%2C1032&ssl=1&resize=525%2C300 1.5x, https:\/\/i0.wp.com\/larevistadigital.com.ar\/blog\/wp-content\/uploads\/2019\/02\/WhatsApp-Image-2019-02-08-at-22.34.49.jpeg?fit=774%2C1032&ssl=1&resize=700%2C400 2x"},"classes":[]},{"id":8347,"url":"https:\/\/larevistadigital.com.ar\/blog\/chascomus-policia-comunal-recupero-elemento-robado\/","url_meta":{"origin":32823,"position":4},"title":"CHASCOM\u00daS: POLIC\u00cdA COMUNAL RECUPER\u00d3 ELEMENTO ROBADO","author":"Alejandro Sosa Ruda","date":"12 febrero, 2019","format":false,"excerpt":"A ra\u00edz de una denuncia radicada por el ciudadano Aldo Luciano Cagnoli sobre la sustracci\u00f3n de su domicilio de un ventilador de pie se inici\u00f3 la investigaci\u00f3n por parte del GTO de la Estaci\u00f3n de Polic\u00eda comunal Chascom\u00fas quienes aportaron elementos de prueba a la UFID 9 a cargo de\u2026","rel":"","context":"En \u00abPOLICIALES\u00bb","block_context":{"text":"POLICIALES","link":"https:\/\/larevistadigital.com.ar\/blog\/category\/policiales\/"},"img":{"alt_text":"","src":"https:\/\/i0.wp.com\/larevistadigital.com.ar\/blog\/wp-content\/uploads\/2019\/02\/WhatsApp-Image-2019-02-11-at-22.41.16.jpeg?fit=900%2C1200&ssl=1&resize=350%2C200","width":350,"height":200,"srcset":"https:\/\/i0.wp.com\/larevistadigital.com.ar\/blog\/wp-content\/uploads\/2019\/02\/WhatsApp-Image-2019-02-11-at-22.41.16.jpeg?fit=900%2C1200&ssl=1&resize=350%2C200 1x, https:\/\/i0.wp.com\/larevistadigital.com.ar\/blog\/wp-content\/uploads\/2019\/02\/WhatsApp-Image-2019-02-11-at-22.41.16.jpeg?fit=900%2C1200&ssl=1&resize=525%2C300 1.5x, https:\/\/i0.wp.com\/larevistadigital.com.ar\/blog\/wp-content\/uploads\/2019\/02\/WhatsApp-Image-2019-02-11-at-22.41.16.jpeg?fit=900%2C1200&ssl=1&resize=700%2C400 2x"},"classes":[]},{"id":8631,"url":"https:\/\/larevistadigital.com.ar\/blog\/chascomus-la-policia-comunal-resuelve-un-hecho-de-robo-a-comercio-del-18-02\/","url_meta":{"origin":32823,"position":5},"title":"CHASCOM\u00daS: LA POLIC\u00cdA COMUNAL RESUELVE UN HECHO DE ROBO A COMERCIO DEL 18\/02","author":"Alejandro Sosa Ruda","date":"21 febrero, 2019","format":false,"excerpt":"En relaci\u00f3n a hecho de Robo Agravado (por el uso de arma de fuego) acaecido en horas de la tarde del 18.02.19 en un comercio del barrio Esmeralda, del que fuera v\u00edctima Stella Maris Lezcano\u00a0y como resultado de la investigaci\u00f3n llevada a cabo por personal de la Estaci\u00f3n de Polic\u00eda\u2026","rel":"","context":"En \u00abPOLICIALES\u00bb","block_context":{"text":"POLICIALES","link":"https:\/\/larevistadigital.com.ar\/blog\/category\/policiales\/"},"img":{"alt_text":"","src":"https:\/\/i0.wp.com\/larevistadigital.com.ar\/blog\/wp-content\/uploads\/2019\/02\/WhatsApp-Image-2019-02-20-at-23.59.11.jpeg?fit=1200%2C900&ssl=1&resize=350%2C200","width":350,"height":200,"srcset":"https:\/\/i0.wp.com\/larevistadigital.com.ar\/blog\/wp-content\/uploads\/2019\/02\/WhatsApp-Image-2019-02-20-at-23.59.11.jpeg?fit=1200%2C900&ssl=1&resize=350%2C200 1x, https:\/\/i0.wp.com\/larevistadigital.com.ar\/blog\/wp-content\/uploads\/2019\/02\/WhatsApp-Image-2019-02-20-at-23.59.11.jpeg?fit=1200%2C900&ssl=1&resize=525%2C300 1.5x, https:\/\/i0.wp.com\/larevistadigital.com.ar\/blog\/wp-content\/uploads\/2019\/02\/WhatsApp-Image-2019-02-20-at-23.59.11.jpeg?fit=1200%2C900&ssl=1&resize=700%2C400 2x, https:\/\/i0.wp.com\/larevistadigital.com.ar\/blog\/wp-content\/uploads\/2019\/02\/WhatsApp-Image-2019-02-20-at-23.59.11.jpeg?fit=1200%2C900&ssl=1&resize=1050%2C600 3x"},"classes":[]}],"_links":{"self":[{"href":"https:\/\/larevistadigital.com.ar\/blog\/wp-json\/wp\/v2\/posts\/32823","targetHints":{"allow":["GET"]}}],"collection":[{"href":"https:\/\/larevistadigital.com.ar\/blog\/wp-json\/wp\/v2\/posts"}],"about":[{"href":"https:\/\/larevistadigital.com.ar\/blog\/wp-json\/wp\/v2\/types\/post"}],"author":[{"embeddable":true,"href":"https:\/\/larevistadigital.com.ar\/blog\/wp-json\/wp\/v2\/users\/3"}],"replies":[{"embeddable":true,"href":"https:\/\/larevistadigital.com.ar\/blog\/wp-json\/wp\/v2\/comments?post=32823"}],"version-history":[{"count":1,"href":"https:\/\/larevistadigital.com.ar\/blog\/wp-json\/wp\/v2\/posts\/32823\/revisions"}],"predecessor-version":[{"id":32825,"href":"https:\/\/larevistadigital.com.ar\/blog\/wp-json\/wp\/v2\/posts\/32823\/revisions\/32825"}],"wp:featuredmedia":[{"embeddable":true,"href":"https:\/\/larevistadigital.com.ar\/blog\/wp-json\/wp\/v2\/media\/32824"}],"wp:attachment":[{"href":"https:\/\/larevistadigital.com.ar\/blog\/wp-json\/wp\/v2\/media?parent=32823"}],"wp:term":[{"taxonomy":"category","embeddable":true,"href":"https:\/\/larevistadigital.com.ar\/blog\/wp-json\/wp\/v2\/categories?post=32823"},{"taxonomy":"post_tag","embeddable":true,"href":"https:\/\/larevistadigital.com.ar\/blog\/wp-json\/wp\/v2\/tags?post=32823"}],"curies":[{"name":"wp","href":"https:\/\/api.w.org\/{rel}","templated":true}]}}