{"id":32833,"date":"2023-08-11T11:26:54","date_gmt":"2023-08-11T11:26:54","guid":{"rendered":"https:\/\/larevistadigital.com.ar\/blog\/?p=32833"},"modified":"2023-08-11T11:26:54","modified_gmt":"2023-08-11T11:26:54","slug":"ramiro-ferrante-mientras-ustedes-escuchen-que-a-ramiro-ferrante-lo-critica-el-circulo-rojo-de-la-politica-bienvenido-sea-es-que-hago-lo-que-debo-hacer-de-cara-a-la-gente","status":"publish","type":"post","link":"https:\/\/larevistadigital.com.ar\/blog\/ramiro-ferrante-mientras-ustedes-escuchen-que-a-ramiro-ferrante-lo-critica-el-circulo-rojo-de-la-politica-bienvenido-sea-es-que-hago-lo-que-debo-hacer-de-cara-a-la-gente\/","title":{"rendered":"RAMIRO FERRANTE: \u00abMIENTRAS USTEDES ESCUCHEN QUE A RAMIRO FERRANTE LO CRITICA EL C\u00cdRCULO ROJO DE LA POL\u00cdTICA, BIENVENIDO SEA. ES QUE HAGO LO QUE DEBO HACER DE CARA A LA GENTE\u00bb"},"content":{"rendered":"<h2>El precandidato habl\u00f3 de todo. Una nota donde sin hablar de proyectos, se habl\u00f3 del coraz\u00f3n de la pol\u00edtica, y c\u00f3mo se debe practicar.<\/h2>\n<p>10 de agosto de 2023<\/p>\n<p><strong><em>\u00abYo eleg\u00ed hacer pol\u00edtica de otra manera, y no como se hac\u00eda hist\u00f3ricamente. Creo que como sociedad necesitamos cada vez menos t\u00edtulos y discursos, y m\u00e1s ejemplos\u00bb.<\/em><\/strong><\/p>\n<p>As\u00ed comenz\u00f3 la entrevista con <strong>Ramiro Ferrante.<\/strong><\/p>\n<p><em><strong>\u00abMucho se habl\u00f3 de mi, pero yo aprend\u00ed a decir que no. Yo no me dej\u00e9 endulzar los o\u00eddos, por lo que dec\u00eda el c\u00edrculo de la pol\u00edtica. Muchas veces prima la irresponsabilidad de decir que s\u00ed a todo, pero yo eleg\u00ed decir no\u00bb<\/strong><\/em>, continu\u00f3 <strong>Ferrante<\/strong>.<\/p>\n<p><em><strong>\u00abEn 2017, rompimos el molde, intentando formar nuestro propio camino. La primera vez que tuve que decir que NO, fue luego de ganar las elecciones del 2017. En ese momento, luego de ganar la interna todo el mundo dec\u00eda que por costumbre, ten\u00eda que ser Presidente del Concejo. Con mi grupo lo analizamos&#8230; Me llam\u00f3 P\u00e9rez del Cerro y nos reunimos con \u00e9l y el \u00abMosca\u00bb Francese. Todo indicaba que de acuerdo a las \u00abnormas y costumbres\u00bb yo ten\u00eda que ser el presidente, pero yo solo ten\u00eda dos votos. El m\u00edo y el de Soledad Nivio, el resto eran UCR con 5 votos y el resto el FDT. Es decir que no alcanzaban mis votos. En la reuni\u00f3n, me dijeron que por los votos que consegu\u00ed ten\u00eda que ser el presidente del concejo y que me iban a apoyar, pero, a cambio deb\u00eda aprobar algunas normas (que eran el presupuesto, la rendici\u00f3n de cuentas y la rendici\u00f3n de tasas) Ese fue mi primer NO. Eleg\u00ed hacer lo que deb\u00eda para la gente, no me puse precio por una aspiraci\u00f3n personal.\u00bb<\/strong><\/em><\/p>\n<blockquote>\n<h3>Irradia seguridad. Se lo ve entusiasmado, seguro de lo que est\u00e1 haciendo y hacia d\u00f3nde se dirige.<\/h3>\n<\/blockquote>\n<p><em><strong>\u00abCuando uno elige ser funcionario p\u00fablico, la gente es la que te emplea, entonces vos ten\u00e9s que responderle a la gente. Si me equivoco en mi negocio me perjudico yo. En esto, si le erro perjudico a todos los vecinos\u00bb<\/strong><\/em>, sentenci\u00f3.<\/p>\n<p>Dice que cree en la pol\u00edtica, pero que sin dudas en estos 40 a\u00f1os de democracia algunos pol\u00edticos han sido los que tomaron malas decisiones.<\/p>\n<blockquote>\n<h3><em>\u00abHay una cosa que marqu\u00e9 siempre cuando se me hicieron ofrecimientos, y es que nunca pondr\u00eda en juego a mi familia, sino dejar\u00eda de ser quien soy. Si uno pierde valores empieza a transformarse y dejar de ser la persona que la gente quiere. Hoy, en 40 a\u00f1os de democracia hay mas deudas que aciertos, y eso fue un vicio de la pol\u00edtica, que ha perdido la escencia para ser algo \u00fatil al sistema\u00bb.<\/em><\/h3>\n<\/blockquote>\n<p>Tambi\u00e9n record\u00f3 con cari\u00f1o y emoci\u00f3n su paso por la C\u00e1mara de Comercio logr\u00f3 aprender y entender los beneficios de trabajar en equipo. Algo que asegura que lo acompa\u00f1ar\u00e1 toda su vida. <em><strong>\u00abMe marc\u00f3 para siempre.\u00bb\u00a0<\/strong><\/em>, dispar\u00f3.<\/p>\n<p>Un Ferrante aut\u00e9ntico, que promete ser distinto a todo lo que se considera concencional.<\/p>\n<p>&nbsp;<\/p>\n<p>&nbsp;<\/p>\n<p>&nbsp;<\/p>\n<p>&nbsp;<\/p>\n<p>&nbsp;<\/p>\n","protected":false},"excerpt":{"rendered":"<div class=\"mh-excerpt\"><p>El precandidato habl\u00f3 de todo. Una nota donde sin hablar de proyectos, se habl\u00f3 del coraz\u00f3n de la pol\u00edtica, y c\u00f3mo se debe practicar. 10 de agosto de 2023 \u00abYo eleg\u00ed hacer pol\u00edtica de otra <a class=\"mh-excerpt-more\" href=\"https:\/\/larevistadigital.com.ar\/blog\/ramiro-ferrante-mientras-ustedes-escuchen-que-a-ramiro-ferrante-lo-critica-el-circulo-rojo-de-la-politica-bienvenido-sea-es-que-hago-lo-que-debo-hacer-de-cara-a-la-gente\/\" title=\"RAMIRO FERRANTE: \u00abMIENTRAS USTEDES ESCUCHEN QUE A RAMIRO FERRANTE LO CRITICA EL C\u00cdRCULO ROJO DE LA POL\u00cdTICA, BIENVENIDO SEA. ES QUE HAGO LO QUE DEBO HACER DE CARA A LA GENTE\u00bb\">[Leer M\u00e1s]<\/a><\/p>\n<\/div>","protected":false},"author":3,"featured_media":0,"comment_status":"open","ping_status":"open","sticky":false,"template":"","format":"standard","meta":{"_jetpack_memberships_contains_paid_content":false,"footnotes":"","jetpack_publicize_message":"","jetpack_publicize_feature_enabled":true,"jetpack_social_post_already_shared":true,"jetpack_social_options":{"image_generator_settings":{"template":"highway","default_image_id":0,"font":"","enabled":false},"version":2}},"categories":[50,23],"tags":[],"class_list":{"0":"post-32833","1":"post","2":"type-post","3":"status-publish","4":"format-standard","6":"category-interes-general","7":"category-politica-local"},"jetpack_publicize_connections":[],"jetpack_featured_media_url":"","jetpack_sharing_enabled":true,"jetpack_shortlink":"https:\/\/wp.me\/p8qtrQ-8xz","jetpack-related-posts":[{"id":32678,"url":"https:\/\/larevistadigital.com.ar\/blog\/chascomus-ramiro-ferrante-la-renovacion-en-la-politica-es-la-clave\/","url_meta":{"origin":32833,"position":0},"title":"CHASCOM\u00daS: RAMIRO FERRANTE \u00abLA RENOVACI\u00d3N EN LA POL\u00cdTICA ES LA CLAVE\u00bb","author":"Alejandro Sosa Ruda","date":"31 julio, 2023","format":false,"excerpt":"El precandidato a intendente Ramiro Ferrante reflexion\u00f3 luego del triunfo de Ignacio Torres de Juntos por el Cambio en Chubut. 31 de julio de 2023 CHASCOM\u00daS -\u00a0 La aguda crisis socio-econ\u00f3mica y el descreimiento de la gente, presentan un escenario adverso y al mismo tiempo de oportunidades en este a\u00f1o\u2026","rel":"","context":"En \u00abINTERES GENERAL\u00bb","block_context":{"text":"INTERES GENERAL","link":"https:\/\/larevistadigital.com.ar\/blog\/category\/interes-general\/"},"img":{"alt_text":"","src":"https:\/\/i0.wp.com\/larevistadigital.com.ar\/blog\/wp-content\/uploads\/WhatsApp-Image-2023-07-31-at-13.21.49-1.jpeg?fit=905%2C510&ssl=1&resize=350%2C200","width":350,"height":200,"srcset":"https:\/\/i0.wp.com\/larevistadigital.com.ar\/blog\/wp-content\/uploads\/WhatsApp-Image-2023-07-31-at-13.21.49-1.jpeg?fit=905%2C510&ssl=1&resize=350%2C200 1x, https:\/\/i0.wp.com\/larevistadigital.com.ar\/blog\/wp-content\/uploads\/WhatsApp-Image-2023-07-31-at-13.21.49-1.jpeg?fit=905%2C510&ssl=1&resize=525%2C300 1.5x, https:\/\/i0.wp.com\/larevistadigital.com.ar\/blog\/wp-content\/uploads\/WhatsApp-Image-2023-07-31-at-13.21.49-1.jpeg?fit=905%2C510&ssl=1&resize=700%2C400 2x"},"classes":[]},{"id":4180,"url":"https:\/\/larevistadigital.com.ar\/blog\/chascomus-ramiro-ferrante-aseguro-voy-seguir-siendo-siempre\/","url_meta":{"origin":32833,"position":1},"title":"CHASCOMUS: RAMIRO FERRANTE ASEGUR\u00d3&#8230; \u00abVOY A SEGUIR SIENDO EL MISMO DE SIEMPRE\u00bb","author":"Alejandro Sosa Ruda","date":"12 diciembre, 2017","format":false,"excerpt":"Como primera medida, Ferrante agradeci\u00f3 a la cantidad de vecinos que lo saludan, le dan fuerza y lo felicitan, agregando que nunca pens\u00f3 tener tanto apoyo, aunque era el escenario que so\u00f1aba. Adem\u00e1s, dijo no estar ansioso por lo que va a ocurrir, ni por el trabajo que tiene por\u2026","rel":"","context":"En \u00abCHASCOM\u00daS\u00bb","block_context":{"text":"CHASCOM\u00daS","link":"https:\/\/larevistadigital.com.ar\/blog\/category\/chascomus\/"},"img":{"alt_text":"","src":"https:\/\/i0.wp.com\/larevistadigital.com.ar\/blog\/wp-content\/uploads\/2017\/12\/images.jpg?fit=218%2C231&ssl=1&resize=350%2C200","width":350,"height":200},"classes":[]},{"id":3536,"url":"https:\/\/larevistadigital.com.ar\/blog\/chascomus-molesto-actitudes-competidores-ramiro-ferrante-emitio-comunicado-la-sociedad\/","url_meta":{"origin":32833,"position":2},"title":"CHASCOM\u00daS: MOLESTO CON ACTITUDES DE SUS COMPETIDORES, RAMIRO FERRANTE EMITI\u00d3 UN COMUNICADO A LA SOCIEDAD","author":"Alejandro Sosa Ruda","date":"20 octubre, 2017","format":false,"excerpt":"Notablemente molesto por algunas situaciones que tienen que ver con los repartos de boletas a los vecinos, el candidato que encabeza la lista de Cambiemos en Chascom\u00fas, Ramiro Ferrante, hizo p\u00fablico un comunicado en el que apunta al oficialismo y al partido vecinalista \"Juntos por Chascom\u00fas\". AQU\u00cd EL TEXTO COMPLETO\u2026","rel":"","context":"En \u00abCHASCOM\u00daS\u00bb","block_context":{"text":"CHASCOM\u00daS","link":"https:\/\/larevistadigital.com.ar\/blog\/category\/chascomus\/"},"img":{"alt_text":"","src":"https:\/\/i0.wp.com\/larevistadigital.com.ar\/blog\/wp-content\/uploads\/2017\/10\/d509ce0e-2c7a-4de7-bcb9-8b09cb3b31f4-1.jpg?fit=359%2C405&ssl=1&resize=350%2C200","width":350,"height":200},"classes":[]},{"id":42948,"url":"https:\/\/larevistadigital.com.ar\/blog\/ramiro-ferrante-hizo-un-balance-de-su-paso-por-el-concejo-y-proyecto-el-futuro-de-chascomus-primero\/","url_meta":{"origin":32833,"position":3},"title":"Ramiro Ferrante hizo un balance de su paso por el Concejo y proyect\u00f3 el futuro de Chascom\u00fas Primero","author":"Alejandro Sosa Ruda","date":"17 diciembre, 2025","format":false,"excerpt":"Tras finalizar su segundo mandato como concejal, Ramiro Ferrante dialog\u00f3 con Alejandro \u201cEl Tano\u201d Sosa en Ataque de Radio \u2013 Home Office, donde repas\u00f3 su trayectoria pol\u00edtica, habl\u00f3 de las internas opositoras, asumi\u00f3 errores y anticip\u00f3 el lanzamiento formal de Chascom\u00fas Primero. 17 de diciembre de 2025 CHASCOM\u00daS -\u00a0 \u00a0Finalizado\u2026","rel":"","context":"En \u00abATAQUE DE RADIO\u00bb","block_context":{"text":"ATAQUE DE RADIO","link":"https:\/\/larevistadigital.com.ar\/blog\/category\/ataque-de-radio\/"},"img":{"alt_text":"","src":"https:\/\/i0.wp.com\/larevistadigital.com.ar\/blog\/wp-content\/uploads\/Captura-de-pantalla-2025-12-17-185521.jpg?fit=710%2C393&ssl=1&resize=350%2C200","width":350,"height":200,"srcset":"https:\/\/i0.wp.com\/larevistadigital.com.ar\/blog\/wp-content\/uploads\/Captura-de-pantalla-2025-12-17-185521.jpg?fit=710%2C393&ssl=1&resize=350%2C200 1x, https:\/\/i0.wp.com\/larevistadigital.com.ar\/blog\/wp-content\/uploads\/Captura-de-pantalla-2025-12-17-185521.jpg?fit=710%2C393&ssl=1&resize=525%2C300 1.5x, https:\/\/i0.wp.com\/larevistadigital.com.ar\/blog\/wp-content\/uploads\/Captura-de-pantalla-2025-12-17-185521.jpg?fit=710%2C393&ssl=1&resize=700%2C400 2x"},"classes":[]},{"id":23080,"url":"https:\/\/larevistadigital.com.ar\/blog\/flavio-ponce-dijo-quienes-serian-los-4-dirigentes-de-la-ucr-que-podrian-competir-en-una-interna-con-ramiro-ferrante\/","url_meta":{"origin":32833,"position":4},"title":"[contiene audio] FLAVIO PONCE DIJO QUIENES SER\u00cdAN LOS 4 DIRIGENTES DE LA UCR QUE PODR\u00cdAN COMPETIR EN UNA INTERNA CON RAMIRO FERRANTE","author":"Alejandro Sosa Ruda","date":"28 diciembre, 2021","format":false,"excerpt":"Lo manifest\u00f3 en una jugosa entrevista radial. Nombr\u00f3 a 4 dirigentes, y habl\u00f3 de la propuesta que les hizo a Ferrante (PRO) y a Leo Moyano (GEN) El Presidente de la UCR de Chascom\u00fas, Flavio Ponce, mantuvo un interesante di\u00e1logo con Alejandro \"El Tano\" Sosa, en el programa \"Ataque de\u2026","rel":"","context":"En \u00abINTERES GENERAL\u00bb","block_context":{"text":"INTERES GENERAL","link":"https:\/\/larevistadigital.com.ar\/blog\/category\/interes-general\/"},"img":{"alt_text":"","src":"https:\/\/i0.wp.com\/larevistadigital.com.ar\/blog\/wp-content\/uploads\/FLAVIO-PONCE-1.jpg?fit=1000%2C1195&ssl=1&resize=350%2C200","width":350,"height":200,"srcset":"https:\/\/i0.wp.com\/larevistadigital.com.ar\/blog\/wp-content\/uploads\/FLAVIO-PONCE-1.jpg?fit=1000%2C1195&ssl=1&resize=350%2C200 1x, https:\/\/i0.wp.com\/larevistadigital.com.ar\/blog\/wp-content\/uploads\/FLAVIO-PONCE-1.jpg?fit=1000%2C1195&ssl=1&resize=525%2C300 1.5x, https:\/\/i0.wp.com\/larevistadigital.com.ar\/blog\/wp-content\/uploads\/FLAVIO-PONCE-1.jpg?fit=1000%2C1195&ssl=1&resize=700%2C400 2x"},"classes":[]},{"id":28042,"url":"https:\/\/larevistadigital.com.ar\/blog\/ramiro-ferrante-el-bloque-de-uxch-frente-de-todos-trajo-la-mentira-y-la-mala-fe-a-la-politica\/","url_meta":{"origin":32833,"position":5},"title":"RAMIRO FERRANTE: \u00abEL BLOQUE DE UXCH-FRENTE DE TODOS TRAJO LA MENTIRA Y LA MALA F\u00c9 A LA POL\u00cdTICA\u00bb","author":"Alejandro Sosa Ruda","date":"24 septiembre, 2022","format":false,"excerpt":"El presidente del Concejo Deliberante se mostr\u00f3 muy molesto por una publicaci\u00f3n de Unidad por Chascom\u00fas que sostiene afirmaciones que dijo \"no se ajustan a la verdad\", para ello nos acerc\u00f3 documentaci\u00f3n que puede leerse al final de la nota siguiendo los enlaces. 24 de septiembre de 2022 CHASCOM\u00daS -\u00a0\u2026","rel":"","context":"En \u00abDESTACADAS\u00bb","block_context":{"text":"DESTACADAS","link":"https:\/\/larevistadigital.com.ar\/blog\/category\/destacadas\/"},"img":{"alt_text":"","src":"https:\/\/i0.wp.com\/larevistadigital.com.ar\/blog\/wp-content\/uploads\/2019\/05\/Screenshot_2-7.jpg?fit=1200%2C707&ssl=1&resize=350%2C200","width":350,"height":200,"srcset":"https:\/\/i0.wp.com\/larevistadigital.com.ar\/blog\/wp-content\/uploads\/2019\/05\/Screenshot_2-7.jpg?fit=1200%2C707&ssl=1&resize=350%2C200 1x, https:\/\/i0.wp.com\/larevistadigital.com.ar\/blog\/wp-content\/uploads\/2019\/05\/Screenshot_2-7.jpg?fit=1200%2C707&ssl=1&resize=525%2C300 1.5x, https:\/\/i0.wp.com\/larevistadigital.com.ar\/blog\/wp-content\/uploads\/2019\/05\/Screenshot_2-7.jpg?fit=1200%2C707&ssl=1&resize=700%2C400 2x, https:\/\/i0.wp.com\/larevistadigital.com.ar\/blog\/wp-content\/uploads\/2019\/05\/Screenshot_2-7.jpg?fit=1200%2C707&ssl=1&resize=1050%2C600 3x"},"classes":[]}],"_links":{"self":[{"href":"https:\/\/larevistadigital.com.ar\/blog\/wp-json\/wp\/v2\/posts\/32833","targetHints":{"allow":["GET"]}}],"collection":[{"href":"https:\/\/larevistadigital.com.ar\/blog\/wp-json\/wp\/v2\/posts"}],"about":[{"href":"https:\/\/larevistadigital.com.ar\/blog\/wp-json\/wp\/v2\/types\/post"}],"author":[{"embeddable":true,"href":"https:\/\/larevistadigital.com.ar\/blog\/wp-json\/wp\/v2\/users\/3"}],"replies":[{"embeddable":true,"href":"https:\/\/larevistadigital.com.ar\/blog\/wp-json\/wp\/v2\/comments?post=32833"}],"version-history":[{"count":1,"href":"https:\/\/larevistadigital.com.ar\/blog\/wp-json\/wp\/v2\/posts\/32833\/revisions"}],"predecessor-version":[{"id":32834,"href":"https:\/\/larevistadigital.com.ar\/blog\/wp-json\/wp\/v2\/posts\/32833\/revisions\/32834"}],"wp:attachment":[{"href":"https:\/\/larevistadigital.com.ar\/blog\/wp-json\/wp\/v2\/media?parent=32833"}],"wp:term":[{"taxonomy":"category","embeddable":true,"href":"https:\/\/larevistadigital.com.ar\/blog\/wp-json\/wp\/v2\/categories?post=32833"},{"taxonomy":"post_tag","embeddable":true,"href":"https:\/\/larevistadigital.com.ar\/blog\/wp-json\/wp\/v2\/tags?post=32833"}],"curies":[{"name":"wp","href":"https:\/\/api.w.org\/{rel}","templated":true}]}}