{"id":32835,"date":"2023-08-11T12:35:35","date_gmt":"2023-08-11T12:35:35","guid":{"rendered":"https:\/\/larevistadigital.com.ar\/blog\/?p=32835"},"modified":"2023-08-11T12:35:35","modified_gmt":"2023-08-11T12:35:35","slug":"orgullo-estudiantes-de-la-unlp-elegidos-por-la-nasa-para-planificar-una-mision-a-marte","status":"publish","type":"post","link":"https:\/\/larevistadigital.com.ar\/blog\/orgullo-estudiantes-de-la-unlp-elegidos-por-la-nasa-para-planificar-una-mision-a-marte\/","title":{"rendered":"\u00a1ORGULLO! ESTUDIANTES DE LA UNLP ELEGIDOS POR LA NASA PARA PLANIFICAR UNA MISI\u00d3N A MARTE"},"content":{"rendered":"<h2 class=\"fparrafo ctext fz18 lh25\">Se trata de Ian Gottlieb Godoy Garraza, alumno del s\u00e9ptimo a\u00f1o del Bachillerato de Bellas Artes y de Dana Crivaro, estudiante de Ingenier\u00eda de la UNLP, los dos elegidos para participar en el Programa United Space School.<\/h2>\n<p>11 de agosto de 2023<\/p>\n<p class=\"selectionShareable\">El presidente de la Universidad Nacional de La Plata, <strong>Martin L\u00f3pez Armengol<\/strong>, recibi\u00f3 a los estudiantes de la UNLP que fueron seleccionados por la NASA para planificar una misi\u00f3n a Marte.<\/p>\n<blockquote>\n<h3 class=\"selectionShareable\">Se trata de Ian Gottlieb Godoy Garraza, alumno del s\u00e9ptimo a\u00f1o del Bachillerato de Bellas Artes y de Dana Crivaro, estudiante de Ingenier\u00eda de la UNLP, los dos elegidos para participar en el Programa United Space School.<\/h3>\n<\/blockquote>\n<p class=\"selectionShareable\">Ambos encuentros tuvieron lugar en el Rectorado de la UNLP. Ian asisti\u00f3 acompa\u00f1ado por la directora del Bachillerato, <strong>Andrea Aguerre<\/strong>, y <strong>Dana<\/strong> concurri\u00f3 junto a <strong>Marcos Actis<\/strong>, decano de la unidad acad\u00e9mica donde estudia Ingenier\u00eda Industrial.<\/p>\n<p class=\"selectionShareable\">La United Space School (USS) es una escuela espacial organizada por la Foundation for International Space Education (FISE), una entidad asociada a la NASA, que convoca a estudiantes alrededor del mundo para estudiar, investigar y finalmente proyectar una misi\u00f3n tripulada a Marte. (<b>InfoGEI<\/b>) Mg<\/p>\n","protected":false},"excerpt":{"rendered":"<div class=\"mh-excerpt\"><p>Se trata de Ian Gottlieb Godoy Garraza, alumno del s\u00e9ptimo a\u00f1o del Bachillerato de Bellas Artes y de Dana Crivaro, estudiante de Ingenier\u00eda de la UNLP, los dos elegidos para participar en el Programa United <a class=\"mh-excerpt-more\" href=\"https:\/\/larevistadigital.com.ar\/blog\/orgullo-estudiantes-de-la-unlp-elegidos-por-la-nasa-para-planificar-una-mision-a-marte\/\" title=\"\u00a1ORGULLO! ESTUDIANTES DE LA UNLP ELEGIDOS POR LA NASA PARA PLANIFICAR UNA MISI\u00d3N A MARTE\">[Leer M\u00e1s]<\/a><\/p>\n<\/div>","protected":false},"author":3,"featured_media":32836,"comment_status":"open","ping_status":"open","sticky":false,"template":"","format":"standard","meta":{"_jetpack_memberships_contains_paid_content":false,"footnotes":"","jetpack_publicize_message":"","jetpack_publicize_feature_enabled":true,"jetpack_social_post_already_shared":true,"jetpack_social_options":{"image_generator_settings":{"template":"highway","default_image_id":0,"font":"","enabled":false},"version":2}},"categories":[51,29],"tags":[],"class_list":{"0":"post-32835","1":"post","2":"type-post","3":"status-publish","4":"format-standard","5":"has-post-thumbnail","7":"category-regionales","8":"category-sociedad"},"jetpack_publicize_connections":[],"jetpack_featured_media_url":"https:\/\/i0.wp.com\/larevistadigital.com.ar\/blog\/wp-content\/uploads\/20230810184413_unlp.jpg?fit=880%2C512&ssl=1","jetpack_sharing_enabled":true,"jetpack_shortlink":"https:\/\/wp.me\/p8qtrQ-8xB","jetpack-related-posts":[{"id":34333,"url":"https:\/\/larevistadigital.com.ar\/blog\/con-mas-de-90-listas-comienzan-las-elecciones-estudiantiles-de-la-unlp\/","url_meta":{"origin":32835,"position":0},"title":"CON M\u00c1S DE 90 LISTAS COMIENZAN LAS ELECCIONES ESTUDIANTILES DE LA UNLP","author":"Alejandro Sosa Ruda","date":"1 noviembre, 2023","format":false,"excerpt":"Los pr\u00f3ximos 1, 2 y 3 de noviembre se realizar\u00e1n las elecciones estudiantes en las 17 facultades de la Universidad Nacional de La Plata. La Franja Morada deber\u00e1 defender su posici\u00f3n como centro de estudiantes en m\u00e1s de la mitad de las unidades acad\u00e9micas. 1\u00b0 de Noviembre de 2023 LA\u2026","rel":"","context":"En \u00abPOLITICA\u00bb","block_context":{"text":"POLITICA","link":"https:\/\/larevistadigital.com.ar\/blog\/category\/politica\/"},"img":{"alt_text":"","src":"https:\/\/i0.wp.com\/larevistadigital.com.ar\/blog\/wp-content\/uploads\/20231031170835_elecciones-2023.jpg?fit=880%2C512&ssl=1&resize=350%2C200","width":350,"height":200,"srcset":"https:\/\/i0.wp.com\/larevistadigital.com.ar\/blog\/wp-content\/uploads\/20231031170835_elecciones-2023.jpg?fit=880%2C512&ssl=1&resize=350%2C200 1x, https:\/\/i0.wp.com\/larevistadigital.com.ar\/blog\/wp-content\/uploads\/20231031170835_elecciones-2023.jpg?fit=880%2C512&ssl=1&resize=525%2C300 1.5x, https:\/\/i0.wp.com\/larevistadigital.com.ar\/blog\/wp-content\/uploads\/20231031170835_elecciones-2023.jpg?fit=880%2C512&ssl=1&resize=700%2C400 2x"},"classes":[]},{"id":44881,"url":"https:\/\/larevistadigital.com.ar\/blog\/con-presencia-de-la-unlp-artemis-ii-despego-y-reavivo-un-sueno-que-parecia-imposible\/","url_meta":{"origin":32835,"position":1},"title":"Con presencia de la UNLP, Artemis II despeg\u00f3 y reaviv\u00f3 un sue\u00f1o que parec\u00eda imposible","author":"Alejandro Sosa Ruda","date":"2 abril, 2026","format":false,"excerpt":"Despu\u00e9s de 54 a\u00f1os, una misi\u00f3n tripulada volvi\u00f3 a partir rumbo al sat\u00e9lite terrestre. Lleva cuatro astronautas, har\u00e1 un sobrevuelo hist\u00f3rico y reabre la carrera lunar. 02 de abril de 2026 La misi\u00f3n espacial\u00a0Artemis II\u00a0ya puso a la\u00a0humanidad\u00a0otra vez en\u00a0modo Luna, pero en\u00a0Argentina\u00a0hay un motivo extra para seguir cada minuto\u2026","rel":"","context":"En \u00abDESTACADAS\u00bb","block_context":{"text":"DESTACADAS","link":"https:\/\/larevistadigital.com.ar\/blog\/category\/destacadas\/"},"img":{"alt_text":"","src":"https:\/\/i0.wp.com\/larevistadigital.com.ar\/blog\/wp-content\/uploads\/Captura-de-pantalla-2026-04-02-110154.jpg?fit=794%2C451&ssl=1&resize=350%2C200","width":350,"height":200,"srcset":"https:\/\/i0.wp.com\/larevistadigital.com.ar\/blog\/wp-content\/uploads\/Captura-de-pantalla-2026-04-02-110154.jpg?fit=794%2C451&ssl=1&resize=350%2C200 1x, https:\/\/i0.wp.com\/larevistadigital.com.ar\/blog\/wp-content\/uploads\/Captura-de-pantalla-2026-04-02-110154.jpg?fit=794%2C451&ssl=1&resize=525%2C300 1.5x, https:\/\/i0.wp.com\/larevistadigital.com.ar\/blog\/wp-content\/uploads\/Captura-de-pantalla-2026-04-02-110154.jpg?fit=794%2C451&ssl=1&resize=700%2C400 2x"},"classes":[]},{"id":42658,"url":"https:\/\/larevistadigital.com.ar\/blog\/amenaza-de-masacre-obligo-a-suspender-las-clases-en-la-facultad-de-artes-de-la-unlp\/","url_meta":{"origin":32835,"position":2},"title":"Amenaza de \u201cmasacre\u201d oblig\u00f3 a suspender las clases en la Facultad de Artes de la UNLP","author":"Alejandro Sosa Ruda","date":"29 noviembre, 2025","format":false,"excerpt":"Un correo electr\u00f3nico con contenido violento y referencias a un ataque armado encendi\u00f3 las alarmas en la Universidad Nacional de La Plata. Las autoridades dispusieron la suspensi\u00f3n total de actividades mientras intervienen fuerzas de seguridad y especialistas. 29 de Noviembre de 2025 LA PLATA -\u00a0 \u00a0Una grave amenaza recibida por\u2026","rel":"","context":"En \u00abPOLICIALES\u00bb","block_context":{"text":"POLICIALES","link":"https:\/\/larevistadigital.com.ar\/blog\/category\/policiales\/"},"img":{"alt_text":"","src":"https:\/\/i0.wp.com\/larevistadigital.com.ar\/blog\/wp-content\/uploads\/UNLP.jpg?fit=800%2C532&ssl=1&resize=350%2C200","width":350,"height":200,"srcset":"https:\/\/i0.wp.com\/larevistadigital.com.ar\/blog\/wp-content\/uploads\/UNLP.jpg?fit=800%2C532&ssl=1&resize=350%2C200 1x, https:\/\/i0.wp.com\/larevistadigital.com.ar\/blog\/wp-content\/uploads\/UNLP.jpg?fit=800%2C532&ssl=1&resize=525%2C300 1.5x, https:\/\/i0.wp.com\/larevistadigital.com.ar\/blog\/wp-content\/uploads\/UNLP.jpg?fit=800%2C532&ssl=1&resize=700%2C400 2x"},"classes":[]},{"id":29503,"url":"https:\/\/larevistadigital.com.ar\/blog\/ingenieros-de-la-unlp-presentaron-un-robot-disenado-para-limpiar-rios-puertos-y-lagunas\/","url_meta":{"origin":32835,"position":3},"title":"INGENIEROS DE LA UNLP PRESENTARON UN ROBOT DISE\u00d1ADO PARA LIMPIAR RIOS, PUERTOS Y LAGUNAS.","author":"Alejandro Sosa Ruda","date":"16 diciembre, 2022","format":false,"excerpt":"El dispositivo fue desarrollado por la empresa Recyclamer Pampa Argentina, dedicada al cuidado del medio ambiente, en conjunto con el Instituto de Investigaciones en Electr\u00f3nica, Control y Procesamiento de Se\u00f1ales (LEICI, CONICET-UNLP) de la unidad acad\u00e9mica. 16 de diciembre de 2022 En la Facultad de Ingenier\u00eda de la Universidad Nacional\u2026","rel":"","context":"En \u00abCULTURA\u00bb","block_context":{"text":"CULTURA","link":"https:\/\/larevistadigital.com.ar\/blog\/category\/cultura\/"},"img":{"alt_text":"","src":"https:\/\/i0.wp.com\/larevistadigital.com.ar\/blog\/wp-content\/uploads\/20221216175815_robot.jpg?fit=880%2C512&ssl=1&resize=350%2C200","width":350,"height":200,"srcset":"https:\/\/i0.wp.com\/larevistadigital.com.ar\/blog\/wp-content\/uploads\/20221216175815_robot.jpg?fit=880%2C512&ssl=1&resize=350%2C200 1x, https:\/\/i0.wp.com\/larevistadigital.com.ar\/blog\/wp-content\/uploads\/20221216175815_robot.jpg?fit=880%2C512&ssl=1&resize=525%2C300 1.5x, https:\/\/i0.wp.com\/larevistadigital.com.ar\/blog\/wp-content\/uploads\/20221216175815_robot.jpg?fit=880%2C512&ssl=1&resize=700%2C400 2x"},"classes":[]},{"id":28863,"url":"https:\/\/larevistadigital.com.ar\/blog\/importante-abrieron-las-inscripciones-para-las-becas-de-estudiantes-en-la-unlp\/","url_meta":{"origin":32835,"position":4},"title":"IMPORTANTE: ABRIERON LAS INSCRIPCIONES PARA LAS  BECAS DE ESTUDIANTES EN LA UNLP","author":"Alejandro Sosa Ruda","date":"18 noviembre, 2022","format":false,"excerpt":"Los beneficios que se implementan est\u00e1n destinados a ingresantes y estudiantes regulares, a fin de garantizar el ingreso, el progreso y la culminaci\u00f3n de la carrera de grado. El cierre de la convocatoria var\u00eda de acuerdo al beneficio. 18 de noviembre de 2022 Se encuentra abierta la inscripci\u00f3n a las\u2026","rel":"","context":"En \u00abCULTURA\u00bb","block_context":{"text":"CULTURA","link":"https:\/\/larevistadigital.com.ar\/blog\/category\/cultura\/"},"img":{"alt_text":"","src":"https:\/\/i0.wp.com\/larevistadigital.com.ar\/blog\/wp-content\/uploads\/20221118183248_unlp.jpg?fit=880%2C512&ssl=1&resize=350%2C200","width":350,"height":200,"srcset":"https:\/\/i0.wp.com\/larevistadigital.com.ar\/blog\/wp-content\/uploads\/20221118183248_unlp.jpg?fit=880%2C512&ssl=1&resize=350%2C200 1x, https:\/\/i0.wp.com\/larevistadigital.com.ar\/blog\/wp-content\/uploads\/20221118183248_unlp.jpg?fit=880%2C512&ssl=1&resize=525%2C300 1.5x, https:\/\/i0.wp.com\/larevistadigital.com.ar\/blog\/wp-content\/uploads\/20221118183248_unlp.jpg?fit=880%2C512&ssl=1&resize=700%2C400 2x"},"classes":[]},{"id":13680,"url":"https:\/\/larevistadigital.com.ar\/blog\/a-no-quedarse-afuera-hoy-es-el-ultimo-dia-para-inscribirse-en-la-unlp\/","url_meta":{"origin":32835,"position":5},"title":"\u00a1A NO QUEDARSE AFUERA! HOY ES EL \u00daLTIMO D\u00cdA PARA INSCRIBIRSE EN LA UNLP","author":"Alejandro Sosa Ruda","date":"13 diciembre, 2019","format":false,"excerpt":"El plazo para anotarse est\u00e1 habilitado hasta el 13 de diciembre. El tr\u00e1mite incluye una preinscripci\u00f3n por internet. Entr\u00e1 y mir\u00e1 toda la informaci\u00f3n sobre fechas y requisitos. Con una oferta acad\u00e9mica que incluye m\u00e1s de\u00a0115 carreras de grado, la Universidad Nacional de La Plata fij\u00f3 entre los d\u00edas 11\u2026","rel":"","context":"En \u00abREGIONALES\u00bb","block_context":{"text":"REGIONALES","link":"https:\/\/larevistadigital.com.ar\/blog\/category\/regionales\/"},"img":{"alt_text":"","src":"https:\/\/i0.wp.com\/larevistadigital.com.ar\/blog\/wp-content\/uploads\/20191212172628_medium-89e2c8334f5a8f30254ca7efb6faf60b.jpg?fit=887%2C554&ssl=1&resize=350%2C200","width":350,"height":200,"srcset":"https:\/\/i0.wp.com\/larevistadigital.com.ar\/blog\/wp-content\/uploads\/20191212172628_medium-89e2c8334f5a8f30254ca7efb6faf60b.jpg?fit=887%2C554&ssl=1&resize=350%2C200 1x, https:\/\/i0.wp.com\/larevistadigital.com.ar\/blog\/wp-content\/uploads\/20191212172628_medium-89e2c8334f5a8f30254ca7efb6faf60b.jpg?fit=887%2C554&ssl=1&resize=525%2C300 1.5x, https:\/\/i0.wp.com\/larevistadigital.com.ar\/blog\/wp-content\/uploads\/20191212172628_medium-89e2c8334f5a8f30254ca7efb6faf60b.jpg?fit=887%2C554&ssl=1&resize=700%2C400 2x"},"classes":[]}],"_links":{"self":[{"href":"https:\/\/larevistadigital.com.ar\/blog\/wp-json\/wp\/v2\/posts\/32835","targetHints":{"allow":["GET"]}}],"collection":[{"href":"https:\/\/larevistadigital.com.ar\/blog\/wp-json\/wp\/v2\/posts"}],"about":[{"href":"https:\/\/larevistadigital.com.ar\/blog\/wp-json\/wp\/v2\/types\/post"}],"author":[{"embeddable":true,"href":"https:\/\/larevistadigital.com.ar\/blog\/wp-json\/wp\/v2\/users\/3"}],"replies":[{"embeddable":true,"href":"https:\/\/larevistadigital.com.ar\/blog\/wp-json\/wp\/v2\/comments?post=32835"}],"version-history":[{"count":2,"href":"https:\/\/larevistadigital.com.ar\/blog\/wp-json\/wp\/v2\/posts\/32835\/revisions"}],"predecessor-version":[{"id":32839,"href":"https:\/\/larevistadigital.com.ar\/blog\/wp-json\/wp\/v2\/posts\/32835\/revisions\/32839"}],"wp:featuredmedia":[{"embeddable":true,"href":"https:\/\/larevistadigital.com.ar\/blog\/wp-json\/wp\/v2\/media\/32836"}],"wp:attachment":[{"href":"https:\/\/larevistadigital.com.ar\/blog\/wp-json\/wp\/v2\/media?parent=32835"}],"wp:term":[{"taxonomy":"category","embeddable":true,"href":"https:\/\/larevistadigital.com.ar\/blog\/wp-json\/wp\/v2\/categories?post=32835"},{"taxonomy":"post_tag","embeddable":true,"href":"https:\/\/larevistadigital.com.ar\/blog\/wp-json\/wp\/v2\/tags?post=32835"}],"curies":[{"name":"wp","href":"https:\/\/api.w.org\/{rel}","templated":true}]}}