{"id":33013,"date":"2023-08-26T11:57:01","date_gmt":"2023-08-26T14:57:01","guid":{"rendered":"https:\/\/larevistadigital.com.ar\/blog\/?p=33013"},"modified":"2023-08-26T11:57:01","modified_gmt":"2023-08-26T14:57:01","slug":"un-nene-de-cinco-anos-sufrio-una-descarga-electrica-mientras-jugaba-en-una-plaza","status":"publish","type":"post","link":"https:\/\/larevistadigital.com.ar\/blog\/un-nene-de-cinco-anos-sufrio-una-descarga-electrica-mientras-jugaba-en-una-plaza\/","title":{"rendered":"UN NENE DE CINCO A\u00d1OS SUFRI\u00d3 UNA DESCARGA EL\u00c9CTRICA MIENTRAS JUGABA EN UNA PLAZA"},"content":{"rendered":"<h2 class=\"fparrafo ctext fz18 lh25\">El peque\u00f1o termin\u00f3 con heridas en las dos manos y sus familiares lo llevaron al hospital. El peque\u00f1o estaba acompa\u00f1ado por sus primos cuando, al apoyar sus manos en un poste, recibi\u00f3 la descarga.<\/h2>\n<p>26 de agosto de 2023<\/p>\n<p><strong>BAH\u00cdA BLANCA &#8211;\u00a0 <\/strong>Un ni\u00f1o de 5 a\u00f1os fue hospitalizado el jueves por la tarde, despu\u00e9s de recibir una descarga el\u00e9ctrica mientras jugaba en una plaza del barrio Maldonado de la ciudad de Bah\u00eda Blanca.<\/p>\n<blockquote>\n<h3>El peque\u00f1o estaba acompa\u00f1ado por sus primos cuando, al apoyar sus manos en un poste, recibi\u00f3 la descarga. Su propia familia lo traslad\u00f3 al Hospital Municipal para recibir atenci\u00f3n m\u00e9dica.<\/h3>\n<\/blockquote>\n<p>Seg\u00fan inform\u00f3 el portal local Cafexmedio, el ni\u00f1o presentaba lesiones en ambas manos, una de ellas debido al punto de entrada de la descarga y la otra en el punto de salida.<\/p>\n<p>El menor se encuentra en estado estable, aunque permaneci\u00f3 internado por un per\u00edodo adicional, ya que las consecuencias de una electrocuci\u00f3n pueden manifestarse con el tiempo. \u00a0(<b>InfoGEI<\/b>) Mg<\/p>\n","protected":false},"excerpt":{"rendered":"<div class=\"mh-excerpt\"><p>El peque\u00f1o termin\u00f3 con heridas en las dos manos y sus familiares lo llevaron al hospital. El peque\u00f1o estaba acompa\u00f1ado por sus primos cuando, al apoyar sus manos en un poste, recibi\u00f3 la descarga. 26 <a class=\"mh-excerpt-more\" href=\"https:\/\/larevistadigital.com.ar\/blog\/un-nene-de-cinco-anos-sufrio-una-descarga-electrica-mientras-jugaba-en-una-plaza\/\" title=\"UN NENE DE CINCO A\u00d1OS SUFRI\u00d3 UNA DESCARGA EL\u00c9CTRICA MIENTRAS JUGABA EN UNA PLAZA\">[Leer M\u00e1s]<\/a><\/p>\n<\/div>","protected":false},"author":3,"featured_media":28709,"comment_status":"open","ping_status":"open","sticky":false,"template":"","format":"standard","meta":{"_jetpack_memberships_contains_paid_content":false,"footnotes":"","jetpack_publicize_message":"","jetpack_publicize_feature_enabled":true,"jetpack_social_post_already_shared":true,"jetpack_social_options":{"image_generator_settings":{"template":"highway","default_image_id":0,"font":"","enabled":false},"version":2}},"categories":[51,29],"tags":[],"class_list":{"0":"post-33013","1":"post","2":"type-post","3":"status-publish","4":"format-standard","5":"has-post-thumbnail","7":"category-regionales","8":"category-sociedad"},"jetpack_publicize_connections":[],"jetpack_featured_media_url":"https:\/\/i0.wp.com\/larevistadigital.com.ar\/blog\/wp-content\/uploads\/ambulancia-same.png?fit=806%2C432&ssl=1","jetpack_sharing_enabled":true,"jetpack_shortlink":"https:\/\/wp.me\/p8qtrQ-8At","jetpack-related-posts":[{"id":23108,"url":"https:\/\/larevistadigital.com.ar\/blog\/murio-electrocutado-cuando-cortaba-el-pasto-lo-encontro-su-novia\/","url_meta":{"origin":33013,"position":0},"title":"MURI\u00d3 ELECTROCUTADO  CUANDO CORTABA EL PASTO. LO ENCONTR\u00d3 SU NOVIA","author":"Alejandro Sosa Ruda","date":"29 diciembre, 2021","format":false,"excerpt":"Sucedi\u00f3 en la tarde de este mi\u00e9rcoles. La v\u00edctima de 27 a\u00f1os fue hallada por su novia. MAR DEL PLATA -\u00a0 Un joven de 27 a\u00f1os\u00a0que estaba cortando el c\u00e9sped muri\u00f3 esta tarde tras recibir una descarga el\u00e9ctrica. Si bien fue trasladado al\u00a0centro de salud del barrio Ameghino, los profesionales\u2026","rel":"","context":"En \u00abPOLICIALES\u00bb","block_context":{"text":"POLICIALES","link":"https:\/\/larevistadigital.com.ar\/blog\/category\/policiales\/"},"img":{"alt_text":"","src":"https:\/\/i0.wp.com\/larevistadigital.com.ar\/blog\/wp-content\/uploads\/Captura-de-pantalla-2021-12-29-203210.jpg?fit=1013%2C675&ssl=1&resize=350%2C200","width":350,"height":200,"srcset":"https:\/\/i0.wp.com\/larevistadigital.com.ar\/blog\/wp-content\/uploads\/Captura-de-pantalla-2021-12-29-203210.jpg?fit=1013%2C675&ssl=1&resize=350%2C200 1x, https:\/\/i0.wp.com\/larevistadigital.com.ar\/blog\/wp-content\/uploads\/Captura-de-pantalla-2021-12-29-203210.jpg?fit=1013%2C675&ssl=1&resize=525%2C300 1.5x, https:\/\/i0.wp.com\/larevistadigital.com.ar\/blog\/wp-content\/uploads\/Captura-de-pantalla-2021-12-29-203210.jpg?fit=1013%2C675&ssl=1&resize=700%2C400 2x"},"classes":[]},{"id":25424,"url":"https:\/\/larevistadigital.com.ar\/blog\/genereal-conesa-muere-un-veterinario-de-dolores-por-una-descarga-electrica-en-la-zona-rural\/","url_meta":{"origin":33013,"position":1},"title":"GENEREAL CONESA: MUERE UN VETERINARIO DE DOLORES, POR UNA DESCARGA EL\u00c9CTRICA EN LA ZONA RURAL","author":"Alejandro Sosa Ruda","date":"27 mayo, 2022","format":false,"excerpt":"El carro que tiraba con su camioneta se habr\u00eda enredado en cables de electricidad. GENERAL CONESA -\u00a0 Un joven veterinario dolorense muri\u00f3 en un campo de General Conesa\u00a0al recibir una descarga el\u00e9ctrica. Juan Mart\u00edn Harisgart, de 30 a\u00f1os, muri\u00f3 ayer cuando el carro en el que transportaba ganado tirado por\u2026","rel":"","context":"En \u00abPOLITICA\u00bb","block_context":{"text":"POLITICA","link":"https:\/\/larevistadigital.com.ar\/blog\/category\/politica\/"},"img":{"alt_text":"","src":"https:\/\/i0.wp.com\/larevistadigital.com.ar\/blog\/wp-content\/uploads\/CONESA.jpg?fit=1140%2C759&ssl=1&resize=350%2C200","width":350,"height":200,"srcset":"https:\/\/i0.wp.com\/larevistadigital.com.ar\/blog\/wp-content\/uploads\/CONESA.jpg?fit=1140%2C759&ssl=1&resize=350%2C200 1x, https:\/\/i0.wp.com\/larevistadigital.com.ar\/blog\/wp-content\/uploads\/CONESA.jpg?fit=1140%2C759&ssl=1&resize=525%2C300 1.5x, https:\/\/i0.wp.com\/larevistadigital.com.ar\/blog\/wp-content\/uploads\/CONESA.jpg?fit=1140%2C759&ssl=1&resize=700%2C400 2x, https:\/\/i0.wp.com\/larevistadigital.com.ar\/blog\/wp-content\/uploads\/CONESA.jpg?fit=1140%2C759&ssl=1&resize=1050%2C600 3x"},"classes":[]},{"id":18679,"url":"https:\/\/larevistadigital.com.ar\/blog\/joven-muere-electrocutado-mientras-cortaba-al-pasto\/","url_meta":{"origin":33013,"position":2},"title":"JOVEN MUERE ELECTROCUTADO MIENTRAS CORTABA AL PASTO","author":"Alejandro Sosa Ruda","date":"24 enero, 2021","format":false,"excerpt":"Si bien intentaron reanimarlo falleci\u00f3 pocos minutos despu\u00e9s de recibir la descarga. GENERAL MADARIAGA - Un joven de 22 a\u00f1os muri\u00f3 esta tarde luego de sufrir una descarga el\u00e9ctrica mientras cortaba el pasto. El hecho fue en una vivienda ubicada en inmediaciones de Chile y Colombia de la localidad de\u2026","rel":"","context":"En \u00abREGIONALES\u00bb","block_context":{"text":"REGIONALES","link":"https:\/\/larevistadigital.com.ar\/blog\/category\/regionales\/"},"img":{"alt_text":"","src":"https:\/\/i0.wp.com\/larevistadigital.com.ar\/blog\/wp-content\/uploads\/137c79aacd1e1a48ff0d312e8408097752016a8a.jpg?fit=1140%2C756&ssl=1&resize=350%2C200","width":350,"height":200,"srcset":"https:\/\/i0.wp.com\/larevistadigital.com.ar\/blog\/wp-content\/uploads\/137c79aacd1e1a48ff0d312e8408097752016a8a.jpg?fit=1140%2C756&ssl=1&resize=350%2C200 1x, https:\/\/i0.wp.com\/larevistadigital.com.ar\/blog\/wp-content\/uploads\/137c79aacd1e1a48ff0d312e8408097752016a8a.jpg?fit=1140%2C756&ssl=1&resize=525%2C300 1.5x, https:\/\/i0.wp.com\/larevistadigital.com.ar\/blog\/wp-content\/uploads\/137c79aacd1e1a48ff0d312e8408097752016a8a.jpg?fit=1140%2C756&ssl=1&resize=700%2C400 2x, https:\/\/i0.wp.com\/larevistadigital.com.ar\/blog\/wp-content\/uploads\/137c79aacd1e1a48ff0d312e8408097752016a8a.jpg?fit=1140%2C756&ssl=1&resize=1050%2C600 3x"},"classes":[]},{"id":25531,"url":"https:\/\/larevistadigital.com.ar\/blog\/la-plata-murio-una-chica-de-24-anos-tras-recibir-una-descarga-electrica-en-su-casa\/","url_meta":{"origin":33013,"position":3},"title":"LA PLATA: MURI\u00d3 UNA CHICA DE 24 A\u00d1OS TRAS RECIBIR UNA DESCARGA EL\u00c9CTRICA EN SU CASA","author":"Alejandro Sosa Ruda","date":"1 junio, 2022","format":false,"excerpt":"Ocurri\u00f3 el martes por la noche en una vivienda de Arturo Segu\u00ed. De acuerdo a fuentes policiales,\u00a0\"habr\u00eda tocado la llave el\u00e9ctrica al salir de ba\u00f1arse\". Una joven de 24 a\u00f1os muri\u00f3 durante las \u00faltimas horas tras recibir una descarga el\u00e9ctrica en su casa de Arturo Segu\u00ed. Seg\u00fan inform\u00f3 el portal\u2026","rel":"","context":"En \u00abPOLICIALES\u00bb","block_context":{"text":"POLICIALES","link":"https:\/\/larevistadigital.com.ar\/blog\/category\/policiales\/"},"img":{"alt_text":"","src":"https:\/\/i0.wp.com\/larevistadigital.com.ar\/blog\/wp-content\/uploads\/1654110107417.jpg?fit=1200%2C594&ssl=1&resize=350%2C200","width":350,"height":200,"srcset":"https:\/\/i0.wp.com\/larevistadigital.com.ar\/blog\/wp-content\/uploads\/1654110107417.jpg?fit=1200%2C594&ssl=1&resize=350%2C200 1x, https:\/\/i0.wp.com\/larevistadigital.com.ar\/blog\/wp-content\/uploads\/1654110107417.jpg?fit=1200%2C594&ssl=1&resize=525%2C300 1.5x, https:\/\/i0.wp.com\/larevistadigital.com.ar\/blog\/wp-content\/uploads\/1654110107417.jpg?fit=1200%2C594&ssl=1&resize=700%2C400 2x, https:\/\/i0.wp.com\/larevistadigital.com.ar\/blog\/wp-content\/uploads\/1654110107417.jpg?fit=1200%2C594&ssl=1&resize=1050%2C600 3x"},"classes":[]},{"id":27737,"url":"https:\/\/larevistadigital.com.ar\/blog\/increible-le-practicaron-una-cesarea-en-un-hospital-bonaerense-y-sufrio-una-grave-descarga-electrica\/","url_meta":{"origin":33013,"position":4},"title":"\u00a1INCRE\u00cdBLE! : LE PRACTICARON UNA CES\u00c1REA EN UN HOSPITAL BONAERENSE Y SUFRI\u00d3 UNA GRAVE DESCARGA EL\u00c9CTRICA","author":"Alejandro Sosa Ruda","date":"13 septiembre, 2022","format":false,"excerpt":"Sucedi\u00f3 en el Hospital de San Pedro. Le explicaron que \u201cdejaron el bistur\u00ed con sangre y que sufri\u00f3 una descarga el\u00e9ctrica, por eso se quem\u00f3\u201d. La mujer hab\u00eda dado a luz a un var\u00f3n. 13 de septiembre de 2022 SAN PEDRO -\u00a0\u00a0Una mujer de 35 a\u00f1os sufri\u00f3 una descarga el\u00e9ctrica\u2026","rel":"","context":"En \u00abPOLICIALES\u00bb","block_context":{"text":"POLICIALES","link":"https:\/\/larevistadigital.com.ar\/blog\/category\/policiales\/"},"img":{"alt_text":"","src":"https:\/\/i0.wp.com\/larevistadigital.com.ar\/blog\/wp-content\/uploads\/20220913173552_cesa.jpg?fit=880%2C512&ssl=1&resize=350%2C200","width":350,"height":200,"srcset":"https:\/\/i0.wp.com\/larevistadigital.com.ar\/blog\/wp-content\/uploads\/20220913173552_cesa.jpg?fit=880%2C512&ssl=1&resize=350%2C200 1x, https:\/\/i0.wp.com\/larevistadigital.com.ar\/blog\/wp-content\/uploads\/20220913173552_cesa.jpg?fit=880%2C512&ssl=1&resize=525%2C300 1.5x, https:\/\/i0.wp.com\/larevistadigital.com.ar\/blog\/wp-content\/uploads\/20220913173552_cesa.jpg?fit=880%2C512&ssl=1&resize=700%2C400 2x"},"classes":[]},{"id":15593,"url":"https:\/\/larevistadigital.com.ar\/blog\/un-joven-quiso-sacar-frutas-de-un-arbol-y-se-electrocuto-esta-grave\/","url_meta":{"origin":33013,"position":5},"title":"UN JOVEN QUISO SACAR FRUTAS DE UN \u00c1RBOL Y SE ELECTROCUT\u00d3. EST\u00c1 GRAVE","author":"Alejandro Sosa Ruda","date":"11 junio, 2020","format":false,"excerpt":"La v\u00edctima es un adolescente de 15 a\u00f1os que toc\u00f3 la reja de una casa que, al parecer, estaba electrificada. Est\u00e1 internado en el hospital Iturraspe. SANTA FE - Un joven de 15 a\u00f1os se encuentra en grave estado tras sufrir una potente descarga el\u00e9ctrica mientras intentaba bajar naranjas de\u2026","rel":"","context":"En \u00abINTERES GENERAL\u00bb","block_context":{"text":"INTERES GENERAL","link":"https:\/\/larevistadigital.com.ar\/blog\/category\/interes-general\/"},"img":{"alt_text":"","src":"https:\/\/i0.wp.com\/larevistadigital.com.ar\/blog\/wp-content\/uploads\/Screenshot_2-95.jpg?fit=786%2C498&ssl=1&resize=350%2C200","width":350,"height":200,"srcset":"https:\/\/i0.wp.com\/larevistadigital.com.ar\/blog\/wp-content\/uploads\/Screenshot_2-95.jpg?fit=786%2C498&ssl=1&resize=350%2C200 1x, https:\/\/i0.wp.com\/larevistadigital.com.ar\/blog\/wp-content\/uploads\/Screenshot_2-95.jpg?fit=786%2C498&ssl=1&resize=525%2C300 1.5x, https:\/\/i0.wp.com\/larevistadigital.com.ar\/blog\/wp-content\/uploads\/Screenshot_2-95.jpg?fit=786%2C498&ssl=1&resize=700%2C400 2x"},"classes":[]}],"_links":{"self":[{"href":"https:\/\/larevistadigital.com.ar\/blog\/wp-json\/wp\/v2\/posts\/33013","targetHints":{"allow":["GET"]}}],"collection":[{"href":"https:\/\/larevistadigital.com.ar\/blog\/wp-json\/wp\/v2\/posts"}],"about":[{"href":"https:\/\/larevistadigital.com.ar\/blog\/wp-json\/wp\/v2\/types\/post"}],"author":[{"embeddable":true,"href":"https:\/\/larevistadigital.com.ar\/blog\/wp-json\/wp\/v2\/users\/3"}],"replies":[{"embeddable":true,"href":"https:\/\/larevistadigital.com.ar\/blog\/wp-json\/wp\/v2\/comments?post=33013"}],"version-history":[{"count":1,"href":"https:\/\/larevistadigital.com.ar\/blog\/wp-json\/wp\/v2\/posts\/33013\/revisions"}],"predecessor-version":[{"id":33014,"href":"https:\/\/larevistadigital.com.ar\/blog\/wp-json\/wp\/v2\/posts\/33013\/revisions\/33014"}],"wp:featuredmedia":[{"embeddable":true,"href":"https:\/\/larevistadigital.com.ar\/blog\/wp-json\/wp\/v2\/media\/28709"}],"wp:attachment":[{"href":"https:\/\/larevistadigital.com.ar\/blog\/wp-json\/wp\/v2\/media?parent=33013"}],"wp:term":[{"taxonomy":"category","embeddable":true,"href":"https:\/\/larevistadigital.com.ar\/blog\/wp-json\/wp\/v2\/categories?post=33013"},{"taxonomy":"post_tag","embeddable":true,"href":"https:\/\/larevistadigital.com.ar\/blog\/wp-json\/wp\/v2\/tags?post=33013"}],"curies":[{"name":"wp","href":"https:\/\/api.w.org\/{rel}","templated":true}]}}