{"id":33015,"date":"2023-08-26T12:03:57","date_gmt":"2023-08-26T15:03:57","guid":{"rendered":"https:\/\/larevistadigital.com.ar\/blog\/?p=33015"},"modified":"2023-08-26T12:03:57","modified_gmt":"2023-08-26T15:03:57","slug":"alak-y-saintout-actualizan-agenda-y-proyectos-con-el-rector-de-la-unlp","status":"publish","type":"post","link":"https:\/\/larevistadigital.com.ar\/blog\/alak-y-saintout-actualizan-agenda-y-proyectos-con-el-rector-de-la-unlp\/","title":{"rendered":"ALAK Y SAINTOUT ACTUALIZAN AGENDA Y PROYECTOS CON EL RECTOR DE LA UNLP"},"content":{"rendered":"<h2 class=\"fparrafo ctext fz18 lh25\">El ministro de Justicia y Derechos Humanos de la provincia, Julio Alak, y la titular del Instituto Cultural bonaerense, Florencia Saintout,\u00a0 mantuvieron una reuni\u00f3n en el rectorado de la Universidad Nacional de la Plata con su vicepresidente, Fernando Tauber.<\/h2>\n<p>26 de agosto de 2023<\/p>\n<p><strong>LA PLATA &#8211;\u00a0 <\/strong>Los funcionarios, que respectivamente son los candidatos a intendente de La Plata y a senadora provincial por la octava secci\u00f3n electoral de Uni\u00f3n por la Patria, visitaron a Tauber para intercambiar agenda y propuestas de trabajo.<\/p>\n<blockquote>\n<h3>En el encuentro, adem\u00e1s, Alak y Saintout expresaron su <em>\u201cpreocupaci\u00f3n por las ideas presentadas en la campa\u00f1a electoral de la oposici\u00f3n y que impactan sobre el sector universitario\u201d<\/em>. En ese sentido fueron determinantes para subrayar su <em>\u201capoyo a la universidad p\u00fablica y gratuita\u201d<\/em>.<\/h3>\n<\/blockquote>\n<p>Por su parte, Tauber explic\u00f3 el <strong><em>\u201crol protag\u00f3nico que ha asumido la casa de altos estudios platense en materia de investigaci\u00f3n y desarrollo de proyectos orientados a la utilizaci\u00f3n de energ\u00edas renovables\u201d<\/em><\/strong>, y destac\u00f3 que <strong><em>\u201cnuestro objetivo es que la Universidad sea referencia y puntapi\u00e9 para el sector privado y estatal en la producci\u00f3n de energ\u00edas limpias, porque tenemos la capacidad de generar conocimiento cient\u00edfico promoviendo la conciencia y el cuidado ambiental\u201d.<\/em><\/strong><\/p>\n<p>El vicepresidente de la UNLP tambi\u00e9n hizo referencia a la construcci\u00f3n del flamante micro el\u00e9ctrico presentado recientemente, un veh\u00edculo a propulsi\u00f3n el\u00e9ctrica con bater\u00edas de litio, que originalmente ten\u00eda un motor convencional y es el primero en su tipo en Argentina, que cuenta con una autonom\u00eda de 200 km. (<b>InfoGEI<\/b>)Ac<\/p>\n","protected":false},"excerpt":{"rendered":"<div class=\"mh-excerpt\"><p>El ministro de Justicia y Derechos Humanos de la provincia, Julio Alak, y la titular del Instituto Cultural bonaerense, Florencia Saintout,\u00a0 mantuvieron una reuni\u00f3n en el rectorado de la Universidad Nacional de la Plata con <a class=\"mh-excerpt-more\" href=\"https:\/\/larevistadigital.com.ar\/blog\/alak-y-saintout-actualizan-agenda-y-proyectos-con-el-rector-de-la-unlp\/\" title=\"ALAK Y SAINTOUT ACTUALIZAN AGENDA Y PROYECTOS CON EL RECTOR DE LA UNLP\">[Leer M\u00e1s]<\/a><\/p>\n<\/div>","protected":false},"author":3,"featured_media":33016,"comment_status":"open","ping_status":"open","sticky":false,"template":"","format":"standard","meta":{"_jetpack_memberships_contains_paid_content":false,"footnotes":"","jetpack_publicize_message":"","jetpack_publicize_feature_enabled":true,"jetpack_social_post_already_shared":true,"jetpack_social_options":{"image_generator_settings":{"template":"highway","default_image_id":0,"font":"","enabled":false},"version":2}},"categories":[24,51],"tags":[],"class_list":{"0":"post-33015","1":"post","2":"type-post","3":"status-publish","4":"format-standard","5":"has-post-thumbnail","7":"category-politica-provincial","8":"category-regionales"},"jetpack_publicize_connections":[],"jetpack_featured_media_url":"https:\/\/i0.wp.com\/larevistadigital.com.ar\/blog\/wp-content\/uploads\/20230826103023_tauber-alafk-saintout.jpg?fit=880%2C512&ssl=1","jetpack_sharing_enabled":true,"jetpack_shortlink":"https:\/\/wp.me\/p8qtrQ-8Av","jetpack-related-posts":[{"id":23998,"url":"https:\/\/larevistadigital.com.ar\/blog\/pj-bonaerense-unidad-en-la-mayoria-de-los-distritos-y-el-jueves-define-en-la-plata\/","url_meta":{"origin":33015,"position":0},"title":"PJ BONAERENSE: UNIDAD EN LA MAYOR\u00cdA DE LOS DISTRITOS Y EL JUEVES DEFINE EN LA PLATA","author":"Alejandro Sosa Ruda","date":"15 febrero, 2022","format":false,"excerpt":"Durante un encuentro en nuestra ciudad, encabezado por el presidente partidario M\u00e1ximo Kirchner, se avanz\u00f3 en la conformaci\u00f3n de listas de unidad con vista al cierre de este jueves. Alak, Saintout, Tolosa Paz y Bruera, entre otros consejeros platenses formaron parte de la movida. A\u00fan no hay definici\u00f3n en el\u2026","rel":"","context":"En \u00abINTERES GENERAL\u00bb","block_context":{"text":"INTERES GENERAL","link":"https:\/\/larevistadigital.com.ar\/blog\/category\/interes-general\/"},"img":{"alt_text":"","src":"https:\/\/i0.wp.com\/larevistadigital.com.ar\/blog\/wp-content\/uploads\/1644936088155.jpg?fit=1024%2C579&ssl=1&resize=350%2C200","width":350,"height":200,"srcset":"https:\/\/i0.wp.com\/larevistadigital.com.ar\/blog\/wp-content\/uploads\/1644936088155.jpg?fit=1024%2C579&ssl=1&resize=350%2C200 1x, https:\/\/i0.wp.com\/larevistadigital.com.ar\/blog\/wp-content\/uploads\/1644936088155.jpg?fit=1024%2C579&ssl=1&resize=525%2C300 1.5x, https:\/\/i0.wp.com\/larevistadigital.com.ar\/blog\/wp-content\/uploads\/1644936088155.jpg?fit=1024%2C579&ssl=1&resize=700%2C400 2x"},"classes":[]},{"id":33010,"url":"https:\/\/larevistadigital.com.ar\/blog\/kicillof-y-alak-entregaron-401-escrituras-en-el-barrio-justicia-social-de-la-plata\/","url_meta":{"origin":33015,"position":1},"title":"KICILLOF Y ALAK ENTREGARON 401 ESCRITURAS EN EL BARRIO JUSTICIA SOCIAL DE LA PLATA","author":"Alejandro Sosa Ruda","date":"26 agosto, 2023","format":false,"excerpt":"26 de agosto de 2023 El gobernador Axel Kicillof encabez\u00f3 el jueves junto al ministro de Justicia y Derechos Humanos Julio Alak, una jornada de firma y entrega de escrituras en La Plata, para los vecinos del barrio \u201cJusticia Social\u201d de Tolosa. En este marco se entregaron 401 t\u00edtulos de\u2026","rel":"","context":"En \u00abINTERES GENERAL\u00bb","block_context":{"text":"INTERES GENERAL","link":"https:\/\/larevistadigital.com.ar\/blog\/category\/interes-general\/"},"img":{"alt_text":"","src":"https:\/\/i0.wp.com\/larevistadigital.com.ar\/blog\/wp-content\/uploads\/ALAK-KICILLOF-ENTREGA-DE-ESCRITURAS-EN-LA-PLATA-2.jpeg?fit=1200%2C800&ssl=1&resize=350%2C200","width":350,"height":200,"srcset":"https:\/\/i0.wp.com\/larevistadigital.com.ar\/blog\/wp-content\/uploads\/ALAK-KICILLOF-ENTREGA-DE-ESCRITURAS-EN-LA-PLATA-2.jpeg?fit=1200%2C800&ssl=1&resize=350%2C200 1x, https:\/\/i0.wp.com\/larevistadigital.com.ar\/blog\/wp-content\/uploads\/ALAK-KICILLOF-ENTREGA-DE-ESCRITURAS-EN-LA-PLATA-2.jpeg?fit=1200%2C800&ssl=1&resize=525%2C300 1.5x, https:\/\/i0.wp.com\/larevistadigital.com.ar\/blog\/wp-content\/uploads\/ALAK-KICILLOF-ENTREGA-DE-ESCRITURAS-EN-LA-PLATA-2.jpeg?fit=1200%2C800&ssl=1&resize=700%2C400 2x, https:\/\/i0.wp.com\/larevistadigital.com.ar\/blog\/wp-content\/uploads\/ALAK-KICILLOF-ENTREGA-DE-ESCRITURAS-EN-LA-PLATA-2.jpeg?fit=1200%2C800&ssl=1&resize=1050%2C600 3x"},"classes":[]},{"id":12711,"url":"https:\/\/larevistadigital.com.ar\/blog\/la-plata-partido-justicialista-denuncio-a-garro-aqui-los-detalles\/","url_meta":{"origin":33015,"position":2},"title":"LA PLATA: PARTIDO JUSTICIALISTA DENUNCI\u00d3 A GARRO. AQU\u00cd LOS DETALLES","author":"Alejandro Sosa Ruda","date":"18 octubre, 2019","format":false,"excerpt":"La aparici\u00f3n de afiches promoviendo el corte de boleta contra la candidata del Frente de Todos, Florencia Saintout, y a favor del actual mandatario, Julio Garro, llevaron al PJ local a denunciar este hecho ante la justicia electoral. Dentro del Justicialismo hay sectores que apoyan la candidatura del jefe comunal\u2026","rel":"","context":"En \u00abPOLITICA PROVINCIAL\u00bb","block_context":{"text":"POLITICA PROVINCIAL","link":"https:\/\/larevistadigital.com.ar\/blog\/category\/politica\/politica-provincial\/"},"img":{"alt_text":"","src":"https:\/\/i0.wp.com\/larevistadigital.com.ar\/blog\/wp-content\/uploads\/EHAlKr3WwAASEvv.jpg?fit=900%2C506&ssl=1&resize=350%2C200","width":350,"height":200,"srcset":"https:\/\/i0.wp.com\/larevistadigital.com.ar\/blog\/wp-content\/uploads\/EHAlKr3WwAASEvv.jpg?fit=900%2C506&ssl=1&resize=350%2C200 1x, https:\/\/i0.wp.com\/larevistadigital.com.ar\/blog\/wp-content\/uploads\/EHAlKr3WwAASEvv.jpg?fit=900%2C506&ssl=1&resize=525%2C300 1.5x, https:\/\/i0.wp.com\/larevistadigital.com.ar\/blog\/wp-content\/uploads\/EHAlKr3WwAASEvv.jpg?fit=900%2C506&ssl=1&resize=700%2C400 2x"},"classes":[]},{"id":32810,"url":"https:\/\/larevistadigital.com.ar\/blog\/kicillof-cerro-con-una-mateada-la-campana-del-peronismo-platense\/","url_meta":{"origin":33015,"position":3},"title":"KICILLOF CERR\u00d3 CON UNA MATEADA LA CAMPA\u00d1A DEL PERONISMO PLATENSE","author":"Alejandro Sosa Ruda","date":"8 agosto, 2023","format":false,"excerpt":"\u201cLa capital de la provincia de Buenos Aires est\u00e1 siendo gobernada por una fuerza que no cree en su destino de producci\u00f3n, trabajo, salud y educaci\u00f3n: para dejar atr\u00e1s esa etapa, la \u00fanica boleta que vale es la boleta completa de Uni\u00f3n por la Patria\u201d, expres\u00f3 este domingo el gobernador\u2026","rel":"","context":"En \u00abDESTACADAS\u00bb","block_context":{"text":"DESTACADAS","link":"https:\/\/larevistadigital.com.ar\/blog\/category\/destacadas\/"},"img":{"alt_text":"","src":"https:\/\/i0.wp.com\/larevistadigital.com.ar\/blog\/wp-content\/uploads\/20230807124529_kicillof-campana-peronismo-platense.jpg?fit=880%2C512&ssl=1&resize=350%2C200","width":350,"height":200,"srcset":"https:\/\/i0.wp.com\/larevistadigital.com.ar\/blog\/wp-content\/uploads\/20230807124529_kicillof-campana-peronismo-platense.jpg?fit=880%2C512&ssl=1&resize=350%2C200 1x, https:\/\/i0.wp.com\/larevistadigital.com.ar\/blog\/wp-content\/uploads\/20230807124529_kicillof-campana-peronismo-platense.jpg?fit=880%2C512&ssl=1&resize=525%2C300 1.5x, https:\/\/i0.wp.com\/larevistadigital.com.ar\/blog\/wp-content\/uploads\/20230807124529_kicillof-campana-peronismo-platense.jpg?fit=880%2C512&ssl=1&resize=700%2C400 2x"},"classes":[]},{"id":39952,"url":"https:\/\/larevistadigital.com.ar\/blog\/kicillof-y-alak-inauguraron-las-obras-de-remodelacion-de-plaza-italia\/","url_meta":{"origin":33015,"position":4},"title":"Kicillof y Alak inauguraron las obras de remodelaci\u00f3n de Plaza Italia","author":"Alejandro Sosa Ruda","date":"5 junio, 2025","format":false,"excerpt":"Los trabajos incluyen\u00a0la modernizaci\u00f3n de la infraestructura, la mejora del espacio recreativo, la revalorizaci\u00f3n del patrimonio hist\u00f3rico y la incorporaci\u00f3n de equipamiento accesible y sustentable. 05 de Junio de 2025 LA PLATA -\u00a0 \u00a0 El gobernador de la provincia de Buenos Aires, Axel Kicillof, encabez\u00f3 este jueves junto al intendente\u2026","rel":"","context":"En \u00abPOLITICA PROVINCIAL\u00bb","block_context":{"text":"POLITICA PROVINCIAL","link":"https:\/\/larevistadigital.com.ar\/blog\/category\/politica\/politica-provincial\/"},"img":{"alt_text":"","src":"https:\/\/i0.wp.com\/larevistadigital.com.ar\/blog\/wp-content\/uploads\/77A05682.jpg?fit=743%2C530&ssl=1&resize=350%2C200","width":350,"height":200,"srcset":"https:\/\/i0.wp.com\/larevistadigital.com.ar\/blog\/wp-content\/uploads\/77A05682.jpg?fit=743%2C530&ssl=1&resize=350%2C200 1x, https:\/\/i0.wp.com\/larevistadigital.com.ar\/blog\/wp-content\/uploads\/77A05682.jpg?fit=743%2C530&ssl=1&resize=525%2C300 1.5x, https:\/\/i0.wp.com\/larevistadigital.com.ar\/blog\/wp-content\/uploads\/77A05682.jpg?fit=743%2C530&ssl=1&resize=700%2C400 2x"},"classes":[]},{"id":37995,"url":"https:\/\/larevistadigital.com.ar\/blog\/julio-alak-anuncio-el-regreso-a-la-plata-del-programa-de-voluntariado-social-las-manzaneras\/","url_meta":{"origin":33015,"position":5},"title":"Julio Alak anunci\u00f3 el regreso a La Plata del programa de voluntariado social \u00abLas Manzaneras\u00bb","author":"Alejandro Sosa Ruda","date":"24 noviembre, 2024","format":false,"excerpt":"El intendente de La Plata celebr\u00f3 los 30 a\u00f1os del Plan M\u00e1s Vida y destac\u00f3 el retorno de las trabajadoras vecinales que apoyan a madres y ni\u00f1os vulnerables. 24 de Noviembre de 2024 LA PLATA -\u00a0 El intendente platense, Julio Alak,\u00a0encabez\u00f3 un acto en el 30\u00b0 aniversario del\u00a0Programa \"Plan M\u00e1s\u2026","rel":"","context":"En \u00abATAQUE DE RADIO\u00bb","block_context":{"text":"ATAQUE DE RADIO","link":"https:\/\/larevistadigital.com.ar\/blog\/category\/ataque-de-radio\/"},"img":{"alt_text":"","src":"https:\/\/i0.wp.com\/larevistadigital.com.ar\/blog\/wp-content\/uploads\/Captura-de-pantalla-2024-11-24-130428.png?fit=891%2C515&ssl=1&resize=350%2C200","width":350,"height":200,"srcset":"https:\/\/i0.wp.com\/larevistadigital.com.ar\/blog\/wp-content\/uploads\/Captura-de-pantalla-2024-11-24-130428.png?fit=891%2C515&ssl=1&resize=350%2C200 1x, https:\/\/i0.wp.com\/larevistadigital.com.ar\/blog\/wp-content\/uploads\/Captura-de-pantalla-2024-11-24-130428.png?fit=891%2C515&ssl=1&resize=525%2C300 1.5x, https:\/\/i0.wp.com\/larevistadigital.com.ar\/blog\/wp-content\/uploads\/Captura-de-pantalla-2024-11-24-130428.png?fit=891%2C515&ssl=1&resize=700%2C400 2x"},"classes":[]}],"_links":{"self":[{"href":"https:\/\/larevistadigital.com.ar\/blog\/wp-json\/wp\/v2\/posts\/33015","targetHints":{"allow":["GET"]}}],"collection":[{"href":"https:\/\/larevistadigital.com.ar\/blog\/wp-json\/wp\/v2\/posts"}],"about":[{"href":"https:\/\/larevistadigital.com.ar\/blog\/wp-json\/wp\/v2\/types\/post"}],"author":[{"embeddable":true,"href":"https:\/\/larevistadigital.com.ar\/blog\/wp-json\/wp\/v2\/users\/3"}],"replies":[{"embeddable":true,"href":"https:\/\/larevistadigital.com.ar\/blog\/wp-json\/wp\/v2\/comments?post=33015"}],"version-history":[{"count":1,"href":"https:\/\/larevistadigital.com.ar\/blog\/wp-json\/wp\/v2\/posts\/33015\/revisions"}],"predecessor-version":[{"id":33017,"href":"https:\/\/larevistadigital.com.ar\/blog\/wp-json\/wp\/v2\/posts\/33015\/revisions\/33017"}],"wp:featuredmedia":[{"embeddable":true,"href":"https:\/\/larevistadigital.com.ar\/blog\/wp-json\/wp\/v2\/media\/33016"}],"wp:attachment":[{"href":"https:\/\/larevistadigital.com.ar\/blog\/wp-json\/wp\/v2\/media?parent=33015"}],"wp:term":[{"taxonomy":"category","embeddable":true,"href":"https:\/\/larevistadigital.com.ar\/blog\/wp-json\/wp\/v2\/categories?post=33015"},{"taxonomy":"post_tag","embeddable":true,"href":"https:\/\/larevistadigital.com.ar\/blog\/wp-json\/wp\/v2\/tags?post=33015"}],"curies":[{"name":"wp","href":"https:\/\/api.w.org\/{rel}","templated":true}]}}