{"id":33021,"date":"2023-08-26T12:59:08","date_gmt":"2023-08-26T15:59:08","guid":{"rendered":"https:\/\/larevistadigital.com.ar\/blog\/?p=33021"},"modified":"2023-08-26T13:04:00","modified_gmt":"2023-08-26T16:04:00","slug":"dolores-choco-un-carpincho-en-la-ruta-2-volco-y-casi-muere-ahogado","status":"publish","type":"post","link":"https:\/\/larevistadigital.com.ar\/blog\/dolores-choco-un-carpincho-en-la-ruta-2-volco-y-casi-muere-ahogado\/","title":{"rendered":"DOLORES: CHOC\u00d3 UN CARPINCHO EN LA RUTA 2, VOLC\u00d3 Y CASI MUERE AHOGADO"},"content":{"rendered":"<h2 class=\"nota__hero__summary\">\u201cNos salvamos de milagro\u201d, dijo el conductor de la camioneta, que qued\u00f3 con la cabeza bajo del agua, inconsciente, hasta que fue rescatado por sus amigos.<\/h2>\n<p>26 de agosto de 2023<\/p>\n<p><strong>DOLORES\u00a0 &#8211;\u00a0 <\/strong>Cuatro individuos que se desplazaban a bordo de una camioneta por la Ruta 2 sufrieron un vuelco luego de colisionar con un carpincho que cruz\u00f3 inesperadamente su trayectoria. El conductor, milagrosamente, sobrevivi\u00f3 al incidente a pesar de quedar inconsciente y con su cabeza sumergida en una suerte de \u00ablaguna\u00bb generada por las lluvias recientes en un campo de la zona.<\/p>\n<blockquote>\n<h3>El accidente tuvo lugar durante la noche del mi\u00e9rcoles en el kil\u00f3metro 236 de la Autov\u00eda 2, en las cercan\u00edas del paraje rural de Parravicini, situado en el partido de Dolores. Los ocupantes del veh\u00edculo proven\u00edan de Mar del Plata y circulaban por los carriles ascendentes de la ruta en una Toyota SW4 de tonalidad gris. Tras el impacto con el carpincho, el conductor perdi\u00f3 el control del veh\u00edculo, se sali\u00f3 de la v\u00eda y efectu\u00f3 m\u00faltiples volteretas hasta acabar semi-sumergido en el agua.<\/h3>\n<\/blockquote>\n<p><strong>Cristian<\/strong>, quien estaba al mando de la Toyota, comparti\u00f3 con el portal 0223 los detalles del accidente. <strong><em>\u00abVen\u00edamos desde La Plata despu\u00e9s de realizar unos tr\u00e1mites. Solo recuerdo haber visto al carpincho y despu\u00e9s encontrarme al costado de la carretera. Un conductor de la empresa Materia de Mar del Plata detuvo su cami\u00f3n y nos brind\u00f3 ayuda, ya que est\u00e1bamos empapados. La camioneta dio varias vueltas y termin\u00f3 en un campo donde hab\u00eda una suerte de dep\u00f3sito de agua. Imagina la situaci\u00f3n, era muy tarde, alrededor de las 8 de la noche, todos mojados, congelados y heridos. No ten\u00edamos idea de qui\u00e9nes \u00e9ramos\u00bb<\/em><\/strong>, relat\u00f3 el marplatense de 32 a\u00f1os.<\/p>\n<blockquote>\n<h3>El conductor de la camioneta, quien sufri\u00f3 la fractura de su clav\u00edcula, expres\u00f3 su gratitud hacia sus amigos, a quienes atribuye haberlo rescatado de una muerte por ahogamiento. <strong><em>\u00abSi no fuera por los tres amigos que me acompa\u00f1aban, especialmente Pablo, quien lider\u00f3 el esfuerzo, no estar\u00eda aqu\u00ed para contarlo. Me dijeron que estaba inconsciente con la cabeza bajo el agua. Ellos comenzaron a forcejear hasta lograr sacarme\u00bb<\/em><\/strong>, subray\u00f3.<\/h3>\n<\/blockquote>\n<p>Adem\u00e1s, <strong>Cristian<\/strong> extendi\u00f3 su agradecimiento al camionero que les prest\u00f3 asistencia en los momentos iniciales del accidente, y principalmente a los enfermeros, param\u00e9dicos y m\u00e9dicos del Hospital de Dolores. <em><strong>\u00abLa ambulancia lleg\u00f3 de inmediato y luego en el Hospital de Dolores recibimos una atenci\u00f3n excepcional\u00bb<\/strong><\/em>, declar\u00f3. Tambi\u00e9n manifest\u00f3 su agradecimiento hacia su familia, que acudi\u00f3 a Dolores para brindarles apoyo.<\/p>\n<p>Finalmente, a\u00f1adi\u00f3 que, tras recibir el alta m\u00e9dica esta ma\u00f1ana, regresar\u00e1n a Mar del Plata el d\u00eda de hoy, aunque uno de los integrantes permanecer\u00e1 internado en una cl\u00ednica de Mar del Plata. <em><strong>\u00abA Rodrigo lo trasladar\u00e1n a la cl\u00ednica 25 de Mayo y nos informaron que quedar\u00e1 bajo observaci\u00f3n. Dado el estado en que qued\u00f3 la camioneta, es importante mencionar que todos llev\u00e1bamos puesto el cintur\u00f3n de seguridad, lo que nos salv\u00f3\u00bb<\/strong><\/em>, concluy\u00f3.<\/p>\n<p>fuente entrel\u00edneas<\/p>\n","protected":false},"excerpt":{"rendered":"<div class=\"mh-excerpt\"><p>\u201cNos salvamos de milagro\u201d, dijo el conductor de la camioneta, que qued\u00f3 con la cabeza bajo del agua, inconsciente, hasta que fue rescatado por sus amigos. 26 de agosto de 2023 DOLORES\u00a0 &#8211;\u00a0 Cuatro individuos <a class=\"mh-excerpt-more\" href=\"https:\/\/larevistadigital.com.ar\/blog\/dolores-choco-un-carpincho-en-la-ruta-2-volco-y-casi-muere-ahogado\/\" title=\"DOLORES: CHOC\u00d3 UN CARPINCHO EN LA RUTA 2, VOLC\u00d3 Y CASI MUERE AHOGADO\">[Leer M\u00e1s]<\/a><\/p>\n<\/div>","protected":false},"author":3,"featured_media":33022,"comment_status":"open","ping_status":"open","sticky":false,"template":"","format":"standard","meta":{"_jetpack_memberships_contains_paid_content":false,"footnotes":"","jetpack_publicize_message":"","jetpack_publicize_feature_enabled":true,"jetpack_social_post_already_shared":true,"jetpack_social_options":{"image_generator_settings":{"template":"highway","default_image_id":0,"font":"","enabled":false},"version":2}},"categories":[43,44],"tags":[],"class_list":{"0":"post-33021","1":"post","2":"type-post","3":"status-publish","4":"format-standard","5":"has-post-thumbnail","7":"category-dolores","8":"category-policiales"},"jetpack_publicize_connections":[],"jetpack_featured_media_url":"https:\/\/i0.wp.com\/larevistadigital.com.ar\/blog\/wp-content\/uploads\/549fb590741e8f9315714c805563a2dd9390f451.jpg?fit=1140%2C640&ssl=1","jetpack_sharing_enabled":true,"jetpack_shortlink":"https:\/\/wp.me\/p8qtrQ-8AB","jetpack-related-posts":[{"id":18257,"url":"https:\/\/larevistadigital.com.ar\/blog\/fuerte-choque-con-el-saldo-de-un-herido\/","url_meta":{"origin":33021,"position":0},"title":"FUERTE CHOQUE CON EL SALDO DE UN HERIDO","author":"Alejandro Sosa Ruda","date":"21 diciembre, 2020","format":false,"excerpt":"DOLORES - Ayer por la ma\u00f1ana se produjo un fuerte accidente de tr\u00e1nsito en la esquina de las calles Pellegrini y San Jos\u00e9 de Dolores. Por cuestiones que se tratan de establecer chocaron una camioneta Ford Ranger y una moto Honda Twister. Producto del impacto el joven que circulaba en\u2026","rel":"","context":"En \u00abDOLORES\u00bb","block_context":{"text":"DOLORES","link":"https:\/\/larevistadigital.com.ar\/blog\/category\/dolores\/"},"img":{"alt_text":"","src":"https:\/\/i0.wp.com\/larevistadigital.com.ar\/blog\/wp-content\/uploads\/8f6b2322d3f2235e0c157e420010539571c21760.jpg?fit=1140%2C825&ssl=1&resize=350%2C200","width":350,"height":200,"srcset":"https:\/\/i0.wp.com\/larevistadigital.com.ar\/blog\/wp-content\/uploads\/8f6b2322d3f2235e0c157e420010539571c21760.jpg?fit=1140%2C825&ssl=1&resize=350%2C200 1x, https:\/\/i0.wp.com\/larevistadigital.com.ar\/blog\/wp-content\/uploads\/8f6b2322d3f2235e0c157e420010539571c21760.jpg?fit=1140%2C825&ssl=1&resize=525%2C300 1.5x, https:\/\/i0.wp.com\/larevistadigital.com.ar\/blog\/wp-content\/uploads\/8f6b2322d3f2235e0c157e420010539571c21760.jpg?fit=1140%2C825&ssl=1&resize=700%2C400 2x, https:\/\/i0.wp.com\/larevistadigital.com.ar\/blog\/wp-content\/uploads\/8f6b2322d3f2235e0c157e420010539571c21760.jpg?fit=1140%2C825&ssl=1&resize=1050%2C600 3x"},"classes":[]},{"id":23884,"url":"https:\/\/larevistadigital.com.ar\/blog\/dolores-camioneta-embistio-un-caballo-en-la-ruta-63\/","url_meta":{"origin":33021,"position":1},"title":"DOLORES: CAMIONETA EMBISTI\u00d3 UN CABALLO EN LA RUTA 63","author":"Alejandro Sosa Ruda","date":"7 febrero, 2022","format":false,"excerpt":"Por el fuerte impacto el animal muri\u00f3 de manera instant\u00e1nea. DOLORES -\u00a0 Durante la noche del viernes, se produjo un fuerte accidente de tr\u00e1nsito en el kil\u00f3metro 2,5 de la Ruta 63, en jurisdicci\u00f3n de la localidad de Dolores. Una camioneta Ford Ranger atropell\u00f3 a un caballo, que se encontraba\u2026","rel":"","context":"En \u00abDOLORES\u00bb","block_context":{"text":"DOLORES","link":"https:\/\/larevistadigital.com.ar\/blog\/category\/dolores\/"},"img":{"alt_text":"","src":"https:\/\/i0.wp.com\/larevistadigital.com.ar\/blog\/wp-content\/uploads\/6235cc37b870ce64264af9425857c2caf56e684c.jpg?fit=1140%2C641&ssl=1&resize=350%2C200","width":350,"height":200,"srcset":"https:\/\/i0.wp.com\/larevistadigital.com.ar\/blog\/wp-content\/uploads\/6235cc37b870ce64264af9425857c2caf56e684c.jpg?fit=1140%2C641&ssl=1&resize=350%2C200 1x, https:\/\/i0.wp.com\/larevistadigital.com.ar\/blog\/wp-content\/uploads\/6235cc37b870ce64264af9425857c2caf56e684c.jpg?fit=1140%2C641&ssl=1&resize=525%2C300 1.5x, https:\/\/i0.wp.com\/larevistadigital.com.ar\/blog\/wp-content\/uploads\/6235cc37b870ce64264af9425857c2caf56e684c.jpg?fit=1140%2C641&ssl=1&resize=700%2C400 2x, https:\/\/i0.wp.com\/larevistadigital.com.ar\/blog\/wp-content\/uploads\/6235cc37b870ce64264af9425857c2caf56e684c.jpg?fit=1140%2C641&ssl=1&resize=1050%2C600 3x"},"classes":[]},{"id":20307,"url":"https:\/\/larevistadigital.com.ar\/blog\/los-detuvieron-en-la-ruta-2-por-circular-borrachos\/","url_meta":{"origin":33021,"position":2},"title":"LOS DETUVIERON EN LA RUTA 2 POR CIRCULAR BORRACHOS","author":"Alejandro Sosa Ruda","date":"17 mayo, 2021","format":false,"excerpt":"Tanto el conductor como el acompa\u00f1ante exced\u00edan el l\u00edmite de alcohol en sangre permtido. Una camioneta Fiat Fiorino, con dos ocupantes, fue interceptada por la polic\u00eda Vial de Lezama. Los efectivos solicitaron que se le realice el correspondiente test de alcoholemia al conductor arrojando 1;45 g\/l de alcohol en sangre.\u2026","rel":"","context":"En \u00abINTERES GENERAL\u00bb","block_context":{"text":"INTERES GENERAL","link":"https:\/\/larevistadigital.com.ar\/blog\/category\/interes-general\/"},"img":{"alt_text":"","src":"https:\/\/i0.wp.com\/larevistadigital.com.ar\/blog\/wp-content\/uploads\/a83a7f2cdba9744109d8381bd31c55d02e3d70bf.jpg?fit=1140%2C722&ssl=1&resize=350%2C200","width":350,"height":200,"srcset":"https:\/\/i0.wp.com\/larevistadigital.com.ar\/blog\/wp-content\/uploads\/a83a7f2cdba9744109d8381bd31c55d02e3d70bf.jpg?fit=1140%2C722&ssl=1&resize=350%2C200 1x, https:\/\/i0.wp.com\/larevistadigital.com.ar\/blog\/wp-content\/uploads\/a83a7f2cdba9744109d8381bd31c55d02e3d70bf.jpg?fit=1140%2C722&ssl=1&resize=525%2C300 1.5x, https:\/\/i0.wp.com\/larevistadigital.com.ar\/blog\/wp-content\/uploads\/a83a7f2cdba9744109d8381bd31c55d02e3d70bf.jpg?fit=1140%2C722&ssl=1&resize=700%2C400 2x, https:\/\/i0.wp.com\/larevistadigital.com.ar\/blog\/wp-content\/uploads\/a83a7f2cdba9744109d8381bd31c55d02e3d70bf.jpg?fit=1140%2C722&ssl=1&resize=1050%2C600 3x"},"classes":[]},{"id":32892,"url":"https:\/\/larevistadigital.com.ar\/blog\/ruta-2-choco-contra-una-vaca-y-se-salvo\/","url_meta":{"origin":33021,"position":3},"title":"RUTA 2: CHOC\u00d3 CONTRA UNA VACA Y SE SALV\u00d3","author":"Alejandro Sosa Ruda","date":"16 agosto, 2023","format":false,"excerpt":"Si bien el veh\u00edculo sufri\u00f3 da\u00f1os de consideraci\u00f3n, el conductor salv\u00f3 su vida y no result\u00f3 herido. 16 de agosto de 2023 DOLORES -\u00a0 Un impactante accidente\u00a0tuvo lugar en la\u00a0ruta 2\u00a0cuando un hombre que circulaba en una camioneta\u00a0choc\u00f3 contra un animal\u00a0vacuno. Todo ocurri\u00f3 a la altura del kil\u00f3metro 218, en\u2026","rel":"","context":"En \u00abSin categor\u00eda\u00bb","block_context":{"text":"Sin categor\u00eda","link":"https:\/\/larevistadigital.com.ar\/blog\/category\/sin-categoria\/"},"img":{"alt_text":"","src":"https:\/\/i0.wp.com\/larevistadigital.com.ar\/blog\/wp-content\/uploads\/VUELCO-EN-DOLORES.jpeg?fit=1140%2C636&ssl=1&resize=350%2C200","width":350,"height":200,"srcset":"https:\/\/i0.wp.com\/larevistadigital.com.ar\/blog\/wp-content\/uploads\/VUELCO-EN-DOLORES.jpeg?fit=1140%2C636&ssl=1&resize=350%2C200 1x, https:\/\/i0.wp.com\/larevistadigital.com.ar\/blog\/wp-content\/uploads\/VUELCO-EN-DOLORES.jpeg?fit=1140%2C636&ssl=1&resize=525%2C300 1.5x, https:\/\/i0.wp.com\/larevistadigital.com.ar\/blog\/wp-content\/uploads\/VUELCO-EN-DOLORES.jpeg?fit=1140%2C636&ssl=1&resize=700%2C400 2x, https:\/\/i0.wp.com\/larevistadigital.com.ar\/blog\/wp-content\/uploads\/VUELCO-EN-DOLORES.jpeg?fit=1140%2C636&ssl=1&resize=1050%2C600 3x"},"classes":[]},{"id":31076,"url":"https:\/\/larevistadigital.com.ar\/blog\/ruta-2-vuelco-en-el-kilometro-195\/","url_meta":{"origin":33021,"position":4},"title":"RUTA 2: VUELCO EN EL KIL\u00d3METRO 195","author":"Alejandro Sosa Ruda","date":"15 abril, 2023","format":false,"excerpt":"Sucedi\u00f3 ayer, donde una camioneta perdi\u00f3 el control y volc\u00f3. 15 de abril de 2023 DOLORES -\u00a0 Una camioneta perdi\u00f3 el control y volc\u00f3 durante el d\u00eda de ayer, en la ruta 2 a la altura de la localidad de Dolores. A\u00fan no se conocen las razones del siniestro, del\u2026","rel":"","context":"En \u00abDOLORES\u00bb","block_context":{"text":"DOLORES","link":"https:\/\/larevistadigital.com.ar\/blog\/category\/dolores\/"},"img":{"alt_text":"","src":"https:\/\/i0.wp.com\/larevistadigital.com.ar\/blog\/wp-content\/uploads\/ccc.jpg?fit=780%2C840&ssl=1&resize=350%2C200","width":350,"height":200,"srcset":"https:\/\/i0.wp.com\/larevistadigital.com.ar\/blog\/wp-content\/uploads\/ccc.jpg?fit=780%2C840&ssl=1&resize=350%2C200 1x, https:\/\/i0.wp.com\/larevistadigital.com.ar\/blog\/wp-content\/uploads\/ccc.jpg?fit=780%2C840&ssl=1&resize=525%2C300 1.5x, https:\/\/i0.wp.com\/larevistadigital.com.ar\/blog\/wp-content\/uploads\/ccc.jpg?fit=780%2C840&ssl=1&resize=700%2C400 2x"},"classes":[]},{"id":21309,"url":"https:\/\/larevistadigital.com.ar\/blog\/tragedia-en-la-ruta-41-un-muerto-y-un-herido-en-choque-entre-camioneta-y-camion\/","url_meta":{"origin":33021,"position":5},"title":"TRAGEDIA EN LA RUTA 41, UN MUERTO Y UN HERIDO EN CHOQUE ENTRE CAMIONETA Y CAMI\u00d3N","author":"Alejandro Sosa Ruda","date":"30 julio, 2021","format":false,"excerpt":"El accidente se produjo a la altura de Castelli. Los efectivos eran oriundos del Partido de La Costa y volv\u00edan de prestar servicio en La Matanza. CASTELLI - Un joven efectivo policial falleci\u00f3 y otro se encuentra en grave estado tras chocar en la camioneta en que viajan contra un\u2026","rel":"","context":"En \u00abDESTACADAS\u00bb","block_context":{"text":"DESTACADAS","link":"https:\/\/larevistadigital.com.ar\/blog\/category\/destacadas\/"},"img":{"alt_text":"","src":"https:\/\/i0.wp.com\/larevistadigital.com.ar\/blog\/wp-content\/uploads\/d41074a186274508a605875d7452aff790827f44.jpg?fit=1140%2C775&ssl=1&resize=350%2C200","width":350,"height":200,"srcset":"https:\/\/i0.wp.com\/larevistadigital.com.ar\/blog\/wp-content\/uploads\/d41074a186274508a605875d7452aff790827f44.jpg?fit=1140%2C775&ssl=1&resize=350%2C200 1x, https:\/\/i0.wp.com\/larevistadigital.com.ar\/blog\/wp-content\/uploads\/d41074a186274508a605875d7452aff790827f44.jpg?fit=1140%2C775&ssl=1&resize=525%2C300 1.5x, https:\/\/i0.wp.com\/larevistadigital.com.ar\/blog\/wp-content\/uploads\/d41074a186274508a605875d7452aff790827f44.jpg?fit=1140%2C775&ssl=1&resize=700%2C400 2x, https:\/\/i0.wp.com\/larevistadigital.com.ar\/blog\/wp-content\/uploads\/d41074a186274508a605875d7452aff790827f44.jpg?fit=1140%2C775&ssl=1&resize=1050%2C600 3x"},"classes":[]}],"_links":{"self":[{"href":"https:\/\/larevistadigital.com.ar\/blog\/wp-json\/wp\/v2\/posts\/33021","targetHints":{"allow":["GET"]}}],"collection":[{"href":"https:\/\/larevistadigital.com.ar\/blog\/wp-json\/wp\/v2\/posts"}],"about":[{"href":"https:\/\/larevistadigital.com.ar\/blog\/wp-json\/wp\/v2\/types\/post"}],"author":[{"embeddable":true,"href":"https:\/\/larevistadigital.com.ar\/blog\/wp-json\/wp\/v2\/users\/3"}],"replies":[{"embeddable":true,"href":"https:\/\/larevistadigital.com.ar\/blog\/wp-json\/wp\/v2\/comments?post=33021"}],"version-history":[{"count":3,"href":"https:\/\/larevistadigital.com.ar\/blog\/wp-json\/wp\/v2\/posts\/33021\/revisions"}],"predecessor-version":[{"id":33026,"href":"https:\/\/larevistadigital.com.ar\/blog\/wp-json\/wp\/v2\/posts\/33021\/revisions\/33026"}],"wp:featuredmedia":[{"embeddable":true,"href":"https:\/\/larevistadigital.com.ar\/blog\/wp-json\/wp\/v2\/media\/33022"}],"wp:attachment":[{"href":"https:\/\/larevistadigital.com.ar\/blog\/wp-json\/wp\/v2\/media?parent=33021"}],"wp:term":[{"taxonomy":"category","embeddable":true,"href":"https:\/\/larevistadigital.com.ar\/blog\/wp-json\/wp\/v2\/categories?post=33021"},{"taxonomy":"post_tag","embeddable":true,"href":"https:\/\/larevistadigital.com.ar\/blog\/wp-json\/wp\/v2\/tags?post=33021"}],"curies":[{"name":"wp","href":"https:\/\/api.w.org\/{rel}","templated":true}]}}