{"id":33046,"date":"2023-08-26T15:35:28","date_gmt":"2023-08-26T18:35:28","guid":{"rendered":"https:\/\/larevistadigital.com.ar\/blog\/?p=33046"},"modified":"2023-08-26T15:35:28","modified_gmt":"2023-08-26T18:35:28","slug":"chascomus-allanan-y-aprehenden-a-un-hombre-y-su-hija-por-tenencia-y-comercializacion-de-estupefacientes","status":"publish","type":"post","link":"https:\/\/larevistadigital.com.ar\/blog\/chascomus-allanan-y-aprehenden-a-un-hombre-y-su-hija-por-tenencia-y-comercializacion-de-estupefacientes\/","title":{"rendered":"CHASCOM\u00daS:  ALLANAN Y APREHENDEN A UN HOMBRE Y SU HIJA POR TENENCIA Y COMERCIALIZACI\u00d3N DE ESTUPEFACIENTES"},"content":{"rendered":"<h2>En los allanamientos secuestraron coca\u00edna, tel\u00e9fonos y dinero.<\/h2>\n<p>26 de agosto de 2023<\/p>\n<p><strong>CHASCOM\u00daS &#8211;\u00a0<\/strong> La Subdelegaci\u00f3n Departamental de Investigaciones del Tr\u00e1fico de Drogas Il\u00edcitas Chascom\u00fas, en la noche del jueves llev\u00f3 a cabo dos allanamientos por infracci\u00f3n a la ley de estupefacientes.<\/p>\n<p>El mismo se debi\u00f3 a que un padre y su hija ambos mayores de edad, se encontrar\u00edan comercializando sustancias estupefacientes en dos viviendas ubicadas en el Barrio San Luis, por lo que el doctor <strong>Jorge Larrarte<\/strong> autoriz\u00f3 las medidas y el Juzgado de Garant\u00edas N\u00b0 5 otorg\u00f3 las correspondientes ordenes de allanamiento.<\/p>\n<blockquote>\n<h3>Las mismas se hicieron efectivas en horas de la tarde\/noche del d\u00eda jueves, contando con la colaboraci\u00f3n de la Jefatura de Seguridad Comunal.<\/h3>\n<\/blockquote>\n<p>Como consecuencia de ello se procedi\u00f3 al secuestro de clorhidrato de coca\u00edna en forma de bochitas, recortes de nylon, tel\u00e9fonos celulares, anotaciones y dinero en billetes de distinta denominaci\u00f3n.<\/p>\n<p>Presente personal de la UFID en el lugar, dispuso la aprehensi\u00f3n del masculino y su hija ambos mayores de edad en orden al delito de <strong>Tenencia de Estupefacientes con fines de Comercializaci\u00f3n<\/strong>, quedando la misma alojada en \u00e9ste dependencia a los fines de ser trasladada a sede tribunalicia a primera audiencia.<\/p>\n<p>&nbsp;<\/p>\n","protected":false},"excerpt":{"rendered":"<div class=\"mh-excerpt\"><p>En los allanamientos secuestraron coca\u00edna, tel\u00e9fonos y dinero. 26 de agosto de 2023 CHASCOM\u00daS &#8211;\u00a0 La Subdelegaci\u00f3n Departamental de Investigaciones del Tr\u00e1fico de Drogas Il\u00edcitas Chascom\u00fas, en la noche del jueves llev\u00f3 a cabo dos <a class=\"mh-excerpt-more\" href=\"https:\/\/larevistadigital.com.ar\/blog\/chascomus-allanan-y-aprehenden-a-un-hombre-y-su-hija-por-tenencia-y-comercializacion-de-estupefacientes\/\" title=\"CHASCOM\u00daS:  ALLANAN Y APREHENDEN A UN HOMBRE Y SU HIJA POR TENENCIA Y COMERCIALIZACI\u00d3N DE ESTUPEFACIENTES\">[Leer M\u00e1s]<\/a><\/p>\n<\/div>","protected":false},"author":3,"featured_media":8103,"comment_status":"open","ping_status":"open","sticky":false,"template":"","format":"standard","meta":{"_jetpack_memberships_contains_paid_content":false,"footnotes":"","jetpack_publicize_message":"","jetpack_publicize_feature_enabled":true,"jetpack_social_post_already_shared":true,"jetpack_social_options":{"image_generator_settings":{"template":"highway","default_image_id":0,"font":"","enabled":false},"version":2}},"categories":[50,44],"tags":[],"class_list":{"0":"post-33046","1":"post","2":"type-post","3":"status-publish","4":"format-standard","5":"has-post-thumbnail","7":"category-interes-general","8":"category-policiales"},"jetpack_publicize_connections":[],"jetpack_featured_media_url":"https:\/\/i0.wp.com\/larevistadigital.com.ar\/blog\/wp-content\/uploads\/2019\/02\/esposado.jpg?fit=1024%2C768&ssl=1","jetpack_sharing_enabled":true,"jetpack_shortlink":"https:\/\/wp.me\/p8qtrQ-8B0","jetpack-related-posts":[{"id":44812,"url":"https:\/\/larevistadigital.com.ar\/blog\/allanamientos-por-venta-de-estupefacientes-en-chascomus-cinco-personas-detenidas-en-operativos-simultaneos\/","url_meta":{"origin":33046,"position":0},"title":"Allanamientos por venta de estupefacientes en Chascom\u00fas: cinco personas detenidas en operativos simult\u00e1neos","author":"Alejandro Sosa Ruda","date":"30 marzo, 2026","format":false,"excerpt":"Los procedimientos se realizaron en dos domicilios y permitieron secuestrar marihuana, coca\u00edna y una moto con pedido de captura. 30 de marzo de 2026 CHASCOM\u00daS -\u00a0 \u00a0La pasada semana se llevaron a cabo dos allanamientos en el marco de una causa por venta de estupefacientes impulsada por la Secretar\u00eda de\u2026","rel":"","context":"En \u00abINTERES GENERAL\u00bb","block_context":{"text":"INTERES GENERAL","link":"https:\/\/larevistadigital.com.ar\/blog\/category\/interes-general\/"},"img":{"alt_text":"","src":"https:\/\/i0.wp.com\/larevistadigital.com.ar\/blog\/wp-content\/uploads\/69cab7115be6f.png?fit=668%2C445&ssl=1&resize=350%2C200","width":350,"height":200,"srcset":"https:\/\/i0.wp.com\/larevistadigital.com.ar\/blog\/wp-content\/uploads\/69cab7115be6f.png?fit=668%2C445&ssl=1&resize=350%2C200 1x, https:\/\/i0.wp.com\/larevistadigital.com.ar\/blog\/wp-content\/uploads\/69cab7115be6f.png?fit=668%2C445&ssl=1&resize=525%2C300 1.5x"},"classes":[]},{"id":34876,"url":"https:\/\/larevistadigital.com.ar\/blog\/chascomus-se-hicieron-dos-allanamientos-secuestrando-marihuana-cocaina-y-logrando-aprehender-a-un-individuo\/","url_meta":{"origin":33046,"position":1},"title":"CHASCOM\u00daS: SE HICIERON DOS ALLANAMIENTOS, SECUESTRANDO MARIHUANA, COCA\u00cdNA Y LOGRANDO APREHENDER A UN INDIVIDUO.","author":"Alejandro Sosa Ruda","date":"21 diciembre, 2023","format":false,"excerpt":"Los allanamientos fueron en calle Obligado y en el Barrio 30 de Mayo. 21 de diciembre de 2023 CHASCOM\u00daS -\u00a0 Durante la jornada de ayer, se llevaron a cabo dos allanamientos por la SUBDELEGACION DE INV. DEL TR\u00c1FICO DE DROGAS IL\u00cdCITAS CHASCOMUS en el marco de una investigaci\u00f3n relacionada con\u2026","rel":"","context":"En \u00abDESTACADAS\u00bb","block_context":{"text":"DESTACADAS","link":"https:\/\/larevistadigital.com.ar\/blog\/category\/destacadas\/"},"img":{"alt_text":"","src":"https:\/\/i0.wp.com\/larevistadigital.com.ar\/blog\/wp-content\/uploads\/WhatsApp-Image-2023-12-21-at-07.06.23-1-e1703171662789.jpeg?fit=960%2C774&ssl=1&resize=350%2C200","width":350,"height":200,"srcset":"https:\/\/i0.wp.com\/larevistadigital.com.ar\/blog\/wp-content\/uploads\/WhatsApp-Image-2023-12-21-at-07.06.23-1-e1703171662789.jpeg?fit=960%2C774&ssl=1&resize=350%2C200 1x, https:\/\/i0.wp.com\/larevistadigital.com.ar\/blog\/wp-content\/uploads\/WhatsApp-Image-2023-12-21-at-07.06.23-1-e1703171662789.jpeg?fit=960%2C774&ssl=1&resize=525%2C300 1.5x, https:\/\/i0.wp.com\/larevistadigital.com.ar\/blog\/wp-content\/uploads\/WhatsApp-Image-2023-12-21-at-07.06.23-1-e1703171662789.jpeg?fit=960%2C774&ssl=1&resize=700%2C400 2x"},"classes":[]},{"id":26403,"url":"https:\/\/larevistadigital.com.ar\/blog\/chascomus-tres-allanamientos-con-resultado-positivo-dos-aprehendidos-y-secuestro-de-marihuana-y-cocaina\/","url_meta":{"origin":33046,"position":2},"title":"CHASCOM\u00daS: TRES ALLANAMIENTOS CON RESULTADO POSITIVO, DOS APREHENDIDOS Y SECUESTRO DE MARIHUANA Y COCA\u00cdNA","author":"Alejandro Sosa Ruda","date":"7 julio, 2022","format":false,"excerpt":"CHASCOM\u00daS -\u00a0 Durante el d\u00eda de ayer, 6 de julio, se llevaron a cabo tres allanamientos por infracci\u00f3n a la ley 23.737 (estupefacientes), luego de que se tom\u00f3 conocimiento de que en tres lugares se estar\u00edan comercializando drogas. De esta manera se dio conocimiento a la UFI 3 a cargo\u2026","rel":"","context":"En \u00abDESTACADAS\u00bb","block_context":{"text":"DESTACADAS","link":"https:\/\/larevistadigital.com.ar\/blog\/category\/destacadas\/"},"img":{"alt_text":"","src":"https:\/\/i0.wp.com\/larevistadigital.com.ar\/blog\/wp-content\/uploads\/WhatsApp-Image-2022-07-06-at-11.11.42-PM-1.jpeg?fit=850%2C813&ssl=1&resize=350%2C200","width":350,"height":200,"srcset":"https:\/\/i0.wp.com\/larevistadigital.com.ar\/blog\/wp-content\/uploads\/WhatsApp-Image-2022-07-06-at-11.11.42-PM-1.jpeg?fit=850%2C813&ssl=1&resize=350%2C200 1x, https:\/\/i0.wp.com\/larevistadigital.com.ar\/blog\/wp-content\/uploads\/WhatsApp-Image-2022-07-06-at-11.11.42-PM-1.jpeg?fit=850%2C813&ssl=1&resize=525%2C300 1.5x, https:\/\/i0.wp.com\/larevistadigital.com.ar\/blog\/wp-content\/uploads\/WhatsApp-Image-2022-07-06-at-11.11.42-PM-1.jpeg?fit=850%2C813&ssl=1&resize=700%2C400 2x"},"classes":[]},{"id":25409,"url":"https:\/\/larevistadigital.com.ar\/blog\/chascomus-tercer-procedimiento-importante-de-drogas-en-los-ultimos-tres-meses\/","url_meta":{"origin":33046,"position":3},"title":"CHASCOM\u00daS: TERCER PROCEDIMIENTO IMPORTANTE DE DROGAS EN LOS \u00daLTIMOS TRES MESES","author":"Alejandro Sosa Ruda","date":"26 mayo, 2022","format":false,"excerpt":"Se logr\u00f3 resultado positivo, en distintos allanamientos y se detuvo una persona por comercializaci\u00f3n de estupefacientes, consiguiendo otro buen resultado en la materia. La subdelegaci\u00f3n departamental de investigaciones del tr\u00e1fico de drogas il\u00edcitas de Chascom\u00fas, inform\u00f3 que se llevaron a cabo tres allanamientos por infracci\u00f3n a la ley 23.737. Tras\u2026","rel":"","context":"En \u00abDESTACADAS\u00bb","block_context":{"text":"DESTACADAS","link":"https:\/\/larevistadigital.com.ar\/blog\/category\/destacadas\/"},"img":{"alt_text":"","src":"https:\/\/i0.wp.com\/larevistadigital.com.ar\/blog\/wp-content\/uploads\/WhatsApp-Image-2022-05-26-at-8.02.24-AM-1.jpeg?fit=1200%2C900&ssl=1&resize=350%2C200","width":350,"height":200,"srcset":"https:\/\/i0.wp.com\/larevistadigital.com.ar\/blog\/wp-content\/uploads\/WhatsApp-Image-2022-05-26-at-8.02.24-AM-1.jpeg?fit=1200%2C900&ssl=1&resize=350%2C200 1x, https:\/\/i0.wp.com\/larevistadigital.com.ar\/blog\/wp-content\/uploads\/WhatsApp-Image-2022-05-26-at-8.02.24-AM-1.jpeg?fit=1200%2C900&ssl=1&resize=525%2C300 1.5x, https:\/\/i0.wp.com\/larevistadigital.com.ar\/blog\/wp-content\/uploads\/WhatsApp-Image-2022-05-26-at-8.02.24-AM-1.jpeg?fit=1200%2C900&ssl=1&resize=700%2C400 2x, https:\/\/i0.wp.com\/larevistadigital.com.ar\/blog\/wp-content\/uploads\/WhatsApp-Image-2022-05-26-at-8.02.24-AM-1.jpeg?fit=1200%2C900&ssl=1&resize=1050%2C600 3x"},"classes":[]},{"id":39046,"url":"https:\/\/larevistadigital.com.ar\/blog\/allanamientos-en-pila-desarticulan-una-red-de-venta-de-marihuana\/","url_meta":{"origin":33046,"position":4},"title":"Allanamientos en Pila: desarticulan una red de venta de marihuana","author":"Alejandro Sosa Ruda","date":"16 marzo, 2025","format":false,"excerpt":"Se investig\u00f3 en Chascom\u00fas, y se lleg\u00f3 a la ciudad de Pila. 16 de Marzo de 2025 PILA -\u00a0 En un importante operativo antidrogas, efectivos de la Subdelegaci\u00f3n de Drogas Il\u00edcitas de Chascom\u00fas llevaron a cabo tres allanamientos simult\u00e1neos en la ciudad de Pila, en el marco de una investigaci\u00f3n\u2026","rel":"","context":"En \u00abINTERES GENERAL\u00bb","block_context":{"text":"INTERES GENERAL","link":"https:\/\/larevistadigital.com.ar\/blog\/category\/interes-general\/"},"img":{"alt_text":"","src":"https:\/\/i0.wp.com\/larevistadigital.com.ar\/blog\/wp-content\/uploads\/6c7c0997641286160d140cb73c28243fdeac6631.jpg?fit=1140%2C641&ssl=1&resize=350%2C200","width":350,"height":200,"srcset":"https:\/\/i0.wp.com\/larevistadigital.com.ar\/blog\/wp-content\/uploads\/6c7c0997641286160d140cb73c28243fdeac6631.jpg?fit=1140%2C641&ssl=1&resize=350%2C200 1x, https:\/\/i0.wp.com\/larevistadigital.com.ar\/blog\/wp-content\/uploads\/6c7c0997641286160d140cb73c28243fdeac6631.jpg?fit=1140%2C641&ssl=1&resize=525%2C300 1.5x, https:\/\/i0.wp.com\/larevistadigital.com.ar\/blog\/wp-content\/uploads\/6c7c0997641286160d140cb73c28243fdeac6631.jpg?fit=1140%2C641&ssl=1&resize=700%2C400 2x, https:\/\/i0.wp.com\/larevistadigital.com.ar\/blog\/wp-content\/uploads\/6c7c0997641286160d140cb73c28243fdeac6631.jpg?fit=1140%2C641&ssl=1&resize=1050%2C600 3x"},"classes":[]},{"id":40405,"url":"https:\/\/larevistadigital.com.ar\/blog\/golpe-al-narcomenudeo-en-chascomus-dos-detenidos-por-venta-y-distribucion-de-drogas\/","url_meta":{"origin":33046,"position":5},"title":"Golpe al narcomenudeo en Chascom\u00fas: dos detenidos por venta y distribuci\u00f3n de drogas","author":"Alejandro Sosa Ruda","date":"10 julio, 2025","format":false,"excerpt":"Tras una intensa investigaci\u00f3n policial y con apoyo del Centro de Monitoreo local, se desbarat\u00f3 un punto de venta de estupefacientes en la ciudad. Hubo allanamientos simult\u00e1neos, secuestro de drogas y elementos clave para la causa. 10 de Julio de 2025 CHASCOM\u00daS -\u00a0 \u00a0Una investigaci\u00f3n judicial por comercializaci\u00f3n de estupefacientes\u2026","rel":"","context":"En \u00abDESTACADAS\u00bb","block_context":{"text":"DESTACADAS","link":"https:\/\/larevistadigital.com.ar\/blog\/category\/destacadas\/"},"img":{"alt_text":"","src":"https:\/\/i0.wp.com\/larevistadigital.com.ar\/blog\/wp-content\/uploads\/WhatsApp-Image-2025-07-10-at-16.16.07.jpeg?fit=1200%2C675&ssl=1&resize=350%2C200","width":350,"height":200,"srcset":"https:\/\/i0.wp.com\/larevistadigital.com.ar\/blog\/wp-content\/uploads\/WhatsApp-Image-2025-07-10-at-16.16.07.jpeg?fit=1200%2C675&ssl=1&resize=350%2C200 1x, https:\/\/i0.wp.com\/larevistadigital.com.ar\/blog\/wp-content\/uploads\/WhatsApp-Image-2025-07-10-at-16.16.07.jpeg?fit=1200%2C675&ssl=1&resize=525%2C300 1.5x, https:\/\/i0.wp.com\/larevistadigital.com.ar\/blog\/wp-content\/uploads\/WhatsApp-Image-2025-07-10-at-16.16.07.jpeg?fit=1200%2C675&ssl=1&resize=700%2C400 2x, https:\/\/i0.wp.com\/larevistadigital.com.ar\/blog\/wp-content\/uploads\/WhatsApp-Image-2025-07-10-at-16.16.07.jpeg?fit=1200%2C675&ssl=1&resize=1050%2C600 3x"},"classes":[]}],"_links":{"self":[{"href":"https:\/\/larevistadigital.com.ar\/blog\/wp-json\/wp\/v2\/posts\/33046","targetHints":{"allow":["GET"]}}],"collection":[{"href":"https:\/\/larevistadigital.com.ar\/blog\/wp-json\/wp\/v2\/posts"}],"about":[{"href":"https:\/\/larevistadigital.com.ar\/blog\/wp-json\/wp\/v2\/types\/post"}],"author":[{"embeddable":true,"href":"https:\/\/larevistadigital.com.ar\/blog\/wp-json\/wp\/v2\/users\/3"}],"replies":[{"embeddable":true,"href":"https:\/\/larevistadigital.com.ar\/blog\/wp-json\/wp\/v2\/comments?post=33046"}],"version-history":[{"count":1,"href":"https:\/\/larevistadigital.com.ar\/blog\/wp-json\/wp\/v2\/posts\/33046\/revisions"}],"predecessor-version":[{"id":33047,"href":"https:\/\/larevistadigital.com.ar\/blog\/wp-json\/wp\/v2\/posts\/33046\/revisions\/33047"}],"wp:featuredmedia":[{"embeddable":true,"href":"https:\/\/larevistadigital.com.ar\/blog\/wp-json\/wp\/v2\/media\/8103"}],"wp:attachment":[{"href":"https:\/\/larevistadigital.com.ar\/blog\/wp-json\/wp\/v2\/media?parent=33046"}],"wp:term":[{"taxonomy":"category","embeddable":true,"href":"https:\/\/larevistadigital.com.ar\/blog\/wp-json\/wp\/v2\/categories?post=33046"},{"taxonomy":"post_tag","embeddable":true,"href":"https:\/\/larevistadigital.com.ar\/blog\/wp-json\/wp\/v2\/tags?post=33046"}],"curies":[{"name":"wp","href":"https:\/\/api.w.org\/{rel}","templated":true}]}}