{"id":33151,"date":"2023-08-30T10:29:19","date_gmt":"2023-08-30T13:29:19","guid":{"rendered":"https:\/\/larevistadigital.com.ar\/blog\/?p=33151"},"modified":"2023-08-30T10:29:19","modified_gmt":"2023-08-30T13:29:19","slug":"desesperada-busqueda-dos-marplatenses-desaparecieron-en-el-mar-de-malaga-cuando-surfeaban","status":"publish","type":"post","link":"https:\/\/larevistadigital.com.ar\/blog\/desesperada-busqueda-dos-marplatenses-desaparecieron-en-el-mar-de-malaga-cuando-surfeaban\/","title":{"rendered":"DESESPERADA B\u00daSQUEDA: DOS MARPLATENSES DESAPARECIERON EN EL MAR DE M\u00c1LAGA CUANDO SURFEABAN"},"content":{"rendered":"<h2 class=\"fparrafo ctext fz18 lh25\">Durante los operativos, la tabla inflable que los amigos utilizaban para su aventura fue hallada a m\u00e1s de 25 kil\u00f3metros al sureste de M\u00e1laga. A partir de este hallazgo, la zona de b\u00fasqueda se expandi\u00f3 en un amplio radio.<\/h2>\n<p>30 de agosto de 2023<\/p>\n<p><strong>M\u00c1LAGA . ESPA\u00d1A &#8211;<\/strong>\u00a0 Dos j\u00f3venes marplatenses, <strong>Emmanuel Soria<\/strong> de 34 a\u00f1os y <strong>Maxi Ludvik<\/strong> de 29, desaparecieron en circunstancias misteriosas tras aventurarse en una jornada de paddle surf en las aguas de la ciudad de M\u00e1laga, Espa\u00f1a.<\/p>\n<p>Los familiares y amigos m\u00e1s cercanos fueron los primeros en notar su ausencia, denunciando r\u00e1pidamente la situaci\u00f3n a las autoridades y movilizando a trav\u00e9s de las redes sociales la b\u00fasqueda de los desaparecidos. La Sociedad de Salvamento y Seguridad Mar\u00edtima espa\u00f1ola comenz\u00f3 una operaci\u00f3n de b\u00fasqueda y rescate, desplegando embarcaciones y aeronaves en una carrera contrarreloj para hallar pistas sobre los j\u00f3venes argentinos.<\/p>\n<p>Durante los operativos, la tabla inflable que los amigos utilizaban para su aventura fue hallada a m\u00e1s de 25 kil\u00f3metros al sureste de M\u00e1laga. A partir de este hallazgo, la zona de b\u00fasqueda se expandi\u00f3 en un amplio radio desde M\u00e1laga capital hacia el este, abarcando hasta el meridiano de Nerja y aproximadamente 30 kil\u00f3metros mar adentro.<\/p>\n<p>El peri\u00f3dico Diario Sur de M\u00e1laga inform\u00f3 que la hermana de Emmanuel Soria present\u00f3 una denuncia en la Comisar\u00eda Provincial, desencadenando as\u00ed una operaci\u00f3n de b\u00fasqueda que involucra a m\u00faltiples agencias y profesionales. (<b>InfoGEI<\/b>) Mg<\/p>\n","protected":false},"excerpt":{"rendered":"<div class=\"mh-excerpt\"><p>Durante los operativos, la tabla inflable que los amigos utilizaban para su aventura fue hallada a m\u00e1s de 25 kil\u00f3metros al sureste de M\u00e1laga. A partir de este hallazgo, la zona de b\u00fasqueda se expandi\u00f3 <a class=\"mh-excerpt-more\" href=\"https:\/\/larevistadigital.com.ar\/blog\/desesperada-busqueda-dos-marplatenses-desaparecieron-en-el-mar-de-malaga-cuando-surfeaban\/\" title=\"DESESPERADA B\u00daSQUEDA: DOS MARPLATENSES DESAPARECIERON EN EL MAR DE M\u00c1LAGA CUANDO SURFEABAN\">[Leer M\u00e1s]<\/a><\/p>\n<\/div>","protected":false},"author":3,"featured_media":33152,"comment_status":"open","ping_status":"open","sticky":false,"template":"","format":"standard","meta":{"_jetpack_memberships_contains_paid_content":false,"footnotes":"","jetpack_publicize_message":"","jetpack_publicize_feature_enabled":true,"jetpack_social_post_already_shared":true,"jetpack_social_options":{"image_generator_settings":{"template":"highway","default_image_id":0,"font":"","enabled":false},"version":2}},"categories":[50],"tags":[],"class_list":{"0":"post-33151","1":"post","2":"type-post","3":"status-publish","4":"format-standard","5":"has-post-thumbnail","7":"category-interes-general"},"jetpack_publicize_connections":[],"jetpack_featured_media_url":"https:\/\/i0.wp.com\/larevistadigital.com.ar\/blog\/wp-content\/uploads\/20230829164721_malaga.jpg?fit=880%2C512&ssl=1","jetpack_sharing_enabled":true,"jetpack_shortlink":"https:\/\/wp.me\/p8qtrQ-8CH","jetpack-related-posts":[{"id":40393,"url":"https:\/\/larevistadigital.com.ar\/blog\/espectacular-avistaje-de-ballenas-frente-a-las-playas-marplatenses\/","url_meta":{"origin":33151,"position":0},"title":"Espectacular avistaje de ballenas frente a las playas marplatenses","author":"Alejandro Sosa Ruda","date":"8 julio, 2025","format":false,"excerpt":"Una vez m\u00e1s, la costa marplatense fue escenario de un impactante espect\u00e1culo natural. Este lunes, varios ejemplares de ballenas se acercaron a la orilla entre el Faro y Punta Mogotes, ofreciendo una escena que maravill\u00f3 a residentes y visitantes. 08 De Julio de 2025 BUENOS AIRES -\u00a0 Aunque los encuentros\u2026","rel":"","context":"En \u00abREGIONALES\u00bb","block_context":{"text":"REGIONALES","link":"https:\/\/larevistadigital.com.ar\/blog\/category\/regionales\/"},"img":{"alt_text":"","src":"https:\/\/i0.wp.com\/larevistadigital.com.ar\/blog\/wp-content\/uploads\/20250708183008_ballenas-avistaje-mar-del-plata.jpg?fit=880%2C512&ssl=1&resize=350%2C200","width":350,"height":200,"srcset":"https:\/\/i0.wp.com\/larevistadigital.com.ar\/blog\/wp-content\/uploads\/20250708183008_ballenas-avistaje-mar-del-plata.jpg?fit=880%2C512&ssl=1&resize=350%2C200 1x, https:\/\/i0.wp.com\/larevistadigital.com.ar\/blog\/wp-content\/uploads\/20250708183008_ballenas-avistaje-mar-del-plata.jpg?fit=880%2C512&ssl=1&resize=525%2C300 1.5x, https:\/\/i0.wp.com\/larevistadigital.com.ar\/blog\/wp-content\/uploads\/20250708183008_ballenas-avistaje-mar-del-plata.jpg?fit=880%2C512&ssl=1&resize=700%2C400 2x"},"classes":[]},{"id":7660,"url":"https:\/\/larevistadigital.com.ar\/blog\/dolores-buscan-hombre-desaparecido-hace-varias-horas\/","url_meta":{"origin":33151,"position":1},"title":"DOLORES: BUSCAN HOMBRE DESAPARECIDO HACE VARIAS HORAS","author":"Alejandro Sosa Ruda","date":"7 enero, 2019","format":false,"excerpt":"El portal Infozona, inform\u00f3 que en las \u00faltimas horas se inici\u00f3 la b\u00fasqueda del vecino de la ciudad de Dolores, Hector Duarte de 38 a\u00f1os, quien sali\u00f3 de su casa para asistir a una cena y no regres\u00f3 ni estableci\u00f3 ning\u00fan tipo de comunicaci\u00f3n. La familia realiz\u00f3 la correspondiente denuncia,\u2026","rel":"","context":"En \u00abDOLORES\u00bb","block_context":{"text":"DOLORES","link":"https:\/\/larevistadigital.com.ar\/blog\/category\/dolores\/"},"img":{"alt_text":"","src":"https:\/\/i0.wp.com\/larevistadigital.com.ar\/blog\/wp-content\/uploads\/2019\/01\/hombre-desaparecido-en-dolores.png?fit=900%2C668&ssl=1&resize=350%2C200","width":350,"height":200,"srcset":"https:\/\/i0.wp.com\/larevistadigital.com.ar\/blog\/wp-content\/uploads\/2019\/01\/hombre-desaparecido-en-dolores.png?fit=900%2C668&ssl=1&resize=350%2C200 1x, https:\/\/i0.wp.com\/larevistadigital.com.ar\/blog\/wp-content\/uploads\/2019\/01\/hombre-desaparecido-en-dolores.png?fit=900%2C668&ssl=1&resize=525%2C300 1.5x, https:\/\/i0.wp.com\/larevistadigital.com.ar\/blog\/wp-content\/uploads\/2019\/01\/hombre-desaparecido-en-dolores.png?fit=900%2C668&ssl=1&resize=700%2C400 2x"},"classes":[]},{"id":11713,"url":"https:\/\/larevistadigital.com.ar\/blog\/lomas-de-zamora-desesperada-busqueda-de-una-menor-que-desaparecio-el-domingo\/","url_meta":{"origin":33151,"position":2},"title":"LOMAS DE ZAMORA: DESESPERADA B\u00daSQUEDA DE UNA MENOR QUE DESAPARECI\u00d3 EL DOMINGO","author":"Alejandro Sosa Ruda","date":"3 agosto, 2019","format":false,"excerpt":"Familiares, amigos y docentes de Nadia Varela, una adolescente de 16 a\u00f1os que desapareci\u00f3 de su casa de Lomas de Zamora el \u00faltimo domingo, la buscan intensamente y solicitan que quien la haya visto aporte informaci\u00f3n para dar con ella. La menor desapareci\u00f3 de su hogar \u2013 ubicado cerca de\u2026","rel":"","context":"En \u00abINTERES GENERAL\u00bb","block_context":{"text":"INTERES GENERAL","link":"https:\/\/larevistadigital.com.ar\/blog\/category\/interes-general\/"},"img":{"alt_text":"","src":"https:\/\/i0.wp.com\/larevistadigital.com.ar\/blog\/wp-content\/uploads\/1564607942642.jpg?fit=1200%2C674&ssl=1&resize=350%2C200","width":350,"height":200,"srcset":"https:\/\/i0.wp.com\/larevistadigital.com.ar\/blog\/wp-content\/uploads\/1564607942642.jpg?fit=1200%2C674&ssl=1&resize=350%2C200 1x, https:\/\/i0.wp.com\/larevistadigital.com.ar\/blog\/wp-content\/uploads\/1564607942642.jpg?fit=1200%2C674&ssl=1&resize=525%2C300 1.5x, https:\/\/i0.wp.com\/larevistadigital.com.ar\/blog\/wp-content\/uploads\/1564607942642.jpg?fit=1200%2C674&ssl=1&resize=700%2C400 2x, https:\/\/i0.wp.com\/larevistadigital.com.ar\/blog\/wp-content\/uploads\/1564607942642.jpg?fit=1200%2C674&ssl=1&resize=1050%2C600 3x"},"classes":[]},{"id":38703,"url":"https:\/\/larevistadigital.com.ar\/blog\/busqueda-desesperada-de-un-joven-que-se-metio-al-mar-en-necochea-y-desaparecio\/","url_meta":{"origin":33151,"position":3},"title":"Busqueda desesperada de un joven que se meti\u00f3 al mar en Necochea y desapareci\u00f3","author":"Alejandro Sosa Ruda","date":"16 febrero, 2025","format":false,"excerpt":"Santiago Haedo nadaba con un amigo y fue arrastrado por las olas. Hubo un importante operativo en la zona, que sigue hoy. 16 de Febrero de 2025 NECOCHEA -\u00a0 Todo ocurri\u00f3 el s\u00e1bado, cuando Santiago Haedo, un joven de 22 a\u00f1oe ingres\u00f3 al mar con un amigo y no se\u2026","rel":"","context":"En \u00abPOLICIALES\u00bb","block_context":{"text":"POLICIALES","link":"https:\/\/larevistadigital.com.ar\/blog\/category\/policiales\/"},"img":{"alt_text":"","src":"https:\/\/i0.wp.com\/larevistadigital.com.ar\/blog\/wp-content\/uploads\/Captura-de-pantalla-2025-02-16-092911.jpg?fit=675%2C376&ssl=1&resize=350%2C200","width":350,"height":200,"srcset":"https:\/\/i0.wp.com\/larevistadigital.com.ar\/blog\/wp-content\/uploads\/Captura-de-pantalla-2025-02-16-092911.jpg?fit=675%2C376&ssl=1&resize=350%2C200 1x, https:\/\/i0.wp.com\/larevistadigital.com.ar\/blog\/wp-content\/uploads\/Captura-de-pantalla-2025-02-16-092911.jpg?fit=675%2C376&ssl=1&resize=525%2C300 1.5x"},"classes":[]},{"id":8226,"url":"https:\/\/larevistadigital.com.ar\/blog\/confirman-que-el-cuerpo-hallado-en-el-mar-era-el-futbolista-emiliano-sala\/","url_meta":{"origin":33151,"position":4},"title":"CONFIRMAN QUE EL CUERPO HALLADO EN EL MAR ERA EL FUTBOLISTA EMILIANO SALA","author":"Alejandro Sosa Ruda","date":"7 febrero, 2019","format":false,"excerpt":"El cuerpo del futbolista argentino Emiliano Sala era el que se encontraba dentro de la avioneta hallada en el fondo del mar en la zona del Canal de la Mancha. La tr\u00e1gica noticia fue confirmada este jueves por las autoridades de la b\u00fasqueda. Sala, de 28 a\u00f1os, y su piloto,\u2026","rel":"","context":"En \u00abPOLICIALES\u00bb","block_context":{"text":"POLICIALES","link":"https:\/\/larevistadigital.com.ar\/blog\/category\/policiales\/"},"img":{"alt_text":"","src":"https:\/\/i0.wp.com\/larevistadigital.com.ar\/blog\/wp-content\/uploads\/2019\/02\/1549228779_255446_1549229514_noticia_normal.jpg?fit=1200%2C675&ssl=1&resize=350%2C200","width":350,"height":200,"srcset":"https:\/\/i0.wp.com\/larevistadigital.com.ar\/blog\/wp-content\/uploads\/2019\/02\/1549228779_255446_1549229514_noticia_normal.jpg?fit=1200%2C675&ssl=1&resize=350%2C200 1x, https:\/\/i0.wp.com\/larevistadigital.com.ar\/blog\/wp-content\/uploads\/2019\/02\/1549228779_255446_1549229514_noticia_normal.jpg?fit=1200%2C675&ssl=1&resize=525%2C300 1.5x, https:\/\/i0.wp.com\/larevistadigital.com.ar\/blog\/wp-content\/uploads\/2019\/02\/1549228779_255446_1549229514_noticia_normal.jpg?fit=1200%2C675&ssl=1&resize=700%2C400 2x, https:\/\/i0.wp.com\/larevistadigital.com.ar\/blog\/wp-content\/uploads\/2019\/02\/1549228779_255446_1549229514_noticia_normal.jpg?fit=1200%2C675&ssl=1&resize=1050%2C600 3x"},"classes":[]},{"id":15545,"url":"https:\/\/larevistadigital.com.ar\/blog\/mar-del-plata-todo-lo-que-hay-que-saber-de-las-salidas-que-comienzan-hoy\/","url_meta":{"origin":33151,"position":5},"title":"MAR DEL PLATA: TODO LO QUE HAY QUE SABER DE LAS SALIDAS QUE COMIENZAN HOY","author":"Alejandro Sosa Ruda","date":"8 junio, 2020","format":false,"excerpt":"A pedido de una gran parte de la poblaci\u00f3n, despu\u00e9s de\u00a0m\u00e1s de 80 d\u00edas confinamiento, desde este lunes los marplatenses cuentan con la autorizaci\u00f3n provincial para hacer salidas recreativas, una posibilidad que por supuesto est\u00e1 sujeta a una serie de disposiciones y medidas preventivas. La medida se dio a conocer\u2026","rel":"","context":"En \u00abREGIONALES\u00bb","block_context":{"text":"REGIONALES","link":"https:\/\/larevistadigital.com.ar\/blog\/category\/regionales\/"},"img":{"alt_text":"","src":"https:\/\/i0.wp.com\/larevistadigital.com.ar\/blog\/wp-content\/uploads\/Screenshot_1-117.jpg?fit=989%2C643&ssl=1&resize=350%2C200","width":350,"height":200,"srcset":"https:\/\/i0.wp.com\/larevistadigital.com.ar\/blog\/wp-content\/uploads\/Screenshot_1-117.jpg?fit=989%2C643&ssl=1&resize=350%2C200 1x, https:\/\/i0.wp.com\/larevistadigital.com.ar\/blog\/wp-content\/uploads\/Screenshot_1-117.jpg?fit=989%2C643&ssl=1&resize=525%2C300 1.5x, https:\/\/i0.wp.com\/larevistadigital.com.ar\/blog\/wp-content\/uploads\/Screenshot_1-117.jpg?fit=989%2C643&ssl=1&resize=700%2C400 2x"},"classes":[]}],"_links":{"self":[{"href":"https:\/\/larevistadigital.com.ar\/blog\/wp-json\/wp\/v2\/posts\/33151","targetHints":{"allow":["GET"]}}],"collection":[{"href":"https:\/\/larevistadigital.com.ar\/blog\/wp-json\/wp\/v2\/posts"}],"about":[{"href":"https:\/\/larevistadigital.com.ar\/blog\/wp-json\/wp\/v2\/types\/post"}],"author":[{"embeddable":true,"href":"https:\/\/larevistadigital.com.ar\/blog\/wp-json\/wp\/v2\/users\/3"}],"replies":[{"embeddable":true,"href":"https:\/\/larevistadigital.com.ar\/blog\/wp-json\/wp\/v2\/comments?post=33151"}],"version-history":[{"count":1,"href":"https:\/\/larevistadigital.com.ar\/blog\/wp-json\/wp\/v2\/posts\/33151\/revisions"}],"predecessor-version":[{"id":33153,"href":"https:\/\/larevistadigital.com.ar\/blog\/wp-json\/wp\/v2\/posts\/33151\/revisions\/33153"}],"wp:featuredmedia":[{"embeddable":true,"href":"https:\/\/larevistadigital.com.ar\/blog\/wp-json\/wp\/v2\/media\/33152"}],"wp:attachment":[{"href":"https:\/\/larevistadigital.com.ar\/blog\/wp-json\/wp\/v2\/media?parent=33151"}],"wp:term":[{"taxonomy":"category","embeddable":true,"href":"https:\/\/larevistadigital.com.ar\/blog\/wp-json\/wp\/v2\/categories?post=33151"},{"taxonomy":"post_tag","embeddable":true,"href":"https:\/\/larevistadigital.com.ar\/blog\/wp-json\/wp\/v2\/tags?post=33151"}],"curies":[{"name":"wp","href":"https:\/\/api.w.org\/{rel}","templated":true}]}}