{"id":33418,"date":"2023-09-11T21:44:10","date_gmt":"2023-09-12T00:44:10","guid":{"rendered":"https:\/\/larevistadigital.com.ar\/blog\/?p=33418"},"modified":"2023-09-11T21:44:10","modified_gmt":"2023-09-12T00:44:10","slug":"torquinst-encontraron-un-lechon-en-el-freezer-donde-guardan-las-vacunas-pediatricas","status":"publish","type":"post","link":"https:\/\/larevistadigital.com.ar\/blog\/torquinst-encontraron-un-lechon-en-el-freezer-donde-guardan-las-vacunas-pediatricas\/","title":{"rendered":"TORQUINST: ENCONTRARON UN LECH\u00d3N EN EL FREEZER DONDE GUARDAN LAS VACUNAS PEDIATRICAS"},"content":{"rendered":"<h2 class=\"fparrafo ctext fz18 lh25\">El hecho se conoci\u00f3 el pasado 29 de agosto, cuando la Secretar\u00eda de Salud de ese distrito envi\u00f3 a Gobierno una solicitud de apertura para una investigaci\u00f3n interna. El municipio suspendi\u00f3 por diez d\u00edas sin goce de haberes a los involucrados, quienes adem\u00e1s deber\u00e1n pagar por las vacunas echadas a perder.<\/h2>\n<p>11 de Septiembre de 2023<\/p>\n<p><strong>TORNQUIST &#8211;\u00a0 <\/strong>Un hecho ins\u00f3lito tuvo lugar en el hospital municipal Dr. Alberto T. Castro de Torquinst, cuando autoridades del nosocomio encontraron un lech\u00f3n congelado en el mismo freezer donde se guardan vacunas pedi\u00e1tricas.<\/p>\n<blockquote>\n<h3>En comunicaci\u00f3n el portal local Noticiastornquist, el Secretario de Gobierno de ese distrito, Bruno Zacconi, describi\u00f3 que encontraron el lech\u00f3n en un freezer donde, por protocolo y administraci\u00f3n del espacio, se hab\u00edan dejado vacunas pedi\u00e1tricas. Producto de la imprudencia, se perdieron dos ampollas.<\/h3>\n<\/blockquote>\n<p>El hecho se conoci\u00f3 el pasado 29 de agosto, cuando la Secretar\u00eda de Salud de ese distrito envi\u00f3 a Gobierno una solicitud de apertura para una investigaci\u00f3n interna.<\/p>\n<p>Ahora, el municipio suspendi\u00f3 por diez d\u00edas sin goce de haberes a los involucrados, el Jefe de Terapia intensiva y la Farmace\u00fatica del nosocomio, quienes adem\u00e1s deber\u00e1n pagar por las vacunas echadas a perder. Trascendi\u00f3 que el monto asciende a los 100 mil pesos. (<b>InfoGEI<\/b>) Mg<\/p>\n","protected":false},"excerpt":{"rendered":"<div class=\"mh-excerpt\"><p>El hecho se conoci\u00f3 el pasado 29 de agosto, cuando la Secretar\u00eda de Salud de ese distrito envi\u00f3 a Gobierno una solicitud de apertura para una investigaci\u00f3n interna. El municipio suspendi\u00f3 por diez d\u00edas sin <a class=\"mh-excerpt-more\" href=\"https:\/\/larevistadigital.com.ar\/blog\/torquinst-encontraron-un-lechon-en-el-freezer-donde-guardan-las-vacunas-pediatricas\/\" title=\"TORQUINST: ENCONTRARON UN LECH\u00d3N EN EL FREEZER DONDE GUARDAN LAS VACUNAS PEDIATRICAS\">[Leer M\u00e1s]<\/a><\/p>\n<\/div>","protected":false},"author":3,"featured_media":33419,"comment_status":"open","ping_status":"open","sticky":false,"template":"","format":"standard","meta":{"_jetpack_memberships_contains_paid_content":false,"footnotes":"","jetpack_publicize_message":"","jetpack_publicize_feature_enabled":true,"jetpack_social_post_already_shared":true,"jetpack_social_options":{"image_generator_settings":{"template":"highway","default_image_id":0,"font":"","enabled":false},"version":2}},"categories":[51],"tags":[],"class_list":{"0":"post-33418","1":"post","2":"type-post","3":"status-publish","4":"format-standard","5":"has-post-thumbnail","7":"category-regionales"},"jetpack_publicize_connections":[],"jetpack_featured_media_url":"https:\/\/i0.wp.com\/larevistadigital.com.ar\/blog\/wp-content\/uploads\/20230911163511_descarga-4.jpg?fit=880%2C512&ssl=1","jetpack_sharing_enabled":true,"jetpack_shortlink":"https:\/\/wp.me\/p8qtrQ-8H0","jetpack-related-posts":[{"id":19552,"url":"https:\/\/larevistadigital.com.ar\/blog\/azul-se-perdieron-300-vacunas-de-pami-porque-las-dejaron-fuera-del-freezer\/","url_meta":{"origin":33418,"position":0},"title":"AZUL: SE PERDIERON 300 VACUNAS DE PAMI PORQUE LAS DEJARON \u00abFUERA DEL FREEZER\u00bb","author":"Alejandro Sosa Ruda","date":"31 marzo, 2021","format":false,"excerpt":"AZUL - Este lunes fue presentada una denuncia judicial por la presunta p\u00e9rdida de 300 dosis de la vacuna contra el Coronavirus en la delegaci\u00f3n del PAMI en Azul. La presentaci\u00f3n fue realizada ante la Justicia Federal de Azul por un efectivo que presta servicios en el PAMI, donde las\u2026","rel":"","context":"En \u00abREGIONALES\u00bb","block_context":{"text":"REGIONALES","link":"https:\/\/larevistadigital.com.ar\/blog\/category\/regionales\/"},"img":{"alt_text":"","src":"https:\/\/i0.wp.com\/larevistadigital.com.ar\/blog\/wp-content\/uploads\/azul-2021.jpg?fit=785%2C360&ssl=1&resize=350%2C200","width":350,"height":200,"srcset":"https:\/\/i0.wp.com\/larevistadigital.com.ar\/blog\/wp-content\/uploads\/azul-2021.jpg?fit=785%2C360&ssl=1&resize=350%2C200 1x, https:\/\/i0.wp.com\/larevistadigital.com.ar\/blog\/wp-content\/uploads\/azul-2021.jpg?fit=785%2C360&ssl=1&resize=525%2C300 1.5x, https:\/\/i0.wp.com\/larevistadigital.com.ar\/blog\/wp-content\/uploads\/azul-2021.jpg?fit=785%2C360&ssl=1&resize=700%2C400 2x"},"classes":[]},{"id":23874,"url":"https:\/\/larevistadigital.com.ar\/blog\/se-descartaron-en-olavarria-1119-vacunas-del-calendario-anual-por-un-corte-de-luz\/","url_meta":{"origin":33418,"position":1},"title":"SE DESCARTARON EN OLAVARR\u00cdA 1119 VACUNAS DEL CALENDARIO ANUAL POR UN CORTE DE LUZ","author":"Alejandro Sosa Ruda","date":"7 febrero, 2022","format":false,"excerpt":"El Ministerio de Salud de la provincia de Buenos Aires recomend\u00f3 el descarte de 1119 vacunas del total 5558 que se encontraban en cuarentena por desv\u00edo en la cadena de fr\u00edo. Dentro de las dosis descartadas se encuentran doble adultos, rotavirus, neumococo 23 valencias, triple y doble viral, fiebre amarilla,\u2026","rel":"","context":"En \u00abDESTACADAS\u00bb","block_context":{"text":"DESTACADAS","link":"https:\/\/larevistadigital.com.ar\/blog\/category\/destacadas\/"},"img":{"alt_text":"","src":"https:\/\/i0.wp.com\/larevistadigital.com.ar\/blog\/wp-content\/uploads\/20220205130508_vacccc.jpg?fit=880%2C512&ssl=1&resize=350%2C200","width":350,"height":200,"srcset":"https:\/\/i0.wp.com\/larevistadigital.com.ar\/blog\/wp-content\/uploads\/20220205130508_vacccc.jpg?fit=880%2C512&ssl=1&resize=350%2C200 1x, https:\/\/i0.wp.com\/larevistadigital.com.ar\/blog\/wp-content\/uploads\/20220205130508_vacccc.jpg?fit=880%2C512&ssl=1&resize=525%2C300 1.5x, https:\/\/i0.wp.com\/larevistadigital.com.ar\/blog\/wp-content\/uploads\/20220205130508_vacccc.jpg?fit=880%2C512&ssl=1&resize=700%2C400 2x"},"classes":[]},{"id":33331,"url":"https:\/\/larevistadigital.com.ar\/blog\/en-noviembre-la-vacuna-del-dengue-llega-a-la-argentina\/","url_meta":{"origin":33418,"position":2},"title":"EN NOVIEMBRE LA VACUNA DEL DENGUE LLEGA A LA ARGENTINA","author":"Alejandro Sosa Ruda","date":"6 septiembre, 2023","format":false,"excerpt":"En estos d\u00edas se confirm\u00f3 que el primer cargamento llegar\u00e1 en la segunda quincena de noviembre. Aunque no hay una cantidad detallada de dosis, el Ministerio de Salud estudia qui\u00e9nes ser\u00e1n los grupos prioritarios que recibir\u00e1n las vacunas de manera gratuita. 7 de Septiembre de 2023 En abril, la ANMAT\u2026","rel":"","context":"En \u00abINTERES GENERAL\u00bb","block_context":{"text":"INTERES GENERAL","link":"https:\/\/larevistadigital.com.ar\/blog\/category\/interes-general\/"},"img":{"alt_text":"","src":"https:\/\/i0.wp.com\/larevistadigital.com.ar\/blog\/wp-content\/uploads\/20230906194438_dengue-share.jpg?fit=880%2C512&ssl=1&resize=350%2C200","width":350,"height":200,"srcset":"https:\/\/i0.wp.com\/larevistadigital.com.ar\/blog\/wp-content\/uploads\/20230906194438_dengue-share.jpg?fit=880%2C512&ssl=1&resize=350%2C200 1x, https:\/\/i0.wp.com\/larevistadigital.com.ar\/blog\/wp-content\/uploads\/20230906194438_dengue-share.jpg?fit=880%2C512&ssl=1&resize=525%2C300 1.5x, https:\/\/i0.wp.com\/larevistadigital.com.ar\/blog\/wp-content\/uploads\/20230906194438_dengue-share.jpg?fit=880%2C512&ssl=1&resize=700%2C400 2x"},"classes":[]},{"id":45023,"url":"https:\/\/larevistadigital.com.ar\/blog\/chascomus-se-ve-afectado-por-la-falta-de-envio-de-vacunas-antigripales-por-parte-del-gobierno-nacional\/","url_meta":{"origin":33418,"position":3},"title":"Chascom\u00fas se ve afectado por la falta de env\u00edo de vacunas antigripales por parte del Gobierno Nacional","author":"Alejandro Sosa Ruda","date":"8 abril, 2026","format":false,"excerpt":"La demora en la entrega de vacunas afecta a municipios de todo el pa\u00eds. En Chascom\u00fas, esta situaci\u00f3n genera dificultades para avanzar con normalidad en la campa\u00f1a de vacunaci\u00f3n antigripal y otros esquemas del calendario obligatorio. 08 de abril de 2026 CHASCOM\u00daS -\u00a0 \u00a0Desde el Gobierno de la Provincia de\u2026","rel":"","context":"En \u00abINTERES GENERAL\u00bb","block_context":{"text":"INTERES GENERAL","link":"https:\/\/larevistadigital.com.ar\/blog\/category\/interes-general\/"},"img":{"alt_text":"","src":"https:\/\/i0.wp.com\/larevistadigital.com.ar\/blog\/wp-content\/uploads\/69d6998872fd9.png?fit=668%2C445&ssl=1&resize=350%2C200","width":350,"height":200,"srcset":"https:\/\/i0.wp.com\/larevistadigital.com.ar\/blog\/wp-content\/uploads\/69d6998872fd9.png?fit=668%2C445&ssl=1&resize=350%2C200 1x, https:\/\/i0.wp.com\/larevistadigital.com.ar\/blog\/wp-content\/uploads\/69d6998872fd9.png?fit=668%2C445&ssl=1&resize=525%2C300 1.5x"},"classes":[]},{"id":21304,"url":"https:\/\/larevistadigital.com.ar\/blog\/cual-es-la-efectividad-de-las-distintas-vacunas-ante-la-variante-delta-del-covid-19\/","url_meta":{"origin":33418,"position":4},"title":"\u00bfCUAL ES LA EFECTIVIDAD DE LAS DISTINTAS VACUNAS ANTE LA VARIANTE DELTA DEL COVID-19?","author":"Alejandro Sosa Ruda","date":"30 julio, 2021","format":false,"excerpt":"Los cient\u00edficos siguen investigando sobre la pandemia y estudios ya determinan los efectos de las dosis de los distintos laboratorios. Mientras la pandemia contin\u00faa aquejando al mundo entero,\u00a0los operativos de vacunaci\u00f3n se llevan adelante con el fin de aplacar las consecuencias del virus, que va mutando y cambiando aspectos de\u2026","rel":"","context":"En \u00abINTERES GENERAL\u00bb","block_context":{"text":"INTERES GENERAL","link":"https:\/\/larevistadigital.com.ar\/blog\/category\/interes-general\/"},"img":{"alt_text":"","src":"https:\/\/i0.wp.com\/larevistadigital.com.ar\/blog\/wp-content\/uploads\/covid-19-vaccination-1500-991-2.jpg?fit=1200%2C600&ssl=1&resize=350%2C200","width":350,"height":200,"srcset":"https:\/\/i0.wp.com\/larevistadigital.com.ar\/blog\/wp-content\/uploads\/covid-19-vaccination-1500-991-2.jpg?fit=1200%2C600&ssl=1&resize=350%2C200 1x, https:\/\/i0.wp.com\/larevistadigital.com.ar\/blog\/wp-content\/uploads\/covid-19-vaccination-1500-991-2.jpg?fit=1200%2C600&ssl=1&resize=525%2C300 1.5x, https:\/\/i0.wp.com\/larevistadigital.com.ar\/blog\/wp-content\/uploads\/covid-19-vaccination-1500-991-2.jpg?fit=1200%2C600&ssl=1&resize=700%2C400 2x, https:\/\/i0.wp.com\/larevistadigital.com.ar\/blog\/wp-content\/uploads\/covid-19-vaccination-1500-991-2.jpg?fit=1200%2C600&ssl=1&resize=1050%2C600 3x"},"classes":[]},{"id":15184,"url":"https:\/\/larevistadigital.com.ar\/blog\/bloques-de-oposicion-hacen-un-pedido-de-informes-al-ejecutivo-por-la-falta-de-vacunas-contra-la-gripe\/","url_meta":{"origin":33418,"position":5},"title":"BLOQUES DE OPOSICI\u00d3N HACEN UN PEDIDO DE INFORMES AL EJECUTIVO POR LA FALTA DE VACUNAS CONTRA LA GRIPE","author":"Alejandro Sosa Ruda","date":"12 mayo, 2020","format":false,"excerpt":"La cl\u00e1sica \"vacuna antigripal\" que se aplica cada a\u00f1o por estas \u00e9pocas, hoy pasa por una situaci\u00f3n que realmente es muy preocupante. Hay un calendario que est\u00e1 siendo dif\u00edcil de cumplir, con la premura que es necesaria para los distintos grupos de riesgo, sobre todo hoy, que el mundo se\u2026","rel":"","context":"En \u00abINTERES GENERAL\u00bb","block_context":{"text":"INTERES GENERAL","link":"https:\/\/larevistadigital.com.ar\/blog\/category\/interes-general\/"},"img":{"alt_text":"","src":"https:\/\/i0.wp.com\/larevistadigital.com.ar\/blog\/wp-content\/uploads\/unnamed-4.jpg?fit=512%2C295&ssl=1&resize=350%2C200","width":350,"height":200},"classes":[]}],"_links":{"self":[{"href":"https:\/\/larevistadigital.com.ar\/blog\/wp-json\/wp\/v2\/posts\/33418","targetHints":{"allow":["GET"]}}],"collection":[{"href":"https:\/\/larevistadigital.com.ar\/blog\/wp-json\/wp\/v2\/posts"}],"about":[{"href":"https:\/\/larevistadigital.com.ar\/blog\/wp-json\/wp\/v2\/types\/post"}],"author":[{"embeddable":true,"href":"https:\/\/larevistadigital.com.ar\/blog\/wp-json\/wp\/v2\/users\/3"}],"replies":[{"embeddable":true,"href":"https:\/\/larevistadigital.com.ar\/blog\/wp-json\/wp\/v2\/comments?post=33418"}],"version-history":[{"count":1,"href":"https:\/\/larevistadigital.com.ar\/blog\/wp-json\/wp\/v2\/posts\/33418\/revisions"}],"predecessor-version":[{"id":33420,"href":"https:\/\/larevistadigital.com.ar\/blog\/wp-json\/wp\/v2\/posts\/33418\/revisions\/33420"}],"wp:featuredmedia":[{"embeddable":true,"href":"https:\/\/larevistadigital.com.ar\/blog\/wp-json\/wp\/v2\/media\/33419"}],"wp:attachment":[{"href":"https:\/\/larevistadigital.com.ar\/blog\/wp-json\/wp\/v2\/media?parent=33418"}],"wp:term":[{"taxonomy":"category","embeddable":true,"href":"https:\/\/larevistadigital.com.ar\/blog\/wp-json\/wp\/v2\/categories?post=33418"},{"taxonomy":"post_tag","embeddable":true,"href":"https:\/\/larevistadigital.com.ar\/blog\/wp-json\/wp\/v2\/tags?post=33418"}],"curies":[{"name":"wp","href":"https:\/\/api.w.org\/{rel}","templated":true}]}}