{"id":33421,"date":"2023-09-11T21:51:02","date_gmt":"2023-09-12T00:51:02","guid":{"rendered":"https:\/\/larevistadigital.com.ar\/blog\/?p=33421"},"modified":"2023-09-11T21:51:02","modified_gmt":"2023-09-12T00:51:02","slug":"el-gobernador-axel-kicillof-creo-un-fondo-para-que-los-municipales-cobren-una-suma-fija-de-60-000-que","status":"publish","type":"post","link":"https:\/\/larevistadigital.com.ar\/blog\/el-gobernador-axel-kicillof-creo-un-fondo-para-que-los-municipales-cobren-una-suma-fija-de-60-000-que\/","title":{"rendered":"EL GOBERNADOR AXEL KICILLOF CRE\u00d3 UN FONDO PARA QUE LOS MUNICIPALES COBREN UNA SUMA FIJA DE $60.000.- QUE"},"content":{"rendered":"<h2 class=\"fparrafo ctext fz18 lh25\">De ese modo, se busca ayudar a los municipios con el cumplimiento del decreto 438\/23 con el que se estableci\u00f3 para las y los empleados del sector privado y p\u00fablico cuyos salarios netos, no superen los $400.000 el pago de una asignaci\u00f3n no remunerativa en dos cuotas.<\/h2>\n<p>11 de Septiembre de 2023<\/p>\n<p><b>BUENOS AIRES &#8211;\u00a0 \u00a0<\/b>El gobierno bonaerense formaliz\u00f3 este lunes la creaci\u00f3n del Fondo Especial de Asignaciones Extraordinarias Salariales para Municipios, a trav\u00e9s del decreto 1610\/2023, publicado este lunes en el Bolet\u00edn Oficial, <strong><em>\u00abcon el objetivo de coadyuvar a los municipios de la provincia para el pago de una asignaci\u00f3n no remunerativa extraordinaria para los y las trabajadores municipales\u00bb.<\/em><\/strong><\/p>\n<blockquote>\n<h3>El decreto remarc\u00f3 que el fondo busca poder afrontar el pago de esa suma fija <em>\u00abpermitiendo sostener las prestaciones b\u00e1sicas de los municipios, de similares caracter\u00edsticas a la otorgada por el Poder Ejecutivo Nacional a trav\u00e9s del decreto 438\/2023\u00bb.<\/em><\/h3>\n<\/blockquote>\n<p>Tambi\u00e9n especific\u00f3 que el fondo se integra con recursos de rentas generales de la provincia, Aportes del Tesoro Nacional y cualquier otra fuente que al efecto determine la autoridad de aplicaci\u00f3n, por hasta la suma de $ 4.000 millones, que podr\u00e1 ser ampliado hasta $ 8.000 millones.<\/p>\n<p>La asignaci\u00f3n de ayudas financieras \u00abser\u00e1 efectuada a solicitud del municipio\u00bb para lo cual deber\u00e1 pedirlo el intendente o el contador de cada distrito y se deber\u00e1 consignar el monto total que implica el pago de la asignaci\u00f3n no remunerativa extraordinaria, <strong><em>\u00aben los t\u00e9rminos estipulados a nivel nacional, acompa\u00f1ando una declaraci\u00f3n jurada que justifique la suma informada, en la cual se indique la cantidad de agentes municipales que quedar\u00edan alcanzados como beneficiarios y los valores de la asignaci\u00f3n\u00bb.<\/em><\/strong><\/p>\n<blockquote>\n<h3>El decreto indic\u00f3 tambi\u00e9n que <em>\u00ablas asistencias financieras ser\u00e1n de hasta el 50% del monto informado por el municipio\u00bb<\/em>, y se dispuso que las ayudas financieras ser\u00e1n reembolsables.<\/h3>\n<\/blockquote>\n<p>Los montos otorgados a los municipios deber\u00e1n ser reintegrados a la Provincia en noviembre o diciembre de 2023 y no devengar\u00e1n intereses ni gastos administrativos de ninguna \u00edndole.<\/p>\n<p>Adem\u00e1s, para asegurar el cumplimiento de las obligaciones de reembolso, el municipio deber\u00e1 autorizar expresamente al Ministerio de Hacienda bonaerense a retener de los recursos que le correspondan por el R\u00e9gimen de Coparticipaci\u00f3n de Impuestos los montos que resulten en funci\u00f3n de la ayuda financiera otorgada.<\/p>\n<blockquote>\n<h3>Al mismo tiempo, los municipios deber\u00e1n destinar exclusivamente los fondos transferidos al pago de asignaciones no remunerativas extraordinarias para los empleados municipales.<\/h3>\n<\/blockquote>\n<p>De ese modo, se busca ayudar a los municipios con el cumplimiento del decreto 438\/23 con el que se estableci\u00f3 para las y los empleados del sector privado y p\u00fablico cuyos salarios netos, no superen los $400.000 el pago de una asignaci\u00f3n no remunerativa de hasta $60.000 en dos cuotas. (<b>InfoGEI<\/b>) Mg<\/p>\n","protected":false},"excerpt":{"rendered":"<div class=\"mh-excerpt\"><p>De ese modo, se busca ayudar a los municipios con el cumplimiento del decreto 438\/23 con el que se estableci\u00f3 para las y los empleados del sector privado y p\u00fablico cuyos salarios netos, no superen <a class=\"mh-excerpt-more\" href=\"https:\/\/larevistadigital.com.ar\/blog\/el-gobernador-axel-kicillof-creo-un-fondo-para-que-los-municipales-cobren-una-suma-fija-de-60-000-que\/\" title=\"EL GOBERNADOR AXEL KICILLOF CRE\u00d3 UN FONDO PARA QUE LOS MUNICIPALES COBREN UNA SUMA FIJA DE $60.000.- QUE\">[Leer M\u00e1s]<\/a><\/p>\n<\/div>","protected":false},"author":3,"featured_media":33422,"comment_status":"open","ping_status":"open","sticky":false,"template":"","format":"standard","meta":{"_jetpack_memberships_contains_paid_content":false,"footnotes":"","jetpack_publicize_message":"","jetpack_publicize_feature_enabled":true,"jetpack_social_post_already_shared":true,"jetpack_social_options":{"image_generator_settings":{"template":"highway","default_image_id":0,"font":"","enabled":false},"version":2}},"categories":[41,24],"tags":[],"class_list":{"0":"post-33421","1":"post","2":"type-post","3":"status-publish","4":"format-standard","5":"has-post-thumbnail","7":"category-destacadas","8":"category-politica-provincial"},"jetpack_publicize_connections":[],"jetpack_featured_media_url":"https:\/\/i0.wp.com\/larevistadigital.com.ar\/blog\/wp-content\/uploads\/20230911145015_dinero.jpg?fit=880%2C512&ssl=1","jetpack_sharing_enabled":true,"jetpack_shortlink":"https:\/\/wp.me\/p8qtrQ-8H3","jetpack-related-posts":[{"id":25055,"url":"https:\/\/larevistadigital.com.ar\/blog\/el-fondo-de-infraestructura-municipal-no-podra-ser-utilizado-para-gastos-corrientes\/","url_meta":{"origin":33421,"position":0},"title":"EL FONDO DE INFRAESTRUCTURA MUNICIPAL NO PODR\u00c1 SER UTILIZADO PARA GASTOS CORRIENTES","author":"Alejandro Sosa Ruda","date":"12 abril, 2022","format":false,"excerpt":"El Gobierno bonaerense dispuso que los recursos del Fondo de Infraestructura Municipal \"deber\u00e1n ser destinados por los municipios al financiamiento -total o parcial- de obras municipales de infraestructura\" y aclar\u00f3 que \"en ning\u00fan caso el municipio podr\u00e1 utilizar los fondos percibidos para financiar gastos corrientes u operativos\". Mediante el decreto\u2026","rel":"","context":"En \u00abPOLITICA PROVINCIAL\u00bb","block_context":{"text":"POLITICA PROVINCIAL","link":"https:\/\/larevistadigital.com.ar\/blog\/category\/politica\/politica-provincial\/"},"img":{"alt_text":"","src":"https:\/\/i0.wp.com\/larevistadigital.com.ar\/blog\/wp-content\/uploads\/20220411115516_fondo-infraestructura-municipal.jpg?fit=880%2C512&ssl=1&resize=350%2C200","width":350,"height":200,"srcset":"https:\/\/i0.wp.com\/larevistadigital.com.ar\/blog\/wp-content\/uploads\/20220411115516_fondo-infraestructura-municipal.jpg?fit=880%2C512&ssl=1&resize=350%2C200 1x, https:\/\/i0.wp.com\/larevistadigital.com.ar\/blog\/wp-content\/uploads\/20220411115516_fondo-infraestructura-municipal.jpg?fit=880%2C512&ssl=1&resize=525%2C300 1.5x, https:\/\/i0.wp.com\/larevistadigital.com.ar\/blog\/wp-content\/uploads\/20220411115516_fondo-infraestructura-municipal.jpg?fit=880%2C512&ssl=1&resize=700%2C400 2x"},"classes":[]},{"id":33278,"url":"https:\/\/larevistadigital.com.ar\/blog\/kicillof-anuncio-un-aumento-a-estatales-un-bono-de-30-000-y-ayuda-a-los-municipios-por-la-suma-fija\/","url_meta":{"origin":33421,"position":1},"title":"KICILLOF ANUNCI\u00d3 UN AUMENTO A ESTATALES, UN BONO DE $30.000.- Y AYUDA A LOS MUNICIPIOS POR LA SUMA FIJA","author":"Alejandro Sosa Ruda","date":"5 septiembre, 2023","format":false,"excerpt":"La Provincia lleva el incremento salarial en septiembre a 25%. El plus ser\u00e1 por \u00fanica vez y no remunerativo. M\u00e1s de una decena de provincias rechaz\u00f3 la pol\u00edtica impulsada por el ministro Sergio Massa. A qui\u00e9nes beneficiar\u00e1 la medida. 5 de Septiembre de 2023 El Gobierno bonaerense anunci\u00f3 este lunes\u2026","rel":"","context":"En \u00abINTERES GENERAL\u00bb","block_context":{"text":"INTERES GENERAL","link":"https:\/\/larevistadigital.com.ar\/blog\/category\/interes-general\/"},"img":{"alt_text":"","src":"https:\/\/i0.wp.com\/larevistadigital.com.ar\/blog\/wp-content\/uploads\/Captura-de-pantalla-2023-09-05-002337.png?fit=700%2C468&ssl=1&resize=350%2C200","width":350,"height":200,"srcset":"https:\/\/i0.wp.com\/larevistadigital.com.ar\/blog\/wp-content\/uploads\/Captura-de-pantalla-2023-09-05-002337.png?fit=700%2C468&ssl=1&resize=350%2C200 1x, https:\/\/i0.wp.com\/larevistadigital.com.ar\/blog\/wp-content\/uploads\/Captura-de-pantalla-2023-09-05-002337.png?fit=700%2C468&ssl=1&resize=525%2C300 1.5x, https:\/\/i0.wp.com\/larevistadigital.com.ar\/blog\/wp-content\/uploads\/Captura-de-pantalla-2023-09-05-002337.png?fit=700%2C468&ssl=1&resize=700%2C400 2x"},"classes":[]},{"id":33189,"url":"https:\/\/larevistadigital.com.ar\/blog\/municipios-bonaerenses-aseguraron-que-pagaran-el-bono-de-60-000-que-pasara-en-chascomus\/","url_meta":{"origin":33421,"position":2},"title":"MUNICIPIOS BONAERENSES ASEGURARON QUE PAGAR\u00c1N EL BONO DE $60.000.- \u00bfQU\u00c9 PASAR\u00c1 EN CHASCOM\u00daS?","author":"Alejandro Sosa Ruda","date":"1 septiembre, 2023","format":false,"excerpt":"Hasta el momento seis municipios bonaerenses aprobaron el pago del bono . Kicillof instrumentar\u00e1 un fondo especial de 12 mil millones de pesos, ya que pretende que todos puedan cobrarlo. 1\u00b0 de septiembre de 2023 BUENOS AIRES -\u00a0\u00a0Media docena de municipios bonaerenses gobernados por intendentes de Uni\u00f3n por la Patria\u2026","rel":"","context":"En \u00abINTERES GENERAL\u00bb","block_context":{"text":"INTERES GENERAL","link":"https:\/\/larevistadigital.com.ar\/blog\/category\/interes-general\/"},"img":{"alt_text":"","src":"https:\/\/i0.wp.com\/larevistadigital.com.ar\/blog\/wp-content\/uploads\/20230831190228_dinero.jpg?fit=880%2C512&ssl=1&resize=350%2C200","width":350,"height":200,"srcset":"https:\/\/i0.wp.com\/larevistadigital.com.ar\/blog\/wp-content\/uploads\/20230831190228_dinero.jpg?fit=880%2C512&ssl=1&resize=350%2C200 1x, https:\/\/i0.wp.com\/larevistadigital.com.ar\/blog\/wp-content\/uploads\/20230831190228_dinero.jpg?fit=880%2C512&ssl=1&resize=525%2C300 1.5x, https:\/\/i0.wp.com\/larevistadigital.com.ar\/blog\/wp-content\/uploads\/20230831190228_dinero.jpg?fit=880%2C512&ssl=1&resize=700%2C400 2x"},"classes":[]},{"id":36099,"url":"https:\/\/larevistadigital.com.ar\/blog\/axel-kicillof-avanza-con-la-formalizacion-del-pago-del-fonde-de-fortalecimiento-fiscal-municipal\/","url_meta":{"origin":33421,"position":3},"title":"AXEL KICILLOF AVANZA CON LA FORMALIZACI\u00d3N DEL PAGO DEL FONDE DE FORTALECIMIENTO FISCAL MUNICIPAL","author":"Alejandro Sosa Ruda","date":"21 mayo, 2024","format":false,"excerpt":"Empez\u00f3 con los municipios de Coronel Pringles, San Isidro y Capit\u00e1n Sarmiento. 21 de Mayo de 2024 El gobernador de la provincia de Buenos Aires, Axel Kicillof, y el ministro de Econom\u00eda, Pablo L\u00f3pez, encabezaron este lunes las firmas de convenio con los intendentes de Coronel Pringles, Lizandro Matzkin y\u2026","rel":"","context":"En \u00abDESTACADAS\u00bb","block_context":{"text":"DESTACADAS","link":"https:\/\/larevistadigital.com.ar\/blog\/category\/destacadas\/"},"img":{"alt_text":"","src":"https:\/\/i0.wp.com\/larevistadigital.com.ar\/blog\/wp-content\/uploads\/WhatsApp-Image-2024-05-21-at-10.49.04.jpeg?fit=700%2C466&ssl=1&resize=350%2C200","width":350,"height":200,"srcset":"https:\/\/i0.wp.com\/larevistadigital.com.ar\/blog\/wp-content\/uploads\/WhatsApp-Image-2024-05-21-at-10.49.04.jpeg?fit=700%2C466&ssl=1&resize=350%2C200 1x, https:\/\/i0.wp.com\/larevistadigital.com.ar\/blog\/wp-content\/uploads\/WhatsApp-Image-2024-05-21-at-10.49.04.jpeg?fit=700%2C466&ssl=1&resize=525%2C300 1.5x, https:\/\/i0.wp.com\/larevistadigital.com.ar\/blog\/wp-content\/uploads\/WhatsApp-Image-2024-05-21-at-10.49.04.jpeg?fit=700%2C466&ssl=1&resize=700%2C400 2x"},"classes":[]},{"id":34251,"url":"https:\/\/larevistadigital.com.ar\/blog\/pago-de-becas-universitarias-correspondientes-a-septiembre-octubre\/","url_meta":{"origin":33421,"position":4},"title":"PAGO DE BECAS UNIVERSITARIAS CORRESPONDIENTES A SEPTIEMBRE &#8211; OCTUBRE","author":"Alejandro Sosa Ruda","date":"31 octubre, 2023","format":false,"excerpt":"Hoy, martes 31 de octubre estar\u00e1 acreditado el pago para los beneficiarios, otorgado por el Decreto N\u00b0 279. CHASCOM\u00daS -\u00a0 Cabe recordar que las becas universitarias son contribuciones econ\u00f3micas, provenientes de la utilizaci\u00f3n de los recursos del Fondo de Financiamiento Educativo como parte del compromiso asumido con la educaci\u00f3n p\u00fablica\u2026","rel":"","context":"En \u00abCHASCOM\u00daS\u00bb","block_context":{"text":"CHASCOM\u00daS","link":"https:\/\/larevistadigital.com.ar\/blog\/category\/chascomus\/"},"img":{"alt_text":"","src":"https:\/\/i0.wp.com\/larevistadigital.com.ar\/blog\/wp-content\/uploads\/2023_10_31_01_30_09_8539894.jpeg?fit=600%2C401&ssl=1&resize=350%2C200","width":350,"height":200,"srcset":"https:\/\/i0.wp.com\/larevistadigital.com.ar\/blog\/wp-content\/uploads\/2023_10_31_01_30_09_8539894.jpeg?fit=600%2C401&ssl=1&resize=350%2C200 1x, https:\/\/i0.wp.com\/larevistadigital.com.ar\/blog\/wp-content\/uploads\/2023_10_31_01_30_09_8539894.jpeg?fit=600%2C401&ssl=1&resize=525%2C300 1.5x"},"classes":[]},{"id":7454,"url":"https:\/\/larevistadigital.com.ar\/blog\/castelli-el-intendente-echarren-otorgo-un-bono-de-6-000-a-los-empleados-municipales\/","url_meta":{"origin":33421,"position":5},"title":"CASTELLI: EL INTENDENTE ECHARREN OTORG\u00d3 UN BONO DE $ 6.000.- A LOS EMPLEADOS MUNICIPALES","author":"Alejandro Sosa Ruda","date":"28 diciembre, 2018","format":false,"excerpt":"Seg\u00fan inform\u00f3 el portal INFOZONA, el intendente de Castelli, Francisco Echarren\u00a0cumpliment\u00f3 durante el d\u00eda de ayer, el pago del bono de fin de a\u00f1o que\u00a0 a los trabajadores municipales. Se trata de la nada despreciable suma de $6.000.- de manera extraordinaria, y que seguramente ser\u00e1n de gran ayuda para los\u2026","rel":"","context":"En \u00abCASTELLI\u00bb","block_context":{"text":"CASTELLI","link":"https:\/\/larevistadigital.com.ar\/blog\/category\/castelli\/"},"img":{"alt_text":"","src":"https:\/\/i0.wp.com\/larevistadigital.com.ar\/blog\/wp-content\/uploads\/2018\/12\/ECHARREN.jpg?fit=900%2C598&ssl=1&resize=350%2C200","width":350,"height":200,"srcset":"https:\/\/i0.wp.com\/larevistadigital.com.ar\/blog\/wp-content\/uploads\/2018\/12\/ECHARREN.jpg?fit=900%2C598&ssl=1&resize=350%2C200 1x, https:\/\/i0.wp.com\/larevistadigital.com.ar\/blog\/wp-content\/uploads\/2018\/12\/ECHARREN.jpg?fit=900%2C598&ssl=1&resize=525%2C300 1.5x, https:\/\/i0.wp.com\/larevistadigital.com.ar\/blog\/wp-content\/uploads\/2018\/12\/ECHARREN.jpg?fit=900%2C598&ssl=1&resize=700%2C400 2x"},"classes":[]}],"_links":{"self":[{"href":"https:\/\/larevistadigital.com.ar\/blog\/wp-json\/wp\/v2\/posts\/33421","targetHints":{"allow":["GET"]}}],"collection":[{"href":"https:\/\/larevistadigital.com.ar\/blog\/wp-json\/wp\/v2\/posts"}],"about":[{"href":"https:\/\/larevistadigital.com.ar\/blog\/wp-json\/wp\/v2\/types\/post"}],"author":[{"embeddable":true,"href":"https:\/\/larevistadigital.com.ar\/blog\/wp-json\/wp\/v2\/users\/3"}],"replies":[{"embeddable":true,"href":"https:\/\/larevistadigital.com.ar\/blog\/wp-json\/wp\/v2\/comments?post=33421"}],"version-history":[{"count":1,"href":"https:\/\/larevistadigital.com.ar\/blog\/wp-json\/wp\/v2\/posts\/33421\/revisions"}],"predecessor-version":[{"id":33423,"href":"https:\/\/larevistadigital.com.ar\/blog\/wp-json\/wp\/v2\/posts\/33421\/revisions\/33423"}],"wp:featuredmedia":[{"embeddable":true,"href":"https:\/\/larevistadigital.com.ar\/blog\/wp-json\/wp\/v2\/media\/33422"}],"wp:attachment":[{"href":"https:\/\/larevistadigital.com.ar\/blog\/wp-json\/wp\/v2\/media?parent=33421"}],"wp:term":[{"taxonomy":"category","embeddable":true,"href":"https:\/\/larevistadigital.com.ar\/blog\/wp-json\/wp\/v2\/categories?post=33421"},{"taxonomy":"post_tag","embeddable":true,"href":"https:\/\/larevistadigital.com.ar\/blog\/wp-json\/wp\/v2\/tags?post=33421"}],"curies":[{"name":"wp","href":"https:\/\/api.w.org\/{rel}","templated":true}]}}