{"id":33427,"date":"2023-09-11T22:35:03","date_gmt":"2023-09-12T01:35:03","guid":{"rendered":"https:\/\/larevistadigital.com.ar\/blog\/?p=33427"},"modified":"2023-09-11T22:35:03","modified_gmt":"2023-09-12T01:35:03","slug":"chascomus-el-ministerio-de-desarrollo-agrario-organiza-el-proximo-sabado-la-feria-de-sabores-bonaerenses","status":"publish","type":"post","link":"https:\/\/larevistadigital.com.ar\/blog\/chascomus-el-ministerio-de-desarrollo-agrario-organiza-el-proximo-sabado-la-feria-de-sabores-bonaerenses\/","title":{"rendered":"CHASCOM\u00daS: EL MINISTERIO DE DESARROLLO AGRARIO ORGANIZA EL PR\u00d3XIMO S\u00c1BADO LA FERIA DE SABORES BONAERENSES."},"content":{"rendered":"<h2>El evento, que se llevar\u00e1 a cabo el s\u00e1bado 16 de septiembre de 11 a 19 horas en la Estaci\u00f3n Hidrobiol\u00f3gica de Chascom\u00fas, ofrece la oportunidad de disfrutar y adquirir productos aut\u00e9nticos de la regi\u00f3n.<\/h2>\n<p>11 De Septiembre de 2023<\/p>\n<p><strong>CHASCOM\u00daS &#8211;\u00a0<\/strong> El gobierno de la Provincia de Buenos aires, genera este evento, donde habr\u00e1n m\u00e1s de 150 productores locales que mostrar\u00e1n lo mejor de sus creaciones. Desde dulces artesanales hasta embutidos y conservas, los puestos de la feria ofrecer\u00e1n una amplia variedad de productos t\u00edpicos de cada una de las distintas zonas geogr\u00e1ficas de la provincia.<\/p>\n<blockquote>\n<h3>Los emprendedores de la ciudad tambi\u00e9n estar\u00e1n presentes, ofreciendo sus deliciosos productos, como salsas, condimentos, miel, l\u00e1cteos y bebidas alcoh\u00f3licas.<\/h3>\n<\/blockquote>\n<p>Adem\u00e1s, contar\u00e1 con actividades y espacios l\u00fadicos para ni\u00f1os y ni\u00f1as, bandas en vivo, foodtrucks y cocina en vivo con el reconocido chef Juan Braceli.<\/p>\n<p>El evento, es organizado por el Ministerio de Desarrollo Agrario con el acompa\u00f1amiento del Instituto Cultural de la provincia de Buenos Aires y la Municipalidad de Chascom\u00fas.<\/p>\n","protected":false},"excerpt":{"rendered":"<div class=\"mh-excerpt\"><p>El evento, que se llevar\u00e1 a cabo el s\u00e1bado 16 de septiembre de 11 a 19 horas en la Estaci\u00f3n Hidrobiol\u00f3gica de Chascom\u00fas, ofrece la oportunidad de disfrutar y adquirir productos aut\u00e9nticos de la regi\u00f3n. <a class=\"mh-excerpt-more\" href=\"https:\/\/larevistadigital.com.ar\/blog\/chascomus-el-ministerio-de-desarrollo-agrario-organiza-el-proximo-sabado-la-feria-de-sabores-bonaerenses\/\" title=\"CHASCOM\u00daS: EL MINISTERIO DE DESARROLLO AGRARIO ORGANIZA EL PR\u00d3XIMO S\u00c1BADO LA FERIA DE SABORES BONAERENSES.\">[Leer M\u00e1s]<\/a><\/p>\n<\/div>","protected":false},"author":3,"featured_media":33428,"comment_status":"open","ping_status":"open","sticky":false,"template":"","format":"standard","meta":{"_jetpack_memberships_contains_paid_content":false,"footnotes":"","jetpack_publicize_message":"","jetpack_publicize_feature_enabled":true,"jetpack_social_post_already_shared":true,"jetpack_social_options":{"image_generator_settings":{"template":"highway","default_image_id":0,"font":"","enabled":false},"version":2}},"categories":[50],"tags":[],"class_list":{"0":"post-33427","1":"post","2":"type-post","3":"status-publish","4":"format-standard","5":"has-post-thumbnail","7":"category-interes-general"},"jetpack_publicize_connections":[],"jetpack_featured_media_url":"https:\/\/i0.wp.com\/larevistadigital.com.ar\/blog\/wp-content\/uploads\/03528deb90b1a477092d1b20a096cb5e9a9a43ce.jpeg?fit=1140%2C642&ssl=1","jetpack_sharing_enabled":true,"jetpack_shortlink":"https:\/\/wp.me\/p8qtrQ-8H9","jetpack-related-posts":[{"id":33805,"url":"https:\/\/larevistadigital.com.ar\/blog\/chascomus-participo-de-la-feria-internacional-de-turismo\/","url_meta":{"origin":33427,"position":0},"title":"CHASCOM\u00daS PARTICIP\u00d3 DE LA FERIA INTERNACIONAL DE TURISMO","author":"Alejandro Sosa Ruda","date":"4 octubre, 2023","format":false,"excerpt":"Desde el viernes 30 de septiembre hasta el martes 3 de octubre se llev\u00f3 a cabo en el Predio Ferial de La Rural de la Ciudad Aut\u00f3noma de Buenos Aires la Feria Internacional de Turismo que este a\u00f1o tuvo un rec\u00f3rd de p\u00fablico, superando los 125 mil visitantes (87.986 de\u2026","rel":"","context":"En \u00abCHASCOM\u00daS\u00bb","block_context":{"text":"CHASCOM\u00daS","link":"https:\/\/larevistadigital.com.ar\/blog\/category\/chascomus\/"},"img":{"alt_text":"","src":"https:\/\/i0.wp.com\/larevistadigital.com.ar\/blog\/wp-content\/uploads\/fit-1500x610-1.jpg?fit=1200%2C488&ssl=1&resize=350%2C200","width":350,"height":200,"srcset":"https:\/\/i0.wp.com\/larevistadigital.com.ar\/blog\/wp-content\/uploads\/fit-1500x610-1.jpg?fit=1200%2C488&ssl=1&resize=350%2C200 1x, https:\/\/i0.wp.com\/larevistadigital.com.ar\/blog\/wp-content\/uploads\/fit-1500x610-1.jpg?fit=1200%2C488&ssl=1&resize=525%2C300 1.5x, https:\/\/i0.wp.com\/larevistadigital.com.ar\/blog\/wp-content\/uploads\/fit-1500x610-1.jpg?fit=1200%2C488&ssl=1&resize=700%2C400 2x, https:\/\/i0.wp.com\/larevistadigital.com.ar\/blog\/wp-content\/uploads\/fit-1500x610-1.jpg?fit=1200%2C488&ssl=1&resize=1050%2C600 3x"},"classes":[]},{"id":36588,"url":"https:\/\/larevistadigital.com.ar\/blog\/caminos-y-sabores-chascomus-estara-presente-en-la-feria-gastronomica-mas-grande-del-pais\/","url_meta":{"origin":33427,"position":1},"title":"CAMINOS Y SABORES: CHASCOM\u00daS ESTAR\u00c1 PRESENTE EN LA FERIA GASTRON\u00d3MICA M\u00c1S GRANDE DEL PA\u00cdS","author":"Alejandro Sosa Ruda","date":"4 julio, 2024","format":false,"excerpt":"Desde el stand del municipio se promocionar\u00e1 producci\u00f3n gastron\u00f3mica local y la marca ciudad. 04 de Julio de 2024 CHASCOM\u00daS -\u00a0 \u00a0Del 6 al 9 de julio en el Predio Ferial La Rural de Palermo, Chascom\u00fas participar\u00e1 de la 18\u00b0 edici\u00f3n de Caminos y Sabores 2024. Este evento es reconocido\u2026","rel":"","context":"En \u00abCHASCOM\u00daS\u00bb","block_context":{"text":"CHASCOM\u00daS","link":"https:\/\/larevistadigital.com.ar\/blog\/category\/chascomus\/"},"img":{"alt_text":"","src":"https:\/\/i0.wp.com\/larevistadigital.com.ar\/blog\/wp-content\/uploads\/2024_07_05_01_07_08_6788641.jpg?fit=600%2C300&ssl=1&resize=350%2C200","width":350,"height":200,"srcset":"https:\/\/i0.wp.com\/larevistadigital.com.ar\/blog\/wp-content\/uploads\/2024_07_05_01_07_08_6788641.jpg?fit=600%2C300&ssl=1&resize=350%2C200 1x, https:\/\/i0.wp.com\/larevistadigital.com.ar\/blog\/wp-content\/uploads\/2024_07_05_01_07_08_6788641.jpg?fit=600%2C300&ssl=1&resize=525%2C300 1.5x"},"classes":[]},{"id":37263,"url":"https:\/\/larevistadigital.com.ar\/blog\/chascomus-se-prepara-para-promocionar-su-propuesta-en-la-feria-internacional-de-turismo\/","url_meta":{"origin":33427,"position":2},"title":"Chascom\u00fas se prepara para promocionar su propuesta en la Feria Internacional de Turismo","author":"Alejandro Sosa Ruda","date":"20 septiembre, 2024","format":false,"excerpt":"La ciudad participar\u00e1 del stand institucional de la Provincia de Buenos Aires en el mayor encuentro tur\u00edstico de Am\u00e9rica Latina. 20 de Septirmbre de 2024 CHASCOM\u00daS -\u00a0 Chascom\u00fas volver\u00e1 a ser parte de la Feria Internacional de Turismo (FIT), el evento m\u00e1s importante del sector en Am\u00e9rica Latina en el\u2026","rel":"","context":"En \u00abINTERES GENERAL\u00bb","block_context":{"text":"INTERES GENERAL","link":"https:\/\/larevistadigital.com.ar\/blog\/category\/interes-general\/"},"img":{"alt_text":"","src":"https:\/\/i0.wp.com\/larevistadigital.com.ar\/blog\/wp-content\/uploads\/66ec59b167292.png?fit=668%2C445&ssl=1&resize=350%2C200","width":350,"height":200,"srcset":"https:\/\/i0.wp.com\/larevistadigital.com.ar\/blog\/wp-content\/uploads\/66ec59b167292.png?fit=668%2C445&ssl=1&resize=350%2C200 1x, https:\/\/i0.wp.com\/larevistadigital.com.ar\/blog\/wp-content\/uploads\/66ec59b167292.png?fit=668%2C445&ssl=1&resize=525%2C300 1.5x"},"classes":[]},{"id":41304,"url":"https:\/\/larevistadigital.com.ar\/blog\/chascomus-el-proximo-martes-9-de-septiembre-habra-feria-de-mercados-bonaerenses\/","url_meta":{"origin":33427,"position":3},"title":"Chascom\u00fas: El pr\u00f3ximo martes 9 de septiembre habr\u00e1 feria de Mercados Bonaerenses","author":"Alejandro Sosa Ruda","date":"5 septiembre, 2025","format":false,"excerpt":"Ser\u00e1 en la plazoleta Newton, ubicada en Belgrano y Mazzini, de 10 a 13 horas, con importantes descuentos para los usuarios de Cuenta DNI. 05 de septiembre de 2025 CHASCOM\u00daS -\u00a0 \u00a0La plazoleta Newton, ubicada en Belgrano y Mazzini, ser\u00e1 el escenario de una nueva edici\u00f3n de la feria Mercados\u2026","rel":"","context":"En \u00abCHASCOM\u00daS\u00bb","block_context":{"text":"CHASCOM\u00daS","link":"https:\/\/larevistadigital.com.ar\/blog\/category\/chascomus\/"},"img":{"alt_text":"","src":"https:\/\/i0.wp.com\/larevistadigital.com.ar\/blog\/wp-content\/uploads\/68bb138b2429b.png?fit=668%2C445&ssl=1&resize=350%2C200","width":350,"height":200,"srcset":"https:\/\/i0.wp.com\/larevistadigital.com.ar\/blog\/wp-content\/uploads\/68bb138b2429b.png?fit=668%2C445&ssl=1&resize=350%2C200 1x, https:\/\/i0.wp.com\/larevistadigital.com.ar\/blog\/wp-content\/uploads\/68bb138b2429b.png?fit=668%2C445&ssl=1&resize=525%2C300 1.5x"},"classes":[]},{"id":33587,"url":"https:\/\/larevistadigital.com.ar\/blog\/chascomus-exito-rotundo-de-la-feria-de-sabores-bonaerenses-organidada-por-el-gobierno-de-la-provincia-de-buenos-aires\/","url_meta":{"origin":33427,"position":4},"title":"CHASCOM\u00daS: EXITO ROTUNDO DE LA FERIA DE \u00abSABORES BONAERENSES\u00bb ORGANIZADA POR EL GOBIERNO DE LA PROVINCIA DE BUENOS AIRES","author":"Alejandro Sosa Ruda","date":"25 septiembre, 2023","format":false,"excerpt":"Se trata de generar pol\u00edticas dirigidas a fortalecer el crecimiento y desarrollo de la actividad agropecuaria bonaerense para impulsar y mejorar el entramado socio productivo. 25 de Septiembre de 2023 CHASCOM\u00daS -\u00a0 Sabores Bonaerenses, es la Feria de Alimentos de la Provincia de Buenos Aires, que tuvo su exitoso paso\u2026","rel":"","context":"En \u00abDESTACADAS\u00bb","block_context":{"text":"DESTACADAS","link":"https:\/\/larevistadigital.com.ar\/blog\/category\/destacadas\/"},"img":{"alt_text":"","src":"https:\/\/i0.wp.com\/larevistadigital.com.ar\/blog\/wp-content\/uploads\/feria-sabores-bonaerenses-chascomus-696x464-1.jpg?fit=696%2C464&ssl=1&resize=350%2C200","width":350,"height":200,"srcset":"https:\/\/i0.wp.com\/larevistadigital.com.ar\/blog\/wp-content\/uploads\/feria-sabores-bonaerenses-chascomus-696x464-1.jpg?fit=696%2C464&ssl=1&resize=350%2C200 1x, https:\/\/i0.wp.com\/larevistadigital.com.ar\/blog\/wp-content\/uploads\/feria-sabores-bonaerenses-chascomus-696x464-1.jpg?fit=696%2C464&ssl=1&resize=525%2C300 1.5x"},"classes":[]},{"id":44085,"url":"https:\/\/larevistadigital.com.ar\/blog\/chascomus-el-proximo-martes-habra-una-nueva-feria-de-mercados-bonaerenses\/","url_meta":{"origin":33427,"position":5},"title":"Chascom\u00fas:  El pr\u00f3ximo martes habr\u00e1 una nueva feria de Mercados Bonaerenses","author":"Alejandro Sosa Ruda","date":"20 febrero, 2026","format":false,"excerpt":"Ser\u00e1 en la Plazoleta Newton, donde se podr\u00e1n adquirir productos de calidad, directamente del productor al consumidor El pr\u00f3ximo martes 24 de febrero, de 9 a 13 horas, en el espacio verde situado en Belgrano y Mazzini, se instalar\u00e1n puestos de venta de emprendedores locales en los que se podr\u00e1n\u2026","rel":"","context":"En \u00abCHASCOM\u00daS\u00bb","block_context":{"text":"CHASCOM\u00daS","link":"https:\/\/larevistadigital.com.ar\/blog\/category\/chascomus\/"},"img":{"alt_text":"","src":"https:\/\/i0.wp.com\/larevistadigital.com.ar\/blog\/wp-content\/uploads\/699891384b6c9.png?fit=668%2C445&ssl=1&resize=350%2C200","width":350,"height":200,"srcset":"https:\/\/i0.wp.com\/larevistadigital.com.ar\/blog\/wp-content\/uploads\/699891384b6c9.png?fit=668%2C445&ssl=1&resize=350%2C200 1x, https:\/\/i0.wp.com\/larevistadigital.com.ar\/blog\/wp-content\/uploads\/699891384b6c9.png?fit=668%2C445&ssl=1&resize=525%2C300 1.5x"},"classes":[]}],"_links":{"self":[{"href":"https:\/\/larevistadigital.com.ar\/blog\/wp-json\/wp\/v2\/posts\/33427","targetHints":{"allow":["GET"]}}],"collection":[{"href":"https:\/\/larevistadigital.com.ar\/blog\/wp-json\/wp\/v2\/posts"}],"about":[{"href":"https:\/\/larevistadigital.com.ar\/blog\/wp-json\/wp\/v2\/types\/post"}],"author":[{"embeddable":true,"href":"https:\/\/larevistadigital.com.ar\/blog\/wp-json\/wp\/v2\/users\/3"}],"replies":[{"embeddable":true,"href":"https:\/\/larevistadigital.com.ar\/blog\/wp-json\/wp\/v2\/comments?post=33427"}],"version-history":[{"count":1,"href":"https:\/\/larevistadigital.com.ar\/blog\/wp-json\/wp\/v2\/posts\/33427\/revisions"}],"predecessor-version":[{"id":33429,"href":"https:\/\/larevistadigital.com.ar\/blog\/wp-json\/wp\/v2\/posts\/33427\/revisions\/33429"}],"wp:featuredmedia":[{"embeddable":true,"href":"https:\/\/larevistadigital.com.ar\/blog\/wp-json\/wp\/v2\/media\/33428"}],"wp:attachment":[{"href":"https:\/\/larevistadigital.com.ar\/blog\/wp-json\/wp\/v2\/media?parent=33427"}],"wp:term":[{"taxonomy":"category","embeddable":true,"href":"https:\/\/larevistadigital.com.ar\/blog\/wp-json\/wp\/v2\/categories?post=33427"},{"taxonomy":"post_tag","embeddable":true,"href":"https:\/\/larevistadigital.com.ar\/blog\/wp-json\/wp\/v2\/tags?post=33427"}],"curies":[{"name":"wp","href":"https:\/\/api.w.org\/{rel}","templated":true}]}}