{"id":33433,"date":"2023-09-11T23:20:33","date_gmt":"2023-09-12T02:20:33","guid":{"rendered":"https:\/\/larevistadigital.com.ar\/blog\/?p=33433"},"modified":"2023-09-11T23:20:33","modified_gmt":"2023-09-12T02:20:33","slug":"city-bell-hallan-al-casero-de-una-vivienda-con-un-disparo-en-la-cabeza","status":"publish","type":"post","link":"https:\/\/larevistadigital.com.ar\/blog\/city-bell-hallan-al-casero-de-una-vivienda-con-un-disparo-en-la-cabeza\/","title":{"rendered":"CITY BELL: HALLAN AL CASERO DE UNA VIVIENDA CON UN DISPARO EN LA CABEZA"},"content":{"rendered":"<h2 class=\"negrita\">El due\u00f1o de la finca hall\u00f3 al hombre tendido en las escaleras de ingreso a la casa con la cabeza ensangrentada y dio aviso a las autoridades.<\/h2>\n<p class=\"fecha\">11 de septiembre de 2023<\/p>\n<div class=\"texto\">\n<p>Momentos de gran conmoci\u00f3n se vivieron este lunes en\u00a0<strong>City Bell<\/strong>, luego de que hallaran a un joven de 38 a\u00f1os\u00a0<strong>con un disparo en la cabeza en una vivienda\u00a0<\/strong>ubicada en 476 entre Camino Belgrano y 23.<\/p>\n<p>Fuentes policiales indicaron a\u00a0<strong>0221.com.ar<\/strong>\u00a0que las autoridades fueron alertadas de la situaci\u00f3n a trav\u00e9s de un llamado del due\u00f1o de la propiedad, quien relat\u00f3 que hall\u00f3 al casero tendido sobre las escalinatas de ingreso a la vivienda.<\/p>\n<blockquote>\n<h3>Una vez que llegaron al lugar, constataron que\u00a0<strong>el sujeto ten\u00eda la cabeza ensangrentada y un arma de fuego entre sus piernas<\/strong>. Adem\u00e1s, cargaba entre sus prendas la suma de $72.000.<\/h3>\n<\/blockquote>\n<p>Los agentes solicitaron la presencia de peritos de la Polic\u00eda Cient\u00edfica, quienes a simple vista no observaron desorden en la casa.<\/p>\n<p><a class=\"link\" href=\"https:\/\/i0.wp.com\/pxb.cdn.0221.com.ar\/0221\/052021\/1620401528658.JPG?ssl=1\" target=\"_blank\" rel=\"noopener\"><img data-recalc-dims=\"1\" decoding=\"async\" src=\"https:\/\/i0.wp.com\/pxb.cdn.0221.com.ar\/0221\/052021\/1620401528658.JPG?ssl=1\" alt=\"\" \/><\/a><\/p>\n<p>El caso qued\u00f3 en manos de la UFI N\u00b0 2 del Departamento Judicial de La Plata y fue caratulado como\u00a0<strong>\u00abaveriguaci\u00f3n de causales de muerte\u00bb<\/strong>, aunque todo hace suponer que se trat\u00f3 de un suicidio.<\/p>\n<\/div>\n","protected":false},"excerpt":{"rendered":"<div class=\"mh-excerpt\"><p>El due\u00f1o de la finca hall\u00f3 al hombre tendido en las escaleras de ingreso a la casa con la cabeza ensangrentada y dio aviso a las autoridades. 11 de septiembre de 2023 Momentos de gran <a class=\"mh-excerpt-more\" href=\"https:\/\/larevistadigital.com.ar\/blog\/city-bell-hallan-al-casero-de-una-vivienda-con-un-disparo-en-la-cabeza\/\" title=\"CITY BELL: HALLAN AL CASERO DE UNA VIVIENDA CON UN DISPARO EN LA CABEZA\">[Leer M\u00e1s]<\/a><\/p>\n<\/div>","protected":false},"author":3,"featured_media":33434,"comment_status":"open","ping_status":"open","sticky":false,"template":"","format":"standard","meta":{"_jetpack_memberships_contains_paid_content":false,"footnotes":"","jetpack_publicize_message":"","jetpack_publicize_feature_enabled":true,"jetpack_social_post_already_shared":true,"jetpack_social_options":{"image_generator_settings":{"template":"highway","default_image_id":0,"font":"","enabled":false},"version":2}},"categories":[44,51],"tags":[],"class_list":{"0":"post-33433","1":"post","2":"type-post","3":"status-publish","4":"format-standard","5":"has-post-thumbnail","7":"category-policiales","8":"category-regionales"},"jetpack_publicize_connections":[],"jetpack_featured_media_url":"https:\/\/i0.wp.com\/larevistadigital.com.ar\/blog\/wp-content\/uploads\/1673881183527.jpg?fit=1920%2C950&ssl=1","jetpack_sharing_enabled":true,"jetpack_shortlink":"https:\/\/wp.me\/p8qtrQ-8Hf","jetpack-related-posts":[{"id":24348,"url":"https:\/\/larevistadigital.com.ar\/blog\/berisso-un-problema-de-transito-termino-con-una-persona-con-un-tiro-en-la-cabeza\/","url_meta":{"origin":33433,"position":0},"title":"BERISSO: UN PROBLEMA DE TR\u00c1NSITO TERMIN\u00d3 CON UNA PERSONA CON UN TIRO EN LA CABEZA","author":"Alejandro Sosa Ruda","date":"4 marzo, 2022","format":false,"excerpt":"Un joven fue herido de un tiro en la cabeza tras un incidente que tuvo en la v\u00eda p\u00fablica por un problema de tr\u00e1nsito y permanec\u00eda internado en la sala de terapia intensiva de un hospital de la localidad bonaerense de Berisso, informaron este jueves fuentes policiales. BERISSO -\u00a0 Seg\u00fan\u2026","rel":"","context":"En \u00abINTERES GENERAL\u00bb","block_context":{"text":"INTERES GENERAL","link":"https:\/\/larevistadigital.com.ar\/blog\/category\/interes-general\/"},"img":{"alt_text":"","src":"https:\/\/i0.wp.com\/larevistadigital.com.ar\/blog\/wp-content\/uploads\/20220303134034_hospital-berisso.jpg?fit=880%2C512&ssl=1&resize=350%2C200","width":350,"height":200,"srcset":"https:\/\/i0.wp.com\/larevistadigital.com.ar\/blog\/wp-content\/uploads\/20220303134034_hospital-berisso.jpg?fit=880%2C512&ssl=1&resize=350%2C200 1x, https:\/\/i0.wp.com\/larevistadigital.com.ar\/blog\/wp-content\/uploads\/20220303134034_hospital-berisso.jpg?fit=880%2C512&ssl=1&resize=525%2C300 1.5x, https:\/\/i0.wp.com\/larevistadigital.com.ar\/blog\/wp-content\/uploads\/20220303134034_hospital-berisso.jpg?fit=880%2C512&ssl=1&resize=700%2C400 2x"},"classes":[]},{"id":13938,"url":"https:\/\/larevistadigital.com.ar\/blog\/mar-del-plata-video-violenta-entradera-le-abren-la-cabeza-al-dueno-de-casa\/","url_meta":{"origin":33433,"position":1},"title":"MAR DEL PLATA: [VIDEO] VIOLENTA ENTRADERA. LE ABREN LA CABEZA AL DUE\u00d1O DE CASA","author":"Alejandro Sosa Ruda","date":"2 enero, 2020","format":false,"excerpt":"Una violenta entradera se produjo \u00a0este mi\u00e9rcoles en\u00a0Punta Mogotes, donde dos delincuentes ingresaron a una vivienda, lastimaron a los perros de la casa y le abrieron la cabeza de un culatazo al hombre que hab\u00eda alquilado el departamento para\u00a0vacacionar en Mar del Plata. Seg\u00fan se pudo saber, dos sujetos ingresaron\u2026","rel":"","context":"En \u00abPOLICIALES\u00bb","block_context":{"text":"POLICIALES","link":"https:\/\/larevistadigital.com.ar\/blog\/category\/policiales\/"},"img":{"alt_text":"","src":"https:\/\/i0.wp.com\/larevistadigital.com.ar\/blog\/wp-content\/uploads\/Screenshot_1-76.jpg?fit=965%2C418&ssl=1&resize=350%2C200","width":350,"height":200,"srcset":"https:\/\/i0.wp.com\/larevistadigital.com.ar\/blog\/wp-content\/uploads\/Screenshot_1-76.jpg?fit=965%2C418&ssl=1&resize=350%2C200 1x, https:\/\/i0.wp.com\/larevistadigital.com.ar\/blog\/wp-content\/uploads\/Screenshot_1-76.jpg?fit=965%2C418&ssl=1&resize=525%2C300 1.5x, https:\/\/i0.wp.com\/larevistadigital.com.ar\/blog\/wp-content\/uploads\/Screenshot_1-76.jpg?fit=965%2C418&ssl=1&resize=700%2C400 2x"},"classes":[]},{"id":13047,"url":"https:\/\/larevistadigital.com.ar\/blog\/video-brutal-asalto-de-motochorro\/","url_meta":{"origin":33433,"position":2},"title":"[VIDEO] BRUTAL ASALTO DE MOTOCHORRO","author":"Alejandro Sosa Ruda","date":"5 noviembre, 2019","format":false,"excerpt":"Un nuevo y violento hecho delictivo se registr\u00f3 en la noche de este lunes 4 de noviembre en calle Florida entre Santo Domingo y Hait\u00ed de la localidad de Alejandro Korn, a metros del lugar donde mataron a Berta Hauche. Federico Mattiusi iba camino a su casa, cuando en la\u2026","rel":"","context":"En \u00abPOLICIALES\u00bb","block_context":{"text":"POLICIALES","link":"https:\/\/larevistadigital.com.ar\/blog\/category\/policiales\/"},"img":{"alt_text":"","src":"https:\/\/i0.wp.com\/larevistadigital.com.ar\/blog\/wp-content\/uploads\/Screenshot_1-59.jpg?fit=600%2C617&ssl=1&resize=350%2C200","width":350,"height":200,"srcset":"https:\/\/i0.wp.com\/larevistadigital.com.ar\/blog\/wp-content\/uploads\/Screenshot_1-59.jpg?fit=600%2C617&ssl=1&resize=350%2C200 1x, https:\/\/i0.wp.com\/larevistadigital.com.ar\/blog\/wp-content\/uploads\/Screenshot_1-59.jpg?fit=600%2C617&ssl=1&resize=525%2C300 1.5x"},"classes":[]},{"id":32632,"url":"https:\/\/larevistadigital.com.ar\/blog\/hecho-macabro-en-bahia-blanca-un-hombre-murio-de-un-paro-cardiaco-y-fue-mutilado-por-sus-propios-perros\/","url_meta":{"origin":33433,"position":3},"title":"HECHO MACABRO EN BAH\u00cdA BLANCA: UN HOMBRE MURI\u00d3 DE UN PARO CARD\u00cdACO Y FUE MUTILADO POR SUS PROPIOS PERROS","author":"Alejandro Sosa Ruda","date":"28 julio, 2023","format":false,"excerpt":"La v\u00edctima, de 76 a\u00f1os, fue hallada por un vecino. Al parecer como los animales se quedaron sin alimento, le comieron parte de sus brazos y la cabeza a su due\u00f1o. 27 de julio de 2023 BAH\u00cdA BLANCA\u00a0 -\u00a0 \u00a0En las \u00faltimas horas, ocurri\u00f3 un aberrante hecho en una casa\u2026","rel":"","context":"En \u00abPOLICIALES\u00bb","block_context":{"text":"POLICIALES","link":"https:\/\/larevistadigital.com.ar\/blog\/category\/policiales\/"},"img":{"alt_text":"","src":"https:\/\/i0.wp.com\/larevistadigital.com.ar\/blog\/wp-content\/uploads\/20230726175858_pol.jpg?fit=880%2C512&ssl=1&resize=350%2C200","width":350,"height":200,"srcset":"https:\/\/i0.wp.com\/larevistadigital.com.ar\/blog\/wp-content\/uploads\/20230726175858_pol.jpg?fit=880%2C512&ssl=1&resize=350%2C200 1x, https:\/\/i0.wp.com\/larevistadigital.com.ar\/blog\/wp-content\/uploads\/20230726175858_pol.jpg?fit=880%2C512&ssl=1&resize=525%2C300 1.5x, https:\/\/i0.wp.com\/larevistadigital.com.ar\/blog\/wp-content\/uploads\/20230726175858_pol.jpg?fit=880%2C512&ssl=1&resize=700%2C400 2x"},"classes":[]},{"id":32569,"url":"https:\/\/larevistadigital.com.ar\/blog\/castelar-encuentran-muerta-una-pareja-de-policias-femicidio-seguido-de-suicidio\/","url_meta":{"origin":33433,"position":4},"title":"CASTELAR: ENCUENTRAN MUERTA UNA PAREJA DE POLICIAS&#8230; \u00bfFEMICIDIO SEGUIDO DE SUICIDIO?","author":"Alejandro Sosa Ruda","date":"24 julio, 2023","format":false,"excerpt":"El hecho ocurri\u00f3 el s\u00e1bado por la noche en la localidad de Castelar. Una vecina de la pareja declar\u00f3 que se escucharon gritos y una discusi\u00f3n en donde la joven pidi\u00f3 ayuda. Seg\u00fan la investigaci\u00f3n, el presunto femicida se habr\u00eda quitado la vida despu\u00e9s del hecho. 24 de julio de\u2026","rel":"","context":"En \u00abPOLICIALES\u00bb","block_context":{"text":"POLICIALES","link":"https:\/\/larevistadigital.com.ar\/blog\/category\/policiales\/"},"img":{"alt_text":"","src":"https:\/\/i0.wp.com\/larevistadigital.com.ar\/blog\/wp-content\/uploads\/20230724145915_policia-buenos-aires-1.jpg?fit=880%2C512&ssl=1&resize=350%2C200","width":350,"height":200,"srcset":"https:\/\/i0.wp.com\/larevistadigital.com.ar\/blog\/wp-content\/uploads\/20230724145915_policia-buenos-aires-1.jpg?fit=880%2C512&ssl=1&resize=350%2C200 1x, https:\/\/i0.wp.com\/larevistadigital.com.ar\/blog\/wp-content\/uploads\/20230724145915_policia-buenos-aires-1.jpg?fit=880%2C512&ssl=1&resize=525%2C300 1.5x, https:\/\/i0.wp.com\/larevistadigital.com.ar\/blog\/wp-content\/uploads\/20230724145915_policia-buenos-aires-1.jpg?fit=880%2C512&ssl=1&resize=700%2C400 2x"},"classes":[]},{"id":32186,"url":"https:\/\/larevistadigital.com.ar\/blog\/pergamino-entro-a-un-campo-a-robar-lechones-y-lo-mato-el-dueno\/","url_meta":{"origin":33433,"position":5},"title":"PERGAMINO: ENTR\u00d3 A UN CAMPO A ROBAR LECHONES Y LO MAT\u00d3 EL DUE\u00d1O.","author":"Alejandro Sosa Ruda","date":"30 junio, 2023","format":false,"excerpt":"La v\u00edctima, que ya ten\u00eda antecedentes penales, fue identificada como Arnaldo Miguel Isea de 39 a\u00f1os de edad, quien se encontrar\u00eda con otros sujetos. Sergio Fernando Nal, de 33 a\u00f1os, se encuentra aprehendido por haber sido el presunto autor del disparo. 30 de junio de 2023 PERGAMINO -\u00a0 Un hombre\u2026","rel":"","context":"En \u00abPOLICIALES\u00bb","block_context":{"text":"POLICIALES","link":"https:\/\/larevistadigital.com.ar\/blog\/category\/policiales\/"},"img":{"alt_text":"","src":"https:\/\/i0.wp.com\/larevistadigital.com.ar\/blog\/wp-content\/uploads\/2018\/12\/patrulla-rural-700x394.jpg?fit=700%2C394&ssl=1&resize=350%2C200","width":350,"height":200,"srcset":"https:\/\/i0.wp.com\/larevistadigital.com.ar\/blog\/wp-content\/uploads\/2018\/12\/patrulla-rural-700x394.jpg?fit=700%2C394&ssl=1&resize=350%2C200 1x, https:\/\/i0.wp.com\/larevistadigital.com.ar\/blog\/wp-content\/uploads\/2018\/12\/patrulla-rural-700x394.jpg?fit=700%2C394&ssl=1&resize=525%2C300 1.5x, https:\/\/i0.wp.com\/larevistadigital.com.ar\/blog\/wp-content\/uploads\/2018\/12\/patrulla-rural-700x394.jpg?fit=700%2C394&ssl=1&resize=700%2C400 2x"},"classes":[]}],"_links":{"self":[{"href":"https:\/\/larevistadigital.com.ar\/blog\/wp-json\/wp\/v2\/posts\/33433","targetHints":{"allow":["GET"]}}],"collection":[{"href":"https:\/\/larevistadigital.com.ar\/blog\/wp-json\/wp\/v2\/posts"}],"about":[{"href":"https:\/\/larevistadigital.com.ar\/blog\/wp-json\/wp\/v2\/types\/post"}],"author":[{"embeddable":true,"href":"https:\/\/larevistadigital.com.ar\/blog\/wp-json\/wp\/v2\/users\/3"}],"replies":[{"embeddable":true,"href":"https:\/\/larevistadigital.com.ar\/blog\/wp-json\/wp\/v2\/comments?post=33433"}],"version-history":[{"count":2,"href":"https:\/\/larevistadigital.com.ar\/blog\/wp-json\/wp\/v2\/posts\/33433\/revisions"}],"predecessor-version":[{"id":33436,"href":"https:\/\/larevistadigital.com.ar\/blog\/wp-json\/wp\/v2\/posts\/33433\/revisions\/33436"}],"wp:featuredmedia":[{"embeddable":true,"href":"https:\/\/larevistadigital.com.ar\/blog\/wp-json\/wp\/v2\/media\/33434"}],"wp:attachment":[{"href":"https:\/\/larevistadigital.com.ar\/blog\/wp-json\/wp\/v2\/media?parent=33433"}],"wp:term":[{"taxonomy":"category","embeddable":true,"href":"https:\/\/larevistadigital.com.ar\/blog\/wp-json\/wp\/v2\/categories?post=33433"},{"taxonomy":"post_tag","embeddable":true,"href":"https:\/\/larevistadigital.com.ar\/blog\/wp-json\/wp\/v2\/tags?post=33433"}],"curies":[{"name":"wp","href":"https:\/\/api.w.org\/{rel}","templated":true}]}}